{"id":8897,"date":"2007-08-18T08:46:57","date_gmt":"2007-08-18T11:46:57","guid":{"rendered":"https:\/\/unisalesiano.com.br\/?p=8897"},"modified":"2019-01-24T08:49:01","modified_gmt":"2019-01-24T10:49:01","slug":"disfagia-foi-tema-de-palestra-para-alunos-de-fisioterapia","status":"publish","type":"post","link":"https:\/\/unisalesiano.com.br\/aracatuba\/disfagia-foi-tema-de-palestra-para-alunos-de-fisioterapia\/","title":{"rendered":"Disfagia foi tema de palestra para alunos de Fisioterapia"},"content":{"rendered":"\n<p>Alunos do 6\u00ba termo do Curso de Fisioterapia, do Centro\nUniversit\u00e1rio Cat\u00f3lico Salesiano Auxilium &#8211; UniSALESIANO de Ara\u00e7atuba\nparticiparam, no dia 16, de uma palestra com a fonoaudi\u00f3loga Cibeli Landre, que\nintegra a equipe m\u00e9dica da Associa\u00e7\u00e3o Ritinha Prates. A atividade fez parte das\na\u00e7\u00f5es pedag\u00f3gicas da disciplina de Fundamentos e Cl\u00ednica em Pneumologia II e\ncontou com a coordena\u00e7\u00e3o da Prof\u00aa Dra. Fernanda Figueir\u00f4a Sanchez.<\/p>\n\n\n\n<p>Na oportunidade, a convidada falou sobre as disfagias e suas\nrepercuss\u00f5es no sistema respirat\u00f3rio. A disfagia \u00e9 a dificuldade que uma pessoa\nenfrenta para deglutir e pode ser entendida como um dist\u00farbio que dificulta em\ngrau menor ou maior a ingest\u00e3o segura, eficiente e confort\u00e1vel de qualquer\nconsist\u00eancia de alimento ou saliva.<\/p>\n\n\n\n<p>Segundo a professora Fernanda, &#8220;a complexidade do tema\ne tamb\u00e9m as causas m\u00faltiplas que trazem aos pacientes o desconforto das\ndisfagias, leva-nos imediatamente a considerar que tal evento \u00e9 sempre\nmultidisciplinar, envolvendo profissionais de diversas especialidades, entre os\nquais m\u00e9dicos, cl\u00ednicos gerais, gastroenterologistas, otorrinolaringologistas,\nneurologistas, pediatras, fonoaudi\u00f3logos, nutricionistas, enfermeiros,\nfisioterapeutas e outros&#8221;.<\/p>\n\n\n\n<p>Ela lembra que o envolvimento da fisioterapia com a equipe\nmultidisciplinar acontece visando \u00e0 preven\u00e7\u00e3o e tratamento das complica\u00e7\u00f5es\nrespirat\u00f3rias decorrentes de poss\u00edveis aspira\u00e7\u00f5es de alimentos para as vias\na\u00e9reas pulmonares.<\/p>\n","protected":false},"excerpt":{"rendered":"<p>Alunos do 6\u00ba termo do Curso de Fisioterapia, do Centro Universit\u00e1rio Cat\u00f3lico Salesiano Auxilium &#8211; UniSALESIANO de Ara\u00e7atuba participaram, no dia 16, de uma palestra com a fonoaudi\u00f3loga Cibeli Landre, que integra a equipe m\u00e9dica da Associa\u00e7\u00e3o Ritinha Prates. A atividade fez parte das a\u00e7\u00f5es pedag\u00f3gicas da disciplina de Fundamentos e Cl\u00ednica em Pneumologia II [&hellip;]<\/p>\n","protected":false},"author":1,"featured_media":8898,"comment_status":"open","ping_status":"open","sticky":false,"template":"","format":"standard","meta":{"footnotes":""},"categories":[5],"tags":[17,228],"class_list":["post-8897","post","type-post","status-publish","format-standard","has-post-thumbnail","hentry","category-saude","tag-fisioterapia","tag-palestra"],"yoast_head":"<!-- This site is optimized with the Yoast SEO plugin v17.4 - https:\/\/yoast.com\/wordpress\/plugins\/seo\/ -->\n<title>Disfagia foi tema de palestra para alunos de Fisioterapia - UniSALESIANO Ara\u00e7atuba\/SP<\/title>\n<meta name=\"robots\" content=\"index, follow, max-snippet:-1, max-image-preview:large, max-video-preview:-1\" \/>\n<link rel=\"canonical\" href=\"https:\/\/unisalesiano.com.br\/aracatuba\/disfagia-foi-tema-de-palestra-para-alunos-de-fisioterapia\/\" \/>\n<meta property=\"og:locale\" content=\"pt_BR\" \/>\n<meta property=\"og:type\" content=\"article\" \/>\n<meta property=\"og:title\" content=\"Disfagia foi tema de palestra para alunos de Fisioterapia - UniSALESIANO Ara\u00e7atuba\/SP\" \/>\n<meta property=\"og:description\" content=\"Alunos do 6\u00ba termo do Curso de Fisioterapia, do Centro Universit\u00e1rio Cat\u00f3lico Salesiano Auxilium &#8211; UniSALESIANO de Ara\u00e7atuba participaram, no dia 16, de uma palestra com a fonoaudi\u00f3loga Cibeli Landre, que integra a equipe m\u00e9dica da Associa\u00e7\u00e3o Ritinha Prates. A atividade fez parte das a\u00e7\u00f5es pedag\u00f3gicas da disciplina de Fundamentos e Cl\u00ednica em Pneumologia II [&hellip;]\" \/>\n<meta property=\"og:url\" content=\"https:\/\/unisalesiano.com.br\/aracatuba\/disfagia-foi-tema-de-palestra-para-alunos-de-fisioterapia\/\" \/>\n<meta property=\"og:site_name\" content=\"UniSALESIANO Ara\u00e7atuba\/SP\" \/>\n<meta property=\"article:published_time\" content=\"2007-08-18T11:46:57+00:00\" \/>\n<meta property=\"article:modified_time\" content=\"2019-01-24T10:49:01+00:00\" \/>\n<meta property=\"og:image\" content=\"https:\/\/unisalesiano.com.br\/aracatuba\/wp-content\/uploads\/2019\/01\/2007-08-18-450-Disfagia-foi-tema-de-palestra-para-alunos-de-Fisioterapia.jpg\" \/>\n\t<meta property=\"og:image:width\" content=\"480\" \/>\n\t<meta property=\"og:image:height\" content=\"360\" \/>\n<meta name=\"twitter:card\" content=\"summary_large_image\" \/>\n<meta name=\"twitter:label1\" content=\"Escrito por\" \/>\n\t<meta name=\"twitter:data1\" content=\"admin\" \/>\n\t<meta name=\"twitter:label2\" content=\"Est. tempo de leitura\" \/>\n\t<meta name=\"twitter:data2\" content=\"1 minuto\" \/>\n<script type=\"application\/ld+json\" class=\"yoast-schema-graph\">{\"@context\":\"https:\/\/schema.org\",\"@graph\":[{\"@type\":\"WebSite\",\"@id\":\"https:\/\/unisalesiano.com.br\/aracatuba\/#website\",\"url\":\"https:\/\/unisalesiano.com.br\/aracatuba\/\",\"name\":\"UniSALESIANO Ara\\u00e7atuba\/SP\",\"description\":\"Centro Universit\\u00e1rio Cat\\u00f3lico Salesiano Auxilium\",\"potentialAction\":[{\"@type\":\"SearchAction\",\"target\":{\"@type\":\"EntryPoint\",\"urlTemplate\":\"https:\/\/unisalesiano.com.br\/aracatuba\/?s={search_term_string}\"},\"query-input\":\"required name=search_term_string\"}],\"inLanguage\":\"pt-BR\"},{\"@type\":\"ImageObject\",\"@id\":\"https:\/\/unisalesiano.com.br\/aracatuba\/disfagia-foi-tema-de-palestra-para-alunos-de-fisioterapia\/#primaryimage\",\"inLanguage\":\"pt-BR\",\"url\":\"https:\/\/unisalesiano.com.br\/aracatuba\/wp-content\/uploads\/2019\/01\/2007-08-18-450-Disfagia-foi-tema-de-palestra-para-alunos-de-Fisioterapia.jpg\",\"contentUrl\":\"https:\/\/unisalesiano.com.br\/aracatuba\/wp-content\/uploads\/2019\/01\/2007-08-18-450-Disfagia-foi-tema-de-palestra-para-alunos-de-Fisioterapia.jpg\",\"width\":480,\"height\":360},{\"@type\":\"WebPage\",\"@id\":\"https:\/\/unisalesiano.com.br\/aracatuba\/disfagia-foi-tema-de-palestra-para-alunos-de-fisioterapia\/#webpage\",\"url\":\"https:\/\/unisalesiano.com.br\/aracatuba\/disfagia-foi-tema-de-palestra-para-alunos-de-fisioterapia\/\",\"name\":\"Disfagia foi tema de palestra para alunos de Fisioterapia - UniSALESIANO Ara\\u00e7atuba\/SP\",\"isPartOf\":{\"@id\":\"https:\/\/unisalesiano.com.br\/aracatuba\/#website\"},\"primaryImageOfPage\":{\"@id\":\"https:\/\/unisalesiano.com.br\/aracatuba\/disfagia-foi-tema-de-palestra-para-alunos-de-fisioterapia\/#primaryimage\"},\"datePublished\":\"2007-08-18T11:46:57+00:00\",\"dateModified\":\"2019-01-24T10:49:01+00:00\",\"author\":{\"@id\":\"https:\/\/unisalesiano.com.br\/aracatuba\/#\/schema\/person\/afb1b2331f463570beda616f4cc14cc9\"},\"breadcrumb\":{\"@id\":\"https:\/\/unisalesiano.com.br\/aracatuba\/disfagia-foi-tema-de-palestra-para-alunos-de-fisioterapia\/#breadcrumb\"},\"inLanguage\":\"pt-BR\",\"potentialAction\":[{\"@type\":\"ReadAction\",\"target\":[\"https:\/\/unisalesiano.com.br\/aracatuba\/disfagia-foi-tema-de-palestra-para-alunos-de-fisioterapia\/\"]}]},{\"@type\":\"BreadcrumbList\",\"@id\":\"https:\/\/unisalesiano.com.br\/aracatuba\/disfagia-foi-tema-de-palestra-para-alunos-de-fisioterapia\/#breadcrumb\",\"itemListElement\":[{\"@type\":\"ListItem\",\"position\":1,\"name\":\"In\\u00edcio\",\"item\":\"https:\/\/unisalesiano.com.br\/aracatuba\/\"},{\"@type\":\"ListItem\",\"position\":2,\"name\":\"Disfagia foi tema de palestra para alunos de Fisioterapia\"}]},{\"@type\":\"Person\",\"@id\":\"https:\/\/unisalesiano.com.br\/aracatuba\/#\/schema\/person\/afb1b2331f463570beda616f4cc14cc9\",\"name\":\"admin\",\"image\":{\"@type\":\"ImageObject\",\"@id\":\"https:\/\/unisalesiano.com.br\/aracatuba\/#personlogo\",\"inLanguage\":\"pt-BR\",\"url\":\"https:\/\/secure.gravatar.com\/avatar\/dfc5c63987fa9f19b5c366e55740b2a0ffac4aab41ba55c1bd96dbb85eb3a8ca?s=96&d=mm&r=g\",\"contentUrl\":\"https:\/\/secure.gravatar.com\/avatar\/dfc5c63987fa9f19b5c366e55740b2a0ffac4aab41ba55c1bd96dbb85eb3a8ca?s=96&d=mm&r=g\",\"caption\":\"admin\"},\"url\":\"https:\/\/unisalesiano.com.br\/aracatuba\/author\/admin\/\"}]}<\/script>\n<!-- \/ Yoast SEO plugin. -->","yoast_head_json":{"title":"Disfagia foi tema de palestra para alunos de Fisioterapia - UniSALESIANO Ara\u00e7atuba\/SP","robots":{"index":"index","follow":"follow","max-snippet":"max-snippet:-1","max-image-preview":"max-image-preview:large","max-video-preview":"max-video-preview:-1"},"canonical":"https:\/\/unisalesiano.com.br\/aracatuba\/disfagia-foi-tema-de-palestra-para-alunos-de-fisioterapia\/","og_locale":"pt_BR","og_type":"article","og_title":"Disfagia foi tema de palestra para alunos de Fisioterapia - UniSALESIANO Ara\u00e7atuba\/SP","og_description":"Alunos do 6\u00ba termo do Curso de Fisioterapia, do Centro Universit\u00e1rio Cat\u00f3lico Salesiano Auxilium &#8211; UniSALESIANO de Ara\u00e7atuba participaram, no dia 16, de uma palestra com a fonoaudi\u00f3loga Cibeli Landre, que integra a equipe m\u00e9dica da Associa\u00e7\u00e3o Ritinha Prates. A atividade fez parte das a\u00e7\u00f5es pedag\u00f3gicas da disciplina de Fundamentos e Cl\u00ednica em Pneumologia II [&hellip;]","og_url":"https:\/\/unisalesiano.com.br\/aracatuba\/disfagia-foi-tema-de-palestra-para-alunos-de-fisioterapia\/","og_site_name":"UniSALESIANO Ara\u00e7atuba\/SP","article_published_time":"2007-08-18T11:46:57+00:00","article_modified_time":"2019-01-24T10:49:01+00:00","og_image":[{"width":480,"height":360,"url":"https:\/\/unisalesiano.com.br\/aracatuba\/wp-content\/uploads\/2019\/01\/2007-08-18-450-Disfagia-foi-tema-de-palestra-para-alunos-de-Fisioterapia.jpg","type":"image\/jpeg"}],"twitter_card":"summary_large_image","twitter_misc":{"Escrito por":"admin","Est. tempo de leitura":"1 minuto"},"schema":{"@context":"https:\/\/schema.org","@graph":[{"@type":"WebSite","@id":"https:\/\/unisalesiano.com.br\/aracatuba\/#website","url":"https:\/\/unisalesiano.com.br\/aracatuba\/","name":"UniSALESIANO Ara\u00e7atuba\/SP","description":"Centro Universit\u00e1rio Cat\u00f3lico Salesiano Auxilium","potentialAction":[{"@type":"SearchAction","target":{"@type":"EntryPoint","urlTemplate":"https:\/\/unisalesiano.com.br\/aracatuba\/?s={search_term_string}"},"query-input":"required name=search_term_string"}],"inLanguage":"pt-BR"},{"@type":"ImageObject","@id":"https:\/\/unisalesiano.com.br\/aracatuba\/disfagia-foi-tema-de-palestra-para-alunos-de-fisioterapia\/#primaryimage","inLanguage":"pt-BR","url":"https:\/\/unisalesiano.com.br\/aracatuba\/wp-content\/uploads\/2019\/01\/2007-08-18-450-Disfagia-foi-tema-de-palestra-para-alunos-de-Fisioterapia.jpg","contentUrl":"https:\/\/unisalesiano.com.br\/aracatuba\/wp-content\/uploads\/2019\/01\/2007-08-18-450-Disfagia-foi-tema-de-palestra-para-alunos-de-Fisioterapia.jpg","width":480,"height":360},{"@type":"WebPage","@id":"https:\/\/unisalesiano.com.br\/aracatuba\/disfagia-foi-tema-de-palestra-para-alunos-de-fisioterapia\/#webpage","url":"https:\/\/unisalesiano.com.br\/aracatuba\/disfagia-foi-tema-de-palestra-para-alunos-de-fisioterapia\/","name":"Disfagia foi tema de palestra para alunos de Fisioterapia - UniSALESIANO Ara\u00e7atuba\/SP","isPartOf":{"@id":"https:\/\/unisalesiano.com.br\/aracatuba\/#website"},"primaryImageOfPage":{"@id":"https:\/\/unisalesiano.com.br\/aracatuba\/disfagia-foi-tema-de-palestra-para-alunos-de-fisioterapia\/#primaryimage"},"datePublished":"2007-08-18T11:46:57+00:00","dateModified":"2019-01-24T10:49:01+00:00","author":{"@id":"https:\/\/unisalesiano.com.br\/aracatuba\/#\/schema\/person\/afb1b2331f463570beda616f4cc14cc9"},"breadcrumb":{"@id":"https:\/\/unisalesiano.com.br\/aracatuba\/disfagia-foi-tema-de-palestra-para-alunos-de-fisioterapia\/#breadcrumb"},"inLanguage":"pt-BR","potentialAction":[{"@type":"ReadAction","target":["https:\/\/unisalesiano.com.br\/aracatuba\/disfagia-foi-tema-de-palestra-para-alunos-de-fisioterapia\/"]}]},{"@type":"BreadcrumbList","@id":"https:\/\/unisalesiano.com.br\/aracatuba\/disfagia-foi-tema-de-palestra-para-alunos-de-fisioterapia\/#breadcrumb","itemListElement":[{"@type":"ListItem","position":1,"name":"In\u00edcio","item":"https:\/\/unisalesiano.com.br\/aracatuba\/"},{"@type":"ListItem","position":2,"name":"Disfagia foi tema de palestra para alunos de Fisioterapia"}]},{"@type":"Person","@id":"https:\/\/unisalesiano.com.br\/aracatuba\/#\/schema\/person\/afb1b2331f463570beda616f4cc14cc9","name":"admin","image":{"@type":"ImageObject","@id":"https:\/\/unisalesiano.com.br\/aracatuba\/#personlogo","inLanguage":"pt-BR","url":"https:\/\/secure.gravatar.com\/avatar\/dfc5c63987fa9f19b5c366e55740b2a0ffac4aab41ba55c1bd96dbb85eb3a8ca?s=96&d=mm&r=g","contentUrl":"https:\/\/secure.gravatar.com\/avatar\/dfc5c63987fa9f19b5c366e55740b2a0ffac4aab41ba55c1bd96dbb85eb3a8ca?s=96&d=mm&r=g","caption":"admin"},"url":"https:\/\/unisalesiano.com.br\/aracatuba\/author\/admin\/"}]}},"_links":{"self":[{"href":"https:\/\/unisalesiano.com.br\/aracatuba\/wp-json\/wp\/v2\/posts\/8897","targetHints":{"allow":["GET"]}}],"collection":[{"href":"https:\/\/unisalesiano.com.br\/aracatuba\/wp-json\/wp\/v2\/posts"}],"about":[{"href":"https:\/\/unisalesiano.com.br\/aracatuba\/wp-json\/wp\/v2\/types\/post"}],"author":[{"embeddable":true,"href":"https:\/\/unisalesiano.com.br\/aracatuba\/wp-json\/wp\/v2\/users\/1"}],"replies":[{"embeddable":true,"href":"https:\/\/unisalesiano.com.br\/aracatuba\/wp-json\/wp\/v2\/comments?post=8897"}],"version-history":[{"count":0,"href":"https:\/\/unisalesiano.com.br\/aracatuba\/wp-json\/wp\/v2\/posts\/8897\/revisions"}],"wp:featuredmedia":[{"embeddable":true,"href":"https:\/\/unisalesiano.com.br\/aracatuba\/wp-json\/wp\/v2\/media\/8898"}],"wp:attachment":[{"href":"https:\/\/unisalesiano.com.br\/aracatuba\/wp-json\/wp\/v2\/media?parent=8897"}],"wp:term":[{"taxonomy":"category","embeddable":true,"href":"https:\/\/unisalesiano.com.br\/aracatuba\/wp-json\/wp\/v2\/categories?post=8897"},{"taxonomy":"post_tag","embeddable":true,"href":"https:\/\/unisalesiano.com.br\/aracatuba\/wp-json\/wp\/v2\/tags?post=8897"}],"curies":[{"name":"wp","href":"https:\/\/api.w.org\/{rel}","templated":true}]}}