{"id":8853,"date":"2007-08-02T09:29:17","date_gmt":"2007-08-02T12:29:17","guid":{"rendered":"https:\/\/unisalesiano.com.br\/?p=8853"},"modified":"2019-06-26T14:12:10","modified_gmt":"2019-06-26T17:12:10","slug":"coordenadora-do-unisalesiano-participa-de-eventos-na-area-de-fisioterapia","status":"publish","type":"post","link":"https:\/\/unisalesiano.com.br\/aracatuba\/coordenadora-do-unisalesiano-participa-de-eventos-na-area-de-fisioterapia\/","title":{"rendered":"Coordenadora do UniSALESIANO participa de eventos na \u00e1rea de Fisioterapia"},"content":{"rendered":"\r\n<p>A professora Carla Komatsu Machado, coordenadora do Curso de Fisioterapia do Centro Universit\u00e1rio Cat\u00f3lico Salesiano Auxilium &#8211; UniSALESIANO de Ara\u00e7atuba, participou no dia 28 de julho, em Ribeir\u00e3o Preto, do III Encontro das Associa\u00e7\u00f5es Municipais de Fisioterapia e Terapia Ocupacional do Estado de S\u00e3o Paulo. Na oportunidade, ela representou a Associa\u00e7\u00e3o de Fisioterapia e Terapia Ocupacional de Ara\u00e7atuba e Regi\u00e3o &#8211; AFITOAR, da qual \u00e9 presidente. Tamb\u00e9m a acompanhavam as professoras Graziele Gelmi Sim\u00f5es e Denise Maria Gaspar, respectivamente vice-presidente e primeira secret\u00e1ria da entidade regional.<\/p>\r\n\r\n\r\n\r\n<p>Al\u00e9m da reuni\u00e3o promovida para tratar de assuntos referentes \u00e0s associa\u00e7\u00f5es, foi realizada tamb\u00e9m uma palestra proferida pelo Dr. Gil L\u00facio de Almeida, presidente do Conselho Regional de Fisioterapia e Terapia Ocupacional do Estado de S\u00e3o Paulo, o CREFITO-3, sobre a import\u00e2ncia da presen\u00e7a do profissional de fisioterapia na sua cidade e na sociedade.<\/p>\r\n\r\n\r\n\r\n<p>No per\u00edodo da noite foi desenvolvida a cerim\u00f4nia de inaugura\u00e7\u00e3o da sub-sede do CREFITO &#8211; 3, com sede em em Ribeir\u00e3o Preto.<\/p>\r\n\r\n\r\n\r\n<p>O evento contou, ainda, com a participa\u00e7\u00e3o do presidente da Associa\u00e7\u00e3o de Fisioterapeutas do Brasil &#8211; AFB, Prof. Dr. Augusto Cesinando de Carvalho, que estimulou a participa\u00e7\u00e3o de todos os presentes no Congresso Brasileiro de Fisioterapia, a ser desenvolvido em outubro, na cidade de S\u00e3o Paulo.<\/p>\r\n\r\n\r\n\r\n<p>Em maio, a professora Carla j\u00e1 havia participado do II Encontro das Associa\u00e7\u00f5es de Fisioterapia e Terapia Ocupacional do Estado de S\u00e3o Paulo, representando a AFITOAR. O evento proporcionou um encontro dos integrantes com o presidente da Associa\u00e7\u00e3o de Fisioterapeutas do Brasil &#8211; AFB, que presenteou a representa\u00e7\u00e3o regional com o Certificado de Cap\u00edtulo Municipal da AFB no Brasil.<\/p>\r\n\r\n\r\n\r\n<p>Este encontro teve por objetivo orientar os l\u00edderes e participantes das associa\u00e7\u00f5es quanto \u00e0 organiza\u00e7\u00e3o e presta\u00e7\u00e3o de servi\u00e7os \u00e0 profiss\u00e3o, com assessoria direta do presidente do Conselho Regional de Fisioterapia do Estado de S\u00e3o Paulo &#8211; CREFITO-3, Prof. Dr. Gil L\u00facio Almeida. A Profa. Carla Komastu Machado tamb\u00e9m recebeu o convite para ser fiscal, delegada e embaixadora do CREFITO-3 na cidade de Ara\u00e7atuba.<\/p>\r\n\r\n\r\n\r\n<p>Carla Komatsu Machado, ao lado de participantes dos encontros de Fisioterapia da AFB<\/p>\r\n","protected":false},"excerpt":{"rendered":"<p>A professora Carla Komatsu Machado, coordenadora do Curso de Fisioterapia do Centro Universit\u00e1rio Cat\u00f3lico Salesiano Auxilium &#8211; UniSALESIANO de Ara\u00e7atuba, participou no dia 28 de julho, em Ribeir\u00e3o Preto, do III Encontro das Associa\u00e7\u00f5es Municipais de Fisioterapia e Terapia Ocupacional do Estado de S\u00e3o Paulo. Na oportunidade, ela representou a Associa\u00e7\u00e3o de Fisioterapia e Terapia [&hellip;]<\/p>\n","protected":false},"author":1,"featured_media":8854,"comment_status":"open","ping_status":"open","sticky":false,"template":"","format":"standard","meta":{"footnotes":""},"categories":[5],"tags":[401,17,419,418],"class_list":["post-8853","post","type-post","status-publish","format-standard","has-post-thumbnail","hentry","category-saude","tag-coordenador","tag-fisioterapia","tag-ribeirao-preto","tag-terapia-ocupacional"],"yoast_head":"<!-- This site is optimized with the Yoast SEO plugin v17.4 - https:\/\/yoast.com\/wordpress\/plugins\/seo\/ -->\n<title>Coordenadora do UniSALESIANO participa de eventos na \u00e1rea de Fisioterapia - UniSALESIANO Ara\u00e7atuba\/SP<\/title>\n<meta name=\"robots\" content=\"index, follow, max-snippet:-1, max-image-preview:large, max-video-preview:-1\" \/>\n<link rel=\"canonical\" href=\"https:\/\/unisalesiano.com.br\/aracatuba\/coordenadora-do-unisalesiano-participa-de-eventos-na-area-de-fisioterapia\/\" \/>\n<meta property=\"og:locale\" content=\"pt_BR\" \/>\n<meta property=\"og:type\" content=\"article\" \/>\n<meta property=\"og:title\" content=\"Coordenadora do UniSALESIANO participa de eventos na \u00e1rea de Fisioterapia - UniSALESIANO Ara\u00e7atuba\/SP\" \/>\n<meta property=\"og:description\" content=\"A professora Carla Komatsu Machado, coordenadora do Curso de Fisioterapia do Centro Universit\u00e1rio Cat\u00f3lico Salesiano Auxilium &#8211; UniSALESIANO de Ara\u00e7atuba, participou no dia 28 de julho, em Ribeir\u00e3o Preto, do III Encontro das Associa\u00e7\u00f5es Municipais de Fisioterapia e Terapia Ocupacional do Estado de S\u00e3o Paulo. Na oportunidade, ela representou a Associa\u00e7\u00e3o de Fisioterapia e Terapia [&hellip;]\" \/>\n<meta property=\"og:url\" content=\"https:\/\/unisalesiano.com.br\/aracatuba\/coordenadora-do-unisalesiano-participa-de-eventos-na-area-de-fisioterapia\/\" \/>\n<meta property=\"og:site_name\" content=\"UniSALESIANO Ara\u00e7atuba\/SP\" \/>\n<meta property=\"article:published_time\" content=\"2007-08-02T12:29:17+00:00\" \/>\n<meta property=\"article:modified_time\" content=\"2019-06-26T17:12:10+00:00\" \/>\n<meta property=\"og:image\" content=\"https:\/\/unisalesiano.com.br\/aracatuba\/wp-content\/uploads\/2019\/01\/2007-08-02-437-Coordenadora-do-UniSALESIANO-participa-de.jpg\" \/>\n\t<meta property=\"og:image:width\" content=\"480\" \/>\n\t<meta property=\"og:image:height\" content=\"360\" \/>\n<meta name=\"twitter:card\" content=\"summary_large_image\" \/>\n<meta name=\"twitter:label1\" content=\"Escrito por\" \/>\n\t<meta name=\"twitter:data1\" content=\"admin\" \/>\n\t<meta name=\"twitter:label2\" content=\"Est. tempo de leitura\" \/>\n\t<meta name=\"twitter:data2\" content=\"2 minutos\" \/>\n<script type=\"application\/ld+json\" class=\"yoast-schema-graph\">{\"@context\":\"https:\/\/schema.org\",\"@graph\":[{\"@type\":\"WebSite\",\"@id\":\"https:\/\/unisalesiano.com.br\/aracatuba\/#website\",\"url\":\"https:\/\/unisalesiano.com.br\/aracatuba\/\",\"name\":\"UniSALESIANO Ara\\u00e7atuba\/SP\",\"description\":\"Centro Universit\\u00e1rio Cat\\u00f3lico Salesiano Auxilium\",\"potentialAction\":[{\"@type\":\"SearchAction\",\"target\":{\"@type\":\"EntryPoint\",\"urlTemplate\":\"https:\/\/unisalesiano.com.br\/aracatuba\/?s={search_term_string}\"},\"query-input\":\"required name=search_term_string\"}],\"inLanguage\":\"pt-BR\"},{\"@type\":\"ImageObject\",\"@id\":\"https:\/\/unisalesiano.com.br\/aracatuba\/coordenadora-do-unisalesiano-participa-de-eventos-na-area-de-fisioterapia\/#primaryimage\",\"inLanguage\":\"pt-BR\",\"url\":\"https:\/\/unisalesiano.com.br\/aracatuba\/wp-content\/uploads\/2019\/01\/2007-08-02-437-Coordenadora-do-UniSALESIANO-participa-de.jpg\",\"contentUrl\":\"https:\/\/unisalesiano.com.br\/aracatuba\/wp-content\/uploads\/2019\/01\/2007-08-02-437-Coordenadora-do-UniSALESIANO-participa-de.jpg\",\"width\":480,\"height\":360},{\"@type\":\"WebPage\",\"@id\":\"https:\/\/unisalesiano.com.br\/aracatuba\/coordenadora-do-unisalesiano-participa-de-eventos-na-area-de-fisioterapia\/#webpage\",\"url\":\"https:\/\/unisalesiano.com.br\/aracatuba\/coordenadora-do-unisalesiano-participa-de-eventos-na-area-de-fisioterapia\/\",\"name\":\"Coordenadora do UniSALESIANO participa de eventos na \\u00e1rea de Fisioterapia - UniSALESIANO Ara\\u00e7atuba\/SP\",\"isPartOf\":{\"@id\":\"https:\/\/unisalesiano.com.br\/aracatuba\/#website\"},\"primaryImageOfPage\":{\"@id\":\"https:\/\/unisalesiano.com.br\/aracatuba\/coordenadora-do-unisalesiano-participa-de-eventos-na-area-de-fisioterapia\/#primaryimage\"},\"datePublished\":\"2007-08-02T12:29:17+00:00\",\"dateModified\":\"2019-06-26T17:12:10+00:00\",\"author\":{\"@id\":\"https:\/\/unisalesiano.com.br\/aracatuba\/#\/schema\/person\/afb1b2331f463570beda616f4cc14cc9\"},\"breadcrumb\":{\"@id\":\"https:\/\/unisalesiano.com.br\/aracatuba\/coordenadora-do-unisalesiano-participa-de-eventos-na-area-de-fisioterapia\/#breadcrumb\"},\"inLanguage\":\"pt-BR\",\"potentialAction\":[{\"@type\":\"ReadAction\",\"target\":[\"https:\/\/unisalesiano.com.br\/aracatuba\/coordenadora-do-unisalesiano-participa-de-eventos-na-area-de-fisioterapia\/\"]}]},{\"@type\":\"BreadcrumbList\",\"@id\":\"https:\/\/unisalesiano.com.br\/aracatuba\/coordenadora-do-unisalesiano-participa-de-eventos-na-area-de-fisioterapia\/#breadcrumb\",\"itemListElement\":[{\"@type\":\"ListItem\",\"position\":1,\"name\":\"In\\u00edcio\",\"item\":\"https:\/\/unisalesiano.com.br\/aracatuba\/\"},{\"@type\":\"ListItem\",\"position\":2,\"name\":\"Coordenadora do UniSALESIANO participa de eventos na \\u00e1rea de Fisioterapia\"}]},{\"@type\":\"Person\",\"@id\":\"https:\/\/unisalesiano.com.br\/aracatuba\/#\/schema\/person\/afb1b2331f463570beda616f4cc14cc9\",\"name\":\"admin\",\"image\":{\"@type\":\"ImageObject\",\"@id\":\"https:\/\/unisalesiano.com.br\/aracatuba\/#personlogo\",\"inLanguage\":\"pt-BR\",\"url\":\"https:\/\/secure.gravatar.com\/avatar\/dfc5c63987fa9f19b5c366e55740b2a0ffac4aab41ba55c1bd96dbb85eb3a8ca?s=96&d=mm&r=g\",\"contentUrl\":\"https:\/\/secure.gravatar.com\/avatar\/dfc5c63987fa9f19b5c366e55740b2a0ffac4aab41ba55c1bd96dbb85eb3a8ca?s=96&d=mm&r=g\",\"caption\":\"admin\"},\"url\":\"https:\/\/unisalesiano.com.br\/aracatuba\/author\/admin\/\"}]}<\/script>\n<!-- \/ Yoast SEO plugin. -->","yoast_head_json":{"title":"Coordenadora do UniSALESIANO participa de eventos na \u00e1rea de Fisioterapia - UniSALESIANO Ara\u00e7atuba\/SP","robots":{"index":"index","follow":"follow","max-snippet":"max-snippet:-1","max-image-preview":"max-image-preview:large","max-video-preview":"max-video-preview:-1"},"canonical":"https:\/\/unisalesiano.com.br\/aracatuba\/coordenadora-do-unisalesiano-participa-de-eventos-na-area-de-fisioterapia\/","og_locale":"pt_BR","og_type":"article","og_title":"Coordenadora do UniSALESIANO participa de eventos na \u00e1rea de Fisioterapia - UniSALESIANO Ara\u00e7atuba\/SP","og_description":"A professora Carla Komatsu Machado, coordenadora do Curso de Fisioterapia do Centro Universit\u00e1rio Cat\u00f3lico Salesiano Auxilium &#8211; UniSALESIANO de Ara\u00e7atuba, participou no dia 28 de julho, em Ribeir\u00e3o Preto, do III Encontro das Associa\u00e7\u00f5es Municipais de Fisioterapia e Terapia Ocupacional do Estado de S\u00e3o Paulo. Na oportunidade, ela representou a Associa\u00e7\u00e3o de Fisioterapia e Terapia [&hellip;]","og_url":"https:\/\/unisalesiano.com.br\/aracatuba\/coordenadora-do-unisalesiano-participa-de-eventos-na-area-de-fisioterapia\/","og_site_name":"UniSALESIANO Ara\u00e7atuba\/SP","article_published_time":"2007-08-02T12:29:17+00:00","article_modified_time":"2019-06-26T17:12:10+00:00","og_image":[{"width":480,"height":360,"url":"https:\/\/unisalesiano.com.br\/aracatuba\/wp-content\/uploads\/2019\/01\/2007-08-02-437-Coordenadora-do-UniSALESIANO-participa-de.jpg","type":"image\/jpeg"}],"twitter_card":"summary_large_image","twitter_misc":{"Escrito por":"admin","Est. tempo de leitura":"2 minutos"},"schema":{"@context":"https:\/\/schema.org","@graph":[{"@type":"WebSite","@id":"https:\/\/unisalesiano.com.br\/aracatuba\/#website","url":"https:\/\/unisalesiano.com.br\/aracatuba\/","name":"UniSALESIANO Ara\u00e7atuba\/SP","description":"Centro Universit\u00e1rio Cat\u00f3lico Salesiano Auxilium","potentialAction":[{"@type":"SearchAction","target":{"@type":"EntryPoint","urlTemplate":"https:\/\/unisalesiano.com.br\/aracatuba\/?s={search_term_string}"},"query-input":"required name=search_term_string"}],"inLanguage":"pt-BR"},{"@type":"ImageObject","@id":"https:\/\/unisalesiano.com.br\/aracatuba\/coordenadora-do-unisalesiano-participa-de-eventos-na-area-de-fisioterapia\/#primaryimage","inLanguage":"pt-BR","url":"https:\/\/unisalesiano.com.br\/aracatuba\/wp-content\/uploads\/2019\/01\/2007-08-02-437-Coordenadora-do-UniSALESIANO-participa-de.jpg","contentUrl":"https:\/\/unisalesiano.com.br\/aracatuba\/wp-content\/uploads\/2019\/01\/2007-08-02-437-Coordenadora-do-UniSALESIANO-participa-de.jpg","width":480,"height":360},{"@type":"WebPage","@id":"https:\/\/unisalesiano.com.br\/aracatuba\/coordenadora-do-unisalesiano-participa-de-eventos-na-area-de-fisioterapia\/#webpage","url":"https:\/\/unisalesiano.com.br\/aracatuba\/coordenadora-do-unisalesiano-participa-de-eventos-na-area-de-fisioterapia\/","name":"Coordenadora do UniSALESIANO participa de eventos na \u00e1rea de Fisioterapia - UniSALESIANO Ara\u00e7atuba\/SP","isPartOf":{"@id":"https:\/\/unisalesiano.com.br\/aracatuba\/#website"},"primaryImageOfPage":{"@id":"https:\/\/unisalesiano.com.br\/aracatuba\/coordenadora-do-unisalesiano-participa-de-eventos-na-area-de-fisioterapia\/#primaryimage"},"datePublished":"2007-08-02T12:29:17+00:00","dateModified":"2019-06-26T17:12:10+00:00","author":{"@id":"https:\/\/unisalesiano.com.br\/aracatuba\/#\/schema\/person\/afb1b2331f463570beda616f4cc14cc9"},"breadcrumb":{"@id":"https:\/\/unisalesiano.com.br\/aracatuba\/coordenadora-do-unisalesiano-participa-de-eventos-na-area-de-fisioterapia\/#breadcrumb"},"inLanguage":"pt-BR","potentialAction":[{"@type":"ReadAction","target":["https:\/\/unisalesiano.com.br\/aracatuba\/coordenadora-do-unisalesiano-participa-de-eventos-na-area-de-fisioterapia\/"]}]},{"@type":"BreadcrumbList","@id":"https:\/\/unisalesiano.com.br\/aracatuba\/coordenadora-do-unisalesiano-participa-de-eventos-na-area-de-fisioterapia\/#breadcrumb","itemListElement":[{"@type":"ListItem","position":1,"name":"In\u00edcio","item":"https:\/\/unisalesiano.com.br\/aracatuba\/"},{"@type":"ListItem","position":2,"name":"Coordenadora do UniSALESIANO participa de eventos na \u00e1rea de Fisioterapia"}]},{"@type":"Person","@id":"https:\/\/unisalesiano.com.br\/aracatuba\/#\/schema\/person\/afb1b2331f463570beda616f4cc14cc9","name":"admin","image":{"@type":"ImageObject","@id":"https:\/\/unisalesiano.com.br\/aracatuba\/#personlogo","inLanguage":"pt-BR","url":"https:\/\/secure.gravatar.com\/avatar\/dfc5c63987fa9f19b5c366e55740b2a0ffac4aab41ba55c1bd96dbb85eb3a8ca?s=96&d=mm&r=g","contentUrl":"https:\/\/secure.gravatar.com\/avatar\/dfc5c63987fa9f19b5c366e55740b2a0ffac4aab41ba55c1bd96dbb85eb3a8ca?s=96&d=mm&r=g","caption":"admin"},"url":"https:\/\/unisalesiano.com.br\/aracatuba\/author\/admin\/"}]}},"_links":{"self":[{"href":"https:\/\/unisalesiano.com.br\/aracatuba\/wp-json\/wp\/v2\/posts\/8853","targetHints":{"allow":["GET"]}}],"collection":[{"href":"https:\/\/unisalesiano.com.br\/aracatuba\/wp-json\/wp\/v2\/posts"}],"about":[{"href":"https:\/\/unisalesiano.com.br\/aracatuba\/wp-json\/wp\/v2\/types\/post"}],"author":[{"embeddable":true,"href":"https:\/\/unisalesiano.com.br\/aracatuba\/wp-json\/wp\/v2\/users\/1"}],"replies":[{"embeddable":true,"href":"https:\/\/unisalesiano.com.br\/aracatuba\/wp-json\/wp\/v2\/comments?post=8853"}],"version-history":[{"count":0,"href":"https:\/\/unisalesiano.com.br\/aracatuba\/wp-json\/wp\/v2\/posts\/8853\/revisions"}],"wp:featuredmedia":[{"embeddable":true,"href":"https:\/\/unisalesiano.com.br\/aracatuba\/wp-json\/wp\/v2\/media\/8854"}],"wp:attachment":[{"href":"https:\/\/unisalesiano.com.br\/aracatuba\/wp-json\/wp\/v2\/media?parent=8853"}],"wp:term":[{"taxonomy":"category","embeddable":true,"href":"https:\/\/unisalesiano.com.br\/aracatuba\/wp-json\/wp\/v2\/categories?post=8853"},{"taxonomy":"post_tag","embeddable":true,"href":"https:\/\/unisalesiano.com.br\/aracatuba\/wp-json\/wp\/v2\/tags?post=8853"}],"curies":[{"name":"wp","href":"https:\/\/api.w.org\/{rel}","templated":true}]}}