{"id":8794,"date":"2007-06-04T15:19:41","date_gmt":"2007-06-04T18:19:41","guid":{"rendered":"https:\/\/unisalesiano.com.br\/?p=8794"},"modified":"2019-01-18T15:21:48","modified_gmt":"2019-01-18T17:21:48","slug":"fisioterapia-organiza-palestra-sobre-parada-cardiorrespiratoria","status":"publish","type":"post","link":"https:\/\/unisalesiano.com.br\/aracatuba\/fisioterapia-organiza-palestra-sobre-parada-cardiorrespiratoria\/","title":{"rendered":"Fisioterapia organiza palestra sobre parada cardiorrespirat\u00f3ria"},"content":{"rendered":"\n<p>A coordena\u00e7\u00e3o do Curso de Fisioterapia do Centro\nUniversit\u00e1rio Cat\u00f3lico Salesiano Auxilium &#8211; UniSALESIANO de Ara\u00e7atuba promoveu\numa importante palestra dirigida aos acad\u00eamicos do 5\u00ba termo das turmas B e C do\nprograma. O evento foi realizado no dia 17, pela manh\u00e3.<\/p>\n\n\n\n<p>Na oportunidade, o convidado especial, Dr. George Tuppy,\nabordou o tema Parada Cardiorespirat\u00f3ria, em atividade que integra a disciplina\nde Fundamentos e Cl\u00ednica em Cardiologia e Vascular I.<\/p>\n\n\n\n<p>O Dr. Tuppy \u00e9 um dos mais renomados e respeitados\ncardiologistas de Ara\u00e7atuba e regi\u00e3o, com longa experi\u00eancia de trabalho na\n\u00e1rea.<\/p>\n\n\n\n<p>Em sua exposi\u00e7\u00e3o ele falou sobre manobras de ressuscita\u00e7\u00e3o\ncardiorespirat\u00f3ria dentro e fora do ambiente hospitalar, bem como de situa\u00e7\u00f5es\nde casos de afogamento e engasgamento. Al\u00e9m disso, ensinou pr\u00e1ticas de\natendimento para primeiros socorros e como prestar orienta\u00e7\u00f5es em casos de emerg\u00eancias.<\/p>\n\n\n\n<p>As professoras Graziele Cristina Gelmi Sim\u00f5es e Cristina\nCardoso Parra, docentes da disciplina que organizou a atividade, entendem que\nesse assunto \u00e9 de suma import\u00e2ncia para a fisioterapia porque enquanto\nprofissionais da sa\u00fade e trabalhando em ambiente hospitalar os acad\u00eamicos\nsempre v\u00e3o enfrentar no futuro situa\u00e7\u00f5es de urg\u00eancias e emerg\u00eancias.\n&#8220;Nestes momentos, \u00e9 necess\u00e1rio e fundamental ter conhecimento e saber como\nagir prontamente&#8221;, destacaram.<\/p>\n","protected":false},"excerpt":{"rendered":"<p>A coordena\u00e7\u00e3o do Curso de Fisioterapia do Centro Universit\u00e1rio Cat\u00f3lico Salesiano Auxilium &#8211; UniSALESIANO de Ara\u00e7atuba promoveu uma importante palestra dirigida aos acad\u00eamicos do 5\u00ba termo das turmas B e C do programa. O evento foi realizado no dia 17, pela manh\u00e3. Na oportunidade, o convidado especial, Dr. George Tuppy, abordou o tema Parada Cardiorespirat\u00f3ria, [&hellip;]<\/p>\n","protected":false},"author":1,"featured_media":8795,"comment_status":"open","ping_status":"open","sticky":false,"template":"","format":"standard","meta":{"footnotes":""},"categories":[5],"tags":[17,228],"class_list":["post-8794","post","type-post","status-publish","format-standard","has-post-thumbnail","hentry","category-saude","tag-fisioterapia","tag-palestra"],"yoast_head":"<!-- This site is optimized with the Yoast SEO plugin v17.4 - https:\/\/yoast.com\/wordpress\/plugins\/seo\/ -->\n<title>Fisioterapia organiza palestra sobre parada cardiorrespirat\u00f3ria - UniSALESIANO Ara\u00e7atuba\/SP<\/title>\n<meta name=\"robots\" content=\"index, follow, max-snippet:-1, max-image-preview:large, max-video-preview:-1\" \/>\n<link rel=\"canonical\" href=\"https:\/\/unisalesiano.com.br\/aracatuba\/fisioterapia-organiza-palestra-sobre-parada-cardiorrespiratoria\/\" \/>\n<meta property=\"og:locale\" content=\"pt_BR\" \/>\n<meta property=\"og:type\" content=\"article\" \/>\n<meta property=\"og:title\" content=\"Fisioterapia organiza palestra sobre parada cardiorrespirat\u00f3ria - UniSALESIANO Ara\u00e7atuba\/SP\" \/>\n<meta property=\"og:description\" content=\"A coordena\u00e7\u00e3o do Curso de Fisioterapia do Centro Universit\u00e1rio Cat\u00f3lico Salesiano Auxilium &#8211; UniSALESIANO de Ara\u00e7atuba promoveu uma importante palestra dirigida aos acad\u00eamicos do 5\u00ba termo das turmas B e C do programa. O evento foi realizado no dia 17, pela manh\u00e3. Na oportunidade, o convidado especial, Dr. George Tuppy, abordou o tema Parada Cardiorespirat\u00f3ria, [&hellip;]\" \/>\n<meta property=\"og:url\" content=\"https:\/\/unisalesiano.com.br\/aracatuba\/fisioterapia-organiza-palestra-sobre-parada-cardiorrespiratoria\/\" \/>\n<meta property=\"og:site_name\" content=\"UniSALESIANO Ara\u00e7atuba\/SP\" \/>\n<meta property=\"article:published_time\" content=\"2007-06-04T18:19:41+00:00\" \/>\n<meta property=\"article:modified_time\" content=\"2019-01-18T17:21:48+00:00\" \/>\n<meta property=\"og:image\" content=\"https:\/\/unisalesiano.com.br\/aracatuba\/wp-content\/uploads\/2019\/01\/2007-06-04-415-Fisioterapia-organiza-palestra-sobre-parada-cardiorrespirat\u00f3ria.jpg\" \/>\n\t<meta property=\"og:image:width\" content=\"480\" \/>\n\t<meta property=\"og:image:height\" content=\"360\" \/>\n<meta name=\"twitter:card\" content=\"summary_large_image\" \/>\n<meta name=\"twitter:label1\" content=\"Escrito por\" \/>\n\t<meta name=\"twitter:data1\" content=\"admin\" \/>\n\t<meta name=\"twitter:label2\" content=\"Est. tempo de leitura\" \/>\n\t<meta name=\"twitter:data2\" content=\"1 minuto\" \/>\n<script type=\"application\/ld+json\" class=\"yoast-schema-graph\">{\"@context\":\"https:\/\/schema.org\",\"@graph\":[{\"@type\":\"WebSite\",\"@id\":\"https:\/\/unisalesiano.com.br\/aracatuba\/#website\",\"url\":\"https:\/\/unisalesiano.com.br\/aracatuba\/\",\"name\":\"UniSALESIANO Ara\\u00e7atuba\/SP\",\"description\":\"Centro Universit\\u00e1rio Cat\\u00f3lico Salesiano Auxilium\",\"potentialAction\":[{\"@type\":\"SearchAction\",\"target\":{\"@type\":\"EntryPoint\",\"urlTemplate\":\"https:\/\/unisalesiano.com.br\/aracatuba\/?s={search_term_string}\"},\"query-input\":\"required name=search_term_string\"}],\"inLanguage\":\"pt-BR\"},{\"@type\":\"ImageObject\",\"@id\":\"https:\/\/unisalesiano.com.br\/aracatuba\/fisioterapia-organiza-palestra-sobre-parada-cardiorrespiratoria\/#primaryimage\",\"inLanguage\":\"pt-BR\",\"url\":\"https:\/\/unisalesiano.com.br\/aracatuba\/wp-content\/uploads\/2019\/01\/2007-06-04-415-Fisioterapia-organiza-palestra-sobre-parada-cardiorrespirat\\u00f3ria.jpg\",\"contentUrl\":\"https:\/\/unisalesiano.com.br\/aracatuba\/wp-content\/uploads\/2019\/01\/2007-06-04-415-Fisioterapia-organiza-palestra-sobre-parada-cardiorrespirat\\u00f3ria.jpg\",\"width\":480,\"height\":360},{\"@type\":\"WebPage\",\"@id\":\"https:\/\/unisalesiano.com.br\/aracatuba\/fisioterapia-organiza-palestra-sobre-parada-cardiorrespiratoria\/#webpage\",\"url\":\"https:\/\/unisalesiano.com.br\/aracatuba\/fisioterapia-organiza-palestra-sobre-parada-cardiorrespiratoria\/\",\"name\":\"Fisioterapia organiza palestra sobre parada cardiorrespirat\\u00f3ria - UniSALESIANO Ara\\u00e7atuba\/SP\",\"isPartOf\":{\"@id\":\"https:\/\/unisalesiano.com.br\/aracatuba\/#website\"},\"primaryImageOfPage\":{\"@id\":\"https:\/\/unisalesiano.com.br\/aracatuba\/fisioterapia-organiza-palestra-sobre-parada-cardiorrespiratoria\/#primaryimage\"},\"datePublished\":\"2007-06-04T18:19:41+00:00\",\"dateModified\":\"2019-01-18T17:21:48+00:00\",\"author\":{\"@id\":\"https:\/\/unisalesiano.com.br\/aracatuba\/#\/schema\/person\/afb1b2331f463570beda616f4cc14cc9\"},\"breadcrumb\":{\"@id\":\"https:\/\/unisalesiano.com.br\/aracatuba\/fisioterapia-organiza-palestra-sobre-parada-cardiorrespiratoria\/#breadcrumb\"},\"inLanguage\":\"pt-BR\",\"potentialAction\":[{\"@type\":\"ReadAction\",\"target\":[\"https:\/\/unisalesiano.com.br\/aracatuba\/fisioterapia-organiza-palestra-sobre-parada-cardiorrespiratoria\/\"]}]},{\"@type\":\"BreadcrumbList\",\"@id\":\"https:\/\/unisalesiano.com.br\/aracatuba\/fisioterapia-organiza-palestra-sobre-parada-cardiorrespiratoria\/#breadcrumb\",\"itemListElement\":[{\"@type\":\"ListItem\",\"position\":1,\"name\":\"In\\u00edcio\",\"item\":\"https:\/\/unisalesiano.com.br\/aracatuba\/\"},{\"@type\":\"ListItem\",\"position\":2,\"name\":\"Fisioterapia organiza palestra sobre parada cardiorrespirat\\u00f3ria\"}]},{\"@type\":\"Person\",\"@id\":\"https:\/\/unisalesiano.com.br\/aracatuba\/#\/schema\/person\/afb1b2331f463570beda616f4cc14cc9\",\"name\":\"admin\",\"image\":{\"@type\":\"ImageObject\",\"@id\":\"https:\/\/unisalesiano.com.br\/aracatuba\/#personlogo\",\"inLanguage\":\"pt-BR\",\"url\":\"https:\/\/secure.gravatar.com\/avatar\/dfc5c63987fa9f19b5c366e55740b2a0ffac4aab41ba55c1bd96dbb85eb3a8ca?s=96&d=mm&r=g\",\"contentUrl\":\"https:\/\/secure.gravatar.com\/avatar\/dfc5c63987fa9f19b5c366e55740b2a0ffac4aab41ba55c1bd96dbb85eb3a8ca?s=96&d=mm&r=g\",\"caption\":\"admin\"},\"url\":\"https:\/\/unisalesiano.com.br\/aracatuba\/author\/admin\/\"}]}<\/script>\n<!-- \/ Yoast SEO plugin. -->","yoast_head_json":{"title":"Fisioterapia organiza palestra sobre parada cardiorrespirat\u00f3ria - UniSALESIANO Ara\u00e7atuba\/SP","robots":{"index":"index","follow":"follow","max-snippet":"max-snippet:-1","max-image-preview":"max-image-preview:large","max-video-preview":"max-video-preview:-1"},"canonical":"https:\/\/unisalesiano.com.br\/aracatuba\/fisioterapia-organiza-palestra-sobre-parada-cardiorrespiratoria\/","og_locale":"pt_BR","og_type":"article","og_title":"Fisioterapia organiza palestra sobre parada cardiorrespirat\u00f3ria - UniSALESIANO Ara\u00e7atuba\/SP","og_description":"A coordena\u00e7\u00e3o do Curso de Fisioterapia do Centro Universit\u00e1rio Cat\u00f3lico Salesiano Auxilium &#8211; UniSALESIANO de Ara\u00e7atuba promoveu uma importante palestra dirigida aos acad\u00eamicos do 5\u00ba termo das turmas B e C do programa. O evento foi realizado no dia 17, pela manh\u00e3. Na oportunidade, o convidado especial, Dr. George Tuppy, abordou o tema Parada Cardiorespirat\u00f3ria, [&hellip;]","og_url":"https:\/\/unisalesiano.com.br\/aracatuba\/fisioterapia-organiza-palestra-sobre-parada-cardiorrespiratoria\/","og_site_name":"UniSALESIANO Ara\u00e7atuba\/SP","article_published_time":"2007-06-04T18:19:41+00:00","article_modified_time":"2019-01-18T17:21:48+00:00","og_image":[{"width":480,"height":360,"url":"https:\/\/unisalesiano.com.br\/aracatuba\/wp-content\/uploads\/2019\/01\/2007-06-04-415-Fisioterapia-organiza-palestra-sobre-parada-cardiorrespirat\u00f3ria.jpg","type":"image\/jpeg"}],"twitter_card":"summary_large_image","twitter_misc":{"Escrito por":"admin","Est. tempo de leitura":"1 minuto"},"schema":{"@context":"https:\/\/schema.org","@graph":[{"@type":"WebSite","@id":"https:\/\/unisalesiano.com.br\/aracatuba\/#website","url":"https:\/\/unisalesiano.com.br\/aracatuba\/","name":"UniSALESIANO Ara\u00e7atuba\/SP","description":"Centro Universit\u00e1rio Cat\u00f3lico Salesiano Auxilium","potentialAction":[{"@type":"SearchAction","target":{"@type":"EntryPoint","urlTemplate":"https:\/\/unisalesiano.com.br\/aracatuba\/?s={search_term_string}"},"query-input":"required name=search_term_string"}],"inLanguage":"pt-BR"},{"@type":"ImageObject","@id":"https:\/\/unisalesiano.com.br\/aracatuba\/fisioterapia-organiza-palestra-sobre-parada-cardiorrespiratoria\/#primaryimage","inLanguage":"pt-BR","url":"https:\/\/unisalesiano.com.br\/aracatuba\/wp-content\/uploads\/2019\/01\/2007-06-04-415-Fisioterapia-organiza-palestra-sobre-parada-cardiorrespirat\u00f3ria.jpg","contentUrl":"https:\/\/unisalesiano.com.br\/aracatuba\/wp-content\/uploads\/2019\/01\/2007-06-04-415-Fisioterapia-organiza-palestra-sobre-parada-cardiorrespirat\u00f3ria.jpg","width":480,"height":360},{"@type":"WebPage","@id":"https:\/\/unisalesiano.com.br\/aracatuba\/fisioterapia-organiza-palestra-sobre-parada-cardiorrespiratoria\/#webpage","url":"https:\/\/unisalesiano.com.br\/aracatuba\/fisioterapia-organiza-palestra-sobre-parada-cardiorrespiratoria\/","name":"Fisioterapia organiza palestra sobre parada cardiorrespirat\u00f3ria - UniSALESIANO Ara\u00e7atuba\/SP","isPartOf":{"@id":"https:\/\/unisalesiano.com.br\/aracatuba\/#website"},"primaryImageOfPage":{"@id":"https:\/\/unisalesiano.com.br\/aracatuba\/fisioterapia-organiza-palestra-sobre-parada-cardiorrespiratoria\/#primaryimage"},"datePublished":"2007-06-04T18:19:41+00:00","dateModified":"2019-01-18T17:21:48+00:00","author":{"@id":"https:\/\/unisalesiano.com.br\/aracatuba\/#\/schema\/person\/afb1b2331f463570beda616f4cc14cc9"},"breadcrumb":{"@id":"https:\/\/unisalesiano.com.br\/aracatuba\/fisioterapia-organiza-palestra-sobre-parada-cardiorrespiratoria\/#breadcrumb"},"inLanguage":"pt-BR","potentialAction":[{"@type":"ReadAction","target":["https:\/\/unisalesiano.com.br\/aracatuba\/fisioterapia-organiza-palestra-sobre-parada-cardiorrespiratoria\/"]}]},{"@type":"BreadcrumbList","@id":"https:\/\/unisalesiano.com.br\/aracatuba\/fisioterapia-organiza-palestra-sobre-parada-cardiorrespiratoria\/#breadcrumb","itemListElement":[{"@type":"ListItem","position":1,"name":"In\u00edcio","item":"https:\/\/unisalesiano.com.br\/aracatuba\/"},{"@type":"ListItem","position":2,"name":"Fisioterapia organiza palestra sobre parada cardiorrespirat\u00f3ria"}]},{"@type":"Person","@id":"https:\/\/unisalesiano.com.br\/aracatuba\/#\/schema\/person\/afb1b2331f463570beda616f4cc14cc9","name":"admin","image":{"@type":"ImageObject","@id":"https:\/\/unisalesiano.com.br\/aracatuba\/#personlogo","inLanguage":"pt-BR","url":"https:\/\/secure.gravatar.com\/avatar\/dfc5c63987fa9f19b5c366e55740b2a0ffac4aab41ba55c1bd96dbb85eb3a8ca?s=96&d=mm&r=g","contentUrl":"https:\/\/secure.gravatar.com\/avatar\/dfc5c63987fa9f19b5c366e55740b2a0ffac4aab41ba55c1bd96dbb85eb3a8ca?s=96&d=mm&r=g","caption":"admin"},"url":"https:\/\/unisalesiano.com.br\/aracatuba\/author\/admin\/"}]}},"_links":{"self":[{"href":"https:\/\/unisalesiano.com.br\/aracatuba\/wp-json\/wp\/v2\/posts\/8794","targetHints":{"allow":["GET"]}}],"collection":[{"href":"https:\/\/unisalesiano.com.br\/aracatuba\/wp-json\/wp\/v2\/posts"}],"about":[{"href":"https:\/\/unisalesiano.com.br\/aracatuba\/wp-json\/wp\/v2\/types\/post"}],"author":[{"embeddable":true,"href":"https:\/\/unisalesiano.com.br\/aracatuba\/wp-json\/wp\/v2\/users\/1"}],"replies":[{"embeddable":true,"href":"https:\/\/unisalesiano.com.br\/aracatuba\/wp-json\/wp\/v2\/comments?post=8794"}],"version-history":[{"count":0,"href":"https:\/\/unisalesiano.com.br\/aracatuba\/wp-json\/wp\/v2\/posts\/8794\/revisions"}],"wp:featuredmedia":[{"embeddable":true,"href":"https:\/\/unisalesiano.com.br\/aracatuba\/wp-json\/wp\/v2\/media\/8795"}],"wp:attachment":[{"href":"https:\/\/unisalesiano.com.br\/aracatuba\/wp-json\/wp\/v2\/media?parent=8794"}],"wp:term":[{"taxonomy":"category","embeddable":true,"href":"https:\/\/unisalesiano.com.br\/aracatuba\/wp-json\/wp\/v2\/categories?post=8794"},{"taxonomy":"post_tag","embeddable":true,"href":"https:\/\/unisalesiano.com.br\/aracatuba\/wp-json\/wp\/v2\/tags?post=8794"}],"curies":[{"name":"wp","href":"https:\/\/api.w.org\/{rel}","templated":true}]}}