{"id":8783,"date":"2007-05-28T14:57:48","date_gmt":"2007-05-28T17:57:48","guid":{"rendered":"https:\/\/unisalesiano.com.br\/?p=8783"},"modified":"2019-01-18T15:08:38","modified_gmt":"2019-01-18T17:08:38","slug":"atuacao-do-fisioterapeuta-e-tema-de-palestra","status":"publish","type":"post","link":"https:\/\/unisalesiano.com.br\/aracatuba\/atuacao-do-fisioterapeuta-e-tema-de-palestra\/","title":{"rendered":"Atua\u00e7\u00e3o do fisioterapeuta \u00e9 tema de palestra"},"content":{"rendered":"\n<p>A coordena\u00e7\u00e3o do Curso de Fisioterapia do Centro\nUniversit\u00e1rio Cat\u00f3lico Salesiano Auxilium &#8211; UniSALESIANO de Ara\u00e7atuba\ndesenvolveu nos dias 16 e 18 deste m\u00eas, no per\u00edodo da manh\u00e3, um evento que\nvinha sendo aguardado com bastante expectativa pelos acad\u00eamicos da \u00e1rea.<\/p>\n\n\n\n<p>Na oportunidade, foi realizada a palestra A Atua\u00e7\u00e3o do\nFisioterapeuta no Hospital Santa Casa de Ara\u00e7atuba, ministrada pela Prof\u00aa.\nCristina Cardoso Parra, dirigida aos alunos do primeiro termo do curso. Ela \u00e9\ndocente da disciplina de Fundamentos em Cl\u00ednica de Cardiologia e Vascular do\nprograma. Al\u00e9m disso, ministra tamb\u00e9m aulas de massoterapia.<\/p>\n\n\n\n<p>A palestrante apresentou em detalhes o papel do profissional\njunto a um dos maiores complexos hospitalares da regi\u00e3o oeste do Estado de S\u00e3o\nPaulo. Por ser um dos \u00f3rg\u00e3os do g\u00eanero mais bem aparelhados, com a atua\u00e7\u00e3o de\ncentenas de m\u00e9dicos, enfermeiros e demais profissionais de sa\u00fade, a Santa Casa\nde Miseric\u00f3rdia de Ara\u00e7atuba recebe pacientes de dezenas de cidades da regi\u00e3o.<\/p>\n\n\n\n<p>Ela lembrou que o trabalho dos fisioterapeutas nos\np\u00f3s-cir\u00fargico de cir\u00fargias card\u00edacas, patologias pulmonares, card\u00edacas,\nortop\u00e9dicas e neurol\u00f3gicas \u00e9 fundamental e imprescind\u00edvel. S\u00e3o os profissionais\ndo setor que aplicam exerc\u00edcios calculados para devolver aos pacientes os\nmovimentos f\u00edsicos e para proporcionar a eles uma recupera\u00e7\u00e3o tranq\u00fcila.<\/p>\n\n\n\n<p>Os trabalhos de organiza\u00e7\u00e3o das palestras foi desenvolvido\npela Prof\u00aa. Janine Cuzzolin, docente da disciplina de Fundamentos e Hist\u00f3ria da\nFisioterapia do UniSALESIANO.<\/p>\n","protected":false},"excerpt":{"rendered":"<p>A coordena\u00e7\u00e3o do Curso de Fisioterapia do Centro Universit\u00e1rio Cat\u00f3lico Salesiano Auxilium &#8211; UniSALESIANO de Ara\u00e7atuba desenvolveu nos dias 16 e 18 deste m\u00eas, no per\u00edodo da manh\u00e3, um evento que vinha sendo aguardado com bastante expectativa pelos acad\u00eamicos da \u00e1rea. Na oportunidade, foi realizada a palestra A Atua\u00e7\u00e3o do Fisioterapeuta no Hospital Santa Casa [&hellip;]<\/p>\n","protected":false},"author":1,"featured_media":8784,"comment_status":"open","ping_status":"open","sticky":false,"template":"","format":"standard","meta":{"footnotes":""},"categories":[5],"tags":[32,17],"class_list":["post-8783","post","type-post","status-publish","format-standard","has-post-thumbnail","hentry","category-saude","tag-fisioterapeuta","tag-fisioterapia"],"yoast_head":"<!-- This site is optimized with the Yoast SEO plugin v17.4 - https:\/\/yoast.com\/wordpress\/plugins\/seo\/ -->\n<title>Atua\u00e7\u00e3o do fisioterapeuta \u00e9 tema de palestra - UniSALESIANO Ara\u00e7atuba\/SP<\/title>\n<meta name=\"robots\" content=\"index, follow, max-snippet:-1, max-image-preview:large, max-video-preview:-1\" \/>\n<link rel=\"canonical\" href=\"https:\/\/unisalesiano.com.br\/aracatuba\/atuacao-do-fisioterapeuta-e-tema-de-palestra\/\" \/>\n<meta property=\"og:locale\" content=\"pt_BR\" \/>\n<meta property=\"og:type\" content=\"article\" \/>\n<meta property=\"og:title\" content=\"Atua\u00e7\u00e3o do fisioterapeuta \u00e9 tema de palestra - UniSALESIANO Ara\u00e7atuba\/SP\" \/>\n<meta property=\"og:description\" content=\"A coordena\u00e7\u00e3o do Curso de Fisioterapia do Centro Universit\u00e1rio Cat\u00f3lico Salesiano Auxilium &#8211; UniSALESIANO de Ara\u00e7atuba desenvolveu nos dias 16 e 18 deste m\u00eas, no per\u00edodo da manh\u00e3, um evento que vinha sendo aguardado com bastante expectativa pelos acad\u00eamicos da \u00e1rea. Na oportunidade, foi realizada a palestra A Atua\u00e7\u00e3o do Fisioterapeuta no Hospital Santa Casa [&hellip;]\" \/>\n<meta property=\"og:url\" content=\"https:\/\/unisalesiano.com.br\/aracatuba\/atuacao-do-fisioterapeuta-e-tema-de-palestra\/\" \/>\n<meta property=\"og:site_name\" content=\"UniSALESIANO Ara\u00e7atuba\/SP\" \/>\n<meta property=\"article:published_time\" content=\"2007-05-28T17:57:48+00:00\" \/>\n<meta property=\"article:modified_time\" content=\"2019-01-18T17:08:38+00:00\" \/>\n<meta property=\"og:image\" content=\"https:\/\/unisalesiano.com.br\/aracatuba\/wp-content\/uploads\/2019\/01\/2007-05-28-409-Atua\u00e7\u00e3o-do-fisioterapeuta-\u00e9-tema-de-palestra.jpg\" \/>\n\t<meta property=\"og:image:width\" content=\"480\" \/>\n\t<meta property=\"og:image:height\" content=\"360\" \/>\n<meta name=\"twitter:card\" content=\"summary_large_image\" \/>\n<meta name=\"twitter:label1\" content=\"Escrito por\" \/>\n\t<meta name=\"twitter:data1\" content=\"admin\" \/>\n\t<meta name=\"twitter:label2\" content=\"Est. tempo de leitura\" \/>\n\t<meta name=\"twitter:data2\" content=\"1 minuto\" \/>\n<script type=\"application\/ld+json\" class=\"yoast-schema-graph\">{\"@context\":\"https:\/\/schema.org\",\"@graph\":[{\"@type\":\"WebSite\",\"@id\":\"https:\/\/unisalesiano.com.br\/aracatuba\/#website\",\"url\":\"https:\/\/unisalesiano.com.br\/aracatuba\/\",\"name\":\"UniSALESIANO Ara\\u00e7atuba\/SP\",\"description\":\"Centro Universit\\u00e1rio Cat\\u00f3lico Salesiano Auxilium\",\"potentialAction\":[{\"@type\":\"SearchAction\",\"target\":{\"@type\":\"EntryPoint\",\"urlTemplate\":\"https:\/\/unisalesiano.com.br\/aracatuba\/?s={search_term_string}\"},\"query-input\":\"required name=search_term_string\"}],\"inLanguage\":\"pt-BR\"},{\"@type\":\"ImageObject\",\"@id\":\"https:\/\/unisalesiano.com.br\/aracatuba\/atuacao-do-fisioterapeuta-e-tema-de-palestra\/#primaryimage\",\"inLanguage\":\"pt-BR\",\"url\":\"https:\/\/unisalesiano.com.br\/aracatuba\/wp-content\/uploads\/2019\/01\/2007-05-28-409-Atua\\u00e7\\u00e3o-do-fisioterapeuta-\\u00e9-tema-de-palestra.jpg\",\"contentUrl\":\"https:\/\/unisalesiano.com.br\/aracatuba\/wp-content\/uploads\/2019\/01\/2007-05-28-409-Atua\\u00e7\\u00e3o-do-fisioterapeuta-\\u00e9-tema-de-palestra.jpg\",\"width\":480,\"height\":360},{\"@type\":\"WebPage\",\"@id\":\"https:\/\/unisalesiano.com.br\/aracatuba\/atuacao-do-fisioterapeuta-e-tema-de-palestra\/#webpage\",\"url\":\"https:\/\/unisalesiano.com.br\/aracatuba\/atuacao-do-fisioterapeuta-e-tema-de-palestra\/\",\"name\":\"Atua\\u00e7\\u00e3o do fisioterapeuta \\u00e9 tema de palestra - UniSALESIANO Ara\\u00e7atuba\/SP\",\"isPartOf\":{\"@id\":\"https:\/\/unisalesiano.com.br\/aracatuba\/#website\"},\"primaryImageOfPage\":{\"@id\":\"https:\/\/unisalesiano.com.br\/aracatuba\/atuacao-do-fisioterapeuta-e-tema-de-palestra\/#primaryimage\"},\"datePublished\":\"2007-05-28T17:57:48+00:00\",\"dateModified\":\"2019-01-18T17:08:38+00:00\",\"author\":{\"@id\":\"https:\/\/unisalesiano.com.br\/aracatuba\/#\/schema\/person\/afb1b2331f463570beda616f4cc14cc9\"},\"breadcrumb\":{\"@id\":\"https:\/\/unisalesiano.com.br\/aracatuba\/atuacao-do-fisioterapeuta-e-tema-de-palestra\/#breadcrumb\"},\"inLanguage\":\"pt-BR\",\"potentialAction\":[{\"@type\":\"ReadAction\",\"target\":[\"https:\/\/unisalesiano.com.br\/aracatuba\/atuacao-do-fisioterapeuta-e-tema-de-palestra\/\"]}]},{\"@type\":\"BreadcrumbList\",\"@id\":\"https:\/\/unisalesiano.com.br\/aracatuba\/atuacao-do-fisioterapeuta-e-tema-de-palestra\/#breadcrumb\",\"itemListElement\":[{\"@type\":\"ListItem\",\"position\":1,\"name\":\"In\\u00edcio\",\"item\":\"https:\/\/unisalesiano.com.br\/aracatuba\/\"},{\"@type\":\"ListItem\",\"position\":2,\"name\":\"Atua\\u00e7\\u00e3o do fisioterapeuta \\u00e9 tema de palestra\"}]},{\"@type\":\"Person\",\"@id\":\"https:\/\/unisalesiano.com.br\/aracatuba\/#\/schema\/person\/afb1b2331f463570beda616f4cc14cc9\",\"name\":\"admin\",\"image\":{\"@type\":\"ImageObject\",\"@id\":\"https:\/\/unisalesiano.com.br\/aracatuba\/#personlogo\",\"inLanguage\":\"pt-BR\",\"url\":\"https:\/\/secure.gravatar.com\/avatar\/dfc5c63987fa9f19b5c366e55740b2a0ffac4aab41ba55c1bd96dbb85eb3a8ca?s=96&d=mm&r=g\",\"contentUrl\":\"https:\/\/secure.gravatar.com\/avatar\/dfc5c63987fa9f19b5c366e55740b2a0ffac4aab41ba55c1bd96dbb85eb3a8ca?s=96&d=mm&r=g\",\"caption\":\"admin\"},\"url\":\"https:\/\/unisalesiano.com.br\/aracatuba\/author\/admin\/\"}]}<\/script>\n<!-- \/ Yoast SEO plugin. -->","yoast_head_json":{"title":"Atua\u00e7\u00e3o do fisioterapeuta \u00e9 tema de palestra - UniSALESIANO Ara\u00e7atuba\/SP","robots":{"index":"index","follow":"follow","max-snippet":"max-snippet:-1","max-image-preview":"max-image-preview:large","max-video-preview":"max-video-preview:-1"},"canonical":"https:\/\/unisalesiano.com.br\/aracatuba\/atuacao-do-fisioterapeuta-e-tema-de-palestra\/","og_locale":"pt_BR","og_type":"article","og_title":"Atua\u00e7\u00e3o do fisioterapeuta \u00e9 tema de palestra - UniSALESIANO Ara\u00e7atuba\/SP","og_description":"A coordena\u00e7\u00e3o do Curso de Fisioterapia do Centro Universit\u00e1rio Cat\u00f3lico Salesiano Auxilium &#8211; UniSALESIANO de Ara\u00e7atuba desenvolveu nos dias 16 e 18 deste m\u00eas, no per\u00edodo da manh\u00e3, um evento que vinha sendo aguardado com bastante expectativa pelos acad\u00eamicos da \u00e1rea. Na oportunidade, foi realizada a palestra A Atua\u00e7\u00e3o do Fisioterapeuta no Hospital Santa Casa [&hellip;]","og_url":"https:\/\/unisalesiano.com.br\/aracatuba\/atuacao-do-fisioterapeuta-e-tema-de-palestra\/","og_site_name":"UniSALESIANO Ara\u00e7atuba\/SP","article_published_time":"2007-05-28T17:57:48+00:00","article_modified_time":"2019-01-18T17:08:38+00:00","og_image":[{"width":480,"height":360,"url":"https:\/\/unisalesiano.com.br\/aracatuba\/wp-content\/uploads\/2019\/01\/2007-05-28-409-Atua\u00e7\u00e3o-do-fisioterapeuta-\u00e9-tema-de-palestra.jpg","type":"image\/jpeg"}],"twitter_card":"summary_large_image","twitter_misc":{"Escrito por":"admin","Est. tempo de leitura":"1 minuto"},"schema":{"@context":"https:\/\/schema.org","@graph":[{"@type":"WebSite","@id":"https:\/\/unisalesiano.com.br\/aracatuba\/#website","url":"https:\/\/unisalesiano.com.br\/aracatuba\/","name":"UniSALESIANO Ara\u00e7atuba\/SP","description":"Centro Universit\u00e1rio Cat\u00f3lico Salesiano Auxilium","potentialAction":[{"@type":"SearchAction","target":{"@type":"EntryPoint","urlTemplate":"https:\/\/unisalesiano.com.br\/aracatuba\/?s={search_term_string}"},"query-input":"required name=search_term_string"}],"inLanguage":"pt-BR"},{"@type":"ImageObject","@id":"https:\/\/unisalesiano.com.br\/aracatuba\/atuacao-do-fisioterapeuta-e-tema-de-palestra\/#primaryimage","inLanguage":"pt-BR","url":"https:\/\/unisalesiano.com.br\/aracatuba\/wp-content\/uploads\/2019\/01\/2007-05-28-409-Atua\u00e7\u00e3o-do-fisioterapeuta-\u00e9-tema-de-palestra.jpg","contentUrl":"https:\/\/unisalesiano.com.br\/aracatuba\/wp-content\/uploads\/2019\/01\/2007-05-28-409-Atua\u00e7\u00e3o-do-fisioterapeuta-\u00e9-tema-de-palestra.jpg","width":480,"height":360},{"@type":"WebPage","@id":"https:\/\/unisalesiano.com.br\/aracatuba\/atuacao-do-fisioterapeuta-e-tema-de-palestra\/#webpage","url":"https:\/\/unisalesiano.com.br\/aracatuba\/atuacao-do-fisioterapeuta-e-tema-de-palestra\/","name":"Atua\u00e7\u00e3o do fisioterapeuta \u00e9 tema de palestra - UniSALESIANO Ara\u00e7atuba\/SP","isPartOf":{"@id":"https:\/\/unisalesiano.com.br\/aracatuba\/#website"},"primaryImageOfPage":{"@id":"https:\/\/unisalesiano.com.br\/aracatuba\/atuacao-do-fisioterapeuta-e-tema-de-palestra\/#primaryimage"},"datePublished":"2007-05-28T17:57:48+00:00","dateModified":"2019-01-18T17:08:38+00:00","author":{"@id":"https:\/\/unisalesiano.com.br\/aracatuba\/#\/schema\/person\/afb1b2331f463570beda616f4cc14cc9"},"breadcrumb":{"@id":"https:\/\/unisalesiano.com.br\/aracatuba\/atuacao-do-fisioterapeuta-e-tema-de-palestra\/#breadcrumb"},"inLanguage":"pt-BR","potentialAction":[{"@type":"ReadAction","target":["https:\/\/unisalesiano.com.br\/aracatuba\/atuacao-do-fisioterapeuta-e-tema-de-palestra\/"]}]},{"@type":"BreadcrumbList","@id":"https:\/\/unisalesiano.com.br\/aracatuba\/atuacao-do-fisioterapeuta-e-tema-de-palestra\/#breadcrumb","itemListElement":[{"@type":"ListItem","position":1,"name":"In\u00edcio","item":"https:\/\/unisalesiano.com.br\/aracatuba\/"},{"@type":"ListItem","position":2,"name":"Atua\u00e7\u00e3o do fisioterapeuta \u00e9 tema de palestra"}]},{"@type":"Person","@id":"https:\/\/unisalesiano.com.br\/aracatuba\/#\/schema\/person\/afb1b2331f463570beda616f4cc14cc9","name":"admin","image":{"@type":"ImageObject","@id":"https:\/\/unisalesiano.com.br\/aracatuba\/#personlogo","inLanguage":"pt-BR","url":"https:\/\/secure.gravatar.com\/avatar\/dfc5c63987fa9f19b5c366e55740b2a0ffac4aab41ba55c1bd96dbb85eb3a8ca?s=96&d=mm&r=g","contentUrl":"https:\/\/secure.gravatar.com\/avatar\/dfc5c63987fa9f19b5c366e55740b2a0ffac4aab41ba55c1bd96dbb85eb3a8ca?s=96&d=mm&r=g","caption":"admin"},"url":"https:\/\/unisalesiano.com.br\/aracatuba\/author\/admin\/"}]}},"_links":{"self":[{"href":"https:\/\/unisalesiano.com.br\/aracatuba\/wp-json\/wp\/v2\/posts\/8783","targetHints":{"allow":["GET"]}}],"collection":[{"href":"https:\/\/unisalesiano.com.br\/aracatuba\/wp-json\/wp\/v2\/posts"}],"about":[{"href":"https:\/\/unisalesiano.com.br\/aracatuba\/wp-json\/wp\/v2\/types\/post"}],"author":[{"embeddable":true,"href":"https:\/\/unisalesiano.com.br\/aracatuba\/wp-json\/wp\/v2\/users\/1"}],"replies":[{"embeddable":true,"href":"https:\/\/unisalesiano.com.br\/aracatuba\/wp-json\/wp\/v2\/comments?post=8783"}],"version-history":[{"count":0,"href":"https:\/\/unisalesiano.com.br\/aracatuba\/wp-json\/wp\/v2\/posts\/8783\/revisions"}],"wp:featuredmedia":[{"embeddable":true,"href":"https:\/\/unisalesiano.com.br\/aracatuba\/wp-json\/wp\/v2\/media\/8784"}],"wp:attachment":[{"href":"https:\/\/unisalesiano.com.br\/aracatuba\/wp-json\/wp\/v2\/media?parent=8783"}],"wp:term":[{"taxonomy":"category","embeddable":true,"href":"https:\/\/unisalesiano.com.br\/aracatuba\/wp-json\/wp\/v2\/categories?post=8783"},{"taxonomy":"post_tag","embeddable":true,"href":"https:\/\/unisalesiano.com.br\/aracatuba\/wp-json\/wp\/v2\/tags?post=8783"}],"curies":[{"name":"wp","href":"https:\/\/api.w.org\/{rel}","templated":true}]}}