{"id":8778,"date":"2007-05-23T14:54:03","date_gmt":"2007-05-23T17:54:03","guid":{"rendered":"https:\/\/unisalesiano.com.br\/?p=8778"},"modified":"2019-01-18T14:55:29","modified_gmt":"2019-01-18T16:55:29","slug":"academicos-do-unisalesiano-promovem-acoes-de-cidadania","status":"publish","type":"post","link":"https:\/\/unisalesiano.com.br\/aracatuba\/academicos-do-unisalesiano-promovem-acoes-de-cidadania\/","title":{"rendered":"Acad\u00eamicos do UniSALESIANO promovem a\u00e7\u00f5es de cidadania"},"content":{"rendered":"\n<p>Cerca de 90 alunos do 1\u00ba termo do Curso de Enfermagem do\nCentro Universit\u00e1rio Cat\u00f3lico Salesiano Auxilium &#8211; UniSALESIANO participaram de\num projeto criado pela coordena\u00e7\u00e3o da \u00e1rea com o objetivo de desenvolver a\u00e7\u00f5es\nde cidadania junto a escolas p\u00fablicas e particulares de Ara\u00e7atuba e regi\u00e3o e em\nentidades assistenciais, beneficentes e religiosas.<\/p>\n\n\n\n<p>O trabalho, realizado em abril e nas tr\u00eas primeiras semanas\nde maio, consistia na visita\u00e7\u00e3o \u00e0s institui\u00e7\u00f5es educacionais e na realiza\u00e7\u00e3o de\natividades de conscientiza\u00e7\u00e3o dos estudantes daquelas escolas sobre v\u00e1rios\nassuntos.<\/p>\n\n\n\n<p>Assim, cinco grupos foram montados, com pelo menos 8\nacad\u00eamicos em cada um. Cada um deles tratava de um assunto, como \u00e1gua, lixo,\nesgoto, solo e ar atmosf\u00e9rico. A id\u00e9ia era montar um sistema de atendimento que\npermitia aos alunos das redes p\u00fablicas e particulares e representantes das\ndemais institui\u00e7\u00f5es envolvidas serem tamb\u00e9m participantes ativos da a\u00e7\u00e3o,\napresentando sugest\u00f5es e tomando decis\u00f5es que pudessem contribu\u00edr para obter o\nmelhor resultado poss\u00edvel na comunica\u00e7\u00e3o.<\/p>\n\n\n\n<p>O projeto, de Extens\u00e3o \u00e0 Comunidade, foi dirigido a um\np\u00fablico que ia de alunos do ensino infantil at\u00e9 o supletivo. O enfoque maior\nera dado para as preocupa\u00e7\u00f5es com a Educa\u00e7\u00e3o Ambiental, sempre com a\nperspectiva de conscientizar os estudantes e motiv\u00e1-los para que, depois,\nprosseguissem desenvolvendo o projeto na forma de volunt\u00e1rios e junto a outros\np\u00fablicos.<\/p>\n\n\n\n<p>&#8220;Estas a\u00e7\u00f5es s\u00e3o muitos importantes, n\u00e3o s\u00f3 para o\ndesenvolvimento do trabalho curricular como tamb\u00e9m para transmitir aos\nacad\u00eamicos conceitos de cidadania&#8221;, comentou a Profa. Gislene Marcelino,\ndocente da disciplina Sa\u00fade Ambiental, do Curso de Enfermagem. Segundo ela, as\na\u00e7\u00f5es aplicadas v\u00eam ao encontro da miss\u00e3o do UniSALESIANO, que \u00e9 a de formar\nprofissionais com capacidade t\u00e9cnica e com uma sensibilidade social que seja\nutilizada em benef\u00edcio da sociedade.<\/p>\n\n\n\n<p>Alunos do UniSALESIANO e membros de institui\u00e7\u00f5es atendidas\nem projeto de cidadania sobre educa\u00e7\u00e3o ambiental<\/p>\n","protected":false},"excerpt":{"rendered":"<p>Cerca de 90 alunos do 1\u00ba termo do Curso de Enfermagem do Centro Universit\u00e1rio Cat\u00f3lico Salesiano Auxilium &#8211; UniSALESIANO participaram de um projeto criado pela coordena\u00e7\u00e3o da \u00e1rea com o objetivo de desenvolver a\u00e7\u00f5es de cidadania junto a escolas p\u00fablicas e particulares de Ara\u00e7atuba e regi\u00e3o e em entidades assistenciais, beneficentes e religiosas. O trabalho, [&hellip;]<\/p>\n","protected":false},"author":1,"featured_media":8779,"comment_status":"open","ping_status":"open","sticky":false,"template":"","format":"standard","meta":{"footnotes":""},"categories":[5],"tags":[390,15],"class_list":["post-8778","post","type-post","status-publish","format-standard","has-post-thumbnail","hentry","category-saude","tag-cidadania","tag-enfermagem"],"yoast_head":"<!-- This site is optimized with the Yoast SEO plugin v17.4 - https:\/\/yoast.com\/wordpress\/plugins\/seo\/ -->\n<title>Acad\u00eamicos do UniSALESIANO promovem a\u00e7\u00f5es de cidadania - UniSALESIANO Ara\u00e7atuba\/SP<\/title>\n<meta name=\"robots\" content=\"index, follow, max-snippet:-1, max-image-preview:large, max-video-preview:-1\" \/>\n<link rel=\"canonical\" href=\"https:\/\/unisalesiano.com.br\/aracatuba\/academicos-do-unisalesiano-promovem-acoes-de-cidadania\/\" \/>\n<meta property=\"og:locale\" content=\"pt_BR\" \/>\n<meta property=\"og:type\" content=\"article\" \/>\n<meta property=\"og:title\" content=\"Acad\u00eamicos do UniSALESIANO promovem a\u00e7\u00f5es de cidadania - UniSALESIANO Ara\u00e7atuba\/SP\" \/>\n<meta property=\"og:description\" content=\"Cerca de 90 alunos do 1\u00ba termo do Curso de Enfermagem do Centro Universit\u00e1rio Cat\u00f3lico Salesiano Auxilium &#8211; UniSALESIANO participaram de um projeto criado pela coordena\u00e7\u00e3o da \u00e1rea com o objetivo de desenvolver a\u00e7\u00f5es de cidadania junto a escolas p\u00fablicas e particulares de Ara\u00e7atuba e regi\u00e3o e em entidades assistenciais, beneficentes e religiosas. O trabalho, [&hellip;]\" \/>\n<meta property=\"og:url\" content=\"https:\/\/unisalesiano.com.br\/aracatuba\/academicos-do-unisalesiano-promovem-acoes-de-cidadania\/\" \/>\n<meta property=\"og:site_name\" content=\"UniSALESIANO Ara\u00e7atuba\/SP\" \/>\n<meta property=\"article:published_time\" content=\"2007-05-23T17:54:03+00:00\" \/>\n<meta property=\"article:modified_time\" content=\"2019-01-18T16:55:29+00:00\" \/>\n<meta property=\"og:image\" content=\"https:\/\/unisalesiano.com.br\/aracatuba\/wp-content\/uploads\/2019\/01\/2007-05-23-407-Acad\u00eamicos-do-UniSALESIANO-promovem-a\u00e7\u00f5es-de-cidadania.jpg\" \/>\n\t<meta property=\"og:image:width\" content=\"480\" \/>\n\t<meta property=\"og:image:height\" content=\"360\" \/>\n<meta name=\"twitter:card\" content=\"summary_large_image\" \/>\n<meta name=\"twitter:label1\" content=\"Escrito por\" \/>\n\t<meta name=\"twitter:data1\" content=\"admin\" \/>\n\t<meta name=\"twitter:label2\" content=\"Est. tempo de leitura\" \/>\n\t<meta name=\"twitter:data2\" content=\"2 minutos\" \/>\n<script type=\"application\/ld+json\" class=\"yoast-schema-graph\">{\"@context\":\"https:\/\/schema.org\",\"@graph\":[{\"@type\":\"WebSite\",\"@id\":\"https:\/\/unisalesiano.com.br\/aracatuba\/#website\",\"url\":\"https:\/\/unisalesiano.com.br\/aracatuba\/\",\"name\":\"UniSALESIANO Ara\\u00e7atuba\/SP\",\"description\":\"Centro Universit\\u00e1rio Cat\\u00f3lico Salesiano Auxilium\",\"potentialAction\":[{\"@type\":\"SearchAction\",\"target\":{\"@type\":\"EntryPoint\",\"urlTemplate\":\"https:\/\/unisalesiano.com.br\/aracatuba\/?s={search_term_string}\"},\"query-input\":\"required name=search_term_string\"}],\"inLanguage\":\"pt-BR\"},{\"@type\":\"ImageObject\",\"@id\":\"https:\/\/unisalesiano.com.br\/aracatuba\/academicos-do-unisalesiano-promovem-acoes-de-cidadania\/#primaryimage\",\"inLanguage\":\"pt-BR\",\"url\":\"https:\/\/unisalesiano.com.br\/aracatuba\/wp-content\/uploads\/2019\/01\/2007-05-23-407-Acad\\u00eamicos-do-UniSALESIANO-promovem-a\\u00e7\\u00f5es-de-cidadania.jpg\",\"contentUrl\":\"https:\/\/unisalesiano.com.br\/aracatuba\/wp-content\/uploads\/2019\/01\/2007-05-23-407-Acad\\u00eamicos-do-UniSALESIANO-promovem-a\\u00e7\\u00f5es-de-cidadania.jpg\",\"width\":480,\"height\":360},{\"@type\":\"WebPage\",\"@id\":\"https:\/\/unisalesiano.com.br\/aracatuba\/academicos-do-unisalesiano-promovem-acoes-de-cidadania\/#webpage\",\"url\":\"https:\/\/unisalesiano.com.br\/aracatuba\/academicos-do-unisalesiano-promovem-acoes-de-cidadania\/\",\"name\":\"Acad\\u00eamicos do UniSALESIANO promovem a\\u00e7\\u00f5es de cidadania - UniSALESIANO Ara\\u00e7atuba\/SP\",\"isPartOf\":{\"@id\":\"https:\/\/unisalesiano.com.br\/aracatuba\/#website\"},\"primaryImageOfPage\":{\"@id\":\"https:\/\/unisalesiano.com.br\/aracatuba\/academicos-do-unisalesiano-promovem-acoes-de-cidadania\/#primaryimage\"},\"datePublished\":\"2007-05-23T17:54:03+00:00\",\"dateModified\":\"2019-01-18T16:55:29+00:00\",\"author\":{\"@id\":\"https:\/\/unisalesiano.com.br\/aracatuba\/#\/schema\/person\/afb1b2331f463570beda616f4cc14cc9\"},\"breadcrumb\":{\"@id\":\"https:\/\/unisalesiano.com.br\/aracatuba\/academicos-do-unisalesiano-promovem-acoes-de-cidadania\/#breadcrumb\"},\"inLanguage\":\"pt-BR\",\"potentialAction\":[{\"@type\":\"ReadAction\",\"target\":[\"https:\/\/unisalesiano.com.br\/aracatuba\/academicos-do-unisalesiano-promovem-acoes-de-cidadania\/\"]}]},{\"@type\":\"BreadcrumbList\",\"@id\":\"https:\/\/unisalesiano.com.br\/aracatuba\/academicos-do-unisalesiano-promovem-acoes-de-cidadania\/#breadcrumb\",\"itemListElement\":[{\"@type\":\"ListItem\",\"position\":1,\"name\":\"In\\u00edcio\",\"item\":\"https:\/\/unisalesiano.com.br\/aracatuba\/\"},{\"@type\":\"ListItem\",\"position\":2,\"name\":\"Acad\\u00eamicos do UniSALESIANO promovem a\\u00e7\\u00f5es de cidadania\"}]},{\"@type\":\"Person\",\"@id\":\"https:\/\/unisalesiano.com.br\/aracatuba\/#\/schema\/person\/afb1b2331f463570beda616f4cc14cc9\",\"name\":\"admin\",\"image\":{\"@type\":\"ImageObject\",\"@id\":\"https:\/\/unisalesiano.com.br\/aracatuba\/#personlogo\",\"inLanguage\":\"pt-BR\",\"url\":\"https:\/\/secure.gravatar.com\/avatar\/dfc5c63987fa9f19b5c366e55740b2a0ffac4aab41ba55c1bd96dbb85eb3a8ca?s=96&d=mm&r=g\",\"contentUrl\":\"https:\/\/secure.gravatar.com\/avatar\/dfc5c63987fa9f19b5c366e55740b2a0ffac4aab41ba55c1bd96dbb85eb3a8ca?s=96&d=mm&r=g\",\"caption\":\"admin\"},\"url\":\"https:\/\/unisalesiano.com.br\/aracatuba\/author\/admin\/\"}]}<\/script>\n<!-- \/ Yoast SEO plugin. -->","yoast_head_json":{"title":"Acad\u00eamicos do UniSALESIANO promovem a\u00e7\u00f5es de cidadania - UniSALESIANO Ara\u00e7atuba\/SP","robots":{"index":"index","follow":"follow","max-snippet":"max-snippet:-1","max-image-preview":"max-image-preview:large","max-video-preview":"max-video-preview:-1"},"canonical":"https:\/\/unisalesiano.com.br\/aracatuba\/academicos-do-unisalesiano-promovem-acoes-de-cidadania\/","og_locale":"pt_BR","og_type":"article","og_title":"Acad\u00eamicos do UniSALESIANO promovem a\u00e7\u00f5es de cidadania - UniSALESIANO Ara\u00e7atuba\/SP","og_description":"Cerca de 90 alunos do 1\u00ba termo do Curso de Enfermagem do Centro Universit\u00e1rio Cat\u00f3lico Salesiano Auxilium &#8211; UniSALESIANO participaram de um projeto criado pela coordena\u00e7\u00e3o da \u00e1rea com o objetivo de desenvolver a\u00e7\u00f5es de cidadania junto a escolas p\u00fablicas e particulares de Ara\u00e7atuba e regi\u00e3o e em entidades assistenciais, beneficentes e religiosas. O trabalho, [&hellip;]","og_url":"https:\/\/unisalesiano.com.br\/aracatuba\/academicos-do-unisalesiano-promovem-acoes-de-cidadania\/","og_site_name":"UniSALESIANO Ara\u00e7atuba\/SP","article_published_time":"2007-05-23T17:54:03+00:00","article_modified_time":"2019-01-18T16:55:29+00:00","og_image":[{"width":480,"height":360,"url":"https:\/\/unisalesiano.com.br\/aracatuba\/wp-content\/uploads\/2019\/01\/2007-05-23-407-Acad\u00eamicos-do-UniSALESIANO-promovem-a\u00e7\u00f5es-de-cidadania.jpg","type":"image\/jpeg"}],"twitter_card":"summary_large_image","twitter_misc":{"Escrito por":"admin","Est. tempo de leitura":"2 minutos"},"schema":{"@context":"https:\/\/schema.org","@graph":[{"@type":"WebSite","@id":"https:\/\/unisalesiano.com.br\/aracatuba\/#website","url":"https:\/\/unisalesiano.com.br\/aracatuba\/","name":"UniSALESIANO Ara\u00e7atuba\/SP","description":"Centro Universit\u00e1rio Cat\u00f3lico Salesiano Auxilium","potentialAction":[{"@type":"SearchAction","target":{"@type":"EntryPoint","urlTemplate":"https:\/\/unisalesiano.com.br\/aracatuba\/?s={search_term_string}"},"query-input":"required name=search_term_string"}],"inLanguage":"pt-BR"},{"@type":"ImageObject","@id":"https:\/\/unisalesiano.com.br\/aracatuba\/academicos-do-unisalesiano-promovem-acoes-de-cidadania\/#primaryimage","inLanguage":"pt-BR","url":"https:\/\/unisalesiano.com.br\/aracatuba\/wp-content\/uploads\/2019\/01\/2007-05-23-407-Acad\u00eamicos-do-UniSALESIANO-promovem-a\u00e7\u00f5es-de-cidadania.jpg","contentUrl":"https:\/\/unisalesiano.com.br\/aracatuba\/wp-content\/uploads\/2019\/01\/2007-05-23-407-Acad\u00eamicos-do-UniSALESIANO-promovem-a\u00e7\u00f5es-de-cidadania.jpg","width":480,"height":360},{"@type":"WebPage","@id":"https:\/\/unisalesiano.com.br\/aracatuba\/academicos-do-unisalesiano-promovem-acoes-de-cidadania\/#webpage","url":"https:\/\/unisalesiano.com.br\/aracatuba\/academicos-do-unisalesiano-promovem-acoes-de-cidadania\/","name":"Acad\u00eamicos do UniSALESIANO promovem a\u00e7\u00f5es de cidadania - UniSALESIANO Ara\u00e7atuba\/SP","isPartOf":{"@id":"https:\/\/unisalesiano.com.br\/aracatuba\/#website"},"primaryImageOfPage":{"@id":"https:\/\/unisalesiano.com.br\/aracatuba\/academicos-do-unisalesiano-promovem-acoes-de-cidadania\/#primaryimage"},"datePublished":"2007-05-23T17:54:03+00:00","dateModified":"2019-01-18T16:55:29+00:00","author":{"@id":"https:\/\/unisalesiano.com.br\/aracatuba\/#\/schema\/person\/afb1b2331f463570beda616f4cc14cc9"},"breadcrumb":{"@id":"https:\/\/unisalesiano.com.br\/aracatuba\/academicos-do-unisalesiano-promovem-acoes-de-cidadania\/#breadcrumb"},"inLanguage":"pt-BR","potentialAction":[{"@type":"ReadAction","target":["https:\/\/unisalesiano.com.br\/aracatuba\/academicos-do-unisalesiano-promovem-acoes-de-cidadania\/"]}]},{"@type":"BreadcrumbList","@id":"https:\/\/unisalesiano.com.br\/aracatuba\/academicos-do-unisalesiano-promovem-acoes-de-cidadania\/#breadcrumb","itemListElement":[{"@type":"ListItem","position":1,"name":"In\u00edcio","item":"https:\/\/unisalesiano.com.br\/aracatuba\/"},{"@type":"ListItem","position":2,"name":"Acad\u00eamicos do UniSALESIANO promovem a\u00e7\u00f5es de cidadania"}]},{"@type":"Person","@id":"https:\/\/unisalesiano.com.br\/aracatuba\/#\/schema\/person\/afb1b2331f463570beda616f4cc14cc9","name":"admin","image":{"@type":"ImageObject","@id":"https:\/\/unisalesiano.com.br\/aracatuba\/#personlogo","inLanguage":"pt-BR","url":"https:\/\/secure.gravatar.com\/avatar\/dfc5c63987fa9f19b5c366e55740b2a0ffac4aab41ba55c1bd96dbb85eb3a8ca?s=96&d=mm&r=g","contentUrl":"https:\/\/secure.gravatar.com\/avatar\/dfc5c63987fa9f19b5c366e55740b2a0ffac4aab41ba55c1bd96dbb85eb3a8ca?s=96&d=mm&r=g","caption":"admin"},"url":"https:\/\/unisalesiano.com.br\/aracatuba\/author\/admin\/"}]}},"_links":{"self":[{"href":"https:\/\/unisalesiano.com.br\/aracatuba\/wp-json\/wp\/v2\/posts\/8778","targetHints":{"allow":["GET"]}}],"collection":[{"href":"https:\/\/unisalesiano.com.br\/aracatuba\/wp-json\/wp\/v2\/posts"}],"about":[{"href":"https:\/\/unisalesiano.com.br\/aracatuba\/wp-json\/wp\/v2\/types\/post"}],"author":[{"embeddable":true,"href":"https:\/\/unisalesiano.com.br\/aracatuba\/wp-json\/wp\/v2\/users\/1"}],"replies":[{"embeddable":true,"href":"https:\/\/unisalesiano.com.br\/aracatuba\/wp-json\/wp\/v2\/comments?post=8778"}],"version-history":[{"count":0,"href":"https:\/\/unisalesiano.com.br\/aracatuba\/wp-json\/wp\/v2\/posts\/8778\/revisions"}],"wp:featuredmedia":[{"embeddable":true,"href":"https:\/\/unisalesiano.com.br\/aracatuba\/wp-json\/wp\/v2\/media\/8779"}],"wp:attachment":[{"href":"https:\/\/unisalesiano.com.br\/aracatuba\/wp-json\/wp\/v2\/media?parent=8778"}],"wp:term":[{"taxonomy":"category","embeddable":true,"href":"https:\/\/unisalesiano.com.br\/aracatuba\/wp-json\/wp\/v2\/categories?post=8778"},{"taxonomy":"post_tag","embeddable":true,"href":"https:\/\/unisalesiano.com.br\/aracatuba\/wp-json\/wp\/v2\/tags?post=8778"}],"curies":[{"name":"wp","href":"https:\/\/api.w.org\/{rel}","templated":true}]}}