{"id":8739,"date":"2007-05-05T10:36:37","date_gmt":"2007-05-05T13:36:37","guid":{"rendered":"https:\/\/unisalesiano.com.br\/?p=8739"},"modified":"2019-01-17T10:42:26","modified_gmt":"2019-01-17T12:42:26","slug":"4a-semana-de-enfermagem-comeca-nesta-segunda-feira","status":"publish","type":"post","link":"https:\/\/unisalesiano.com.br\/aracatuba\/4a-semana-de-enfermagem-comeca-nesta-segunda-feira\/","title":{"rendered":"4\u00aa Semana de Enfermagem come\u00e7a nesta segunda-feira"},"content":{"rendered":"\n<p>Come\u00e7a nesta segunda-feira, dia 7, a 4\u00aa Semana de Enfermagem\ndo Centro Universit\u00e1rio Cat\u00f3lico Salesiano Auxilium &#8211; UniSALESIANO de\nAra\u00e7atuba. O evento &#8211; que prossegue at\u00e9 a pr\u00f3xima sexta-feira, dia 11, ter\u00e1\npalestras, exposi\u00e7\u00f5es e estandes de empresas patrocinadoras e participantes.<\/p>\n\n\n\n<p>A abertura oficial ser\u00e1 feita \u00e0s 8 horas pelo Pe. Luigi\nFavero, Diretor Geral da Institui\u00e7\u00e3o, que falar\u00e1 aos presentes. Antes, haver\u00e1\napresenta\u00e7\u00e3o art\u00edstica do Grupo Violinos M\u00e1gicos.<\/p>\n\n\n\n<p>A s\u00e9rie de palestras come\u00e7a logo a seguir, com a presen\u00e7a do\nDr. Paulo Eduardo Bispo Prado, m\u00e9dico oncologista do Servi\u00e7o M\u00e9dico da Santa\nCasa, expondo o tema Dor e Espiritualidade. Na ter\u00e7a-feira, a enfermeira\nAntonia Maria de Souza, especialista em Administra\u00e7\u00e3o Hospitalar, abordar\u00e1 o\ntema Auditoria em Enfermagem.<\/p>\n\n\n\n<p>Na quarta-feira, \u00e0s 8 horas, o tema a ser desenvolvido ser\u00e1\nA Atua\u00e7\u00e3o do Enfermeiro na Cirurgia Card\u00edaca, a cargo da enfermeira Val\u00e9ria\nAlbuquerque Vaz Rodrigues, especialista em Servi\u00e7os de Sa\u00fade pela Universidade\nde Ribeir\u00e3o Preto. Por sua vez, a enfermeira N\u00e1dia Antonia Aparecida Poletti,\ndoutora em Enfermagem pela Escola de Enfermagem de Ribeir\u00e3o Preto, da Universidade\nde S\u00e3o Paulo (USP), falar\u00e1, na quinta-feira, sobre o tema Atualiza\u00e7\u00e3o em\nCurativos &#8211; Papel do Enfermeiro.<\/p>\n\n\n\n<p>A Semana de Enfermagem termina na sexta-feira com a\nrealiza\u00e7\u00e3o, \u00e0s 8 horas, da \u00faltima palestra programada: Oxigenoterapia\nHiperb\u00e1rica &#8211; Indica\u00e7\u00f5es e Contra-Indica\u00e7\u00f5es nas Diferentes Especialidades\nM\u00e9dicas, a cargo do Dr. Assis Marinho, especialista em Medicina Hiperb\u00e1rica e\nfundador da Sociedade Brasileira de Medicina Hiperb\u00e1rica, em 1983.<\/p>\n","protected":false},"excerpt":{"rendered":"<p>Come\u00e7a nesta segunda-feira, dia 7, a 4\u00aa Semana de Enfermagem do Centro Universit\u00e1rio Cat\u00f3lico Salesiano Auxilium &#8211; UniSALESIANO de Ara\u00e7atuba. O evento &#8211; que prossegue at\u00e9 a pr\u00f3xima sexta-feira, dia 11, ter\u00e1 palestras, exposi\u00e7\u00f5es e estandes de empresas patrocinadoras e participantes. A abertura oficial ser\u00e1 feita \u00e0s 8 horas pelo Pe. Luigi Favero, Diretor Geral [&hellip;]<\/p>\n","protected":false},"author":1,"featured_media":0,"comment_status":"open","ping_status":"open","sticky":false,"template":"","format":"standard","meta":{"footnotes":""},"categories":[5],"tags":[15,167],"class_list":["post-8739","post","type-post","status-publish","format-standard","hentry","category-saude","tag-enfermagem","tag-semana-academica"],"yoast_head":"<!-- This site is optimized with the Yoast SEO plugin v17.4 - https:\/\/yoast.com\/wordpress\/plugins\/seo\/ -->\n<title>4\u00aa Semana de Enfermagem come\u00e7a nesta segunda-feira - UniSALESIANO Ara\u00e7atuba\/SP<\/title>\n<meta name=\"robots\" content=\"index, follow, max-snippet:-1, max-image-preview:large, max-video-preview:-1\" \/>\n<link rel=\"canonical\" href=\"https:\/\/unisalesiano.com.br\/aracatuba\/4a-semana-de-enfermagem-comeca-nesta-segunda-feira\/\" \/>\n<meta property=\"og:locale\" content=\"pt_BR\" \/>\n<meta property=\"og:type\" content=\"article\" \/>\n<meta property=\"og:title\" content=\"4\u00aa Semana de Enfermagem come\u00e7a nesta segunda-feira - UniSALESIANO Ara\u00e7atuba\/SP\" \/>\n<meta property=\"og:description\" content=\"Come\u00e7a nesta segunda-feira, dia 7, a 4\u00aa Semana de Enfermagem do Centro Universit\u00e1rio Cat\u00f3lico Salesiano Auxilium &#8211; UniSALESIANO de Ara\u00e7atuba. O evento &#8211; que prossegue at\u00e9 a pr\u00f3xima sexta-feira, dia 11, ter\u00e1 palestras, exposi\u00e7\u00f5es e estandes de empresas patrocinadoras e participantes. A abertura oficial ser\u00e1 feita \u00e0s 8 horas pelo Pe. Luigi Favero, Diretor Geral [&hellip;]\" \/>\n<meta property=\"og:url\" content=\"https:\/\/unisalesiano.com.br\/aracatuba\/4a-semana-de-enfermagem-comeca-nesta-segunda-feira\/\" \/>\n<meta property=\"og:site_name\" content=\"UniSALESIANO Ara\u00e7atuba\/SP\" \/>\n<meta property=\"article:published_time\" content=\"2007-05-05T13:36:37+00:00\" \/>\n<meta property=\"article:modified_time\" content=\"2019-01-17T12:42:26+00:00\" \/>\n<meta name=\"twitter:card\" content=\"summary_large_image\" \/>\n<meta name=\"twitter:label1\" content=\"Escrito por\" \/>\n\t<meta name=\"twitter:data1\" content=\"admin\" \/>\n\t<meta name=\"twitter:label2\" content=\"Est. tempo de leitura\" \/>\n\t<meta name=\"twitter:data2\" content=\"1 minuto\" \/>\n<script type=\"application\/ld+json\" class=\"yoast-schema-graph\">{\"@context\":\"https:\/\/schema.org\",\"@graph\":[{\"@type\":\"WebSite\",\"@id\":\"https:\/\/unisalesiano.com.br\/aracatuba\/#website\",\"url\":\"https:\/\/unisalesiano.com.br\/aracatuba\/\",\"name\":\"UniSALESIANO Ara\\u00e7atuba\/SP\",\"description\":\"Centro Universit\\u00e1rio Cat\\u00f3lico Salesiano Auxilium\",\"potentialAction\":[{\"@type\":\"SearchAction\",\"target\":{\"@type\":\"EntryPoint\",\"urlTemplate\":\"https:\/\/unisalesiano.com.br\/aracatuba\/?s={search_term_string}\"},\"query-input\":\"required name=search_term_string\"}],\"inLanguage\":\"pt-BR\"},{\"@type\":\"WebPage\",\"@id\":\"https:\/\/unisalesiano.com.br\/aracatuba\/4a-semana-de-enfermagem-comeca-nesta-segunda-feira\/#webpage\",\"url\":\"https:\/\/unisalesiano.com.br\/aracatuba\/4a-semana-de-enfermagem-comeca-nesta-segunda-feira\/\",\"name\":\"4\\u00aa Semana de Enfermagem come\\u00e7a nesta segunda-feira - UniSALESIANO Ara\\u00e7atuba\/SP\",\"isPartOf\":{\"@id\":\"https:\/\/unisalesiano.com.br\/aracatuba\/#website\"},\"datePublished\":\"2007-05-05T13:36:37+00:00\",\"dateModified\":\"2019-01-17T12:42:26+00:00\",\"author\":{\"@id\":\"https:\/\/unisalesiano.com.br\/aracatuba\/#\/schema\/person\/afb1b2331f463570beda616f4cc14cc9\"},\"breadcrumb\":{\"@id\":\"https:\/\/unisalesiano.com.br\/aracatuba\/4a-semana-de-enfermagem-comeca-nesta-segunda-feira\/#breadcrumb\"},\"inLanguage\":\"pt-BR\",\"potentialAction\":[{\"@type\":\"ReadAction\",\"target\":[\"https:\/\/unisalesiano.com.br\/aracatuba\/4a-semana-de-enfermagem-comeca-nesta-segunda-feira\/\"]}]},{\"@type\":\"BreadcrumbList\",\"@id\":\"https:\/\/unisalesiano.com.br\/aracatuba\/4a-semana-de-enfermagem-comeca-nesta-segunda-feira\/#breadcrumb\",\"itemListElement\":[{\"@type\":\"ListItem\",\"position\":1,\"name\":\"In\\u00edcio\",\"item\":\"https:\/\/unisalesiano.com.br\/aracatuba\/\"},{\"@type\":\"ListItem\",\"position\":2,\"name\":\"4\\u00aa Semana de Enfermagem come\\u00e7a nesta segunda-feira\"}]},{\"@type\":\"Person\",\"@id\":\"https:\/\/unisalesiano.com.br\/aracatuba\/#\/schema\/person\/afb1b2331f463570beda616f4cc14cc9\",\"name\":\"admin\",\"image\":{\"@type\":\"ImageObject\",\"@id\":\"https:\/\/unisalesiano.com.br\/aracatuba\/#personlogo\",\"inLanguage\":\"pt-BR\",\"url\":\"https:\/\/secure.gravatar.com\/avatar\/dfc5c63987fa9f19b5c366e55740b2a0ffac4aab41ba55c1bd96dbb85eb3a8ca?s=96&d=mm&r=g\",\"contentUrl\":\"https:\/\/secure.gravatar.com\/avatar\/dfc5c63987fa9f19b5c366e55740b2a0ffac4aab41ba55c1bd96dbb85eb3a8ca?s=96&d=mm&r=g\",\"caption\":\"admin\"},\"url\":\"https:\/\/unisalesiano.com.br\/aracatuba\/author\/admin\/\"}]}<\/script>\n<!-- \/ Yoast SEO plugin. -->","yoast_head_json":{"title":"4\u00aa Semana de Enfermagem come\u00e7a nesta segunda-feira - UniSALESIANO Ara\u00e7atuba\/SP","robots":{"index":"index","follow":"follow","max-snippet":"max-snippet:-1","max-image-preview":"max-image-preview:large","max-video-preview":"max-video-preview:-1"},"canonical":"https:\/\/unisalesiano.com.br\/aracatuba\/4a-semana-de-enfermagem-comeca-nesta-segunda-feira\/","og_locale":"pt_BR","og_type":"article","og_title":"4\u00aa Semana de Enfermagem come\u00e7a nesta segunda-feira - UniSALESIANO Ara\u00e7atuba\/SP","og_description":"Come\u00e7a nesta segunda-feira, dia 7, a 4\u00aa Semana de Enfermagem do Centro Universit\u00e1rio Cat\u00f3lico Salesiano Auxilium &#8211; UniSALESIANO de Ara\u00e7atuba. O evento &#8211; que prossegue at\u00e9 a pr\u00f3xima sexta-feira, dia 11, ter\u00e1 palestras, exposi\u00e7\u00f5es e estandes de empresas patrocinadoras e participantes. A abertura oficial ser\u00e1 feita \u00e0s 8 horas pelo Pe. Luigi Favero, Diretor Geral [&hellip;]","og_url":"https:\/\/unisalesiano.com.br\/aracatuba\/4a-semana-de-enfermagem-comeca-nesta-segunda-feira\/","og_site_name":"UniSALESIANO Ara\u00e7atuba\/SP","article_published_time":"2007-05-05T13:36:37+00:00","article_modified_time":"2019-01-17T12:42:26+00:00","twitter_card":"summary_large_image","twitter_misc":{"Escrito por":"admin","Est. tempo de leitura":"1 minuto"},"schema":{"@context":"https:\/\/schema.org","@graph":[{"@type":"WebSite","@id":"https:\/\/unisalesiano.com.br\/aracatuba\/#website","url":"https:\/\/unisalesiano.com.br\/aracatuba\/","name":"UniSALESIANO Ara\u00e7atuba\/SP","description":"Centro Universit\u00e1rio Cat\u00f3lico Salesiano Auxilium","potentialAction":[{"@type":"SearchAction","target":{"@type":"EntryPoint","urlTemplate":"https:\/\/unisalesiano.com.br\/aracatuba\/?s={search_term_string}"},"query-input":"required name=search_term_string"}],"inLanguage":"pt-BR"},{"@type":"WebPage","@id":"https:\/\/unisalesiano.com.br\/aracatuba\/4a-semana-de-enfermagem-comeca-nesta-segunda-feira\/#webpage","url":"https:\/\/unisalesiano.com.br\/aracatuba\/4a-semana-de-enfermagem-comeca-nesta-segunda-feira\/","name":"4\u00aa Semana de Enfermagem come\u00e7a nesta segunda-feira - UniSALESIANO Ara\u00e7atuba\/SP","isPartOf":{"@id":"https:\/\/unisalesiano.com.br\/aracatuba\/#website"},"datePublished":"2007-05-05T13:36:37+00:00","dateModified":"2019-01-17T12:42:26+00:00","author":{"@id":"https:\/\/unisalesiano.com.br\/aracatuba\/#\/schema\/person\/afb1b2331f463570beda616f4cc14cc9"},"breadcrumb":{"@id":"https:\/\/unisalesiano.com.br\/aracatuba\/4a-semana-de-enfermagem-comeca-nesta-segunda-feira\/#breadcrumb"},"inLanguage":"pt-BR","potentialAction":[{"@type":"ReadAction","target":["https:\/\/unisalesiano.com.br\/aracatuba\/4a-semana-de-enfermagem-comeca-nesta-segunda-feira\/"]}]},{"@type":"BreadcrumbList","@id":"https:\/\/unisalesiano.com.br\/aracatuba\/4a-semana-de-enfermagem-comeca-nesta-segunda-feira\/#breadcrumb","itemListElement":[{"@type":"ListItem","position":1,"name":"In\u00edcio","item":"https:\/\/unisalesiano.com.br\/aracatuba\/"},{"@type":"ListItem","position":2,"name":"4\u00aa Semana de Enfermagem come\u00e7a nesta segunda-feira"}]},{"@type":"Person","@id":"https:\/\/unisalesiano.com.br\/aracatuba\/#\/schema\/person\/afb1b2331f463570beda616f4cc14cc9","name":"admin","image":{"@type":"ImageObject","@id":"https:\/\/unisalesiano.com.br\/aracatuba\/#personlogo","inLanguage":"pt-BR","url":"https:\/\/secure.gravatar.com\/avatar\/dfc5c63987fa9f19b5c366e55740b2a0ffac4aab41ba55c1bd96dbb85eb3a8ca?s=96&d=mm&r=g","contentUrl":"https:\/\/secure.gravatar.com\/avatar\/dfc5c63987fa9f19b5c366e55740b2a0ffac4aab41ba55c1bd96dbb85eb3a8ca?s=96&d=mm&r=g","caption":"admin"},"url":"https:\/\/unisalesiano.com.br\/aracatuba\/author\/admin\/"}]}},"_links":{"self":[{"href":"https:\/\/unisalesiano.com.br\/aracatuba\/wp-json\/wp\/v2\/posts\/8739","targetHints":{"allow":["GET"]}}],"collection":[{"href":"https:\/\/unisalesiano.com.br\/aracatuba\/wp-json\/wp\/v2\/posts"}],"about":[{"href":"https:\/\/unisalesiano.com.br\/aracatuba\/wp-json\/wp\/v2\/types\/post"}],"author":[{"embeddable":true,"href":"https:\/\/unisalesiano.com.br\/aracatuba\/wp-json\/wp\/v2\/users\/1"}],"replies":[{"embeddable":true,"href":"https:\/\/unisalesiano.com.br\/aracatuba\/wp-json\/wp\/v2\/comments?post=8739"}],"version-history":[{"count":0,"href":"https:\/\/unisalesiano.com.br\/aracatuba\/wp-json\/wp\/v2\/posts\/8739\/revisions"}],"wp:attachment":[{"href":"https:\/\/unisalesiano.com.br\/aracatuba\/wp-json\/wp\/v2\/media?parent=8739"}],"wp:term":[{"taxonomy":"category","embeddable":true,"href":"https:\/\/unisalesiano.com.br\/aracatuba\/wp-json\/wp\/v2\/categories?post=8739"},{"taxonomy":"post_tag","embeddable":true,"href":"https:\/\/unisalesiano.com.br\/aracatuba\/wp-json\/wp\/v2\/tags?post=8739"}],"curies":[{"name":"wp","href":"https:\/\/api.w.org\/{rel}","templated":true}]}}