{"id":8728,"date":"2007-04-27T10:22:17","date_gmt":"2007-04-27T13:22:17","guid":{"rendered":"https:\/\/unisalesiano.com.br\/?p=8728"},"modified":"2019-01-17T10:23:32","modified_gmt":"2019-01-17T12:23:32","slug":"fisioterapia-inicia-ciclo-de-importantes-palestras","status":"publish","type":"post","link":"https:\/\/unisalesiano.com.br\/aracatuba\/fisioterapia-inicia-ciclo-de-importantes-palestras\/","title":{"rendered":"Fisioterapia inicia ciclo de importantes palestras"},"content":{"rendered":"\n<p>A coordena\u00e7\u00e3o do Curso de Fisioterapia do Centro\nUniversit\u00e1rio Cat\u00f3lico Salesiano Auxilium &#8211; UniSALESIANO de Ara\u00e7atuba iniciou\nnesta sexta-feira, \u00e0s 7h30, uma s\u00e9rie de palestras dirigidas para os acad\u00eamicos\nda \u00e1rea e realizadas por especialistas ligados a entidades assistenciais\nlocais.<\/p>\n\n\n\n<p>Nesta manh\u00e3, profissionais do Hospital Neurol\u00f3gico Ritinha\nPrates apresentaram, no audit\u00f3rio D, do Campus, a palestra Import\u00e2ncia da\nEquipe Multidisciplinar na Fisioterapia. O mesmo tema ser\u00e1 desenvolvido no dia\n14 de maio, no audit\u00f3rio.<\/p>\n\n\n\n<p>Na continuidade da programa\u00e7\u00e3o, nos dias 4 e 5 de maio,\nprofissionais da Associa\u00e7\u00e3o de Deficientes F\u00edsicos de Ara\u00e7atuba (AADEFA),\ntamb\u00e9m participar\u00e3o abordando id\u00eantico tema. Na oportunidade ser\u00e1 exibido um\nv\u00eddeo que aborda o papel da equipe interdisciplinar.<\/p>\n\n\n\n<p>Nesta etapa, as atividades est\u00e3o sendo direcionadas apenas\npara alunos dos terceiros anos do Curso de Fisioterapia.<\/p>\n\n\n\n<p>O convite \u00e0s entidades para a realiza\u00e7\u00e3o das palestras foi\nfeito pela coordenadora, Carla Komatsu Machado. Os eventos integram a grade\ncurricular do programa com enfoque na disciplina Fundamentos e Cl\u00ednica de\nNeurologia II, cujas aulas s\u00e3o ministradas pelas professoras Maria Solange\nMagnani e Carolina Rubio Vicentini.<\/p>\n","protected":false},"excerpt":{"rendered":"<p>A coordena\u00e7\u00e3o do Curso de Fisioterapia do Centro Universit\u00e1rio Cat\u00f3lico Salesiano Auxilium &#8211; UniSALESIANO de Ara\u00e7atuba iniciou nesta sexta-feira, \u00e0s 7h30, uma s\u00e9rie de palestras dirigidas para os acad\u00eamicos da \u00e1rea e realizadas por especialistas ligados a entidades assistenciais locais. Nesta manh\u00e3, profissionais do Hospital Neurol\u00f3gico Ritinha Prates apresentaram, no audit\u00f3rio D, do Campus, a [&hellip;]<\/p>\n","protected":false},"author":1,"featured_media":8729,"comment_status":"open","ping_status":"open","sticky":false,"template":"","format":"standard","meta":{"footnotes":""},"categories":[5],"tags":[17,377],"class_list":["post-8728","post","type-post","status-publish","format-standard","has-post-thumbnail","hentry","category-saude","tag-fisioterapia","tag-palestras"],"yoast_head":"<!-- This site is optimized with the Yoast SEO plugin v17.4 - https:\/\/yoast.com\/wordpress\/plugins\/seo\/ -->\n<title>Fisioterapia inicia ciclo de importantes palestras - UniSALESIANO Ara\u00e7atuba\/SP<\/title>\n<meta name=\"robots\" content=\"index, follow, max-snippet:-1, max-image-preview:large, max-video-preview:-1\" \/>\n<link rel=\"canonical\" href=\"https:\/\/unisalesiano.com.br\/aracatuba\/fisioterapia-inicia-ciclo-de-importantes-palestras\/\" \/>\n<meta property=\"og:locale\" content=\"pt_BR\" \/>\n<meta property=\"og:type\" content=\"article\" \/>\n<meta property=\"og:title\" content=\"Fisioterapia inicia ciclo de importantes palestras - UniSALESIANO Ara\u00e7atuba\/SP\" \/>\n<meta property=\"og:description\" content=\"A coordena\u00e7\u00e3o do Curso de Fisioterapia do Centro Universit\u00e1rio Cat\u00f3lico Salesiano Auxilium &#8211; UniSALESIANO de Ara\u00e7atuba iniciou nesta sexta-feira, \u00e0s 7h30, uma s\u00e9rie de palestras dirigidas para os acad\u00eamicos da \u00e1rea e realizadas por especialistas ligados a entidades assistenciais locais. Nesta manh\u00e3, profissionais do Hospital Neurol\u00f3gico Ritinha Prates apresentaram, no audit\u00f3rio D, do Campus, a [&hellip;]\" \/>\n<meta property=\"og:url\" content=\"https:\/\/unisalesiano.com.br\/aracatuba\/fisioterapia-inicia-ciclo-de-importantes-palestras\/\" \/>\n<meta property=\"og:site_name\" content=\"UniSALESIANO Ara\u00e7atuba\/SP\" \/>\n<meta property=\"article:published_time\" content=\"2007-04-27T13:22:17+00:00\" \/>\n<meta property=\"article:modified_time\" content=\"2019-01-17T12:23:32+00:00\" \/>\n<meta property=\"og:image\" content=\"https:\/\/unisalesiano.com.br\/aracatuba\/wp-content\/uploads\/2019\/01\/2007-04-27-384-Fisioterapia-inicia-ciclo-de-importantes-palestras.jpg\" \/>\n\t<meta property=\"og:image:width\" content=\"480\" \/>\n\t<meta property=\"og:image:height\" content=\"360\" \/>\n<meta name=\"twitter:card\" content=\"summary_large_image\" \/>\n<meta name=\"twitter:label1\" content=\"Escrito por\" \/>\n\t<meta name=\"twitter:data1\" content=\"admin\" \/>\n\t<meta name=\"twitter:label2\" content=\"Est. tempo de leitura\" \/>\n\t<meta name=\"twitter:data2\" content=\"1 minuto\" \/>\n<script type=\"application\/ld+json\" class=\"yoast-schema-graph\">{\"@context\":\"https:\/\/schema.org\",\"@graph\":[{\"@type\":\"WebSite\",\"@id\":\"https:\/\/unisalesiano.com.br\/aracatuba\/#website\",\"url\":\"https:\/\/unisalesiano.com.br\/aracatuba\/\",\"name\":\"UniSALESIANO Ara\\u00e7atuba\/SP\",\"description\":\"Centro Universit\\u00e1rio Cat\\u00f3lico Salesiano Auxilium\",\"potentialAction\":[{\"@type\":\"SearchAction\",\"target\":{\"@type\":\"EntryPoint\",\"urlTemplate\":\"https:\/\/unisalesiano.com.br\/aracatuba\/?s={search_term_string}\"},\"query-input\":\"required name=search_term_string\"}],\"inLanguage\":\"pt-BR\"},{\"@type\":\"ImageObject\",\"@id\":\"https:\/\/unisalesiano.com.br\/aracatuba\/fisioterapia-inicia-ciclo-de-importantes-palestras\/#primaryimage\",\"inLanguage\":\"pt-BR\",\"url\":\"https:\/\/unisalesiano.com.br\/aracatuba\/wp-content\/uploads\/2019\/01\/2007-04-27-384-Fisioterapia-inicia-ciclo-de-importantes-palestras.jpg\",\"contentUrl\":\"https:\/\/unisalesiano.com.br\/aracatuba\/wp-content\/uploads\/2019\/01\/2007-04-27-384-Fisioterapia-inicia-ciclo-de-importantes-palestras.jpg\",\"width\":480,\"height\":360},{\"@type\":\"WebPage\",\"@id\":\"https:\/\/unisalesiano.com.br\/aracatuba\/fisioterapia-inicia-ciclo-de-importantes-palestras\/#webpage\",\"url\":\"https:\/\/unisalesiano.com.br\/aracatuba\/fisioterapia-inicia-ciclo-de-importantes-palestras\/\",\"name\":\"Fisioterapia inicia ciclo de importantes palestras - UniSALESIANO Ara\\u00e7atuba\/SP\",\"isPartOf\":{\"@id\":\"https:\/\/unisalesiano.com.br\/aracatuba\/#website\"},\"primaryImageOfPage\":{\"@id\":\"https:\/\/unisalesiano.com.br\/aracatuba\/fisioterapia-inicia-ciclo-de-importantes-palestras\/#primaryimage\"},\"datePublished\":\"2007-04-27T13:22:17+00:00\",\"dateModified\":\"2019-01-17T12:23:32+00:00\",\"author\":{\"@id\":\"https:\/\/unisalesiano.com.br\/aracatuba\/#\/schema\/person\/afb1b2331f463570beda616f4cc14cc9\"},\"breadcrumb\":{\"@id\":\"https:\/\/unisalesiano.com.br\/aracatuba\/fisioterapia-inicia-ciclo-de-importantes-palestras\/#breadcrumb\"},\"inLanguage\":\"pt-BR\",\"potentialAction\":[{\"@type\":\"ReadAction\",\"target\":[\"https:\/\/unisalesiano.com.br\/aracatuba\/fisioterapia-inicia-ciclo-de-importantes-palestras\/\"]}]},{\"@type\":\"BreadcrumbList\",\"@id\":\"https:\/\/unisalesiano.com.br\/aracatuba\/fisioterapia-inicia-ciclo-de-importantes-palestras\/#breadcrumb\",\"itemListElement\":[{\"@type\":\"ListItem\",\"position\":1,\"name\":\"In\\u00edcio\",\"item\":\"https:\/\/unisalesiano.com.br\/aracatuba\/\"},{\"@type\":\"ListItem\",\"position\":2,\"name\":\"Fisioterapia inicia ciclo de importantes palestras\"}]},{\"@type\":\"Person\",\"@id\":\"https:\/\/unisalesiano.com.br\/aracatuba\/#\/schema\/person\/afb1b2331f463570beda616f4cc14cc9\",\"name\":\"admin\",\"image\":{\"@type\":\"ImageObject\",\"@id\":\"https:\/\/unisalesiano.com.br\/aracatuba\/#personlogo\",\"inLanguage\":\"pt-BR\",\"url\":\"https:\/\/secure.gravatar.com\/avatar\/dfc5c63987fa9f19b5c366e55740b2a0ffac4aab41ba55c1bd96dbb85eb3a8ca?s=96&d=mm&r=g\",\"contentUrl\":\"https:\/\/secure.gravatar.com\/avatar\/dfc5c63987fa9f19b5c366e55740b2a0ffac4aab41ba55c1bd96dbb85eb3a8ca?s=96&d=mm&r=g\",\"caption\":\"admin\"},\"url\":\"https:\/\/unisalesiano.com.br\/aracatuba\/author\/admin\/\"}]}<\/script>\n<!-- \/ Yoast SEO plugin. -->","yoast_head_json":{"title":"Fisioterapia inicia ciclo de importantes palestras - UniSALESIANO Ara\u00e7atuba\/SP","robots":{"index":"index","follow":"follow","max-snippet":"max-snippet:-1","max-image-preview":"max-image-preview:large","max-video-preview":"max-video-preview:-1"},"canonical":"https:\/\/unisalesiano.com.br\/aracatuba\/fisioterapia-inicia-ciclo-de-importantes-palestras\/","og_locale":"pt_BR","og_type":"article","og_title":"Fisioterapia inicia ciclo de importantes palestras - UniSALESIANO Ara\u00e7atuba\/SP","og_description":"A coordena\u00e7\u00e3o do Curso de Fisioterapia do Centro Universit\u00e1rio Cat\u00f3lico Salesiano Auxilium &#8211; UniSALESIANO de Ara\u00e7atuba iniciou nesta sexta-feira, \u00e0s 7h30, uma s\u00e9rie de palestras dirigidas para os acad\u00eamicos da \u00e1rea e realizadas por especialistas ligados a entidades assistenciais locais. Nesta manh\u00e3, profissionais do Hospital Neurol\u00f3gico Ritinha Prates apresentaram, no audit\u00f3rio D, do Campus, a [&hellip;]","og_url":"https:\/\/unisalesiano.com.br\/aracatuba\/fisioterapia-inicia-ciclo-de-importantes-palestras\/","og_site_name":"UniSALESIANO Ara\u00e7atuba\/SP","article_published_time":"2007-04-27T13:22:17+00:00","article_modified_time":"2019-01-17T12:23:32+00:00","og_image":[{"width":480,"height":360,"url":"https:\/\/unisalesiano.com.br\/aracatuba\/wp-content\/uploads\/2019\/01\/2007-04-27-384-Fisioterapia-inicia-ciclo-de-importantes-palestras.jpg","type":"image\/jpeg"}],"twitter_card":"summary_large_image","twitter_misc":{"Escrito por":"admin","Est. tempo de leitura":"1 minuto"},"schema":{"@context":"https:\/\/schema.org","@graph":[{"@type":"WebSite","@id":"https:\/\/unisalesiano.com.br\/aracatuba\/#website","url":"https:\/\/unisalesiano.com.br\/aracatuba\/","name":"UniSALESIANO Ara\u00e7atuba\/SP","description":"Centro Universit\u00e1rio Cat\u00f3lico Salesiano Auxilium","potentialAction":[{"@type":"SearchAction","target":{"@type":"EntryPoint","urlTemplate":"https:\/\/unisalesiano.com.br\/aracatuba\/?s={search_term_string}"},"query-input":"required name=search_term_string"}],"inLanguage":"pt-BR"},{"@type":"ImageObject","@id":"https:\/\/unisalesiano.com.br\/aracatuba\/fisioterapia-inicia-ciclo-de-importantes-palestras\/#primaryimage","inLanguage":"pt-BR","url":"https:\/\/unisalesiano.com.br\/aracatuba\/wp-content\/uploads\/2019\/01\/2007-04-27-384-Fisioterapia-inicia-ciclo-de-importantes-palestras.jpg","contentUrl":"https:\/\/unisalesiano.com.br\/aracatuba\/wp-content\/uploads\/2019\/01\/2007-04-27-384-Fisioterapia-inicia-ciclo-de-importantes-palestras.jpg","width":480,"height":360},{"@type":"WebPage","@id":"https:\/\/unisalesiano.com.br\/aracatuba\/fisioterapia-inicia-ciclo-de-importantes-palestras\/#webpage","url":"https:\/\/unisalesiano.com.br\/aracatuba\/fisioterapia-inicia-ciclo-de-importantes-palestras\/","name":"Fisioterapia inicia ciclo de importantes palestras - UniSALESIANO Ara\u00e7atuba\/SP","isPartOf":{"@id":"https:\/\/unisalesiano.com.br\/aracatuba\/#website"},"primaryImageOfPage":{"@id":"https:\/\/unisalesiano.com.br\/aracatuba\/fisioterapia-inicia-ciclo-de-importantes-palestras\/#primaryimage"},"datePublished":"2007-04-27T13:22:17+00:00","dateModified":"2019-01-17T12:23:32+00:00","author":{"@id":"https:\/\/unisalesiano.com.br\/aracatuba\/#\/schema\/person\/afb1b2331f463570beda616f4cc14cc9"},"breadcrumb":{"@id":"https:\/\/unisalesiano.com.br\/aracatuba\/fisioterapia-inicia-ciclo-de-importantes-palestras\/#breadcrumb"},"inLanguage":"pt-BR","potentialAction":[{"@type":"ReadAction","target":["https:\/\/unisalesiano.com.br\/aracatuba\/fisioterapia-inicia-ciclo-de-importantes-palestras\/"]}]},{"@type":"BreadcrumbList","@id":"https:\/\/unisalesiano.com.br\/aracatuba\/fisioterapia-inicia-ciclo-de-importantes-palestras\/#breadcrumb","itemListElement":[{"@type":"ListItem","position":1,"name":"In\u00edcio","item":"https:\/\/unisalesiano.com.br\/aracatuba\/"},{"@type":"ListItem","position":2,"name":"Fisioterapia inicia ciclo de importantes palestras"}]},{"@type":"Person","@id":"https:\/\/unisalesiano.com.br\/aracatuba\/#\/schema\/person\/afb1b2331f463570beda616f4cc14cc9","name":"admin","image":{"@type":"ImageObject","@id":"https:\/\/unisalesiano.com.br\/aracatuba\/#personlogo","inLanguage":"pt-BR","url":"https:\/\/secure.gravatar.com\/avatar\/dfc5c63987fa9f19b5c366e55740b2a0ffac4aab41ba55c1bd96dbb85eb3a8ca?s=96&d=mm&r=g","contentUrl":"https:\/\/secure.gravatar.com\/avatar\/dfc5c63987fa9f19b5c366e55740b2a0ffac4aab41ba55c1bd96dbb85eb3a8ca?s=96&d=mm&r=g","caption":"admin"},"url":"https:\/\/unisalesiano.com.br\/aracatuba\/author\/admin\/"}]}},"_links":{"self":[{"href":"https:\/\/unisalesiano.com.br\/aracatuba\/wp-json\/wp\/v2\/posts\/8728","targetHints":{"allow":["GET"]}}],"collection":[{"href":"https:\/\/unisalesiano.com.br\/aracatuba\/wp-json\/wp\/v2\/posts"}],"about":[{"href":"https:\/\/unisalesiano.com.br\/aracatuba\/wp-json\/wp\/v2\/types\/post"}],"author":[{"embeddable":true,"href":"https:\/\/unisalesiano.com.br\/aracatuba\/wp-json\/wp\/v2\/users\/1"}],"replies":[{"embeddable":true,"href":"https:\/\/unisalesiano.com.br\/aracatuba\/wp-json\/wp\/v2\/comments?post=8728"}],"version-history":[{"count":0,"href":"https:\/\/unisalesiano.com.br\/aracatuba\/wp-json\/wp\/v2\/posts\/8728\/revisions"}],"wp:featuredmedia":[{"embeddable":true,"href":"https:\/\/unisalesiano.com.br\/aracatuba\/wp-json\/wp\/v2\/media\/8729"}],"wp:attachment":[{"href":"https:\/\/unisalesiano.com.br\/aracatuba\/wp-json\/wp\/v2\/media?parent=8728"}],"wp:term":[{"taxonomy":"category","embeddable":true,"href":"https:\/\/unisalesiano.com.br\/aracatuba\/wp-json\/wp\/v2\/categories?post=8728"},{"taxonomy":"post_tag","embeddable":true,"href":"https:\/\/unisalesiano.com.br\/aracatuba\/wp-json\/wp\/v2\/tags?post=8728"}],"curies":[{"name":"wp","href":"https:\/\/api.w.org\/{rel}","templated":true}]}}