{"id":8716,"date":"2007-04-23T09:41:31","date_gmt":"2007-04-23T12:41:31","guid":{"rendered":"https:\/\/unisalesiano.com.br\/?p=8716"},"modified":"2019-01-17T09:46:05","modified_gmt":"2019-01-17T11:46:05","slug":"fisioterapeuta-e-convidado-para-proferir-palestra-no-unisalesiano","status":"publish","type":"post","link":"https:\/\/unisalesiano.com.br\/aracatuba\/fisioterapeuta-e-convidado-para-proferir-palestra-no-unisalesiano\/","title":{"rendered":"Fisioterapeuta \u00e9 convidado para proferir palestra no UniSALESIANO"},"content":{"rendered":"\n<p>O fisioterapeuta Rafael da Rocha Duran, do Centro de\nRefer\u00eancia em Sa\u00fade do Trabalhador, mantido pela Prefeitura Municipal, foi\nconvidado para ministrar palestra no Centro Universit\u00e1rio Cat\u00f3lico Salesiano\nAuxilium &#8211; UniSALESIANO, dirigida aos acad\u00eamicos do 5\u00ba Termo do Curso de\nFisioterapia. A apresenta\u00e7\u00e3o ser\u00e1 feita nos dias 24 e 26 deste m\u00eas, entre 7h30\ne 9h, nas Cl\u00ednicas de Enfermagem e Fisioterapia localizadas no espa\u00e7o da UNA.<\/p>\n\n\n\n<p>O tema a ser abordado ser\u00e1 Inser\u00e7\u00e3o da Fisioterapia na Sa\u00fade\ndo Trabalhador. A palestra faz parte das atividades acad\u00eamicas da disciplina de\nSa\u00fade da Comunidade.<\/p>\n\n\n\n<p>A Profa. Gislene Marcelino, docente da \u00e1rea, lembra que\nestas trocas de experi\u00eancias s\u00e3o de extrema import\u00e2ncia para a forma\u00e7\u00e3o dos\nfuturos fisioterapeutas, pois mostra como a atua\u00e7\u00e3o destes profissionais tem se\ndiversificado, com uma nova vis\u00e3o que privilegia e engloba ao mesmo tempo a\neduca\u00e7\u00e3o e a preven\u00e7\u00e3o, ao inv\u00e9s de uma postura mais voltada para uma\npreocupa\u00e7\u00e3o curativista e assistencial.<\/p>\n\n\n\n<p>Ela comentou, tamb\u00e9m, que os alunos do 5\u00ba termo de\nFisioterapia, durante o desenvolvimento do conte\u00fado program\u00e1tico da Disciplina\nde Sa\u00fade da Comunidade, t\u00eam desenvolvido atividades de extens\u00e3o \u00e0 comunidade\ncom projetos educativos inerentes \u00e0s diversas doen\u00e7as de Sa\u00fade P\u00fablica. &#8220;Isso\nvem ao encontro da filosofia de trabalho da Miss\u00e3o Salesiana, que \u00e9 formar\nprofissionais com grande capacidade t\u00e9cnica, mas que tenham tamb\u00e9m um\ncompromisso com a sociedade, contribuindo para a forma\u00e7\u00e3o da cidadania&#8221;,\ndisse.<\/p>\n\n\n\n<p>V\u00e1rias escolas e institui\u00e7\u00f5es assistenciais do munic\u00edpio\nest\u00e3o se beneficiando com o trabalho aplicado pelos acad\u00eamicos. Os atendimentos\nser\u00e3o prestados at\u00e9 o dia 16 de maio.&nbsp;<a href=\"http:\/\/www.unisale.com.br\/noticias\/377\/cronograma.pdf\" target=\"_blank\" rel=\"noreferrer noopener\">Clique\naqui<\/a>&nbsp;para ver o cronograma de visitas.<\/p>\n","protected":false},"excerpt":{"rendered":"<p>O fisioterapeuta Rafael da Rocha Duran, do Centro de Refer\u00eancia em Sa\u00fade do Trabalhador, mantido pela Prefeitura Municipal, foi convidado para ministrar palestra no Centro Universit\u00e1rio Cat\u00f3lico Salesiano Auxilium &#8211; UniSALESIANO, dirigida aos acad\u00eamicos do 5\u00ba Termo do Curso de Fisioterapia. A apresenta\u00e7\u00e3o ser\u00e1 feita nos dias 24 e 26 deste m\u00eas, entre 7h30 e [&hellip;]<\/p>\n","protected":false},"author":1,"featured_media":0,"comment_status":"open","ping_status":"open","sticky":false,"template":"","format":"standard","meta":{"footnotes":""},"categories":[5],"tags":[32,17],"class_list":["post-8716","post","type-post","status-publish","format-standard","hentry","category-saude","tag-fisioterapeuta","tag-fisioterapia"],"yoast_head":"<!-- This site is optimized with the Yoast SEO plugin v17.4 - https:\/\/yoast.com\/wordpress\/plugins\/seo\/ -->\n<title>Fisioterapeuta \u00e9 convidado para proferir palestra no UniSALESIANO - UniSALESIANO Ara\u00e7atuba\/SP<\/title>\n<meta name=\"robots\" content=\"index, follow, max-snippet:-1, max-image-preview:large, max-video-preview:-1\" \/>\n<link rel=\"canonical\" href=\"https:\/\/unisalesiano.com.br\/aracatuba\/fisioterapeuta-e-convidado-para-proferir-palestra-no-unisalesiano\/\" \/>\n<meta property=\"og:locale\" content=\"pt_BR\" \/>\n<meta property=\"og:type\" content=\"article\" \/>\n<meta property=\"og:title\" content=\"Fisioterapeuta \u00e9 convidado para proferir palestra no UniSALESIANO - UniSALESIANO Ara\u00e7atuba\/SP\" \/>\n<meta property=\"og:description\" content=\"O fisioterapeuta Rafael da Rocha Duran, do Centro de Refer\u00eancia em Sa\u00fade do Trabalhador, mantido pela Prefeitura Municipal, foi convidado para ministrar palestra no Centro Universit\u00e1rio Cat\u00f3lico Salesiano Auxilium &#8211; UniSALESIANO, dirigida aos acad\u00eamicos do 5\u00ba Termo do Curso de Fisioterapia. A apresenta\u00e7\u00e3o ser\u00e1 feita nos dias 24 e 26 deste m\u00eas, entre 7h30 e [&hellip;]\" \/>\n<meta property=\"og:url\" content=\"https:\/\/unisalesiano.com.br\/aracatuba\/fisioterapeuta-e-convidado-para-proferir-palestra-no-unisalesiano\/\" \/>\n<meta property=\"og:site_name\" content=\"UniSALESIANO Ara\u00e7atuba\/SP\" \/>\n<meta property=\"article:published_time\" content=\"2007-04-23T12:41:31+00:00\" \/>\n<meta property=\"article:modified_time\" content=\"2019-01-17T11:46:05+00:00\" \/>\n<meta name=\"twitter:card\" content=\"summary_large_image\" \/>\n<meta name=\"twitter:label1\" content=\"Escrito por\" \/>\n\t<meta name=\"twitter:data1\" content=\"admin\" \/>\n\t<meta name=\"twitter:label2\" content=\"Est. tempo de leitura\" \/>\n\t<meta name=\"twitter:data2\" content=\"2 minutos\" \/>\n<script type=\"application\/ld+json\" class=\"yoast-schema-graph\">{\"@context\":\"https:\/\/schema.org\",\"@graph\":[{\"@type\":\"WebSite\",\"@id\":\"https:\/\/unisalesiano.com.br\/aracatuba\/#website\",\"url\":\"https:\/\/unisalesiano.com.br\/aracatuba\/\",\"name\":\"UniSALESIANO Ara\\u00e7atuba\/SP\",\"description\":\"Centro Universit\\u00e1rio Cat\\u00f3lico Salesiano Auxilium\",\"potentialAction\":[{\"@type\":\"SearchAction\",\"target\":{\"@type\":\"EntryPoint\",\"urlTemplate\":\"https:\/\/unisalesiano.com.br\/aracatuba\/?s={search_term_string}\"},\"query-input\":\"required name=search_term_string\"}],\"inLanguage\":\"pt-BR\"},{\"@type\":\"WebPage\",\"@id\":\"https:\/\/unisalesiano.com.br\/aracatuba\/fisioterapeuta-e-convidado-para-proferir-palestra-no-unisalesiano\/#webpage\",\"url\":\"https:\/\/unisalesiano.com.br\/aracatuba\/fisioterapeuta-e-convidado-para-proferir-palestra-no-unisalesiano\/\",\"name\":\"Fisioterapeuta \\u00e9 convidado para proferir palestra no UniSALESIANO - UniSALESIANO Ara\\u00e7atuba\/SP\",\"isPartOf\":{\"@id\":\"https:\/\/unisalesiano.com.br\/aracatuba\/#website\"},\"datePublished\":\"2007-04-23T12:41:31+00:00\",\"dateModified\":\"2019-01-17T11:46:05+00:00\",\"author\":{\"@id\":\"https:\/\/unisalesiano.com.br\/aracatuba\/#\/schema\/person\/afb1b2331f463570beda616f4cc14cc9\"},\"breadcrumb\":{\"@id\":\"https:\/\/unisalesiano.com.br\/aracatuba\/fisioterapeuta-e-convidado-para-proferir-palestra-no-unisalesiano\/#breadcrumb\"},\"inLanguage\":\"pt-BR\",\"potentialAction\":[{\"@type\":\"ReadAction\",\"target\":[\"https:\/\/unisalesiano.com.br\/aracatuba\/fisioterapeuta-e-convidado-para-proferir-palestra-no-unisalesiano\/\"]}]},{\"@type\":\"BreadcrumbList\",\"@id\":\"https:\/\/unisalesiano.com.br\/aracatuba\/fisioterapeuta-e-convidado-para-proferir-palestra-no-unisalesiano\/#breadcrumb\",\"itemListElement\":[{\"@type\":\"ListItem\",\"position\":1,\"name\":\"In\\u00edcio\",\"item\":\"https:\/\/unisalesiano.com.br\/aracatuba\/\"},{\"@type\":\"ListItem\",\"position\":2,\"name\":\"Fisioterapeuta \\u00e9 convidado para proferir palestra no UniSALESIANO\"}]},{\"@type\":\"Person\",\"@id\":\"https:\/\/unisalesiano.com.br\/aracatuba\/#\/schema\/person\/afb1b2331f463570beda616f4cc14cc9\",\"name\":\"admin\",\"image\":{\"@type\":\"ImageObject\",\"@id\":\"https:\/\/unisalesiano.com.br\/aracatuba\/#personlogo\",\"inLanguage\":\"pt-BR\",\"url\":\"https:\/\/secure.gravatar.com\/avatar\/dfc5c63987fa9f19b5c366e55740b2a0ffac4aab41ba55c1bd96dbb85eb3a8ca?s=96&d=mm&r=g\",\"contentUrl\":\"https:\/\/secure.gravatar.com\/avatar\/dfc5c63987fa9f19b5c366e55740b2a0ffac4aab41ba55c1bd96dbb85eb3a8ca?s=96&d=mm&r=g\",\"caption\":\"admin\"},\"url\":\"https:\/\/unisalesiano.com.br\/aracatuba\/author\/admin\/\"}]}<\/script>\n<!-- \/ Yoast SEO plugin. -->","yoast_head_json":{"title":"Fisioterapeuta \u00e9 convidado para proferir palestra no UniSALESIANO - UniSALESIANO Ara\u00e7atuba\/SP","robots":{"index":"index","follow":"follow","max-snippet":"max-snippet:-1","max-image-preview":"max-image-preview:large","max-video-preview":"max-video-preview:-1"},"canonical":"https:\/\/unisalesiano.com.br\/aracatuba\/fisioterapeuta-e-convidado-para-proferir-palestra-no-unisalesiano\/","og_locale":"pt_BR","og_type":"article","og_title":"Fisioterapeuta \u00e9 convidado para proferir palestra no UniSALESIANO - UniSALESIANO Ara\u00e7atuba\/SP","og_description":"O fisioterapeuta Rafael da Rocha Duran, do Centro de Refer\u00eancia em Sa\u00fade do Trabalhador, mantido pela Prefeitura Municipal, foi convidado para ministrar palestra no Centro Universit\u00e1rio Cat\u00f3lico Salesiano Auxilium &#8211; UniSALESIANO, dirigida aos acad\u00eamicos do 5\u00ba Termo do Curso de Fisioterapia. A apresenta\u00e7\u00e3o ser\u00e1 feita nos dias 24 e 26 deste m\u00eas, entre 7h30 e [&hellip;]","og_url":"https:\/\/unisalesiano.com.br\/aracatuba\/fisioterapeuta-e-convidado-para-proferir-palestra-no-unisalesiano\/","og_site_name":"UniSALESIANO Ara\u00e7atuba\/SP","article_published_time":"2007-04-23T12:41:31+00:00","article_modified_time":"2019-01-17T11:46:05+00:00","twitter_card":"summary_large_image","twitter_misc":{"Escrito por":"admin","Est. tempo de leitura":"2 minutos"},"schema":{"@context":"https:\/\/schema.org","@graph":[{"@type":"WebSite","@id":"https:\/\/unisalesiano.com.br\/aracatuba\/#website","url":"https:\/\/unisalesiano.com.br\/aracatuba\/","name":"UniSALESIANO Ara\u00e7atuba\/SP","description":"Centro Universit\u00e1rio Cat\u00f3lico Salesiano Auxilium","potentialAction":[{"@type":"SearchAction","target":{"@type":"EntryPoint","urlTemplate":"https:\/\/unisalesiano.com.br\/aracatuba\/?s={search_term_string}"},"query-input":"required name=search_term_string"}],"inLanguage":"pt-BR"},{"@type":"WebPage","@id":"https:\/\/unisalesiano.com.br\/aracatuba\/fisioterapeuta-e-convidado-para-proferir-palestra-no-unisalesiano\/#webpage","url":"https:\/\/unisalesiano.com.br\/aracatuba\/fisioterapeuta-e-convidado-para-proferir-palestra-no-unisalesiano\/","name":"Fisioterapeuta \u00e9 convidado para proferir palestra no UniSALESIANO - UniSALESIANO Ara\u00e7atuba\/SP","isPartOf":{"@id":"https:\/\/unisalesiano.com.br\/aracatuba\/#website"},"datePublished":"2007-04-23T12:41:31+00:00","dateModified":"2019-01-17T11:46:05+00:00","author":{"@id":"https:\/\/unisalesiano.com.br\/aracatuba\/#\/schema\/person\/afb1b2331f463570beda616f4cc14cc9"},"breadcrumb":{"@id":"https:\/\/unisalesiano.com.br\/aracatuba\/fisioterapeuta-e-convidado-para-proferir-palestra-no-unisalesiano\/#breadcrumb"},"inLanguage":"pt-BR","potentialAction":[{"@type":"ReadAction","target":["https:\/\/unisalesiano.com.br\/aracatuba\/fisioterapeuta-e-convidado-para-proferir-palestra-no-unisalesiano\/"]}]},{"@type":"BreadcrumbList","@id":"https:\/\/unisalesiano.com.br\/aracatuba\/fisioterapeuta-e-convidado-para-proferir-palestra-no-unisalesiano\/#breadcrumb","itemListElement":[{"@type":"ListItem","position":1,"name":"In\u00edcio","item":"https:\/\/unisalesiano.com.br\/aracatuba\/"},{"@type":"ListItem","position":2,"name":"Fisioterapeuta \u00e9 convidado para proferir palestra no UniSALESIANO"}]},{"@type":"Person","@id":"https:\/\/unisalesiano.com.br\/aracatuba\/#\/schema\/person\/afb1b2331f463570beda616f4cc14cc9","name":"admin","image":{"@type":"ImageObject","@id":"https:\/\/unisalesiano.com.br\/aracatuba\/#personlogo","inLanguage":"pt-BR","url":"https:\/\/secure.gravatar.com\/avatar\/dfc5c63987fa9f19b5c366e55740b2a0ffac4aab41ba55c1bd96dbb85eb3a8ca?s=96&d=mm&r=g","contentUrl":"https:\/\/secure.gravatar.com\/avatar\/dfc5c63987fa9f19b5c366e55740b2a0ffac4aab41ba55c1bd96dbb85eb3a8ca?s=96&d=mm&r=g","caption":"admin"},"url":"https:\/\/unisalesiano.com.br\/aracatuba\/author\/admin\/"}]}},"_links":{"self":[{"href":"https:\/\/unisalesiano.com.br\/aracatuba\/wp-json\/wp\/v2\/posts\/8716","targetHints":{"allow":["GET"]}}],"collection":[{"href":"https:\/\/unisalesiano.com.br\/aracatuba\/wp-json\/wp\/v2\/posts"}],"about":[{"href":"https:\/\/unisalesiano.com.br\/aracatuba\/wp-json\/wp\/v2\/types\/post"}],"author":[{"embeddable":true,"href":"https:\/\/unisalesiano.com.br\/aracatuba\/wp-json\/wp\/v2\/users\/1"}],"replies":[{"embeddable":true,"href":"https:\/\/unisalesiano.com.br\/aracatuba\/wp-json\/wp\/v2\/comments?post=8716"}],"version-history":[{"count":0,"href":"https:\/\/unisalesiano.com.br\/aracatuba\/wp-json\/wp\/v2\/posts\/8716\/revisions"}],"wp:attachment":[{"href":"https:\/\/unisalesiano.com.br\/aracatuba\/wp-json\/wp\/v2\/media?parent=8716"}],"wp:term":[{"taxonomy":"category","embeddable":true,"href":"https:\/\/unisalesiano.com.br\/aracatuba\/wp-json\/wp\/v2\/categories?post=8716"},{"taxonomy":"post_tag","embeddable":true,"href":"https:\/\/unisalesiano.com.br\/aracatuba\/wp-json\/wp\/v2\/tags?post=8716"}],"curies":[{"name":"wp","href":"https:\/\/api.w.org\/{rel}","templated":true}]}}