{"id":8714,"date":"2007-04-20T09:38:40","date_gmt":"2007-04-20T12:38:40","guid":{"rendered":"https:\/\/unisalesiano.com.br\/?p=8714"},"modified":"2019-01-17T09:39:40","modified_gmt":"2019-01-17T11:39:40","slug":"fisioterapia-do-unisalesiano-recebe-visita-de-delegado-do-crefito","status":"publish","type":"post","link":"https:\/\/unisalesiano.com.br\/aracatuba\/fisioterapia-do-unisalesiano-recebe-visita-de-delegado-do-crefito\/","title":{"rendered":"Fisioterapia do UniSALESIANO recebe visita de delegado do Crefito"},"content":{"rendered":"\n<p>O Conselho Regional de Fisioterapia e Terapia Ocupacional do\nEstado de S\u00e3o Paulo (Crefito 3), atrav\u00e9s de sub-sede de Mar\u00edlia, promoveu\nvisita ao Centro Universit\u00e1rio Cat\u00f3lico Salesiano Auxilium &#8211; UniSALESIANO de\nAra\u00e7atuba, para observar e acompanhar os trabalhos acad\u00eamicos desenvolvidos\npela Institui\u00e7\u00e3o na \u00e1rea. Uma reuni\u00e3o de trabalho foi marcada entre o Dr. Paulo\nJos\u00e9 Sinatora, representante da entidade, e a coordenadora do curso de\nFisioterapia, Profa. Carla Komatsu Machado, e a coordenadora cl\u00ednica, Prof.\nGraziele Cristina Gelmi Sim\u00f5es.<\/p>\n\n\n\n<p>A visita foi realizada no dia 17, no Campus do UniSALESIANO.\nNa oportunidade, al\u00e9m dos contatos sobre temas educacionais, a Profa. Carla foi\nconvidada oficialmente a se tornar, por aclama\u00e7\u00e3o, a Presidente Fundadora da 1\u00aa\nAssocia\u00e7\u00e3o de Fisioterapia e Terapia Ocupacional de Ara\u00e7atuba e Regi\u00e3o\n(AFITOAR), cuja proposta de cria\u00e7\u00e3o foi aprovada em Assembl\u00e9ia Geral neste dia\n19.<\/p>\n\n\n\n<p>A Associa\u00e7\u00e3o ter\u00e1 a finalidade de assessorar, coordenar e\norganizar eventos culturais, entre os quais palestras, simp\u00f3sios, cursos de\natualiza\u00e7\u00e3o, aperfei\u00e7oamento e especializa\u00e7\u00e3o, ligados \u00e0 profiss\u00e3o de\nFisioterapia e Terapia Ocupacional, bem como zelar por um melhor piso salarial\nda categoria e reconhecimento do profissional da \u00e1rea.<\/p>\n\n\n\n<p>A coordenadora seguiu nesta sexta-feira para S\u00e3o Paulo para\numa reuni\u00e3o com o presidente do CREFITO-3. Neste dia 21, a nova presidenta\nlevar\u00e1 pessoalmente a ata de funda\u00e7\u00e3o da AFITOAR \u00e0 capital, para ser entregue \u00e0\nentidade por ocasi\u00e3o de sua participa\u00e7\u00e3o em encontro organizado pela Federa\u00e7\u00e3o\ndas Associa\u00e7\u00f5es da Fisioterapia do Brasil &#8211; FAFIBRA.<\/p>\n","protected":false},"excerpt":{"rendered":"<p>O Conselho Regional de Fisioterapia e Terapia Ocupacional do Estado de S\u00e3o Paulo (Crefito 3), atrav\u00e9s de sub-sede de Mar\u00edlia, promoveu visita ao Centro Universit\u00e1rio Cat\u00f3lico Salesiano Auxilium &#8211; UniSALESIANO de Ara\u00e7atuba, para observar e acompanhar os trabalhos acad\u00eamicos desenvolvidos pela Institui\u00e7\u00e3o na \u00e1rea. Uma reuni\u00e3o de trabalho foi marcada entre o Dr. Paulo Jos\u00e9 [&hellip;]<\/p>\n","protected":false},"author":1,"featured_media":0,"comment_status":"open","ping_status":"open","sticky":false,"template":"","format":"standard","meta":{"footnotes":""},"categories":[5],"tags":[371,17],"class_list":["post-8714","post","type-post","status-publish","format-standard","hentry","category-saude","tag-delegado-do-crefito","tag-fisioterapia"],"yoast_head":"<!-- This site is optimized with the Yoast SEO plugin v17.4 - https:\/\/yoast.com\/wordpress\/plugins\/seo\/ -->\n<title>Fisioterapia do UniSALESIANO recebe visita de delegado do Crefito - UniSALESIANO Ara\u00e7atuba\/SP<\/title>\n<meta name=\"robots\" content=\"index, follow, max-snippet:-1, max-image-preview:large, max-video-preview:-1\" \/>\n<link rel=\"canonical\" href=\"https:\/\/unisalesiano.com.br\/aracatuba\/fisioterapia-do-unisalesiano-recebe-visita-de-delegado-do-crefito\/\" \/>\n<meta property=\"og:locale\" content=\"pt_BR\" \/>\n<meta property=\"og:type\" content=\"article\" \/>\n<meta property=\"og:title\" content=\"Fisioterapia do UniSALESIANO recebe visita de delegado do Crefito - UniSALESIANO Ara\u00e7atuba\/SP\" \/>\n<meta property=\"og:description\" content=\"O Conselho Regional de Fisioterapia e Terapia Ocupacional do Estado de S\u00e3o Paulo (Crefito 3), atrav\u00e9s de sub-sede de Mar\u00edlia, promoveu visita ao Centro Universit\u00e1rio Cat\u00f3lico Salesiano Auxilium &#8211; UniSALESIANO de Ara\u00e7atuba, para observar e acompanhar os trabalhos acad\u00eamicos desenvolvidos pela Institui\u00e7\u00e3o na \u00e1rea. Uma reuni\u00e3o de trabalho foi marcada entre o Dr. Paulo Jos\u00e9 [&hellip;]\" \/>\n<meta property=\"og:url\" content=\"https:\/\/unisalesiano.com.br\/aracatuba\/fisioterapia-do-unisalesiano-recebe-visita-de-delegado-do-crefito\/\" \/>\n<meta property=\"og:site_name\" content=\"UniSALESIANO Ara\u00e7atuba\/SP\" \/>\n<meta property=\"article:published_time\" content=\"2007-04-20T12:38:40+00:00\" \/>\n<meta property=\"article:modified_time\" content=\"2019-01-17T11:39:40+00:00\" \/>\n<meta name=\"twitter:card\" content=\"summary_large_image\" \/>\n<meta name=\"twitter:label1\" content=\"Escrito por\" \/>\n\t<meta name=\"twitter:data1\" content=\"admin\" \/>\n\t<meta name=\"twitter:label2\" content=\"Est. tempo de leitura\" \/>\n\t<meta name=\"twitter:data2\" content=\"1 minuto\" \/>\n<script type=\"application\/ld+json\" class=\"yoast-schema-graph\">{\"@context\":\"https:\/\/schema.org\",\"@graph\":[{\"@type\":\"WebSite\",\"@id\":\"https:\/\/unisalesiano.com.br\/aracatuba\/#website\",\"url\":\"https:\/\/unisalesiano.com.br\/aracatuba\/\",\"name\":\"UniSALESIANO Ara\\u00e7atuba\/SP\",\"description\":\"Centro Universit\\u00e1rio Cat\\u00f3lico Salesiano Auxilium\",\"potentialAction\":[{\"@type\":\"SearchAction\",\"target\":{\"@type\":\"EntryPoint\",\"urlTemplate\":\"https:\/\/unisalesiano.com.br\/aracatuba\/?s={search_term_string}\"},\"query-input\":\"required name=search_term_string\"}],\"inLanguage\":\"pt-BR\"},{\"@type\":\"WebPage\",\"@id\":\"https:\/\/unisalesiano.com.br\/aracatuba\/fisioterapia-do-unisalesiano-recebe-visita-de-delegado-do-crefito\/#webpage\",\"url\":\"https:\/\/unisalesiano.com.br\/aracatuba\/fisioterapia-do-unisalesiano-recebe-visita-de-delegado-do-crefito\/\",\"name\":\"Fisioterapia do UniSALESIANO recebe visita de delegado do Crefito - UniSALESIANO Ara\\u00e7atuba\/SP\",\"isPartOf\":{\"@id\":\"https:\/\/unisalesiano.com.br\/aracatuba\/#website\"},\"datePublished\":\"2007-04-20T12:38:40+00:00\",\"dateModified\":\"2019-01-17T11:39:40+00:00\",\"author\":{\"@id\":\"https:\/\/unisalesiano.com.br\/aracatuba\/#\/schema\/person\/afb1b2331f463570beda616f4cc14cc9\"},\"breadcrumb\":{\"@id\":\"https:\/\/unisalesiano.com.br\/aracatuba\/fisioterapia-do-unisalesiano-recebe-visita-de-delegado-do-crefito\/#breadcrumb\"},\"inLanguage\":\"pt-BR\",\"potentialAction\":[{\"@type\":\"ReadAction\",\"target\":[\"https:\/\/unisalesiano.com.br\/aracatuba\/fisioterapia-do-unisalesiano-recebe-visita-de-delegado-do-crefito\/\"]}]},{\"@type\":\"BreadcrumbList\",\"@id\":\"https:\/\/unisalesiano.com.br\/aracatuba\/fisioterapia-do-unisalesiano-recebe-visita-de-delegado-do-crefito\/#breadcrumb\",\"itemListElement\":[{\"@type\":\"ListItem\",\"position\":1,\"name\":\"In\\u00edcio\",\"item\":\"https:\/\/unisalesiano.com.br\/aracatuba\/\"},{\"@type\":\"ListItem\",\"position\":2,\"name\":\"Fisioterapia do UniSALESIANO recebe visita de delegado do Crefito\"}]},{\"@type\":\"Person\",\"@id\":\"https:\/\/unisalesiano.com.br\/aracatuba\/#\/schema\/person\/afb1b2331f463570beda616f4cc14cc9\",\"name\":\"admin\",\"image\":{\"@type\":\"ImageObject\",\"@id\":\"https:\/\/unisalesiano.com.br\/aracatuba\/#personlogo\",\"inLanguage\":\"pt-BR\",\"url\":\"https:\/\/secure.gravatar.com\/avatar\/dfc5c63987fa9f19b5c366e55740b2a0ffac4aab41ba55c1bd96dbb85eb3a8ca?s=96&d=mm&r=g\",\"contentUrl\":\"https:\/\/secure.gravatar.com\/avatar\/dfc5c63987fa9f19b5c366e55740b2a0ffac4aab41ba55c1bd96dbb85eb3a8ca?s=96&d=mm&r=g\",\"caption\":\"admin\"},\"url\":\"https:\/\/unisalesiano.com.br\/aracatuba\/author\/admin\/\"}]}<\/script>\n<!-- \/ Yoast SEO plugin. -->","yoast_head_json":{"title":"Fisioterapia do UniSALESIANO recebe visita de delegado do Crefito - UniSALESIANO Ara\u00e7atuba\/SP","robots":{"index":"index","follow":"follow","max-snippet":"max-snippet:-1","max-image-preview":"max-image-preview:large","max-video-preview":"max-video-preview:-1"},"canonical":"https:\/\/unisalesiano.com.br\/aracatuba\/fisioterapia-do-unisalesiano-recebe-visita-de-delegado-do-crefito\/","og_locale":"pt_BR","og_type":"article","og_title":"Fisioterapia do UniSALESIANO recebe visita de delegado do Crefito - UniSALESIANO Ara\u00e7atuba\/SP","og_description":"O Conselho Regional de Fisioterapia e Terapia Ocupacional do Estado de S\u00e3o Paulo (Crefito 3), atrav\u00e9s de sub-sede de Mar\u00edlia, promoveu visita ao Centro Universit\u00e1rio Cat\u00f3lico Salesiano Auxilium &#8211; UniSALESIANO de Ara\u00e7atuba, para observar e acompanhar os trabalhos acad\u00eamicos desenvolvidos pela Institui\u00e7\u00e3o na \u00e1rea. Uma reuni\u00e3o de trabalho foi marcada entre o Dr. Paulo Jos\u00e9 [&hellip;]","og_url":"https:\/\/unisalesiano.com.br\/aracatuba\/fisioterapia-do-unisalesiano-recebe-visita-de-delegado-do-crefito\/","og_site_name":"UniSALESIANO Ara\u00e7atuba\/SP","article_published_time":"2007-04-20T12:38:40+00:00","article_modified_time":"2019-01-17T11:39:40+00:00","twitter_card":"summary_large_image","twitter_misc":{"Escrito por":"admin","Est. tempo de leitura":"1 minuto"},"schema":{"@context":"https:\/\/schema.org","@graph":[{"@type":"WebSite","@id":"https:\/\/unisalesiano.com.br\/aracatuba\/#website","url":"https:\/\/unisalesiano.com.br\/aracatuba\/","name":"UniSALESIANO Ara\u00e7atuba\/SP","description":"Centro Universit\u00e1rio Cat\u00f3lico Salesiano Auxilium","potentialAction":[{"@type":"SearchAction","target":{"@type":"EntryPoint","urlTemplate":"https:\/\/unisalesiano.com.br\/aracatuba\/?s={search_term_string}"},"query-input":"required name=search_term_string"}],"inLanguage":"pt-BR"},{"@type":"WebPage","@id":"https:\/\/unisalesiano.com.br\/aracatuba\/fisioterapia-do-unisalesiano-recebe-visita-de-delegado-do-crefito\/#webpage","url":"https:\/\/unisalesiano.com.br\/aracatuba\/fisioterapia-do-unisalesiano-recebe-visita-de-delegado-do-crefito\/","name":"Fisioterapia do UniSALESIANO recebe visita de delegado do Crefito - UniSALESIANO Ara\u00e7atuba\/SP","isPartOf":{"@id":"https:\/\/unisalesiano.com.br\/aracatuba\/#website"},"datePublished":"2007-04-20T12:38:40+00:00","dateModified":"2019-01-17T11:39:40+00:00","author":{"@id":"https:\/\/unisalesiano.com.br\/aracatuba\/#\/schema\/person\/afb1b2331f463570beda616f4cc14cc9"},"breadcrumb":{"@id":"https:\/\/unisalesiano.com.br\/aracatuba\/fisioterapia-do-unisalesiano-recebe-visita-de-delegado-do-crefito\/#breadcrumb"},"inLanguage":"pt-BR","potentialAction":[{"@type":"ReadAction","target":["https:\/\/unisalesiano.com.br\/aracatuba\/fisioterapia-do-unisalesiano-recebe-visita-de-delegado-do-crefito\/"]}]},{"@type":"BreadcrumbList","@id":"https:\/\/unisalesiano.com.br\/aracatuba\/fisioterapia-do-unisalesiano-recebe-visita-de-delegado-do-crefito\/#breadcrumb","itemListElement":[{"@type":"ListItem","position":1,"name":"In\u00edcio","item":"https:\/\/unisalesiano.com.br\/aracatuba\/"},{"@type":"ListItem","position":2,"name":"Fisioterapia do UniSALESIANO recebe visita de delegado do Crefito"}]},{"@type":"Person","@id":"https:\/\/unisalesiano.com.br\/aracatuba\/#\/schema\/person\/afb1b2331f463570beda616f4cc14cc9","name":"admin","image":{"@type":"ImageObject","@id":"https:\/\/unisalesiano.com.br\/aracatuba\/#personlogo","inLanguage":"pt-BR","url":"https:\/\/secure.gravatar.com\/avatar\/dfc5c63987fa9f19b5c366e55740b2a0ffac4aab41ba55c1bd96dbb85eb3a8ca?s=96&d=mm&r=g","contentUrl":"https:\/\/secure.gravatar.com\/avatar\/dfc5c63987fa9f19b5c366e55740b2a0ffac4aab41ba55c1bd96dbb85eb3a8ca?s=96&d=mm&r=g","caption":"admin"},"url":"https:\/\/unisalesiano.com.br\/aracatuba\/author\/admin\/"}]}},"_links":{"self":[{"href":"https:\/\/unisalesiano.com.br\/aracatuba\/wp-json\/wp\/v2\/posts\/8714","targetHints":{"allow":["GET"]}}],"collection":[{"href":"https:\/\/unisalesiano.com.br\/aracatuba\/wp-json\/wp\/v2\/posts"}],"about":[{"href":"https:\/\/unisalesiano.com.br\/aracatuba\/wp-json\/wp\/v2\/types\/post"}],"author":[{"embeddable":true,"href":"https:\/\/unisalesiano.com.br\/aracatuba\/wp-json\/wp\/v2\/users\/1"}],"replies":[{"embeddable":true,"href":"https:\/\/unisalesiano.com.br\/aracatuba\/wp-json\/wp\/v2\/comments?post=8714"}],"version-history":[{"count":0,"href":"https:\/\/unisalesiano.com.br\/aracatuba\/wp-json\/wp\/v2\/posts\/8714\/revisions"}],"wp:attachment":[{"href":"https:\/\/unisalesiano.com.br\/aracatuba\/wp-json\/wp\/v2\/media?parent=8714"}],"wp:term":[{"taxonomy":"category","embeddable":true,"href":"https:\/\/unisalesiano.com.br\/aracatuba\/wp-json\/wp\/v2\/categories?post=8714"},{"taxonomy":"post_tag","embeddable":true,"href":"https:\/\/unisalesiano.com.br\/aracatuba\/wp-json\/wp\/v2\/tags?post=8714"}],"curies":[{"name":"wp","href":"https:\/\/api.w.org\/{rel}","templated":true}]}}