{"id":8694,"date":"2007-04-13T08:42:07","date_gmt":"2007-04-13T11:42:07","guid":{"rendered":"https:\/\/unisalesiano.com.br\/?p=8694"},"modified":"2019-06-26T13:35:03","modified_gmt":"2019-06-26T16:35:03","slug":"sest-senat-elogia-desenvoltura-de-alunos-de-enfermagem-em-evento-sobre-saude","status":"publish","type":"post","link":"https:\/\/unisalesiano.com.br\/aracatuba\/sest-senat-elogia-desenvoltura-de-alunos-de-enfermagem-em-evento-sobre-saude\/","title":{"rendered":"Sest\/Senat elogia desenvoltura de alunos de Enfermagem em evento sobre Sa\u00fade"},"content":{"rendered":"\r\n<p>O Diretor do Sest\/Senat de Ara\u00e7atuba, Prof. Pedro Neves, classificou a participa\u00e7\u00e3o dos alunos do 5\u00ba Termo do Curso de Enfermagem do Centro Universit\u00e1rio Cat\u00f3lico Salesiano Auxilium &#8211; UniSALESIANO de Ara\u00e7atuba no evento Sest\/Senat em Movimento &#8211; Dia Mundial da Sa\u00fade, como \u00f3tima.<\/p>\r\n\r\n\r\n\r\n<p>A entidade, que promove intensa atividade s\u00f3cio-profissional no munic\u00edpio, realizou nesta sexta-feira, durante todo o dia, uma grande mobiliza\u00e7\u00e3o para atender a popula\u00e7\u00e3o dos bairros pr\u00f3ximos \u00e0 unidade com atividades ligadas a condicionamento f\u00edsico, alimenta\u00e7\u00e3o saud\u00e1vel e preven\u00e7\u00e3o do c\u00e2ncer de mama. Os acad\u00eamicos do UniSALESIANO foram convidados a prestar servi\u00e7os de aferi\u00e7\u00e3o da press\u00e3o arterial e a realizar uma palestra sobre o tema Combate ao Tabagismo.<\/p>\r\n\r\n\r\n\r\n<p>O Prof. Neves destacou que durante a palestra os acad\u00eamicos apresentaram excelentes slides e comentaram o assunto com grande desenvoltura, procurando envolver diretamente cerca de 100 pessoas presentes no audit\u00f3rio da entidade. &#8220;Depois, no hall da cultura, tivemos a presta\u00e7\u00e3o de servi\u00e7os, quando os alunos puderam mostrar na pr\u00e1tica os conhecimentos te\u00f3ricos obtidos no Centro Universit\u00e1rio, colocando todo o seu esfor\u00e7o a servi\u00e7o do p\u00fablico&#8221;, afirmou.<\/p>\r\n\r\n\r\n\r\n<p>A coordenadora de Promo\u00e7\u00e3o Social do Sest\/Senat, Ivana M\u00f3dena, tamb\u00e9m se manifestou, destacando que alunos do curso de Enfermagem deram uma aula de cidadania. &#8220;Acredito na for\u00e7a e no entusiasmo do jovem. O papel da Universidade \u00e9 fundamental na forma\u00e7\u00e3o dos estudantes&#8221;, disse.<\/p>\r\n\r\n\r\n\r\n<p>Para Ivana, o UniSALESIANO tem uma caracter\u00edstica muito forte, que \u00e9 a de oferecer aos alunos a oportunidade de vivenciar experi\u00eancias do cotidiano, ou seja, \u00e9 a pr\u00e1tica acontecendo, t\u00e3o rica quanto o conhecimento te\u00f3rico. &#8220;A extens\u00e3o universit\u00e1ria possibilita esse interc\u00e2mbio maravilhoso e m\u00e1gico, que resulta em ver a popula\u00e7\u00e3o se beneficiando desse trabalho, o que demonstra que a forma\u00e7\u00e3o profissional dos acad\u00eamicos est\u00e1 fundamentada no compromisso e na compet\u00eancia&#8221;. comentou.<\/p>\r\n\r\n\r\n\r\n<p>Ela destacou, tamb\u00e9m, que o trabalho da coordenadora Cl\u00e1udia Cyrillo, sempre presente, transmitiu seguran\u00e7a para os alunos ao acreditar no potencial de cada um deles.<\/p>\r\n","protected":false},"excerpt":{"rendered":"<p>O Diretor do Sest\/Senat de Ara\u00e7atuba, Prof. Pedro Neves, classificou a participa\u00e7\u00e3o dos alunos do 5\u00ba Termo do Curso de Enfermagem do Centro Universit\u00e1rio Cat\u00f3lico Salesiano Auxilium &#8211; UniSALESIANO de Ara\u00e7atuba no evento Sest\/Senat em Movimento &#8211; Dia Mundial da Sa\u00fade, como \u00f3tima. A entidade, que promove intensa atividade s\u00f3cio-profissional no munic\u00edpio, realizou nesta sexta-feira, [&hellip;]<\/p>\n","protected":false},"author":1,"featured_media":8695,"comment_status":"open","ping_status":"open","sticky":false,"template":"","format":"standard","meta":{"footnotes":""},"categories":[5],"tags":[15,368],"class_list":["post-8694","post","type-post","status-publish","format-standard","has-post-thumbnail","hentry","category-saude","tag-enfermagem","tag-sest-senat"],"yoast_head":"<!-- This site is optimized with the Yoast SEO plugin v17.4 - https:\/\/yoast.com\/wordpress\/plugins\/seo\/ -->\n<title>Sest\/Senat elogia desenvoltura de alunos de Enfermagem em evento sobre Sa\u00fade - UniSALESIANO Ara\u00e7atuba\/SP<\/title>\n<meta name=\"robots\" content=\"index, follow, max-snippet:-1, max-image-preview:large, max-video-preview:-1\" \/>\n<link rel=\"canonical\" href=\"https:\/\/unisalesiano.com.br\/aracatuba\/sest-senat-elogia-desenvoltura-de-alunos-de-enfermagem-em-evento-sobre-saude\/\" \/>\n<meta property=\"og:locale\" content=\"pt_BR\" \/>\n<meta property=\"og:type\" content=\"article\" \/>\n<meta property=\"og:title\" content=\"Sest\/Senat elogia desenvoltura de alunos de Enfermagem em evento sobre Sa\u00fade - UniSALESIANO Ara\u00e7atuba\/SP\" \/>\n<meta property=\"og:description\" content=\"O Diretor do Sest\/Senat de Ara\u00e7atuba, Prof. Pedro Neves, classificou a participa\u00e7\u00e3o dos alunos do 5\u00ba Termo do Curso de Enfermagem do Centro Universit\u00e1rio Cat\u00f3lico Salesiano Auxilium &#8211; UniSALESIANO de Ara\u00e7atuba no evento Sest\/Senat em Movimento &#8211; Dia Mundial da Sa\u00fade, como \u00f3tima. A entidade, que promove intensa atividade s\u00f3cio-profissional no munic\u00edpio, realizou nesta sexta-feira, [&hellip;]\" \/>\n<meta property=\"og:url\" content=\"https:\/\/unisalesiano.com.br\/aracatuba\/sest-senat-elogia-desenvoltura-de-alunos-de-enfermagem-em-evento-sobre-saude\/\" \/>\n<meta property=\"og:site_name\" content=\"UniSALESIANO Ara\u00e7atuba\/SP\" \/>\n<meta property=\"article:published_time\" content=\"2007-04-13T11:42:07+00:00\" \/>\n<meta property=\"article:modified_time\" content=\"2019-06-26T16:35:03+00:00\" \/>\n<meta property=\"og:image\" content=\"https:\/\/unisalesiano.com.br\/aracatuba\/wp-content\/uploads\/2019\/01\/2007-04-14-362-Sest-Senat-elogia-desenvoltura-de-alunos-de-Enfermagem-em-evento-sobre-Sa\u00fade.jpg\" \/>\n\t<meta property=\"og:image:width\" content=\"480\" \/>\n\t<meta property=\"og:image:height\" content=\"360\" \/>\n<meta name=\"twitter:card\" content=\"summary_large_image\" \/>\n<meta name=\"twitter:label1\" content=\"Escrito por\" \/>\n\t<meta name=\"twitter:data1\" content=\"admin\" \/>\n\t<meta name=\"twitter:label2\" content=\"Est. tempo de leitura\" \/>\n\t<meta name=\"twitter:data2\" content=\"2 minutos\" \/>\n<script type=\"application\/ld+json\" class=\"yoast-schema-graph\">{\"@context\":\"https:\/\/schema.org\",\"@graph\":[{\"@type\":\"WebSite\",\"@id\":\"https:\/\/unisalesiano.com.br\/aracatuba\/#website\",\"url\":\"https:\/\/unisalesiano.com.br\/aracatuba\/\",\"name\":\"UniSALESIANO Ara\\u00e7atuba\/SP\",\"description\":\"Centro Universit\\u00e1rio Cat\\u00f3lico Salesiano Auxilium\",\"potentialAction\":[{\"@type\":\"SearchAction\",\"target\":{\"@type\":\"EntryPoint\",\"urlTemplate\":\"https:\/\/unisalesiano.com.br\/aracatuba\/?s={search_term_string}\"},\"query-input\":\"required name=search_term_string\"}],\"inLanguage\":\"pt-BR\"},{\"@type\":\"ImageObject\",\"@id\":\"https:\/\/unisalesiano.com.br\/aracatuba\/sest-senat-elogia-desenvoltura-de-alunos-de-enfermagem-em-evento-sobre-saude\/#primaryimage\",\"inLanguage\":\"pt-BR\",\"url\":\"https:\/\/unisalesiano.com.br\/aracatuba\/wp-content\/uploads\/2019\/01\/2007-04-14-362-Sest-Senat-elogia-desenvoltura-de-alunos-de-Enfermagem-em-evento-sobre-Sa\\u00fade.jpg\",\"contentUrl\":\"https:\/\/unisalesiano.com.br\/aracatuba\/wp-content\/uploads\/2019\/01\/2007-04-14-362-Sest-Senat-elogia-desenvoltura-de-alunos-de-Enfermagem-em-evento-sobre-Sa\\u00fade.jpg\",\"width\":480,\"height\":360},{\"@type\":\"WebPage\",\"@id\":\"https:\/\/unisalesiano.com.br\/aracatuba\/sest-senat-elogia-desenvoltura-de-alunos-de-enfermagem-em-evento-sobre-saude\/#webpage\",\"url\":\"https:\/\/unisalesiano.com.br\/aracatuba\/sest-senat-elogia-desenvoltura-de-alunos-de-enfermagem-em-evento-sobre-saude\/\",\"name\":\"Sest\/Senat elogia desenvoltura de alunos de Enfermagem em evento sobre Sa\\u00fade - UniSALESIANO Ara\\u00e7atuba\/SP\",\"isPartOf\":{\"@id\":\"https:\/\/unisalesiano.com.br\/aracatuba\/#website\"},\"primaryImageOfPage\":{\"@id\":\"https:\/\/unisalesiano.com.br\/aracatuba\/sest-senat-elogia-desenvoltura-de-alunos-de-enfermagem-em-evento-sobre-saude\/#primaryimage\"},\"datePublished\":\"2007-04-13T11:42:07+00:00\",\"dateModified\":\"2019-06-26T16:35:03+00:00\",\"author\":{\"@id\":\"https:\/\/unisalesiano.com.br\/aracatuba\/#\/schema\/person\/afb1b2331f463570beda616f4cc14cc9\"},\"breadcrumb\":{\"@id\":\"https:\/\/unisalesiano.com.br\/aracatuba\/sest-senat-elogia-desenvoltura-de-alunos-de-enfermagem-em-evento-sobre-saude\/#breadcrumb\"},\"inLanguage\":\"pt-BR\",\"potentialAction\":[{\"@type\":\"ReadAction\",\"target\":[\"https:\/\/unisalesiano.com.br\/aracatuba\/sest-senat-elogia-desenvoltura-de-alunos-de-enfermagem-em-evento-sobre-saude\/\"]}]},{\"@type\":\"BreadcrumbList\",\"@id\":\"https:\/\/unisalesiano.com.br\/aracatuba\/sest-senat-elogia-desenvoltura-de-alunos-de-enfermagem-em-evento-sobre-saude\/#breadcrumb\",\"itemListElement\":[{\"@type\":\"ListItem\",\"position\":1,\"name\":\"In\\u00edcio\",\"item\":\"https:\/\/unisalesiano.com.br\/aracatuba\/\"},{\"@type\":\"ListItem\",\"position\":2,\"name\":\"Sest\/Senat elogia desenvoltura de alunos de Enfermagem em evento sobre Sa\\u00fade\"}]},{\"@type\":\"Person\",\"@id\":\"https:\/\/unisalesiano.com.br\/aracatuba\/#\/schema\/person\/afb1b2331f463570beda616f4cc14cc9\",\"name\":\"admin\",\"image\":{\"@type\":\"ImageObject\",\"@id\":\"https:\/\/unisalesiano.com.br\/aracatuba\/#personlogo\",\"inLanguage\":\"pt-BR\",\"url\":\"https:\/\/secure.gravatar.com\/avatar\/dfc5c63987fa9f19b5c366e55740b2a0ffac4aab41ba55c1bd96dbb85eb3a8ca?s=96&d=mm&r=g\",\"contentUrl\":\"https:\/\/secure.gravatar.com\/avatar\/dfc5c63987fa9f19b5c366e55740b2a0ffac4aab41ba55c1bd96dbb85eb3a8ca?s=96&d=mm&r=g\",\"caption\":\"admin\"},\"url\":\"https:\/\/unisalesiano.com.br\/aracatuba\/author\/admin\/\"}]}<\/script>\n<!-- \/ Yoast SEO plugin. -->","yoast_head_json":{"title":"Sest\/Senat elogia desenvoltura de alunos de Enfermagem em evento sobre Sa\u00fade - UniSALESIANO Ara\u00e7atuba\/SP","robots":{"index":"index","follow":"follow","max-snippet":"max-snippet:-1","max-image-preview":"max-image-preview:large","max-video-preview":"max-video-preview:-1"},"canonical":"https:\/\/unisalesiano.com.br\/aracatuba\/sest-senat-elogia-desenvoltura-de-alunos-de-enfermagem-em-evento-sobre-saude\/","og_locale":"pt_BR","og_type":"article","og_title":"Sest\/Senat elogia desenvoltura de alunos de Enfermagem em evento sobre Sa\u00fade - UniSALESIANO Ara\u00e7atuba\/SP","og_description":"O Diretor do Sest\/Senat de Ara\u00e7atuba, Prof. Pedro Neves, classificou a participa\u00e7\u00e3o dos alunos do 5\u00ba Termo do Curso de Enfermagem do Centro Universit\u00e1rio Cat\u00f3lico Salesiano Auxilium &#8211; UniSALESIANO de Ara\u00e7atuba no evento Sest\/Senat em Movimento &#8211; Dia Mundial da Sa\u00fade, como \u00f3tima. A entidade, que promove intensa atividade s\u00f3cio-profissional no munic\u00edpio, realizou nesta sexta-feira, [&hellip;]","og_url":"https:\/\/unisalesiano.com.br\/aracatuba\/sest-senat-elogia-desenvoltura-de-alunos-de-enfermagem-em-evento-sobre-saude\/","og_site_name":"UniSALESIANO Ara\u00e7atuba\/SP","article_published_time":"2007-04-13T11:42:07+00:00","article_modified_time":"2019-06-26T16:35:03+00:00","og_image":[{"width":480,"height":360,"url":"https:\/\/unisalesiano.com.br\/aracatuba\/wp-content\/uploads\/2019\/01\/2007-04-14-362-Sest-Senat-elogia-desenvoltura-de-alunos-de-Enfermagem-em-evento-sobre-Sa\u00fade.jpg","type":"image\/jpeg"}],"twitter_card":"summary_large_image","twitter_misc":{"Escrito por":"admin","Est. tempo de leitura":"2 minutos"},"schema":{"@context":"https:\/\/schema.org","@graph":[{"@type":"WebSite","@id":"https:\/\/unisalesiano.com.br\/aracatuba\/#website","url":"https:\/\/unisalesiano.com.br\/aracatuba\/","name":"UniSALESIANO Ara\u00e7atuba\/SP","description":"Centro Universit\u00e1rio Cat\u00f3lico Salesiano Auxilium","potentialAction":[{"@type":"SearchAction","target":{"@type":"EntryPoint","urlTemplate":"https:\/\/unisalesiano.com.br\/aracatuba\/?s={search_term_string}"},"query-input":"required name=search_term_string"}],"inLanguage":"pt-BR"},{"@type":"ImageObject","@id":"https:\/\/unisalesiano.com.br\/aracatuba\/sest-senat-elogia-desenvoltura-de-alunos-de-enfermagem-em-evento-sobre-saude\/#primaryimage","inLanguage":"pt-BR","url":"https:\/\/unisalesiano.com.br\/aracatuba\/wp-content\/uploads\/2019\/01\/2007-04-14-362-Sest-Senat-elogia-desenvoltura-de-alunos-de-Enfermagem-em-evento-sobre-Sa\u00fade.jpg","contentUrl":"https:\/\/unisalesiano.com.br\/aracatuba\/wp-content\/uploads\/2019\/01\/2007-04-14-362-Sest-Senat-elogia-desenvoltura-de-alunos-de-Enfermagem-em-evento-sobre-Sa\u00fade.jpg","width":480,"height":360},{"@type":"WebPage","@id":"https:\/\/unisalesiano.com.br\/aracatuba\/sest-senat-elogia-desenvoltura-de-alunos-de-enfermagem-em-evento-sobre-saude\/#webpage","url":"https:\/\/unisalesiano.com.br\/aracatuba\/sest-senat-elogia-desenvoltura-de-alunos-de-enfermagem-em-evento-sobre-saude\/","name":"Sest\/Senat elogia desenvoltura de alunos de Enfermagem em evento sobre Sa\u00fade - UniSALESIANO Ara\u00e7atuba\/SP","isPartOf":{"@id":"https:\/\/unisalesiano.com.br\/aracatuba\/#website"},"primaryImageOfPage":{"@id":"https:\/\/unisalesiano.com.br\/aracatuba\/sest-senat-elogia-desenvoltura-de-alunos-de-enfermagem-em-evento-sobre-saude\/#primaryimage"},"datePublished":"2007-04-13T11:42:07+00:00","dateModified":"2019-06-26T16:35:03+00:00","author":{"@id":"https:\/\/unisalesiano.com.br\/aracatuba\/#\/schema\/person\/afb1b2331f463570beda616f4cc14cc9"},"breadcrumb":{"@id":"https:\/\/unisalesiano.com.br\/aracatuba\/sest-senat-elogia-desenvoltura-de-alunos-de-enfermagem-em-evento-sobre-saude\/#breadcrumb"},"inLanguage":"pt-BR","potentialAction":[{"@type":"ReadAction","target":["https:\/\/unisalesiano.com.br\/aracatuba\/sest-senat-elogia-desenvoltura-de-alunos-de-enfermagem-em-evento-sobre-saude\/"]}]},{"@type":"BreadcrumbList","@id":"https:\/\/unisalesiano.com.br\/aracatuba\/sest-senat-elogia-desenvoltura-de-alunos-de-enfermagem-em-evento-sobre-saude\/#breadcrumb","itemListElement":[{"@type":"ListItem","position":1,"name":"In\u00edcio","item":"https:\/\/unisalesiano.com.br\/aracatuba\/"},{"@type":"ListItem","position":2,"name":"Sest\/Senat elogia desenvoltura de alunos de Enfermagem em evento sobre Sa\u00fade"}]},{"@type":"Person","@id":"https:\/\/unisalesiano.com.br\/aracatuba\/#\/schema\/person\/afb1b2331f463570beda616f4cc14cc9","name":"admin","image":{"@type":"ImageObject","@id":"https:\/\/unisalesiano.com.br\/aracatuba\/#personlogo","inLanguage":"pt-BR","url":"https:\/\/secure.gravatar.com\/avatar\/dfc5c63987fa9f19b5c366e55740b2a0ffac4aab41ba55c1bd96dbb85eb3a8ca?s=96&d=mm&r=g","contentUrl":"https:\/\/secure.gravatar.com\/avatar\/dfc5c63987fa9f19b5c366e55740b2a0ffac4aab41ba55c1bd96dbb85eb3a8ca?s=96&d=mm&r=g","caption":"admin"},"url":"https:\/\/unisalesiano.com.br\/aracatuba\/author\/admin\/"}]}},"_links":{"self":[{"href":"https:\/\/unisalesiano.com.br\/aracatuba\/wp-json\/wp\/v2\/posts\/8694","targetHints":{"allow":["GET"]}}],"collection":[{"href":"https:\/\/unisalesiano.com.br\/aracatuba\/wp-json\/wp\/v2\/posts"}],"about":[{"href":"https:\/\/unisalesiano.com.br\/aracatuba\/wp-json\/wp\/v2\/types\/post"}],"author":[{"embeddable":true,"href":"https:\/\/unisalesiano.com.br\/aracatuba\/wp-json\/wp\/v2\/users\/1"}],"replies":[{"embeddable":true,"href":"https:\/\/unisalesiano.com.br\/aracatuba\/wp-json\/wp\/v2\/comments?post=8694"}],"version-history":[{"count":0,"href":"https:\/\/unisalesiano.com.br\/aracatuba\/wp-json\/wp\/v2\/posts\/8694\/revisions"}],"wp:featuredmedia":[{"embeddable":true,"href":"https:\/\/unisalesiano.com.br\/aracatuba\/wp-json\/wp\/v2\/media\/8695"}],"wp:attachment":[{"href":"https:\/\/unisalesiano.com.br\/aracatuba\/wp-json\/wp\/v2\/media?parent=8694"}],"wp:term":[{"taxonomy":"category","embeddable":true,"href":"https:\/\/unisalesiano.com.br\/aracatuba\/wp-json\/wp\/v2\/categories?post=8694"},{"taxonomy":"post_tag","embeddable":true,"href":"https:\/\/unisalesiano.com.br\/aracatuba\/wp-json\/wp\/v2\/tags?post=8694"}],"curies":[{"name":"wp","href":"https:\/\/api.w.org\/{rel}","templated":true}]}}