{"id":8672,"date":"2007-04-02T14:22:55","date_gmt":"2007-04-02T17:22:55","guid":{"rendered":"https:\/\/unisalesiano.com.br\/?p=8672"},"modified":"2019-01-16T14:24:40","modified_gmt":"2019-01-16T16:24:40","slug":"fisioterapia-atendera-internos-do-lar-da-velhice","status":"publish","type":"post","link":"https:\/\/unisalesiano.com.br\/aracatuba\/fisioterapia-atendera-internos-do-lar-da-velhice\/","title":{"rendered":"Fisioterapia atender\u00e1 internos do Lar da Velhice"},"content":{"rendered":"\n<p>A coordena\u00e7\u00e3o do Curso de Fisioterapia do Centro\nUniversit\u00e1rio Cat\u00f3lico Salesiano Auxilium \u2013 UniSALESIANO de Ara\u00e7atuba anunciou\npara o dia 4 de maio a realiza\u00e7\u00e3o de presta\u00e7\u00e3o de servi\u00e7os junto ao Lar da\nVelhice, para cerca de 30 idosos. Al\u00e9m dos internos, ser\u00e3o atendidas tamb\u00e9m\ntodas as pessoas que compareceram ao Bazar Beneficente, que a entidade vai\npromover para angariar verbas.<\/p>\n\n\n\n<p>As atividades ocorrer\u00e3o nos per\u00edodos da manh\u00e3 e da tarde e\nser\u00e3o desenvolvidas por acad\u00eamicos do terceiro termo do curso.<\/p>\n\n\n\n<p>Eles far\u00e3o a verifica\u00e7\u00e3o de press\u00e3o arterial e perimetria de\nsegmentos corporais. Atrav\u00e9s da observa\u00e7\u00e3o destes dados, os alunos poder\u00e3o\nsugerir o encaminhamento da pessoa para tratamentos junto a m\u00e9dicos\nespecializados.<\/p>\n\n\n\n<p>O trabalho ter\u00e1 a supervis\u00e3o geral da coordenadora da \u00e1rea,\nCarla Komatsu Machado, e das professoras Carolina Rubio Vicentini e Simone\nGalbiati Ter\u00e7ariol.<\/p>\n","protected":false},"excerpt":{"rendered":"<p>A coordena\u00e7\u00e3o do Curso de Fisioterapia do Centro Universit\u00e1rio Cat\u00f3lico Salesiano Auxilium \u2013 UniSALESIANO de Ara\u00e7atuba anunciou para o dia 4 de maio a realiza\u00e7\u00e3o de presta\u00e7\u00e3o de servi\u00e7os junto ao Lar da Velhice, para cerca de 30 idosos. Al\u00e9m dos internos, ser\u00e3o atendidas tamb\u00e9m todas as pessoas que compareceram ao Bazar Beneficente, que a [&hellip;]<\/p>\n","protected":false},"author":1,"featured_media":0,"comment_status":"open","ping_status":"open","sticky":false,"template":"","format":"standard","meta":{"footnotes":""},"categories":[5],"tags":[17,358],"class_list":["post-8672","post","type-post","status-publish","format-standard","hentry","category-saude","tag-fisioterapia","tag-lar-da-velhice"],"yoast_head":"<!-- This site is optimized with the Yoast SEO plugin v17.4 - https:\/\/yoast.com\/wordpress\/plugins\/seo\/ -->\n<title>Fisioterapia atender\u00e1 internos do Lar da Velhice - UniSALESIANO Ara\u00e7atuba\/SP<\/title>\n<meta name=\"robots\" content=\"index, follow, max-snippet:-1, max-image-preview:large, max-video-preview:-1\" \/>\n<link rel=\"canonical\" href=\"https:\/\/unisalesiano.com.br\/aracatuba\/fisioterapia-atendera-internos-do-lar-da-velhice\/\" \/>\n<meta property=\"og:locale\" content=\"pt_BR\" \/>\n<meta property=\"og:type\" content=\"article\" \/>\n<meta property=\"og:title\" content=\"Fisioterapia atender\u00e1 internos do Lar da Velhice - UniSALESIANO Ara\u00e7atuba\/SP\" \/>\n<meta property=\"og:description\" content=\"A coordena\u00e7\u00e3o do Curso de Fisioterapia do Centro Universit\u00e1rio Cat\u00f3lico Salesiano Auxilium \u2013 UniSALESIANO de Ara\u00e7atuba anunciou para o dia 4 de maio a realiza\u00e7\u00e3o de presta\u00e7\u00e3o de servi\u00e7os junto ao Lar da Velhice, para cerca de 30 idosos. Al\u00e9m dos internos, ser\u00e3o atendidas tamb\u00e9m todas as pessoas que compareceram ao Bazar Beneficente, que a [&hellip;]\" \/>\n<meta property=\"og:url\" content=\"https:\/\/unisalesiano.com.br\/aracatuba\/fisioterapia-atendera-internos-do-lar-da-velhice\/\" \/>\n<meta property=\"og:site_name\" content=\"UniSALESIANO Ara\u00e7atuba\/SP\" \/>\n<meta property=\"article:published_time\" content=\"2007-04-02T17:22:55+00:00\" \/>\n<meta property=\"article:modified_time\" content=\"2019-01-16T16:24:40+00:00\" \/>\n<meta name=\"twitter:card\" content=\"summary_large_image\" \/>\n<meta name=\"twitter:label1\" content=\"Escrito por\" \/>\n\t<meta name=\"twitter:data1\" content=\"admin\" \/>\n\t<meta name=\"twitter:label2\" content=\"Est. tempo de leitura\" \/>\n\t<meta name=\"twitter:data2\" content=\"1 minuto\" \/>\n<script type=\"application\/ld+json\" class=\"yoast-schema-graph\">{\"@context\":\"https:\/\/schema.org\",\"@graph\":[{\"@type\":\"WebSite\",\"@id\":\"https:\/\/unisalesiano.com.br\/aracatuba\/#website\",\"url\":\"https:\/\/unisalesiano.com.br\/aracatuba\/\",\"name\":\"UniSALESIANO Ara\\u00e7atuba\/SP\",\"description\":\"Centro Universit\\u00e1rio Cat\\u00f3lico Salesiano Auxilium\",\"potentialAction\":[{\"@type\":\"SearchAction\",\"target\":{\"@type\":\"EntryPoint\",\"urlTemplate\":\"https:\/\/unisalesiano.com.br\/aracatuba\/?s={search_term_string}\"},\"query-input\":\"required name=search_term_string\"}],\"inLanguage\":\"pt-BR\"},{\"@type\":\"WebPage\",\"@id\":\"https:\/\/unisalesiano.com.br\/aracatuba\/fisioterapia-atendera-internos-do-lar-da-velhice\/#webpage\",\"url\":\"https:\/\/unisalesiano.com.br\/aracatuba\/fisioterapia-atendera-internos-do-lar-da-velhice\/\",\"name\":\"Fisioterapia atender\\u00e1 internos do Lar da Velhice - UniSALESIANO Ara\\u00e7atuba\/SP\",\"isPartOf\":{\"@id\":\"https:\/\/unisalesiano.com.br\/aracatuba\/#website\"},\"datePublished\":\"2007-04-02T17:22:55+00:00\",\"dateModified\":\"2019-01-16T16:24:40+00:00\",\"author\":{\"@id\":\"https:\/\/unisalesiano.com.br\/aracatuba\/#\/schema\/person\/afb1b2331f463570beda616f4cc14cc9\"},\"breadcrumb\":{\"@id\":\"https:\/\/unisalesiano.com.br\/aracatuba\/fisioterapia-atendera-internos-do-lar-da-velhice\/#breadcrumb\"},\"inLanguage\":\"pt-BR\",\"potentialAction\":[{\"@type\":\"ReadAction\",\"target\":[\"https:\/\/unisalesiano.com.br\/aracatuba\/fisioterapia-atendera-internos-do-lar-da-velhice\/\"]}]},{\"@type\":\"BreadcrumbList\",\"@id\":\"https:\/\/unisalesiano.com.br\/aracatuba\/fisioterapia-atendera-internos-do-lar-da-velhice\/#breadcrumb\",\"itemListElement\":[{\"@type\":\"ListItem\",\"position\":1,\"name\":\"In\\u00edcio\",\"item\":\"https:\/\/unisalesiano.com.br\/aracatuba\/\"},{\"@type\":\"ListItem\",\"position\":2,\"name\":\"Fisioterapia atender\\u00e1 internos do Lar da Velhice\"}]},{\"@type\":\"Person\",\"@id\":\"https:\/\/unisalesiano.com.br\/aracatuba\/#\/schema\/person\/afb1b2331f463570beda616f4cc14cc9\",\"name\":\"admin\",\"image\":{\"@type\":\"ImageObject\",\"@id\":\"https:\/\/unisalesiano.com.br\/aracatuba\/#personlogo\",\"inLanguage\":\"pt-BR\",\"url\":\"https:\/\/secure.gravatar.com\/avatar\/dfc5c63987fa9f19b5c366e55740b2a0ffac4aab41ba55c1bd96dbb85eb3a8ca?s=96&d=mm&r=g\",\"contentUrl\":\"https:\/\/secure.gravatar.com\/avatar\/dfc5c63987fa9f19b5c366e55740b2a0ffac4aab41ba55c1bd96dbb85eb3a8ca?s=96&d=mm&r=g\",\"caption\":\"admin\"},\"url\":\"https:\/\/unisalesiano.com.br\/aracatuba\/author\/admin\/\"}]}<\/script>\n<!-- \/ Yoast SEO plugin. -->","yoast_head_json":{"title":"Fisioterapia atender\u00e1 internos do Lar da Velhice - UniSALESIANO Ara\u00e7atuba\/SP","robots":{"index":"index","follow":"follow","max-snippet":"max-snippet:-1","max-image-preview":"max-image-preview:large","max-video-preview":"max-video-preview:-1"},"canonical":"https:\/\/unisalesiano.com.br\/aracatuba\/fisioterapia-atendera-internos-do-lar-da-velhice\/","og_locale":"pt_BR","og_type":"article","og_title":"Fisioterapia atender\u00e1 internos do Lar da Velhice - UniSALESIANO Ara\u00e7atuba\/SP","og_description":"A coordena\u00e7\u00e3o do Curso de Fisioterapia do Centro Universit\u00e1rio Cat\u00f3lico Salesiano Auxilium \u2013 UniSALESIANO de Ara\u00e7atuba anunciou para o dia 4 de maio a realiza\u00e7\u00e3o de presta\u00e7\u00e3o de servi\u00e7os junto ao Lar da Velhice, para cerca de 30 idosos. Al\u00e9m dos internos, ser\u00e3o atendidas tamb\u00e9m todas as pessoas que compareceram ao Bazar Beneficente, que a [&hellip;]","og_url":"https:\/\/unisalesiano.com.br\/aracatuba\/fisioterapia-atendera-internos-do-lar-da-velhice\/","og_site_name":"UniSALESIANO Ara\u00e7atuba\/SP","article_published_time":"2007-04-02T17:22:55+00:00","article_modified_time":"2019-01-16T16:24:40+00:00","twitter_card":"summary_large_image","twitter_misc":{"Escrito por":"admin","Est. tempo de leitura":"1 minuto"},"schema":{"@context":"https:\/\/schema.org","@graph":[{"@type":"WebSite","@id":"https:\/\/unisalesiano.com.br\/aracatuba\/#website","url":"https:\/\/unisalesiano.com.br\/aracatuba\/","name":"UniSALESIANO Ara\u00e7atuba\/SP","description":"Centro Universit\u00e1rio Cat\u00f3lico Salesiano Auxilium","potentialAction":[{"@type":"SearchAction","target":{"@type":"EntryPoint","urlTemplate":"https:\/\/unisalesiano.com.br\/aracatuba\/?s={search_term_string}"},"query-input":"required name=search_term_string"}],"inLanguage":"pt-BR"},{"@type":"WebPage","@id":"https:\/\/unisalesiano.com.br\/aracatuba\/fisioterapia-atendera-internos-do-lar-da-velhice\/#webpage","url":"https:\/\/unisalesiano.com.br\/aracatuba\/fisioterapia-atendera-internos-do-lar-da-velhice\/","name":"Fisioterapia atender\u00e1 internos do Lar da Velhice - UniSALESIANO Ara\u00e7atuba\/SP","isPartOf":{"@id":"https:\/\/unisalesiano.com.br\/aracatuba\/#website"},"datePublished":"2007-04-02T17:22:55+00:00","dateModified":"2019-01-16T16:24:40+00:00","author":{"@id":"https:\/\/unisalesiano.com.br\/aracatuba\/#\/schema\/person\/afb1b2331f463570beda616f4cc14cc9"},"breadcrumb":{"@id":"https:\/\/unisalesiano.com.br\/aracatuba\/fisioterapia-atendera-internos-do-lar-da-velhice\/#breadcrumb"},"inLanguage":"pt-BR","potentialAction":[{"@type":"ReadAction","target":["https:\/\/unisalesiano.com.br\/aracatuba\/fisioterapia-atendera-internos-do-lar-da-velhice\/"]}]},{"@type":"BreadcrumbList","@id":"https:\/\/unisalesiano.com.br\/aracatuba\/fisioterapia-atendera-internos-do-lar-da-velhice\/#breadcrumb","itemListElement":[{"@type":"ListItem","position":1,"name":"In\u00edcio","item":"https:\/\/unisalesiano.com.br\/aracatuba\/"},{"@type":"ListItem","position":2,"name":"Fisioterapia atender\u00e1 internos do Lar da Velhice"}]},{"@type":"Person","@id":"https:\/\/unisalesiano.com.br\/aracatuba\/#\/schema\/person\/afb1b2331f463570beda616f4cc14cc9","name":"admin","image":{"@type":"ImageObject","@id":"https:\/\/unisalesiano.com.br\/aracatuba\/#personlogo","inLanguage":"pt-BR","url":"https:\/\/secure.gravatar.com\/avatar\/dfc5c63987fa9f19b5c366e55740b2a0ffac4aab41ba55c1bd96dbb85eb3a8ca?s=96&d=mm&r=g","contentUrl":"https:\/\/secure.gravatar.com\/avatar\/dfc5c63987fa9f19b5c366e55740b2a0ffac4aab41ba55c1bd96dbb85eb3a8ca?s=96&d=mm&r=g","caption":"admin"},"url":"https:\/\/unisalesiano.com.br\/aracatuba\/author\/admin\/"}]}},"_links":{"self":[{"href":"https:\/\/unisalesiano.com.br\/aracatuba\/wp-json\/wp\/v2\/posts\/8672","targetHints":{"allow":["GET"]}}],"collection":[{"href":"https:\/\/unisalesiano.com.br\/aracatuba\/wp-json\/wp\/v2\/posts"}],"about":[{"href":"https:\/\/unisalesiano.com.br\/aracatuba\/wp-json\/wp\/v2\/types\/post"}],"author":[{"embeddable":true,"href":"https:\/\/unisalesiano.com.br\/aracatuba\/wp-json\/wp\/v2\/users\/1"}],"replies":[{"embeddable":true,"href":"https:\/\/unisalesiano.com.br\/aracatuba\/wp-json\/wp\/v2\/comments?post=8672"}],"version-history":[{"count":0,"href":"https:\/\/unisalesiano.com.br\/aracatuba\/wp-json\/wp\/v2\/posts\/8672\/revisions"}],"wp:attachment":[{"href":"https:\/\/unisalesiano.com.br\/aracatuba\/wp-json\/wp\/v2\/media?parent=8672"}],"wp:term":[{"taxonomy":"category","embeddable":true,"href":"https:\/\/unisalesiano.com.br\/aracatuba\/wp-json\/wp\/v2\/categories?post=8672"},{"taxonomy":"post_tag","embeddable":true,"href":"https:\/\/unisalesiano.com.br\/aracatuba\/wp-json\/wp\/v2\/tags?post=8672"}],"curies":[{"name":"wp","href":"https:\/\/api.w.org\/{rel}","templated":true}]}}