{"id":8669,"date":"2007-03-30T14:07:05","date_gmt":"2007-03-30T17:07:05","guid":{"rendered":"https:\/\/unisalesiano.com.br\/?p=8669"},"modified":"2019-01-16T14:21:00","modified_gmt":"2019-01-16T16:21:00","slug":"enfermagem-do-unisalesiano-participa-de-evento-sobre-a-dengue","status":"publish","type":"post","link":"https:\/\/unisalesiano.com.br\/aracatuba\/enfermagem-do-unisalesiano-participa-de-evento-sobre-a-dengue\/","title":{"rendered":"Enfermagem do UniSALESIANO participa de evento sobre a dengue"},"content":{"rendered":"\n<p>A Prefeitura Municipal de Ara\u00e7atuba realiza nesta\nsexta-feira e s\u00e1bado, das 9h \u00e0s 12h, na Pra\u00e7a Rui Barbosa, o Dia Municipal de\nMobiliza\u00e7\u00e3o Comunit\u00e1ria Contra a Dengue. O objetivo do evento \u00e9 conscientizar\nas pessoas sobre a necessidade de combater a dengue, uma doen\u00e7a que vem\ncrescendo no munic\u00edpio e na regi\u00e3o de forma preocupante.<\/p>\n\n\n\n<p>Como havia previs\u00e3o para receber um p\u00fablico numeroso, a\ncomiss\u00e3o organizadora do projeto montou uma programa\u00e7\u00e3o de atividades que\ninclui apresenta\u00e7\u00e3o de m\u00fasica, teatro, par\u00f3dias, dan\u00e7as, exposi\u00e7\u00f5es, gincanas,\njogos de entretenimento, pescaria dos criadouros da dengue, visita\u00e7\u00e3o \u00e0\n&#8220;Casinha do Z\u00e9 Limpinho&#8221; e distribui\u00e7\u00e3o de brindes.<\/p>\n\n\n\n<p>O Centro Universit\u00e1rio Cat\u00f3lico Salesiano Auxilium &#8211;\nUniSALESIANO foi convidado a participar. Assim, alunos do Curso de Enfermagem,\nmantido pela Institui\u00e7\u00e3o, atuaram nesta sexta-feira junto aos funcion\u00e1rios do\nN\u00facleo de Educa\u00e7\u00e3o em Sa\u00fade, da Vigil\u00e2ncia Sanit\u00e1ria, prestando orienta\u00e7\u00e3o \u00e0s\npessoas e aferindo a press\u00e3o arterial.<\/p>\n\n\n\n<p>Gislene Marcelino, enfermeira do corpo docente do\nUniSALESIANO e uma das respons\u00e1veis pelo evento, destacou que a participa\u00e7\u00e3o\ndos mais diversos segmentos da sociedade nestas a\u00e7\u00f5es \u00e9 importante para\nsocializar as informa\u00e7\u00f5es a respeito do tema. &#8220;Isso contribui para a\nconstru\u00e7\u00e3o e afirma\u00e7\u00e3o da cidadania&#8221;, disse. Para ela, todos deveriam\npensar um pouco mais sobre os problemas que a dengue causa e atentar para a\nimport\u00e2ncia da elimina\u00e7\u00e3o dos criadouros.<\/p>\n\n\n\n<p>Cl\u00e1udia Cyrillo, coordenadora da \u00e1rea, lembra que a cidade e\na regi\u00e3o vivem um momento muito cr\u00edtico em rela\u00e7\u00e3o \u00e0 dengue. &#8220;Isso exige\numa postura firme e decidida de todos, no sentido de que o mosquito seja\nefetivamente combatido&#8221;, declarou.<\/p>\n","protected":false},"excerpt":{"rendered":"<p>A Prefeitura Municipal de Ara\u00e7atuba realiza nesta sexta-feira e s\u00e1bado, das 9h \u00e0s 12h, na Pra\u00e7a Rui Barbosa, o Dia Municipal de Mobiliza\u00e7\u00e3o Comunit\u00e1ria Contra a Dengue. O objetivo do evento \u00e9 conscientizar as pessoas sobre a necessidade de combater a dengue, uma doen\u00e7a que vem crescendo no munic\u00edpio e na regi\u00e3o de forma preocupante. [&hellip;]<\/p>\n","protected":false},"author":1,"featured_media":8670,"comment_status":"open","ping_status":"open","sticky":false,"template":"","format":"standard","meta":{"footnotes":""},"categories":[5],"tags":[15,182],"class_list":["post-8669","post","type-post","status-publish","format-standard","has-post-thumbnail","hentry","category-saude","tag-enfermagem","tag-prefeitura-de-aracatuba"],"yoast_head":"<!-- This site is optimized with the Yoast SEO plugin v17.4 - https:\/\/yoast.com\/wordpress\/plugins\/seo\/ -->\n<title>Enfermagem do UniSALESIANO participa de evento sobre a dengue - UniSALESIANO Ara\u00e7atuba\/SP<\/title>\n<meta name=\"robots\" content=\"index, follow, max-snippet:-1, max-image-preview:large, max-video-preview:-1\" \/>\n<link rel=\"canonical\" href=\"https:\/\/unisalesiano.com.br\/aracatuba\/enfermagem-do-unisalesiano-participa-de-evento-sobre-a-dengue\/\" \/>\n<meta property=\"og:locale\" content=\"pt_BR\" \/>\n<meta property=\"og:type\" content=\"article\" \/>\n<meta property=\"og:title\" content=\"Enfermagem do UniSALESIANO participa de evento sobre a dengue - UniSALESIANO Ara\u00e7atuba\/SP\" \/>\n<meta property=\"og:description\" content=\"A Prefeitura Municipal de Ara\u00e7atuba realiza nesta sexta-feira e s\u00e1bado, das 9h \u00e0s 12h, na Pra\u00e7a Rui Barbosa, o Dia Municipal de Mobiliza\u00e7\u00e3o Comunit\u00e1ria Contra a Dengue. O objetivo do evento \u00e9 conscientizar as pessoas sobre a necessidade de combater a dengue, uma doen\u00e7a que vem crescendo no munic\u00edpio e na regi\u00e3o de forma preocupante. [&hellip;]\" \/>\n<meta property=\"og:url\" content=\"https:\/\/unisalesiano.com.br\/aracatuba\/enfermagem-do-unisalesiano-participa-de-evento-sobre-a-dengue\/\" \/>\n<meta property=\"og:site_name\" content=\"UniSALESIANO Ara\u00e7atuba\/SP\" \/>\n<meta property=\"article:published_time\" content=\"2007-03-30T17:07:05+00:00\" \/>\n<meta property=\"article:modified_time\" content=\"2019-01-16T16:21:00+00:00\" \/>\n<meta property=\"og:image\" content=\"https:\/\/unisalesiano.com.br\/aracatuba\/wp-content\/uploads\/2019\/01\/2007-03-30-355-Enfermagem-do-UniSALESIANO-participa.jpg\" \/>\n\t<meta property=\"og:image:width\" content=\"480\" \/>\n\t<meta property=\"og:image:height\" content=\"360\" \/>\n<meta name=\"twitter:card\" content=\"summary_large_image\" \/>\n<meta name=\"twitter:label1\" content=\"Escrito por\" \/>\n\t<meta name=\"twitter:data1\" content=\"admin\" \/>\n\t<meta name=\"twitter:label2\" content=\"Est. tempo de leitura\" \/>\n\t<meta name=\"twitter:data2\" content=\"1 minuto\" \/>\n<script type=\"application\/ld+json\" class=\"yoast-schema-graph\">{\"@context\":\"https:\/\/schema.org\",\"@graph\":[{\"@type\":\"WebSite\",\"@id\":\"https:\/\/unisalesiano.com.br\/aracatuba\/#website\",\"url\":\"https:\/\/unisalesiano.com.br\/aracatuba\/\",\"name\":\"UniSALESIANO Ara\\u00e7atuba\/SP\",\"description\":\"Centro Universit\\u00e1rio Cat\\u00f3lico Salesiano Auxilium\",\"potentialAction\":[{\"@type\":\"SearchAction\",\"target\":{\"@type\":\"EntryPoint\",\"urlTemplate\":\"https:\/\/unisalesiano.com.br\/aracatuba\/?s={search_term_string}\"},\"query-input\":\"required name=search_term_string\"}],\"inLanguage\":\"pt-BR\"},{\"@type\":\"ImageObject\",\"@id\":\"https:\/\/unisalesiano.com.br\/aracatuba\/enfermagem-do-unisalesiano-participa-de-evento-sobre-a-dengue\/#primaryimage\",\"inLanguage\":\"pt-BR\",\"url\":\"https:\/\/unisalesiano.com.br\/aracatuba\/wp-content\/uploads\/2019\/01\/2007-03-30-355-Enfermagem-do-UniSALESIANO-participa.jpg\",\"contentUrl\":\"https:\/\/unisalesiano.com.br\/aracatuba\/wp-content\/uploads\/2019\/01\/2007-03-30-355-Enfermagem-do-UniSALESIANO-participa.jpg\",\"width\":480,\"height\":360},{\"@type\":\"WebPage\",\"@id\":\"https:\/\/unisalesiano.com.br\/aracatuba\/enfermagem-do-unisalesiano-participa-de-evento-sobre-a-dengue\/#webpage\",\"url\":\"https:\/\/unisalesiano.com.br\/aracatuba\/enfermagem-do-unisalesiano-participa-de-evento-sobre-a-dengue\/\",\"name\":\"Enfermagem do UniSALESIANO participa de evento sobre a dengue - UniSALESIANO Ara\\u00e7atuba\/SP\",\"isPartOf\":{\"@id\":\"https:\/\/unisalesiano.com.br\/aracatuba\/#website\"},\"primaryImageOfPage\":{\"@id\":\"https:\/\/unisalesiano.com.br\/aracatuba\/enfermagem-do-unisalesiano-participa-de-evento-sobre-a-dengue\/#primaryimage\"},\"datePublished\":\"2007-03-30T17:07:05+00:00\",\"dateModified\":\"2019-01-16T16:21:00+00:00\",\"author\":{\"@id\":\"https:\/\/unisalesiano.com.br\/aracatuba\/#\/schema\/person\/afb1b2331f463570beda616f4cc14cc9\"},\"breadcrumb\":{\"@id\":\"https:\/\/unisalesiano.com.br\/aracatuba\/enfermagem-do-unisalesiano-participa-de-evento-sobre-a-dengue\/#breadcrumb\"},\"inLanguage\":\"pt-BR\",\"potentialAction\":[{\"@type\":\"ReadAction\",\"target\":[\"https:\/\/unisalesiano.com.br\/aracatuba\/enfermagem-do-unisalesiano-participa-de-evento-sobre-a-dengue\/\"]}]},{\"@type\":\"BreadcrumbList\",\"@id\":\"https:\/\/unisalesiano.com.br\/aracatuba\/enfermagem-do-unisalesiano-participa-de-evento-sobre-a-dengue\/#breadcrumb\",\"itemListElement\":[{\"@type\":\"ListItem\",\"position\":1,\"name\":\"In\\u00edcio\",\"item\":\"https:\/\/unisalesiano.com.br\/aracatuba\/\"},{\"@type\":\"ListItem\",\"position\":2,\"name\":\"Enfermagem do UniSALESIANO participa de evento sobre a dengue\"}]},{\"@type\":\"Person\",\"@id\":\"https:\/\/unisalesiano.com.br\/aracatuba\/#\/schema\/person\/afb1b2331f463570beda616f4cc14cc9\",\"name\":\"admin\",\"image\":{\"@type\":\"ImageObject\",\"@id\":\"https:\/\/unisalesiano.com.br\/aracatuba\/#personlogo\",\"inLanguage\":\"pt-BR\",\"url\":\"https:\/\/secure.gravatar.com\/avatar\/dfc5c63987fa9f19b5c366e55740b2a0ffac4aab41ba55c1bd96dbb85eb3a8ca?s=96&d=mm&r=g\",\"contentUrl\":\"https:\/\/secure.gravatar.com\/avatar\/dfc5c63987fa9f19b5c366e55740b2a0ffac4aab41ba55c1bd96dbb85eb3a8ca?s=96&d=mm&r=g\",\"caption\":\"admin\"},\"url\":\"https:\/\/unisalesiano.com.br\/aracatuba\/author\/admin\/\"}]}<\/script>\n<!-- \/ Yoast SEO plugin. -->","yoast_head_json":{"title":"Enfermagem do UniSALESIANO participa de evento sobre a dengue - UniSALESIANO Ara\u00e7atuba\/SP","robots":{"index":"index","follow":"follow","max-snippet":"max-snippet:-1","max-image-preview":"max-image-preview:large","max-video-preview":"max-video-preview:-1"},"canonical":"https:\/\/unisalesiano.com.br\/aracatuba\/enfermagem-do-unisalesiano-participa-de-evento-sobre-a-dengue\/","og_locale":"pt_BR","og_type":"article","og_title":"Enfermagem do UniSALESIANO participa de evento sobre a dengue - UniSALESIANO Ara\u00e7atuba\/SP","og_description":"A Prefeitura Municipal de Ara\u00e7atuba realiza nesta sexta-feira e s\u00e1bado, das 9h \u00e0s 12h, na Pra\u00e7a Rui Barbosa, o Dia Municipal de Mobiliza\u00e7\u00e3o Comunit\u00e1ria Contra a Dengue. O objetivo do evento \u00e9 conscientizar as pessoas sobre a necessidade de combater a dengue, uma doen\u00e7a que vem crescendo no munic\u00edpio e na regi\u00e3o de forma preocupante. [&hellip;]","og_url":"https:\/\/unisalesiano.com.br\/aracatuba\/enfermagem-do-unisalesiano-participa-de-evento-sobre-a-dengue\/","og_site_name":"UniSALESIANO Ara\u00e7atuba\/SP","article_published_time":"2007-03-30T17:07:05+00:00","article_modified_time":"2019-01-16T16:21:00+00:00","og_image":[{"width":480,"height":360,"url":"https:\/\/unisalesiano.com.br\/aracatuba\/wp-content\/uploads\/2019\/01\/2007-03-30-355-Enfermagem-do-UniSALESIANO-participa.jpg","type":"image\/jpeg"}],"twitter_card":"summary_large_image","twitter_misc":{"Escrito por":"admin","Est. tempo de leitura":"1 minuto"},"schema":{"@context":"https:\/\/schema.org","@graph":[{"@type":"WebSite","@id":"https:\/\/unisalesiano.com.br\/aracatuba\/#website","url":"https:\/\/unisalesiano.com.br\/aracatuba\/","name":"UniSALESIANO Ara\u00e7atuba\/SP","description":"Centro Universit\u00e1rio Cat\u00f3lico Salesiano Auxilium","potentialAction":[{"@type":"SearchAction","target":{"@type":"EntryPoint","urlTemplate":"https:\/\/unisalesiano.com.br\/aracatuba\/?s={search_term_string}"},"query-input":"required name=search_term_string"}],"inLanguage":"pt-BR"},{"@type":"ImageObject","@id":"https:\/\/unisalesiano.com.br\/aracatuba\/enfermagem-do-unisalesiano-participa-de-evento-sobre-a-dengue\/#primaryimage","inLanguage":"pt-BR","url":"https:\/\/unisalesiano.com.br\/aracatuba\/wp-content\/uploads\/2019\/01\/2007-03-30-355-Enfermagem-do-UniSALESIANO-participa.jpg","contentUrl":"https:\/\/unisalesiano.com.br\/aracatuba\/wp-content\/uploads\/2019\/01\/2007-03-30-355-Enfermagem-do-UniSALESIANO-participa.jpg","width":480,"height":360},{"@type":"WebPage","@id":"https:\/\/unisalesiano.com.br\/aracatuba\/enfermagem-do-unisalesiano-participa-de-evento-sobre-a-dengue\/#webpage","url":"https:\/\/unisalesiano.com.br\/aracatuba\/enfermagem-do-unisalesiano-participa-de-evento-sobre-a-dengue\/","name":"Enfermagem do UniSALESIANO participa de evento sobre a dengue - UniSALESIANO Ara\u00e7atuba\/SP","isPartOf":{"@id":"https:\/\/unisalesiano.com.br\/aracatuba\/#website"},"primaryImageOfPage":{"@id":"https:\/\/unisalesiano.com.br\/aracatuba\/enfermagem-do-unisalesiano-participa-de-evento-sobre-a-dengue\/#primaryimage"},"datePublished":"2007-03-30T17:07:05+00:00","dateModified":"2019-01-16T16:21:00+00:00","author":{"@id":"https:\/\/unisalesiano.com.br\/aracatuba\/#\/schema\/person\/afb1b2331f463570beda616f4cc14cc9"},"breadcrumb":{"@id":"https:\/\/unisalesiano.com.br\/aracatuba\/enfermagem-do-unisalesiano-participa-de-evento-sobre-a-dengue\/#breadcrumb"},"inLanguage":"pt-BR","potentialAction":[{"@type":"ReadAction","target":["https:\/\/unisalesiano.com.br\/aracatuba\/enfermagem-do-unisalesiano-participa-de-evento-sobre-a-dengue\/"]}]},{"@type":"BreadcrumbList","@id":"https:\/\/unisalesiano.com.br\/aracatuba\/enfermagem-do-unisalesiano-participa-de-evento-sobre-a-dengue\/#breadcrumb","itemListElement":[{"@type":"ListItem","position":1,"name":"In\u00edcio","item":"https:\/\/unisalesiano.com.br\/aracatuba\/"},{"@type":"ListItem","position":2,"name":"Enfermagem do UniSALESIANO participa de evento sobre a dengue"}]},{"@type":"Person","@id":"https:\/\/unisalesiano.com.br\/aracatuba\/#\/schema\/person\/afb1b2331f463570beda616f4cc14cc9","name":"admin","image":{"@type":"ImageObject","@id":"https:\/\/unisalesiano.com.br\/aracatuba\/#personlogo","inLanguage":"pt-BR","url":"https:\/\/secure.gravatar.com\/avatar\/dfc5c63987fa9f19b5c366e55740b2a0ffac4aab41ba55c1bd96dbb85eb3a8ca?s=96&d=mm&r=g","contentUrl":"https:\/\/secure.gravatar.com\/avatar\/dfc5c63987fa9f19b5c366e55740b2a0ffac4aab41ba55c1bd96dbb85eb3a8ca?s=96&d=mm&r=g","caption":"admin"},"url":"https:\/\/unisalesiano.com.br\/aracatuba\/author\/admin\/"}]}},"_links":{"self":[{"href":"https:\/\/unisalesiano.com.br\/aracatuba\/wp-json\/wp\/v2\/posts\/8669","targetHints":{"allow":["GET"]}}],"collection":[{"href":"https:\/\/unisalesiano.com.br\/aracatuba\/wp-json\/wp\/v2\/posts"}],"about":[{"href":"https:\/\/unisalesiano.com.br\/aracatuba\/wp-json\/wp\/v2\/types\/post"}],"author":[{"embeddable":true,"href":"https:\/\/unisalesiano.com.br\/aracatuba\/wp-json\/wp\/v2\/users\/1"}],"replies":[{"embeddable":true,"href":"https:\/\/unisalesiano.com.br\/aracatuba\/wp-json\/wp\/v2\/comments?post=8669"}],"version-history":[{"count":0,"href":"https:\/\/unisalesiano.com.br\/aracatuba\/wp-json\/wp\/v2\/posts\/8669\/revisions"}],"wp:featuredmedia":[{"embeddable":true,"href":"https:\/\/unisalesiano.com.br\/aracatuba\/wp-json\/wp\/v2\/media\/8670"}],"wp:attachment":[{"href":"https:\/\/unisalesiano.com.br\/aracatuba\/wp-json\/wp\/v2\/media?parent=8669"}],"wp:term":[{"taxonomy":"category","embeddable":true,"href":"https:\/\/unisalesiano.com.br\/aracatuba\/wp-json\/wp\/v2\/categories?post=8669"},{"taxonomy":"post_tag","embeddable":true,"href":"https:\/\/unisalesiano.com.br\/aracatuba\/wp-json\/wp\/v2\/tags?post=8669"}],"curies":[{"name":"wp","href":"https:\/\/api.w.org\/{rel}","templated":true}]}}