{"id":8656,"date":"2007-03-19T13:52:54","date_gmt":"2007-03-19T16:52:54","guid":{"rendered":"https:\/\/unisalesiano.com.br\/?p=8656"},"modified":"2019-01-16T13:54:48","modified_gmt":"2019-01-16T15:54:48","slug":"enfermagem-do-unisalesiano-leva-projeto-sobre-saude-para-a-rede-estadual-de-ensino","status":"publish","type":"post","link":"https:\/\/unisalesiano.com.br\/aracatuba\/enfermagem-do-unisalesiano-leva-projeto-sobre-saude-para-a-rede-estadual-de-ensino\/","title":{"rendered":"Enfermagem do UniSALESIANO leva projeto sobre sa\u00fade para a Rede Estadual de Ensino"},"content":{"rendered":"\n<p>O Centro Universit\u00e1rio Cat\u00f3lico Salesiano Auxilium &#8211;\nUniSALESIANO de Ara\u00e7atuba, atrav\u00e9s do curso de Enfermagem, apresentou proposta\npara o desenvolvimento de trabalhos na \u00e1rea da sa\u00fade junto \u00e0 Rede Estadual de\nEnsino. O Projeto \u00b4Sa\u00fade na Escola\u00b4 teve a aprova\u00e7\u00e3o da Dire\u00e7\u00e3o Regional,\natrav\u00e9s de sua titular, Maria Ignez Sundfeld Ribeiro, e foi iniciado h\u00e1 tr\u00eas\nsemanas.<\/p>\n\n\n\n<p>O conceito b\u00e1sico do projeto \u00e9 o aproveitamento de\ngraduandos do 7\u00ba termo para que eles avaliem as condi\u00e7\u00f5es de sa\u00fade de alunos de\n5a. a 8a. s\u00e9ries de 20 escolas da Rede Estadual de Ensino. Somente este termo\ndo curso do UniSALESIANO conta com 217 acad\u00eamicos aptos para realizarem\nest\u00e1gios supervisionados nas \u00e1reas hospitalar e comunit\u00e1ria, com a realiza\u00e7\u00e3o\nde trabalhos que abrangem diferentes ciclos da vida do ser humano.<\/p>\n\n\n\n<p>Conforme o cronograma de trabalho proposto para a Delegacia\nRegional a primeira tarefa ser\u00e1 tra\u00e7ar um diagn\u00f3stico da sa\u00fade dos alunos das\ns\u00e9ries escolhidas. Para tanto, ser\u00e1 aplicado um rigoroso question\u00e1rio que\nverifica condi\u00e7\u00f5es de moradia, n\u00famero de c\u00f4modos e pessoas que moram na casa, se\na resid\u00eancia tem ou n\u00e3o \u00e1gua pot\u00e1vel, se o local tem esgotos sanit\u00e1rios ou\nfossas, animais de estima\u00e7\u00e3o e asfalto.<\/p>\n\n\n\n<p>Al\u00e9m disso, os alunos dever\u00e3o responder perguntas sobre\nantecedentes familiares envolvendo hipertens\u00e3o arterial, diabetes, tabagismo,\nalcoolismo, problemas respirat\u00f3rios e cardiovasculares, problemas\nosteomusculares e neurol\u00f3gicos, transtornos mentais, defici\u00eancias f\u00edsicas e\nproblemas pr\u00f3prios de alergia, situa\u00e7\u00e3o vacinal, medica\u00e7\u00f5es em uso etc.<\/p>\n\n\n\n<p>Ap\u00f3s isso ser\u00e3o desenvolvidos exames de acuidade visual,\nverifica\u00e7\u00e3o de press\u00e3o arterial, freq\u00fc\u00eancia card\u00edaca e respirat\u00f3ria, peso,\naltura, c\u00e1lculo do \u00edndice de massa corp\u00f3rea, avalia\u00e7\u00e3o de risco para quem\napresenta sobrepeso e obesidade, listagem dos h\u00e1bitos sociais e alimentares dos\nestudantes, levantamento de antecedentes de sa\u00fade na fam\u00edlia e detec\u00e7\u00e3o de\nposs\u00edveis d\u00favidas sobre o tema para esclarecimentos.<\/p>\n\n\n\n<p>Os acad\u00eamicos de Enfermagem do UniSALESIANO ir\u00e3o a uma\nescola de cada vez, conforme indica\u00e7\u00e3o da Diretoria Geral de Ensino das Escolas\nEstaduais, e permanecer\u00e3o desenvolvendo os trabalhos no local at\u00e9 que todos os\nalunos de 5a. a 8a. s\u00e9ries tenham passado pelas entrevistas e exames. Haver\u00e1\ngrupos de 10 acad\u00eamicos atuando separadamente, mas durante o tempo todo ser\u00e3o\nacompanhados, supervisionados e avaliados por enfermeiras e orientadores\nrespons\u00e1veis.<\/p>\n\n\n\n<p>As informa\u00e7\u00f5es sobre as condi\u00e7\u00f5es de sa\u00fade dos alunos ser\u00e3o\nobtidas atrav\u00e9s dos testes programados e do preenchimento dos question\u00e1rios.<\/p>\n\n\n\n<p>A coordenadora do Curso de Enfermagem, Cl\u00e1udia Cyrillo,\ndisse que com este trabalho o UniSALESIANO pretende dar sua quota de\ncontribui\u00e7\u00e3o para ajudar as pessoas a cuidarem melhor da sa\u00fade e a terem uma\nmelhor qualidade de vida. &#8220;Atrav\u00e9s dos testes, exames e question\u00e1rios ser\u00e1\nposs\u00edvel detectar alguma anormalidade e encaminhar a pessoa imediatamente para\nm\u00e9dicos especializados&#8221;, lembrou.<\/p>\n\n\n\n<p>O Projeto \u00b4Sa\u00fade na Escola\u00b4 prossegue at\u00e9 o primeiro\ntrimestre de 2008.<\/p>\n","protected":false},"excerpt":{"rendered":"<p>O Centro Universit\u00e1rio Cat\u00f3lico Salesiano Auxilium &#8211; UniSALESIANO de Ara\u00e7atuba, atrav\u00e9s do curso de Enfermagem, apresentou proposta para o desenvolvimento de trabalhos na \u00e1rea da sa\u00fade junto \u00e0 Rede Estadual de Ensino. O Projeto \u00b4Sa\u00fade na Escola\u00b4 teve a aprova\u00e7\u00e3o da Dire\u00e7\u00e3o Regional, atrav\u00e9s de sua titular, Maria Ignez Sundfeld Ribeiro, e foi iniciado h\u00e1 [&hellip;]<\/p>\n","protected":false},"author":1,"featured_media":8657,"comment_status":"open","ping_status":"open","sticky":false,"template":"","format":"standard","meta":{"footnotes":""},"categories":[5],"tags":[15,357],"class_list":["post-8656","post","type-post","status-publish","format-standard","has-post-thumbnail","hentry","category-saude","tag-enfermagem","tag-projeto-saude-na-escola"],"yoast_head":"<!-- This site is optimized with the Yoast SEO plugin v17.4 - https:\/\/yoast.com\/wordpress\/plugins\/seo\/ -->\n<title>Enfermagem do UniSALESIANO leva projeto sobre sa\u00fade para a Rede Estadual de Ensino - UniSALESIANO Ara\u00e7atuba\/SP<\/title>\n<meta name=\"robots\" content=\"index, follow, max-snippet:-1, max-image-preview:large, max-video-preview:-1\" \/>\n<link rel=\"canonical\" href=\"https:\/\/unisalesiano.com.br\/aracatuba\/enfermagem-do-unisalesiano-leva-projeto-sobre-saude-para-a-rede-estadual-de-ensino\/\" \/>\n<meta property=\"og:locale\" content=\"pt_BR\" \/>\n<meta property=\"og:type\" content=\"article\" \/>\n<meta property=\"og:title\" content=\"Enfermagem do UniSALESIANO leva projeto sobre sa\u00fade para a Rede Estadual de Ensino - UniSALESIANO Ara\u00e7atuba\/SP\" \/>\n<meta property=\"og:description\" content=\"O Centro Universit\u00e1rio Cat\u00f3lico Salesiano Auxilium &#8211; UniSALESIANO de Ara\u00e7atuba, atrav\u00e9s do curso de Enfermagem, apresentou proposta para o desenvolvimento de trabalhos na \u00e1rea da sa\u00fade junto \u00e0 Rede Estadual de Ensino. O Projeto \u00b4Sa\u00fade na Escola\u00b4 teve a aprova\u00e7\u00e3o da Dire\u00e7\u00e3o Regional, atrav\u00e9s de sua titular, Maria Ignez Sundfeld Ribeiro, e foi iniciado h\u00e1 [&hellip;]\" \/>\n<meta property=\"og:url\" content=\"https:\/\/unisalesiano.com.br\/aracatuba\/enfermagem-do-unisalesiano-leva-projeto-sobre-saude-para-a-rede-estadual-de-ensino\/\" \/>\n<meta property=\"og:site_name\" content=\"UniSALESIANO Ara\u00e7atuba\/SP\" \/>\n<meta property=\"article:published_time\" content=\"2007-03-19T16:52:54+00:00\" \/>\n<meta property=\"article:modified_time\" content=\"2019-01-16T15:54:48+00:00\" \/>\n<meta property=\"og:image\" content=\"https:\/\/unisalesiano.com.br\/aracatuba\/wp-content\/uploads\/2019\/01\/2007-03-19-348-Enfermagem-do-UniSALESIANO-leva-projeto.jpg\" \/>\n\t<meta property=\"og:image:width\" content=\"480\" \/>\n\t<meta property=\"og:image:height\" content=\"360\" \/>\n<meta name=\"twitter:card\" content=\"summary_large_image\" \/>\n<meta name=\"twitter:label1\" content=\"Escrito por\" \/>\n\t<meta name=\"twitter:data1\" content=\"admin\" \/>\n\t<meta name=\"twitter:label2\" content=\"Est. tempo de leitura\" \/>\n\t<meta name=\"twitter:data2\" content=\"3 minutos\" \/>\n<script type=\"application\/ld+json\" class=\"yoast-schema-graph\">{\"@context\":\"https:\/\/schema.org\",\"@graph\":[{\"@type\":\"WebSite\",\"@id\":\"https:\/\/unisalesiano.com.br\/aracatuba\/#website\",\"url\":\"https:\/\/unisalesiano.com.br\/aracatuba\/\",\"name\":\"UniSALESIANO Ara\\u00e7atuba\/SP\",\"description\":\"Centro Universit\\u00e1rio Cat\\u00f3lico Salesiano Auxilium\",\"potentialAction\":[{\"@type\":\"SearchAction\",\"target\":{\"@type\":\"EntryPoint\",\"urlTemplate\":\"https:\/\/unisalesiano.com.br\/aracatuba\/?s={search_term_string}\"},\"query-input\":\"required name=search_term_string\"}],\"inLanguage\":\"pt-BR\"},{\"@type\":\"ImageObject\",\"@id\":\"https:\/\/unisalesiano.com.br\/aracatuba\/enfermagem-do-unisalesiano-leva-projeto-sobre-saude-para-a-rede-estadual-de-ensino\/#primaryimage\",\"inLanguage\":\"pt-BR\",\"url\":\"https:\/\/unisalesiano.com.br\/aracatuba\/wp-content\/uploads\/2019\/01\/2007-03-19-348-Enfermagem-do-UniSALESIANO-leva-projeto.jpg\",\"contentUrl\":\"https:\/\/unisalesiano.com.br\/aracatuba\/wp-content\/uploads\/2019\/01\/2007-03-19-348-Enfermagem-do-UniSALESIANO-leva-projeto.jpg\",\"width\":480,\"height\":360},{\"@type\":\"WebPage\",\"@id\":\"https:\/\/unisalesiano.com.br\/aracatuba\/enfermagem-do-unisalesiano-leva-projeto-sobre-saude-para-a-rede-estadual-de-ensino\/#webpage\",\"url\":\"https:\/\/unisalesiano.com.br\/aracatuba\/enfermagem-do-unisalesiano-leva-projeto-sobre-saude-para-a-rede-estadual-de-ensino\/\",\"name\":\"Enfermagem do UniSALESIANO leva projeto sobre sa\\u00fade para a Rede Estadual de Ensino - UniSALESIANO Ara\\u00e7atuba\/SP\",\"isPartOf\":{\"@id\":\"https:\/\/unisalesiano.com.br\/aracatuba\/#website\"},\"primaryImageOfPage\":{\"@id\":\"https:\/\/unisalesiano.com.br\/aracatuba\/enfermagem-do-unisalesiano-leva-projeto-sobre-saude-para-a-rede-estadual-de-ensino\/#primaryimage\"},\"datePublished\":\"2007-03-19T16:52:54+00:00\",\"dateModified\":\"2019-01-16T15:54:48+00:00\",\"author\":{\"@id\":\"https:\/\/unisalesiano.com.br\/aracatuba\/#\/schema\/person\/afb1b2331f463570beda616f4cc14cc9\"},\"breadcrumb\":{\"@id\":\"https:\/\/unisalesiano.com.br\/aracatuba\/enfermagem-do-unisalesiano-leva-projeto-sobre-saude-para-a-rede-estadual-de-ensino\/#breadcrumb\"},\"inLanguage\":\"pt-BR\",\"potentialAction\":[{\"@type\":\"ReadAction\",\"target\":[\"https:\/\/unisalesiano.com.br\/aracatuba\/enfermagem-do-unisalesiano-leva-projeto-sobre-saude-para-a-rede-estadual-de-ensino\/\"]}]},{\"@type\":\"BreadcrumbList\",\"@id\":\"https:\/\/unisalesiano.com.br\/aracatuba\/enfermagem-do-unisalesiano-leva-projeto-sobre-saude-para-a-rede-estadual-de-ensino\/#breadcrumb\",\"itemListElement\":[{\"@type\":\"ListItem\",\"position\":1,\"name\":\"In\\u00edcio\",\"item\":\"https:\/\/unisalesiano.com.br\/aracatuba\/\"},{\"@type\":\"ListItem\",\"position\":2,\"name\":\"Enfermagem do UniSALESIANO leva projeto sobre sa\\u00fade para a Rede Estadual de Ensino\"}]},{\"@type\":\"Person\",\"@id\":\"https:\/\/unisalesiano.com.br\/aracatuba\/#\/schema\/person\/afb1b2331f463570beda616f4cc14cc9\",\"name\":\"admin\",\"image\":{\"@type\":\"ImageObject\",\"@id\":\"https:\/\/unisalesiano.com.br\/aracatuba\/#personlogo\",\"inLanguage\":\"pt-BR\",\"url\":\"https:\/\/secure.gravatar.com\/avatar\/dfc5c63987fa9f19b5c366e55740b2a0ffac4aab41ba55c1bd96dbb85eb3a8ca?s=96&d=mm&r=g\",\"contentUrl\":\"https:\/\/secure.gravatar.com\/avatar\/dfc5c63987fa9f19b5c366e55740b2a0ffac4aab41ba55c1bd96dbb85eb3a8ca?s=96&d=mm&r=g\",\"caption\":\"admin\"},\"url\":\"https:\/\/unisalesiano.com.br\/aracatuba\/author\/admin\/\"}]}<\/script>\n<!-- \/ Yoast SEO plugin. -->","yoast_head_json":{"title":"Enfermagem do UniSALESIANO leva projeto sobre sa\u00fade para a Rede Estadual de Ensino - UniSALESIANO Ara\u00e7atuba\/SP","robots":{"index":"index","follow":"follow","max-snippet":"max-snippet:-1","max-image-preview":"max-image-preview:large","max-video-preview":"max-video-preview:-1"},"canonical":"https:\/\/unisalesiano.com.br\/aracatuba\/enfermagem-do-unisalesiano-leva-projeto-sobre-saude-para-a-rede-estadual-de-ensino\/","og_locale":"pt_BR","og_type":"article","og_title":"Enfermagem do UniSALESIANO leva projeto sobre sa\u00fade para a Rede Estadual de Ensino - UniSALESIANO Ara\u00e7atuba\/SP","og_description":"O Centro Universit\u00e1rio Cat\u00f3lico Salesiano Auxilium &#8211; UniSALESIANO de Ara\u00e7atuba, atrav\u00e9s do curso de Enfermagem, apresentou proposta para o desenvolvimento de trabalhos na \u00e1rea da sa\u00fade junto \u00e0 Rede Estadual de Ensino. O Projeto \u00b4Sa\u00fade na Escola\u00b4 teve a aprova\u00e7\u00e3o da Dire\u00e7\u00e3o Regional, atrav\u00e9s de sua titular, Maria Ignez Sundfeld Ribeiro, e foi iniciado h\u00e1 [&hellip;]","og_url":"https:\/\/unisalesiano.com.br\/aracatuba\/enfermagem-do-unisalesiano-leva-projeto-sobre-saude-para-a-rede-estadual-de-ensino\/","og_site_name":"UniSALESIANO Ara\u00e7atuba\/SP","article_published_time":"2007-03-19T16:52:54+00:00","article_modified_time":"2019-01-16T15:54:48+00:00","og_image":[{"width":480,"height":360,"url":"https:\/\/unisalesiano.com.br\/aracatuba\/wp-content\/uploads\/2019\/01\/2007-03-19-348-Enfermagem-do-UniSALESIANO-leva-projeto.jpg","type":"image\/jpeg"}],"twitter_card":"summary_large_image","twitter_misc":{"Escrito por":"admin","Est. tempo de leitura":"3 minutos"},"schema":{"@context":"https:\/\/schema.org","@graph":[{"@type":"WebSite","@id":"https:\/\/unisalesiano.com.br\/aracatuba\/#website","url":"https:\/\/unisalesiano.com.br\/aracatuba\/","name":"UniSALESIANO Ara\u00e7atuba\/SP","description":"Centro Universit\u00e1rio Cat\u00f3lico Salesiano Auxilium","potentialAction":[{"@type":"SearchAction","target":{"@type":"EntryPoint","urlTemplate":"https:\/\/unisalesiano.com.br\/aracatuba\/?s={search_term_string}"},"query-input":"required name=search_term_string"}],"inLanguage":"pt-BR"},{"@type":"ImageObject","@id":"https:\/\/unisalesiano.com.br\/aracatuba\/enfermagem-do-unisalesiano-leva-projeto-sobre-saude-para-a-rede-estadual-de-ensino\/#primaryimage","inLanguage":"pt-BR","url":"https:\/\/unisalesiano.com.br\/aracatuba\/wp-content\/uploads\/2019\/01\/2007-03-19-348-Enfermagem-do-UniSALESIANO-leva-projeto.jpg","contentUrl":"https:\/\/unisalesiano.com.br\/aracatuba\/wp-content\/uploads\/2019\/01\/2007-03-19-348-Enfermagem-do-UniSALESIANO-leva-projeto.jpg","width":480,"height":360},{"@type":"WebPage","@id":"https:\/\/unisalesiano.com.br\/aracatuba\/enfermagem-do-unisalesiano-leva-projeto-sobre-saude-para-a-rede-estadual-de-ensino\/#webpage","url":"https:\/\/unisalesiano.com.br\/aracatuba\/enfermagem-do-unisalesiano-leva-projeto-sobre-saude-para-a-rede-estadual-de-ensino\/","name":"Enfermagem do UniSALESIANO leva projeto sobre sa\u00fade para a Rede Estadual de Ensino - UniSALESIANO Ara\u00e7atuba\/SP","isPartOf":{"@id":"https:\/\/unisalesiano.com.br\/aracatuba\/#website"},"primaryImageOfPage":{"@id":"https:\/\/unisalesiano.com.br\/aracatuba\/enfermagem-do-unisalesiano-leva-projeto-sobre-saude-para-a-rede-estadual-de-ensino\/#primaryimage"},"datePublished":"2007-03-19T16:52:54+00:00","dateModified":"2019-01-16T15:54:48+00:00","author":{"@id":"https:\/\/unisalesiano.com.br\/aracatuba\/#\/schema\/person\/afb1b2331f463570beda616f4cc14cc9"},"breadcrumb":{"@id":"https:\/\/unisalesiano.com.br\/aracatuba\/enfermagem-do-unisalesiano-leva-projeto-sobre-saude-para-a-rede-estadual-de-ensino\/#breadcrumb"},"inLanguage":"pt-BR","potentialAction":[{"@type":"ReadAction","target":["https:\/\/unisalesiano.com.br\/aracatuba\/enfermagem-do-unisalesiano-leva-projeto-sobre-saude-para-a-rede-estadual-de-ensino\/"]}]},{"@type":"BreadcrumbList","@id":"https:\/\/unisalesiano.com.br\/aracatuba\/enfermagem-do-unisalesiano-leva-projeto-sobre-saude-para-a-rede-estadual-de-ensino\/#breadcrumb","itemListElement":[{"@type":"ListItem","position":1,"name":"In\u00edcio","item":"https:\/\/unisalesiano.com.br\/aracatuba\/"},{"@type":"ListItem","position":2,"name":"Enfermagem do UniSALESIANO leva projeto sobre sa\u00fade para a Rede Estadual de Ensino"}]},{"@type":"Person","@id":"https:\/\/unisalesiano.com.br\/aracatuba\/#\/schema\/person\/afb1b2331f463570beda616f4cc14cc9","name":"admin","image":{"@type":"ImageObject","@id":"https:\/\/unisalesiano.com.br\/aracatuba\/#personlogo","inLanguage":"pt-BR","url":"https:\/\/secure.gravatar.com\/avatar\/dfc5c63987fa9f19b5c366e55740b2a0ffac4aab41ba55c1bd96dbb85eb3a8ca?s=96&d=mm&r=g","contentUrl":"https:\/\/secure.gravatar.com\/avatar\/dfc5c63987fa9f19b5c366e55740b2a0ffac4aab41ba55c1bd96dbb85eb3a8ca?s=96&d=mm&r=g","caption":"admin"},"url":"https:\/\/unisalesiano.com.br\/aracatuba\/author\/admin\/"}]}},"_links":{"self":[{"href":"https:\/\/unisalesiano.com.br\/aracatuba\/wp-json\/wp\/v2\/posts\/8656","targetHints":{"allow":["GET"]}}],"collection":[{"href":"https:\/\/unisalesiano.com.br\/aracatuba\/wp-json\/wp\/v2\/posts"}],"about":[{"href":"https:\/\/unisalesiano.com.br\/aracatuba\/wp-json\/wp\/v2\/types\/post"}],"author":[{"embeddable":true,"href":"https:\/\/unisalesiano.com.br\/aracatuba\/wp-json\/wp\/v2\/users\/1"}],"replies":[{"embeddable":true,"href":"https:\/\/unisalesiano.com.br\/aracatuba\/wp-json\/wp\/v2\/comments?post=8656"}],"version-history":[{"count":0,"href":"https:\/\/unisalesiano.com.br\/aracatuba\/wp-json\/wp\/v2\/posts\/8656\/revisions"}],"wp:featuredmedia":[{"embeddable":true,"href":"https:\/\/unisalesiano.com.br\/aracatuba\/wp-json\/wp\/v2\/media\/8657"}],"wp:attachment":[{"href":"https:\/\/unisalesiano.com.br\/aracatuba\/wp-json\/wp\/v2\/media?parent=8656"}],"wp:term":[{"taxonomy":"category","embeddable":true,"href":"https:\/\/unisalesiano.com.br\/aracatuba\/wp-json\/wp\/v2\/categories?post=8656"},{"taxonomy":"post_tag","embeddable":true,"href":"https:\/\/unisalesiano.com.br\/aracatuba\/wp-json\/wp\/v2\/tags?post=8656"}],"curies":[{"name":"wp","href":"https:\/\/api.w.org\/{rel}","templated":true}]}}