{"id":8643,"date":"2007-03-08T10:53:09","date_gmt":"2007-03-08T13:53:09","guid":{"rendered":"https:\/\/unisalesiano.com.br\/?p=8643"},"modified":"2019-06-26T13:15:31","modified_gmt":"2019-06-26T16:15:31","slug":"unisalesiano-participou-de-eventos-em-homenagem-a-mulher","status":"publish","type":"post","link":"https:\/\/unisalesiano.com.br\/aracatuba\/unisalesiano-participou-de-eventos-em-homenagem-a-mulher\/","title":{"rendered":"UniSALESIANO participou de eventos em homenagem \u00e0 mulher"},"content":{"rendered":"\r\n<p>O Centro Universit\u00e1rio Cat\u00f3lico Salesiano Auxilium &#8211; UniSALESIANO de Ara\u00e7atuba participou nesta quinta-feira de homenagens prestadas pela passagem do Dia Internacional da Mulher.<\/p>\r\n\r\n\r\n\r\n<p>A Institui\u00e7\u00e3o colaborou com a C\u00e2mara Municipal e com a administra\u00e7\u00e3o do Cal\u00e7ad\u00e3o da Marechal Deodoro, realizando diversas atividades.<\/p>\r\n\r\n\r\n\r\n<p>Alunos do 5\u00ba termo do Curso de Enfermagem estiveram \u00e0 disposi\u00e7\u00e3o do p\u00fablico feminino entre 8h e 12h, na Pra\u00e7a IX de Julho, em frente \u00e0 C\u00e2mara, para aferir press\u00e3o arterial e orientar as pessoas sobre os riscos da hipertens\u00e3o arterial, da import\u00e2ncia da realiza\u00e7\u00e3o de exerc\u00edcios f\u00edsicos regulares e dos cuidados que se deve ter com a alimenta\u00e7\u00e3o.<\/p>\r\n\r\n\r\n\r\n<p>Outro grupo de acad\u00eamicos, desenvolvendo as mesmas a\u00e7\u00f5es, esteve presente no Cal\u00e7ad\u00e3o da Marechal das 9h \u00e0s 11h30 e das 14h \u00e0s 16h30.<\/p>\r\n\r\n\r\n\r\n<p>Por sua vez, a Universidade Aberta da Melhor Idade (UNA), um Departamento do UniSALESIANO, integrou os eventos da C\u00e2mara Municipal, pela manh\u00e3, com seus alunos, fazendo uma demonstra\u00e7\u00e3o de exerc\u00edcios de gin\u00e1stica terap\u00eautica chinesa.<\/p>\r\n","protected":false},"excerpt":{"rendered":"<p>O Centro Universit\u00e1rio Cat\u00f3lico Salesiano Auxilium &#8211; UniSALESIANO de Ara\u00e7atuba participou nesta quinta-feira de homenagens prestadas pela passagem do Dia Internacional da Mulher. A Institui\u00e7\u00e3o colaborou com a C\u00e2mara Municipal e com a administra\u00e7\u00e3o do Cal\u00e7ad\u00e3o da Marechal Deodoro, realizando diversas atividades. Alunos do 5\u00ba termo do Curso de Enfermagem estiveram \u00e0 disposi\u00e7\u00e3o do p\u00fablico [&hellip;]<\/p>\n","protected":false},"author":1,"featured_media":8644,"comment_status":"open","ping_status":"open","sticky":false,"template":"","format":"standard","meta":{"footnotes":""},"categories":[5],"tags":[15,156],"class_list":["post-8643","post","type-post","status-publish","format-standard","has-post-thumbnail","hentry","category-saude","tag-enfermagem","tag-homenagem"],"yoast_head":"<!-- This site is optimized with the Yoast SEO plugin v17.4 - https:\/\/yoast.com\/wordpress\/plugins\/seo\/ -->\n<title>UniSALESIANO participou de eventos em homenagem \u00e0 mulher - UniSALESIANO Ara\u00e7atuba\/SP<\/title>\n<meta name=\"robots\" content=\"index, follow, max-snippet:-1, max-image-preview:large, max-video-preview:-1\" \/>\n<link rel=\"canonical\" href=\"https:\/\/unisalesiano.com.br\/aracatuba\/unisalesiano-participou-de-eventos-em-homenagem-a-mulher\/\" \/>\n<meta property=\"og:locale\" content=\"pt_BR\" \/>\n<meta property=\"og:type\" content=\"article\" \/>\n<meta property=\"og:title\" content=\"UniSALESIANO participou de eventos em homenagem \u00e0 mulher - UniSALESIANO Ara\u00e7atuba\/SP\" \/>\n<meta property=\"og:description\" content=\"O Centro Universit\u00e1rio Cat\u00f3lico Salesiano Auxilium &#8211; UniSALESIANO de Ara\u00e7atuba participou nesta quinta-feira de homenagens prestadas pela passagem do Dia Internacional da Mulher. A Institui\u00e7\u00e3o colaborou com a C\u00e2mara Municipal e com a administra\u00e7\u00e3o do Cal\u00e7ad\u00e3o da Marechal Deodoro, realizando diversas atividades. Alunos do 5\u00ba termo do Curso de Enfermagem estiveram \u00e0 disposi\u00e7\u00e3o do p\u00fablico [&hellip;]\" \/>\n<meta property=\"og:url\" content=\"https:\/\/unisalesiano.com.br\/aracatuba\/unisalesiano-participou-de-eventos-em-homenagem-a-mulher\/\" \/>\n<meta property=\"og:site_name\" content=\"UniSALESIANO Ara\u00e7atuba\/SP\" \/>\n<meta property=\"article:published_time\" content=\"2007-03-08T13:53:09+00:00\" \/>\n<meta property=\"article:modified_time\" content=\"2019-06-26T16:15:31+00:00\" \/>\n<meta property=\"og:image\" content=\"https:\/\/unisalesiano.com.br\/aracatuba\/wp-content\/uploads\/2019\/01\/2007-03-08-341-UniSALESIANO-participou-de-eventos-em-homenagem-\u00e0-mulher.jpg\" \/>\n\t<meta property=\"og:image:width\" content=\"480\" \/>\n\t<meta property=\"og:image:height\" content=\"360\" \/>\n<meta name=\"twitter:card\" content=\"summary_large_image\" \/>\n<meta name=\"twitter:label1\" content=\"Escrito por\" \/>\n\t<meta name=\"twitter:data1\" content=\"admin\" \/>\n\t<meta name=\"twitter:label2\" content=\"Est. tempo de leitura\" \/>\n\t<meta name=\"twitter:data2\" content=\"1 minuto\" \/>\n<script type=\"application\/ld+json\" class=\"yoast-schema-graph\">{\"@context\":\"https:\/\/schema.org\",\"@graph\":[{\"@type\":\"WebSite\",\"@id\":\"https:\/\/unisalesiano.com.br\/aracatuba\/#website\",\"url\":\"https:\/\/unisalesiano.com.br\/aracatuba\/\",\"name\":\"UniSALESIANO Ara\\u00e7atuba\/SP\",\"description\":\"Centro Universit\\u00e1rio Cat\\u00f3lico Salesiano Auxilium\",\"potentialAction\":[{\"@type\":\"SearchAction\",\"target\":{\"@type\":\"EntryPoint\",\"urlTemplate\":\"https:\/\/unisalesiano.com.br\/aracatuba\/?s={search_term_string}\"},\"query-input\":\"required name=search_term_string\"}],\"inLanguage\":\"pt-BR\"},{\"@type\":\"ImageObject\",\"@id\":\"https:\/\/unisalesiano.com.br\/aracatuba\/unisalesiano-participou-de-eventos-em-homenagem-a-mulher\/#primaryimage\",\"inLanguage\":\"pt-BR\",\"url\":\"https:\/\/unisalesiano.com.br\/aracatuba\/wp-content\/uploads\/2019\/01\/2007-03-08-341-UniSALESIANO-participou-de-eventos-em-homenagem-\\u00e0-mulher.jpg\",\"contentUrl\":\"https:\/\/unisalesiano.com.br\/aracatuba\/wp-content\/uploads\/2019\/01\/2007-03-08-341-UniSALESIANO-participou-de-eventos-em-homenagem-\\u00e0-mulher.jpg\",\"width\":480,\"height\":360},{\"@type\":\"WebPage\",\"@id\":\"https:\/\/unisalesiano.com.br\/aracatuba\/unisalesiano-participou-de-eventos-em-homenagem-a-mulher\/#webpage\",\"url\":\"https:\/\/unisalesiano.com.br\/aracatuba\/unisalesiano-participou-de-eventos-em-homenagem-a-mulher\/\",\"name\":\"UniSALESIANO participou de eventos em homenagem \\u00e0 mulher - UniSALESIANO Ara\\u00e7atuba\/SP\",\"isPartOf\":{\"@id\":\"https:\/\/unisalesiano.com.br\/aracatuba\/#website\"},\"primaryImageOfPage\":{\"@id\":\"https:\/\/unisalesiano.com.br\/aracatuba\/unisalesiano-participou-de-eventos-em-homenagem-a-mulher\/#primaryimage\"},\"datePublished\":\"2007-03-08T13:53:09+00:00\",\"dateModified\":\"2019-06-26T16:15:31+00:00\",\"author\":{\"@id\":\"https:\/\/unisalesiano.com.br\/aracatuba\/#\/schema\/person\/afb1b2331f463570beda616f4cc14cc9\"},\"breadcrumb\":{\"@id\":\"https:\/\/unisalesiano.com.br\/aracatuba\/unisalesiano-participou-de-eventos-em-homenagem-a-mulher\/#breadcrumb\"},\"inLanguage\":\"pt-BR\",\"potentialAction\":[{\"@type\":\"ReadAction\",\"target\":[\"https:\/\/unisalesiano.com.br\/aracatuba\/unisalesiano-participou-de-eventos-em-homenagem-a-mulher\/\"]}]},{\"@type\":\"BreadcrumbList\",\"@id\":\"https:\/\/unisalesiano.com.br\/aracatuba\/unisalesiano-participou-de-eventos-em-homenagem-a-mulher\/#breadcrumb\",\"itemListElement\":[{\"@type\":\"ListItem\",\"position\":1,\"name\":\"In\\u00edcio\",\"item\":\"https:\/\/unisalesiano.com.br\/aracatuba\/\"},{\"@type\":\"ListItem\",\"position\":2,\"name\":\"UniSALESIANO participou de eventos em homenagem \\u00e0 mulher\"}]},{\"@type\":\"Person\",\"@id\":\"https:\/\/unisalesiano.com.br\/aracatuba\/#\/schema\/person\/afb1b2331f463570beda616f4cc14cc9\",\"name\":\"admin\",\"image\":{\"@type\":\"ImageObject\",\"@id\":\"https:\/\/unisalesiano.com.br\/aracatuba\/#personlogo\",\"inLanguage\":\"pt-BR\",\"url\":\"https:\/\/secure.gravatar.com\/avatar\/dfc5c63987fa9f19b5c366e55740b2a0ffac4aab41ba55c1bd96dbb85eb3a8ca?s=96&d=mm&r=g\",\"contentUrl\":\"https:\/\/secure.gravatar.com\/avatar\/dfc5c63987fa9f19b5c366e55740b2a0ffac4aab41ba55c1bd96dbb85eb3a8ca?s=96&d=mm&r=g\",\"caption\":\"admin\"},\"url\":\"https:\/\/unisalesiano.com.br\/aracatuba\/author\/admin\/\"}]}<\/script>\n<!-- \/ Yoast SEO plugin. -->","yoast_head_json":{"title":"UniSALESIANO participou de eventos em homenagem \u00e0 mulher - UniSALESIANO Ara\u00e7atuba\/SP","robots":{"index":"index","follow":"follow","max-snippet":"max-snippet:-1","max-image-preview":"max-image-preview:large","max-video-preview":"max-video-preview:-1"},"canonical":"https:\/\/unisalesiano.com.br\/aracatuba\/unisalesiano-participou-de-eventos-em-homenagem-a-mulher\/","og_locale":"pt_BR","og_type":"article","og_title":"UniSALESIANO participou de eventos em homenagem \u00e0 mulher - UniSALESIANO Ara\u00e7atuba\/SP","og_description":"O Centro Universit\u00e1rio Cat\u00f3lico Salesiano Auxilium &#8211; UniSALESIANO de Ara\u00e7atuba participou nesta quinta-feira de homenagens prestadas pela passagem do Dia Internacional da Mulher. A Institui\u00e7\u00e3o colaborou com a C\u00e2mara Municipal e com a administra\u00e7\u00e3o do Cal\u00e7ad\u00e3o da Marechal Deodoro, realizando diversas atividades. Alunos do 5\u00ba termo do Curso de Enfermagem estiveram \u00e0 disposi\u00e7\u00e3o do p\u00fablico [&hellip;]","og_url":"https:\/\/unisalesiano.com.br\/aracatuba\/unisalesiano-participou-de-eventos-em-homenagem-a-mulher\/","og_site_name":"UniSALESIANO Ara\u00e7atuba\/SP","article_published_time":"2007-03-08T13:53:09+00:00","article_modified_time":"2019-06-26T16:15:31+00:00","og_image":[{"width":480,"height":360,"url":"https:\/\/unisalesiano.com.br\/aracatuba\/wp-content\/uploads\/2019\/01\/2007-03-08-341-UniSALESIANO-participou-de-eventos-em-homenagem-\u00e0-mulher.jpg","type":"image\/jpeg"}],"twitter_card":"summary_large_image","twitter_misc":{"Escrito por":"admin","Est. tempo de leitura":"1 minuto"},"schema":{"@context":"https:\/\/schema.org","@graph":[{"@type":"WebSite","@id":"https:\/\/unisalesiano.com.br\/aracatuba\/#website","url":"https:\/\/unisalesiano.com.br\/aracatuba\/","name":"UniSALESIANO Ara\u00e7atuba\/SP","description":"Centro Universit\u00e1rio Cat\u00f3lico Salesiano Auxilium","potentialAction":[{"@type":"SearchAction","target":{"@type":"EntryPoint","urlTemplate":"https:\/\/unisalesiano.com.br\/aracatuba\/?s={search_term_string}"},"query-input":"required name=search_term_string"}],"inLanguage":"pt-BR"},{"@type":"ImageObject","@id":"https:\/\/unisalesiano.com.br\/aracatuba\/unisalesiano-participou-de-eventos-em-homenagem-a-mulher\/#primaryimage","inLanguage":"pt-BR","url":"https:\/\/unisalesiano.com.br\/aracatuba\/wp-content\/uploads\/2019\/01\/2007-03-08-341-UniSALESIANO-participou-de-eventos-em-homenagem-\u00e0-mulher.jpg","contentUrl":"https:\/\/unisalesiano.com.br\/aracatuba\/wp-content\/uploads\/2019\/01\/2007-03-08-341-UniSALESIANO-participou-de-eventos-em-homenagem-\u00e0-mulher.jpg","width":480,"height":360},{"@type":"WebPage","@id":"https:\/\/unisalesiano.com.br\/aracatuba\/unisalesiano-participou-de-eventos-em-homenagem-a-mulher\/#webpage","url":"https:\/\/unisalesiano.com.br\/aracatuba\/unisalesiano-participou-de-eventos-em-homenagem-a-mulher\/","name":"UniSALESIANO participou de eventos em homenagem \u00e0 mulher - UniSALESIANO Ara\u00e7atuba\/SP","isPartOf":{"@id":"https:\/\/unisalesiano.com.br\/aracatuba\/#website"},"primaryImageOfPage":{"@id":"https:\/\/unisalesiano.com.br\/aracatuba\/unisalesiano-participou-de-eventos-em-homenagem-a-mulher\/#primaryimage"},"datePublished":"2007-03-08T13:53:09+00:00","dateModified":"2019-06-26T16:15:31+00:00","author":{"@id":"https:\/\/unisalesiano.com.br\/aracatuba\/#\/schema\/person\/afb1b2331f463570beda616f4cc14cc9"},"breadcrumb":{"@id":"https:\/\/unisalesiano.com.br\/aracatuba\/unisalesiano-participou-de-eventos-em-homenagem-a-mulher\/#breadcrumb"},"inLanguage":"pt-BR","potentialAction":[{"@type":"ReadAction","target":["https:\/\/unisalesiano.com.br\/aracatuba\/unisalesiano-participou-de-eventos-em-homenagem-a-mulher\/"]}]},{"@type":"BreadcrumbList","@id":"https:\/\/unisalesiano.com.br\/aracatuba\/unisalesiano-participou-de-eventos-em-homenagem-a-mulher\/#breadcrumb","itemListElement":[{"@type":"ListItem","position":1,"name":"In\u00edcio","item":"https:\/\/unisalesiano.com.br\/aracatuba\/"},{"@type":"ListItem","position":2,"name":"UniSALESIANO participou de eventos em homenagem \u00e0 mulher"}]},{"@type":"Person","@id":"https:\/\/unisalesiano.com.br\/aracatuba\/#\/schema\/person\/afb1b2331f463570beda616f4cc14cc9","name":"admin","image":{"@type":"ImageObject","@id":"https:\/\/unisalesiano.com.br\/aracatuba\/#personlogo","inLanguage":"pt-BR","url":"https:\/\/secure.gravatar.com\/avatar\/dfc5c63987fa9f19b5c366e55740b2a0ffac4aab41ba55c1bd96dbb85eb3a8ca?s=96&d=mm&r=g","contentUrl":"https:\/\/secure.gravatar.com\/avatar\/dfc5c63987fa9f19b5c366e55740b2a0ffac4aab41ba55c1bd96dbb85eb3a8ca?s=96&d=mm&r=g","caption":"admin"},"url":"https:\/\/unisalesiano.com.br\/aracatuba\/author\/admin\/"}]}},"_links":{"self":[{"href":"https:\/\/unisalesiano.com.br\/aracatuba\/wp-json\/wp\/v2\/posts\/8643","targetHints":{"allow":["GET"]}}],"collection":[{"href":"https:\/\/unisalesiano.com.br\/aracatuba\/wp-json\/wp\/v2\/posts"}],"about":[{"href":"https:\/\/unisalesiano.com.br\/aracatuba\/wp-json\/wp\/v2\/types\/post"}],"author":[{"embeddable":true,"href":"https:\/\/unisalesiano.com.br\/aracatuba\/wp-json\/wp\/v2\/users\/1"}],"replies":[{"embeddable":true,"href":"https:\/\/unisalesiano.com.br\/aracatuba\/wp-json\/wp\/v2\/comments?post=8643"}],"version-history":[{"count":0,"href":"https:\/\/unisalesiano.com.br\/aracatuba\/wp-json\/wp\/v2\/posts\/8643\/revisions"}],"wp:featuredmedia":[{"embeddable":true,"href":"https:\/\/unisalesiano.com.br\/aracatuba\/wp-json\/wp\/v2\/media\/8644"}],"wp:attachment":[{"href":"https:\/\/unisalesiano.com.br\/aracatuba\/wp-json\/wp\/v2\/media?parent=8643"}],"wp:term":[{"taxonomy":"category","embeddable":true,"href":"https:\/\/unisalesiano.com.br\/aracatuba\/wp-json\/wp\/v2\/categories?post=8643"},{"taxonomy":"post_tag","embeddable":true,"href":"https:\/\/unisalesiano.com.br\/aracatuba\/wp-json\/wp\/v2\/tags?post=8643"}],"curies":[{"name":"wp","href":"https:\/\/api.w.org\/{rel}","templated":true}]}}