{"id":8620,"date":"2006-12-22T10:05:07","date_gmt":"2006-12-22T12:05:07","guid":{"rendered":"https:\/\/unisalesiano.com.br\/?p=8620"},"modified":"2019-01-16T10:07:26","modified_gmt":"2019-01-16T12:07:26","slug":"professor-do-unisalesiano-e-convidado-a-integrar-o-whos-who","status":"publish","type":"post","link":"https:\/\/unisalesiano.com.br\/aracatuba\/professor-do-unisalesiano-e-convidado-a-integrar-o-whos-who\/","title":{"rendered":"Professor do UniSALESIANO \u00e9 convidado a integrar o \u00b4Who\u00b4s Who&#8221;"},"content":{"rendered":"\n<p>O Prof. Dr. Luiz Gustavo Ferraz Lima, titular da disciplina\nde Parasitologia do Curso de Enfermagem do UniSALESIANO de Ara\u00e7atuba desde\n2002, acaba de ser convidado a integrar o \u00b4Marquis Who\u00b4s Who\u00b4, uma publica\u00e7\u00e3o\nbiogr\u00e1fica norte-americana centen\u00e1ria que congrega personalidades de v\u00e1rias\n\u00e1reas de atividades dos Estados Unidos e do mundo.<\/p>\n\n\n\n<p>Ele foi lembrado por ser um estudioso e pesquisador de temas\nrelacionados \u00e0 biologia e, em especial, \u00e0 parasitologia. O \u00b4Marquis Who\u00b4s Who\u00b4\npublica em seu site e na forma impressa uma bem elaborada edi\u00e7\u00e3o com verbetes\ncontendo o nome, a forma\u00e7\u00e3o acad\u00eamica e trabalhos desenvolvidos e publicados\npelos profissionais destacados.<\/p>\n\n\n\n<p>Integram o \u00b4Who\u00b4s Who\u00b4 &#8211; que em portugu\u00eas significa \u00b4Quem \u00e9\nQuem\u00b4- cientistas, executivos, jornalistas, educadores, estudantes,\npesquisadores e at\u00e9 \u00f3rg\u00e3os como bibliotecas. A indica\u00e7\u00e3o dos profissionais que\ncriam, desenvolvem e apresentam trabalhos nos mais variados setores \u00e9 feita\ndesde 1899, quando a publica\u00e7\u00e3o foi criada nos EUA.<\/p>\n\n\n\n<p>O Centro Universit\u00e1rio Cat\u00f3lico Salesiano Auxilium &#8211;\nUniSALESIANO de Ara\u00e7atuba, por concentrar em seu quadro professores com altos\nn\u00edveis de conhecimento e desempenho, freq\u00fcentemente registra participa\u00e7\u00f5es de\nseus profissionais em eventos importantes nas mais diversas \u00e1reas de ensino e\nde ci\u00eancias. Muitos s\u00e3o os exemplos de docentes e pesquisadores que realizam\ntrabalhos, defendem teses e desenvolvem projetos, colocando a Institui\u00e7\u00e3o entre\nas que mais vivenciam esta forma de atua\u00e7\u00e3o.<\/p>\n\n\n\n<p>A experi\u00eancia recente do pr\u00f3prio Prof. Dr. Luiz Gustavo\nFerraz Lima \u00e9 um destes casos. Ele participou, entre os dias 3 e 6 de setembro,\nem Ribeir\u00e3o Preto, do 14o Congresso Brasileiro de Parasitologia Veterin\u00e1ria e\n2o Simp\u00f3sio Latino-Americano de Rickettsioses. Naquela oportunidade ele\nparticipou enviando tr\u00eas trabalhos, resultados de sua tese de doutoramento. Os\ntr\u00eas foram selecionados para apresenta\u00e7\u00e3o na forma de p\u00f4ster.<\/p>\n\n\n\n<p>Para exposi\u00e7\u00e3o oral foram inclu\u00eddos apenas 6 apresenta\u00e7\u00f5es\nda \u00e1rea de Entomologia, entre as 220 inscritas. Entre elas estava inclu\u00eddo o\ntrabalho intitulado Influ\u00eancia da A\u00e7\u00e3o da Entomofauna Coprof\u00edlica no\nDesenvolvimento da Mosca-dos-Chifres (Haematobia Irritans) em Fezes Bovinas no\nMunic\u00edpio de Ara\u00e7atuba, de autoria do Prof. Luiz Gustavo.<\/p>\n\n\n\n<p>A exposi\u00e7\u00e3o obteve o reconhecimento da comiss\u00e3o organizadora\ne provocou acalorados aplausos da plat\u00e9ia. Para o Prof. Dr. Luiz Gustavo Ferraz\nLima &#8220;trata-se do reconhecimento de trabalhos cient\u00edficos realizados com\nmuito esfor\u00e7o, qualidade e dedica\u00e7\u00e3o&#8221;.<\/p>\n","protected":false},"excerpt":{"rendered":"<p>O Prof. Dr. Luiz Gustavo Ferraz Lima, titular da disciplina de Parasitologia do Curso de Enfermagem do UniSALESIANO de Ara\u00e7atuba desde 2002, acaba de ser convidado a integrar o \u00b4Marquis Who\u00b4s Who\u00b4, uma publica\u00e7\u00e3o biogr\u00e1fica norte-americana centen\u00e1ria que congrega personalidades de v\u00e1rias \u00e1reas de atividades dos Estados Unidos e do mundo. Ele foi lembrado por [&hellip;]<\/p>\n","protected":false},"author":1,"featured_media":0,"comment_status":"open","ping_status":"open","sticky":false,"template":"","format":"standard","meta":{"footnotes":""},"categories":[5],"tags":[15],"class_list":["post-8620","post","type-post","status-publish","format-standard","hentry","category-saude","tag-enfermagem"],"yoast_head":"<!-- This site is optimized with the Yoast SEO plugin v17.4 - https:\/\/yoast.com\/wordpress\/plugins\/seo\/ -->\n<title>Professor do UniSALESIANO \u00e9 convidado a integrar o \u00b4Who\u00b4s Who&quot; - UniSALESIANO Ara\u00e7atuba\/SP<\/title>\n<meta name=\"robots\" content=\"index, follow, max-snippet:-1, max-image-preview:large, max-video-preview:-1\" \/>\n<link rel=\"canonical\" href=\"https:\/\/unisalesiano.com.br\/aracatuba\/professor-do-unisalesiano-e-convidado-a-integrar-o-whos-who\/\" \/>\n<meta property=\"og:locale\" content=\"pt_BR\" \/>\n<meta property=\"og:type\" content=\"article\" \/>\n<meta property=\"og:title\" content=\"Professor do UniSALESIANO \u00e9 convidado a integrar o \u00b4Who\u00b4s Who&quot; - UniSALESIANO Ara\u00e7atuba\/SP\" \/>\n<meta property=\"og:description\" content=\"O Prof. Dr. Luiz Gustavo Ferraz Lima, titular da disciplina de Parasitologia do Curso de Enfermagem do UniSALESIANO de Ara\u00e7atuba desde 2002, acaba de ser convidado a integrar o \u00b4Marquis Who\u00b4s Who\u00b4, uma publica\u00e7\u00e3o biogr\u00e1fica norte-americana centen\u00e1ria que congrega personalidades de v\u00e1rias \u00e1reas de atividades dos Estados Unidos e do mundo. Ele foi lembrado por [&hellip;]\" \/>\n<meta property=\"og:url\" content=\"https:\/\/unisalesiano.com.br\/aracatuba\/professor-do-unisalesiano-e-convidado-a-integrar-o-whos-who\/\" \/>\n<meta property=\"og:site_name\" content=\"UniSALESIANO Ara\u00e7atuba\/SP\" \/>\n<meta property=\"article:published_time\" content=\"2006-12-22T12:05:07+00:00\" \/>\n<meta property=\"article:modified_time\" content=\"2019-01-16T12:07:26+00:00\" \/>\n<meta name=\"twitter:card\" content=\"summary_large_image\" \/>\n<meta name=\"twitter:label1\" content=\"Escrito por\" \/>\n\t<meta name=\"twitter:data1\" content=\"admin\" \/>\n\t<meta name=\"twitter:label2\" content=\"Est. tempo de leitura\" \/>\n\t<meta name=\"twitter:data2\" content=\"2 minutos\" \/>\n<script type=\"application\/ld+json\" class=\"yoast-schema-graph\">{\"@context\":\"https:\/\/schema.org\",\"@graph\":[{\"@type\":\"WebSite\",\"@id\":\"https:\/\/unisalesiano.com.br\/aracatuba\/#website\",\"url\":\"https:\/\/unisalesiano.com.br\/aracatuba\/\",\"name\":\"UniSALESIANO Ara\\u00e7atuba\/SP\",\"description\":\"Centro Universit\\u00e1rio Cat\\u00f3lico Salesiano Auxilium\",\"potentialAction\":[{\"@type\":\"SearchAction\",\"target\":{\"@type\":\"EntryPoint\",\"urlTemplate\":\"https:\/\/unisalesiano.com.br\/aracatuba\/?s={search_term_string}\"},\"query-input\":\"required name=search_term_string\"}],\"inLanguage\":\"pt-BR\"},{\"@type\":\"WebPage\",\"@id\":\"https:\/\/unisalesiano.com.br\/aracatuba\/professor-do-unisalesiano-e-convidado-a-integrar-o-whos-who\/#webpage\",\"url\":\"https:\/\/unisalesiano.com.br\/aracatuba\/professor-do-unisalesiano-e-convidado-a-integrar-o-whos-who\/\",\"name\":\"Professor do UniSALESIANO \\u00e9 convidado a integrar o \\u00b4Who\\u00b4s Who\\\" - UniSALESIANO Ara\\u00e7atuba\/SP\",\"isPartOf\":{\"@id\":\"https:\/\/unisalesiano.com.br\/aracatuba\/#website\"},\"datePublished\":\"2006-12-22T12:05:07+00:00\",\"dateModified\":\"2019-01-16T12:07:26+00:00\",\"author\":{\"@id\":\"https:\/\/unisalesiano.com.br\/aracatuba\/#\/schema\/person\/afb1b2331f463570beda616f4cc14cc9\"},\"breadcrumb\":{\"@id\":\"https:\/\/unisalesiano.com.br\/aracatuba\/professor-do-unisalesiano-e-convidado-a-integrar-o-whos-who\/#breadcrumb\"},\"inLanguage\":\"pt-BR\",\"potentialAction\":[{\"@type\":\"ReadAction\",\"target\":[\"https:\/\/unisalesiano.com.br\/aracatuba\/professor-do-unisalesiano-e-convidado-a-integrar-o-whos-who\/\"]}]},{\"@type\":\"BreadcrumbList\",\"@id\":\"https:\/\/unisalesiano.com.br\/aracatuba\/professor-do-unisalesiano-e-convidado-a-integrar-o-whos-who\/#breadcrumb\",\"itemListElement\":[{\"@type\":\"ListItem\",\"position\":1,\"name\":\"In\\u00edcio\",\"item\":\"https:\/\/unisalesiano.com.br\/aracatuba\/\"},{\"@type\":\"ListItem\",\"position\":2,\"name\":\"Professor do UniSALESIANO \\u00e9 convidado a integrar o \\u00b4Who\\u00b4s Who&#8221;\"}]},{\"@type\":\"Person\",\"@id\":\"https:\/\/unisalesiano.com.br\/aracatuba\/#\/schema\/person\/afb1b2331f463570beda616f4cc14cc9\",\"name\":\"admin\",\"image\":{\"@type\":\"ImageObject\",\"@id\":\"https:\/\/unisalesiano.com.br\/aracatuba\/#personlogo\",\"inLanguage\":\"pt-BR\",\"url\":\"https:\/\/secure.gravatar.com\/avatar\/dfc5c63987fa9f19b5c366e55740b2a0ffac4aab41ba55c1bd96dbb85eb3a8ca?s=96&d=mm&r=g\",\"contentUrl\":\"https:\/\/secure.gravatar.com\/avatar\/dfc5c63987fa9f19b5c366e55740b2a0ffac4aab41ba55c1bd96dbb85eb3a8ca?s=96&d=mm&r=g\",\"caption\":\"admin\"},\"url\":\"https:\/\/unisalesiano.com.br\/aracatuba\/author\/admin\/\"}]}<\/script>\n<!-- \/ Yoast SEO plugin. -->","yoast_head_json":{"title":"Professor do UniSALESIANO \u00e9 convidado a integrar o \u00b4Who\u00b4s Who\" - UniSALESIANO Ara\u00e7atuba\/SP","robots":{"index":"index","follow":"follow","max-snippet":"max-snippet:-1","max-image-preview":"max-image-preview:large","max-video-preview":"max-video-preview:-1"},"canonical":"https:\/\/unisalesiano.com.br\/aracatuba\/professor-do-unisalesiano-e-convidado-a-integrar-o-whos-who\/","og_locale":"pt_BR","og_type":"article","og_title":"Professor do UniSALESIANO \u00e9 convidado a integrar o \u00b4Who\u00b4s Who\" - UniSALESIANO Ara\u00e7atuba\/SP","og_description":"O Prof. Dr. Luiz Gustavo Ferraz Lima, titular da disciplina de Parasitologia do Curso de Enfermagem do UniSALESIANO de Ara\u00e7atuba desde 2002, acaba de ser convidado a integrar o \u00b4Marquis Who\u00b4s Who\u00b4, uma publica\u00e7\u00e3o biogr\u00e1fica norte-americana centen\u00e1ria que congrega personalidades de v\u00e1rias \u00e1reas de atividades dos Estados Unidos e do mundo. Ele foi lembrado por [&hellip;]","og_url":"https:\/\/unisalesiano.com.br\/aracatuba\/professor-do-unisalesiano-e-convidado-a-integrar-o-whos-who\/","og_site_name":"UniSALESIANO Ara\u00e7atuba\/SP","article_published_time":"2006-12-22T12:05:07+00:00","article_modified_time":"2019-01-16T12:07:26+00:00","twitter_card":"summary_large_image","twitter_misc":{"Escrito por":"admin","Est. tempo de leitura":"2 minutos"},"schema":{"@context":"https:\/\/schema.org","@graph":[{"@type":"WebSite","@id":"https:\/\/unisalesiano.com.br\/aracatuba\/#website","url":"https:\/\/unisalesiano.com.br\/aracatuba\/","name":"UniSALESIANO Ara\u00e7atuba\/SP","description":"Centro Universit\u00e1rio Cat\u00f3lico Salesiano Auxilium","potentialAction":[{"@type":"SearchAction","target":{"@type":"EntryPoint","urlTemplate":"https:\/\/unisalesiano.com.br\/aracatuba\/?s={search_term_string}"},"query-input":"required name=search_term_string"}],"inLanguage":"pt-BR"},{"@type":"WebPage","@id":"https:\/\/unisalesiano.com.br\/aracatuba\/professor-do-unisalesiano-e-convidado-a-integrar-o-whos-who\/#webpage","url":"https:\/\/unisalesiano.com.br\/aracatuba\/professor-do-unisalesiano-e-convidado-a-integrar-o-whos-who\/","name":"Professor do UniSALESIANO \u00e9 convidado a integrar o \u00b4Who\u00b4s Who\" - UniSALESIANO Ara\u00e7atuba\/SP","isPartOf":{"@id":"https:\/\/unisalesiano.com.br\/aracatuba\/#website"},"datePublished":"2006-12-22T12:05:07+00:00","dateModified":"2019-01-16T12:07:26+00:00","author":{"@id":"https:\/\/unisalesiano.com.br\/aracatuba\/#\/schema\/person\/afb1b2331f463570beda616f4cc14cc9"},"breadcrumb":{"@id":"https:\/\/unisalesiano.com.br\/aracatuba\/professor-do-unisalesiano-e-convidado-a-integrar-o-whos-who\/#breadcrumb"},"inLanguage":"pt-BR","potentialAction":[{"@type":"ReadAction","target":["https:\/\/unisalesiano.com.br\/aracatuba\/professor-do-unisalesiano-e-convidado-a-integrar-o-whos-who\/"]}]},{"@type":"BreadcrumbList","@id":"https:\/\/unisalesiano.com.br\/aracatuba\/professor-do-unisalesiano-e-convidado-a-integrar-o-whos-who\/#breadcrumb","itemListElement":[{"@type":"ListItem","position":1,"name":"In\u00edcio","item":"https:\/\/unisalesiano.com.br\/aracatuba\/"},{"@type":"ListItem","position":2,"name":"Professor do UniSALESIANO \u00e9 convidado a integrar o \u00b4Who\u00b4s Who&#8221;"}]},{"@type":"Person","@id":"https:\/\/unisalesiano.com.br\/aracatuba\/#\/schema\/person\/afb1b2331f463570beda616f4cc14cc9","name":"admin","image":{"@type":"ImageObject","@id":"https:\/\/unisalesiano.com.br\/aracatuba\/#personlogo","inLanguage":"pt-BR","url":"https:\/\/secure.gravatar.com\/avatar\/dfc5c63987fa9f19b5c366e55740b2a0ffac4aab41ba55c1bd96dbb85eb3a8ca?s=96&d=mm&r=g","contentUrl":"https:\/\/secure.gravatar.com\/avatar\/dfc5c63987fa9f19b5c366e55740b2a0ffac4aab41ba55c1bd96dbb85eb3a8ca?s=96&d=mm&r=g","caption":"admin"},"url":"https:\/\/unisalesiano.com.br\/aracatuba\/author\/admin\/"}]}},"_links":{"self":[{"href":"https:\/\/unisalesiano.com.br\/aracatuba\/wp-json\/wp\/v2\/posts\/8620","targetHints":{"allow":["GET"]}}],"collection":[{"href":"https:\/\/unisalesiano.com.br\/aracatuba\/wp-json\/wp\/v2\/posts"}],"about":[{"href":"https:\/\/unisalesiano.com.br\/aracatuba\/wp-json\/wp\/v2\/types\/post"}],"author":[{"embeddable":true,"href":"https:\/\/unisalesiano.com.br\/aracatuba\/wp-json\/wp\/v2\/users\/1"}],"replies":[{"embeddable":true,"href":"https:\/\/unisalesiano.com.br\/aracatuba\/wp-json\/wp\/v2\/comments?post=8620"}],"version-history":[{"count":0,"href":"https:\/\/unisalesiano.com.br\/aracatuba\/wp-json\/wp\/v2\/posts\/8620\/revisions"}],"wp:attachment":[{"href":"https:\/\/unisalesiano.com.br\/aracatuba\/wp-json\/wp\/v2\/media?parent=8620"}],"wp:term":[{"taxonomy":"category","embeddable":true,"href":"https:\/\/unisalesiano.com.br\/aracatuba\/wp-json\/wp\/v2\/categories?post=8620"},{"taxonomy":"post_tag","embeddable":true,"href":"https:\/\/unisalesiano.com.br\/aracatuba\/wp-json\/wp\/v2\/tags?post=8620"}],"curies":[{"name":"wp","href":"https:\/\/api.w.org\/{rel}","templated":true}]}}