{"id":8596,"date":"2006-11-29T09:47:19","date_gmt":"2006-11-29T11:47:19","guid":{"rendered":"https:\/\/unisalesiano.com.br\/?p=8596"},"modified":"2019-01-16T09:48:24","modified_gmt":"2019-01-16T11:48:24","slug":"liga-do-trauma-ja-realizou-simposio-em-2006-e-se-organiza-para-crescer-em-2007","status":"publish","type":"post","link":"https:\/\/unisalesiano.com.br\/aracatuba\/liga-do-trauma-ja-realizou-simposio-em-2006-e-se-organiza-para-crescer-em-2007\/","title":{"rendered":"Liga do Trauma j\u00e1 realizou simp\u00f3sio em 2006 e se organiza para crescer em 2007"},"content":{"rendered":"\n<p>A Liga do Trauma (LITAU), formada por Acad\u00eamicos do Centro\nUniversit\u00e1rio Cat\u00f3lico Salesiano Auxilium -UniSALESIANO, foi fundada em 5 de\nabril de 2006. Ela \u00e9 constitu\u00edda por alunos do 2\u00ba ao 8\u00ba termos do curso de\nEnfermagem, contando com a orienta\u00e7\u00e3o de professores da Institui\u00e7\u00e3o.<\/p>\n\n\n\n<p>No seu pequeno tempo de exist\u00eancia j\u00e1 mostrou disposi\u00e7\u00e3o\npara a realiza\u00e7\u00e3o de eventos importantes, que pela qualidade de seus conte\u00fados\nv\u00e3o encontrar respostas positivas junto aos p\u00fablicos-alvo.<\/p>\n\n\n\n<p>Um exemplo do trabalho do \u00f3rg\u00e3o foi o I Simp\u00f3sio da Liga do\nTrauma dos Acad\u00eamicos do UniSALESIANO, realizado no dia 25 de novembro, na\ncapela do Campus. O Encontro abordou pontos interessantes como T\u00e9cnicas de\nMobiliza\u00e7\u00e3o do Politrauma, ABCDE da Urg\u00eancia e Emerg\u00eancia, Trauma\nCr\u00e2nio-Encef\u00e1lico, Trauma Raquimedular e Reabilita\u00e7\u00e3o no TRM.<\/p>\n\n\n\n<p>O evento contou com grande p\u00fablico, n\u00e3o s\u00f3 constitu\u00eddo de\nalunos mas tamb\u00e9m de pessoas interessadas. Os participantes foram convidados a\ncontribuir com um litro de leite, cuja arrecada\u00e7\u00e3o seria destinada a entidades\nque atendem pessoas carentes do munic\u00edpio.<\/p>\n\n\n\n<p>Para 2007, o \u00f3rg\u00e3o prev\u00ea a realiza\u00e7\u00e3o de uma s\u00e9rie de\neventos na \u00e1rea, quando procurar\u00e1 dar a sua cota de contribui\u00e7\u00e3o para reunir\nmais informa\u00e7\u00f5es e dados que possam estabelecer um quadro cada vez melhor sobre\na quest\u00e3o. Para tanto, ser\u00e3o desenvolvidas palestras com a presen\u00e7a de m\u00e9dicos\ne t\u00e9cnicos especialistas em trauma e efetivadas pesquisas e coleta de material\nsobre o assunto.<\/p>\n\n\n\n<p>Ma\u00edsa Crivelini, presidente da LITAU, considera que &#8220;a\nLiga proporciona ao aluno uma excelente vivencia da pr\u00e1tica, o que colabora\npara ajudar na capacita\u00e7\u00e3o profissional e no atendimento de emerg\u00eancia de\nvitimas de trauma&#8221;. Segundo ela, o trabalho mostra ao aluno como \u00e9\nimportante a atua\u00e7\u00e3o multiprofissional e que atrav\u00e9s desta pr\u00e1tica a popula\u00e7\u00e3o\nvitima de trauma poder\u00e1 receber um atendimento de qualidade capaz de salvar\nvidas&#8221;.<\/p>\n\n\n\n<p>Karina Guerra, professora do UniSALESIANO, ressalta que a\nLiga do Trauma formada por acad\u00eamicos tem por objetivo despertar junto aos\nalunos de Enfermagem interesse pelos diversos aspectos que envolvem a din\u00e2mica\ndo trauma e o seu atendimento.<\/p>\n\n\n\n<p>H\u00e1 a proposta, tamb\u00e9m, de desenvolver estudos em grupo sobre\nos principais traumas que acometem a popula\u00e7\u00e3o de Ara\u00e7atuba e regi\u00e3o,\nconhecimentos estes que servir\u00e3o para subsidiar atividades de ensino, trabalhos\nde pesquisa e servi\u00e7os de assist\u00eancia e extens\u00e3o \u00e0 comunidade, complementando\nassim a forma\u00e7\u00e3o acad\u00eamica.<\/p>\n","protected":false},"excerpt":{"rendered":"<p>A Liga do Trauma (LITAU), formada por Acad\u00eamicos do Centro Universit\u00e1rio Cat\u00f3lico Salesiano Auxilium -UniSALESIANO, foi fundada em 5 de abril de 2006. Ela \u00e9 constitu\u00edda por alunos do 2\u00ba ao 8\u00ba termos do curso de Enfermagem, contando com a orienta\u00e7\u00e3o de professores da Institui\u00e7\u00e3o. No seu pequeno tempo de exist\u00eancia j\u00e1 mostrou disposi\u00e7\u00e3o para [&hellip;]<\/p>\n","protected":false},"author":1,"featured_media":0,"comment_status":"open","ping_status":"open","sticky":false,"template":"","format":"standard","meta":{"footnotes":""},"categories":[5],"tags":[15,146],"class_list":["post-8596","post","type-post","status-publish","format-standard","hentry","category-saude","tag-enfermagem","tag-liga"],"yoast_head":"<!-- This site is optimized with the Yoast SEO plugin v17.4 - https:\/\/yoast.com\/wordpress\/plugins\/seo\/ -->\n<title>Liga do Trauma j\u00e1 realizou simp\u00f3sio em 2006 e se organiza para crescer em 2007 - UniSALESIANO Ara\u00e7atuba\/SP<\/title>\n<meta name=\"robots\" content=\"index, follow, max-snippet:-1, max-image-preview:large, max-video-preview:-1\" \/>\n<link rel=\"canonical\" href=\"https:\/\/unisalesiano.com.br\/aracatuba\/liga-do-trauma-ja-realizou-simposio-em-2006-e-se-organiza-para-crescer-em-2007\/\" \/>\n<meta property=\"og:locale\" content=\"pt_BR\" \/>\n<meta property=\"og:type\" content=\"article\" \/>\n<meta property=\"og:title\" content=\"Liga do Trauma j\u00e1 realizou simp\u00f3sio em 2006 e se organiza para crescer em 2007 - UniSALESIANO Ara\u00e7atuba\/SP\" \/>\n<meta property=\"og:description\" content=\"A Liga do Trauma (LITAU), formada por Acad\u00eamicos do Centro Universit\u00e1rio Cat\u00f3lico Salesiano Auxilium -UniSALESIANO, foi fundada em 5 de abril de 2006. Ela \u00e9 constitu\u00edda por alunos do 2\u00ba ao 8\u00ba termos do curso de Enfermagem, contando com a orienta\u00e7\u00e3o de professores da Institui\u00e7\u00e3o. No seu pequeno tempo de exist\u00eancia j\u00e1 mostrou disposi\u00e7\u00e3o para [&hellip;]\" \/>\n<meta property=\"og:url\" content=\"https:\/\/unisalesiano.com.br\/aracatuba\/liga-do-trauma-ja-realizou-simposio-em-2006-e-se-organiza-para-crescer-em-2007\/\" \/>\n<meta property=\"og:site_name\" content=\"UniSALESIANO Ara\u00e7atuba\/SP\" \/>\n<meta property=\"article:published_time\" content=\"2006-11-29T11:47:19+00:00\" \/>\n<meta property=\"article:modified_time\" content=\"2019-01-16T11:48:24+00:00\" \/>\n<meta name=\"twitter:card\" content=\"summary_large_image\" \/>\n<meta name=\"twitter:label1\" content=\"Escrito por\" \/>\n\t<meta name=\"twitter:data1\" content=\"admin\" \/>\n\t<meta name=\"twitter:label2\" content=\"Est. tempo de leitura\" \/>\n\t<meta name=\"twitter:data2\" content=\"2 minutos\" \/>\n<script type=\"application\/ld+json\" class=\"yoast-schema-graph\">{\"@context\":\"https:\/\/schema.org\",\"@graph\":[{\"@type\":\"WebSite\",\"@id\":\"https:\/\/unisalesiano.com.br\/aracatuba\/#website\",\"url\":\"https:\/\/unisalesiano.com.br\/aracatuba\/\",\"name\":\"UniSALESIANO Ara\\u00e7atuba\/SP\",\"description\":\"Centro Universit\\u00e1rio Cat\\u00f3lico Salesiano Auxilium\",\"potentialAction\":[{\"@type\":\"SearchAction\",\"target\":{\"@type\":\"EntryPoint\",\"urlTemplate\":\"https:\/\/unisalesiano.com.br\/aracatuba\/?s={search_term_string}\"},\"query-input\":\"required name=search_term_string\"}],\"inLanguage\":\"pt-BR\"},{\"@type\":\"WebPage\",\"@id\":\"https:\/\/unisalesiano.com.br\/aracatuba\/liga-do-trauma-ja-realizou-simposio-em-2006-e-se-organiza-para-crescer-em-2007\/#webpage\",\"url\":\"https:\/\/unisalesiano.com.br\/aracatuba\/liga-do-trauma-ja-realizou-simposio-em-2006-e-se-organiza-para-crescer-em-2007\/\",\"name\":\"Liga do Trauma j\\u00e1 realizou simp\\u00f3sio em 2006 e se organiza para crescer em 2007 - UniSALESIANO Ara\\u00e7atuba\/SP\",\"isPartOf\":{\"@id\":\"https:\/\/unisalesiano.com.br\/aracatuba\/#website\"},\"datePublished\":\"2006-11-29T11:47:19+00:00\",\"dateModified\":\"2019-01-16T11:48:24+00:00\",\"author\":{\"@id\":\"https:\/\/unisalesiano.com.br\/aracatuba\/#\/schema\/person\/afb1b2331f463570beda616f4cc14cc9\"},\"breadcrumb\":{\"@id\":\"https:\/\/unisalesiano.com.br\/aracatuba\/liga-do-trauma-ja-realizou-simposio-em-2006-e-se-organiza-para-crescer-em-2007\/#breadcrumb\"},\"inLanguage\":\"pt-BR\",\"potentialAction\":[{\"@type\":\"ReadAction\",\"target\":[\"https:\/\/unisalesiano.com.br\/aracatuba\/liga-do-trauma-ja-realizou-simposio-em-2006-e-se-organiza-para-crescer-em-2007\/\"]}]},{\"@type\":\"BreadcrumbList\",\"@id\":\"https:\/\/unisalesiano.com.br\/aracatuba\/liga-do-trauma-ja-realizou-simposio-em-2006-e-se-organiza-para-crescer-em-2007\/#breadcrumb\",\"itemListElement\":[{\"@type\":\"ListItem\",\"position\":1,\"name\":\"In\\u00edcio\",\"item\":\"https:\/\/unisalesiano.com.br\/aracatuba\/\"},{\"@type\":\"ListItem\",\"position\":2,\"name\":\"Liga do Trauma j\\u00e1 realizou simp\\u00f3sio em 2006 e se organiza para crescer em 2007\"}]},{\"@type\":\"Person\",\"@id\":\"https:\/\/unisalesiano.com.br\/aracatuba\/#\/schema\/person\/afb1b2331f463570beda616f4cc14cc9\",\"name\":\"admin\",\"image\":{\"@type\":\"ImageObject\",\"@id\":\"https:\/\/unisalesiano.com.br\/aracatuba\/#personlogo\",\"inLanguage\":\"pt-BR\",\"url\":\"https:\/\/secure.gravatar.com\/avatar\/dfc5c63987fa9f19b5c366e55740b2a0ffac4aab41ba55c1bd96dbb85eb3a8ca?s=96&d=mm&r=g\",\"contentUrl\":\"https:\/\/secure.gravatar.com\/avatar\/dfc5c63987fa9f19b5c366e55740b2a0ffac4aab41ba55c1bd96dbb85eb3a8ca?s=96&d=mm&r=g\",\"caption\":\"admin\"},\"url\":\"https:\/\/unisalesiano.com.br\/aracatuba\/author\/admin\/\"}]}<\/script>\n<!-- \/ Yoast SEO plugin. -->","yoast_head_json":{"title":"Liga do Trauma j\u00e1 realizou simp\u00f3sio em 2006 e se organiza para crescer em 2007 - UniSALESIANO Ara\u00e7atuba\/SP","robots":{"index":"index","follow":"follow","max-snippet":"max-snippet:-1","max-image-preview":"max-image-preview:large","max-video-preview":"max-video-preview:-1"},"canonical":"https:\/\/unisalesiano.com.br\/aracatuba\/liga-do-trauma-ja-realizou-simposio-em-2006-e-se-organiza-para-crescer-em-2007\/","og_locale":"pt_BR","og_type":"article","og_title":"Liga do Trauma j\u00e1 realizou simp\u00f3sio em 2006 e se organiza para crescer em 2007 - UniSALESIANO Ara\u00e7atuba\/SP","og_description":"A Liga do Trauma (LITAU), formada por Acad\u00eamicos do Centro Universit\u00e1rio Cat\u00f3lico Salesiano Auxilium -UniSALESIANO, foi fundada em 5 de abril de 2006. Ela \u00e9 constitu\u00edda por alunos do 2\u00ba ao 8\u00ba termos do curso de Enfermagem, contando com a orienta\u00e7\u00e3o de professores da Institui\u00e7\u00e3o. No seu pequeno tempo de exist\u00eancia j\u00e1 mostrou disposi\u00e7\u00e3o para [&hellip;]","og_url":"https:\/\/unisalesiano.com.br\/aracatuba\/liga-do-trauma-ja-realizou-simposio-em-2006-e-se-organiza-para-crescer-em-2007\/","og_site_name":"UniSALESIANO Ara\u00e7atuba\/SP","article_published_time":"2006-11-29T11:47:19+00:00","article_modified_time":"2019-01-16T11:48:24+00:00","twitter_card":"summary_large_image","twitter_misc":{"Escrito por":"admin","Est. tempo de leitura":"2 minutos"},"schema":{"@context":"https:\/\/schema.org","@graph":[{"@type":"WebSite","@id":"https:\/\/unisalesiano.com.br\/aracatuba\/#website","url":"https:\/\/unisalesiano.com.br\/aracatuba\/","name":"UniSALESIANO Ara\u00e7atuba\/SP","description":"Centro Universit\u00e1rio Cat\u00f3lico Salesiano Auxilium","potentialAction":[{"@type":"SearchAction","target":{"@type":"EntryPoint","urlTemplate":"https:\/\/unisalesiano.com.br\/aracatuba\/?s={search_term_string}"},"query-input":"required name=search_term_string"}],"inLanguage":"pt-BR"},{"@type":"WebPage","@id":"https:\/\/unisalesiano.com.br\/aracatuba\/liga-do-trauma-ja-realizou-simposio-em-2006-e-se-organiza-para-crescer-em-2007\/#webpage","url":"https:\/\/unisalesiano.com.br\/aracatuba\/liga-do-trauma-ja-realizou-simposio-em-2006-e-se-organiza-para-crescer-em-2007\/","name":"Liga do Trauma j\u00e1 realizou simp\u00f3sio em 2006 e se organiza para crescer em 2007 - UniSALESIANO Ara\u00e7atuba\/SP","isPartOf":{"@id":"https:\/\/unisalesiano.com.br\/aracatuba\/#website"},"datePublished":"2006-11-29T11:47:19+00:00","dateModified":"2019-01-16T11:48:24+00:00","author":{"@id":"https:\/\/unisalesiano.com.br\/aracatuba\/#\/schema\/person\/afb1b2331f463570beda616f4cc14cc9"},"breadcrumb":{"@id":"https:\/\/unisalesiano.com.br\/aracatuba\/liga-do-trauma-ja-realizou-simposio-em-2006-e-se-organiza-para-crescer-em-2007\/#breadcrumb"},"inLanguage":"pt-BR","potentialAction":[{"@type":"ReadAction","target":["https:\/\/unisalesiano.com.br\/aracatuba\/liga-do-trauma-ja-realizou-simposio-em-2006-e-se-organiza-para-crescer-em-2007\/"]}]},{"@type":"BreadcrumbList","@id":"https:\/\/unisalesiano.com.br\/aracatuba\/liga-do-trauma-ja-realizou-simposio-em-2006-e-se-organiza-para-crescer-em-2007\/#breadcrumb","itemListElement":[{"@type":"ListItem","position":1,"name":"In\u00edcio","item":"https:\/\/unisalesiano.com.br\/aracatuba\/"},{"@type":"ListItem","position":2,"name":"Liga do Trauma j\u00e1 realizou simp\u00f3sio em 2006 e se organiza para crescer em 2007"}]},{"@type":"Person","@id":"https:\/\/unisalesiano.com.br\/aracatuba\/#\/schema\/person\/afb1b2331f463570beda616f4cc14cc9","name":"admin","image":{"@type":"ImageObject","@id":"https:\/\/unisalesiano.com.br\/aracatuba\/#personlogo","inLanguage":"pt-BR","url":"https:\/\/secure.gravatar.com\/avatar\/dfc5c63987fa9f19b5c366e55740b2a0ffac4aab41ba55c1bd96dbb85eb3a8ca?s=96&d=mm&r=g","contentUrl":"https:\/\/secure.gravatar.com\/avatar\/dfc5c63987fa9f19b5c366e55740b2a0ffac4aab41ba55c1bd96dbb85eb3a8ca?s=96&d=mm&r=g","caption":"admin"},"url":"https:\/\/unisalesiano.com.br\/aracatuba\/author\/admin\/"}]}},"_links":{"self":[{"href":"https:\/\/unisalesiano.com.br\/aracatuba\/wp-json\/wp\/v2\/posts\/8596","targetHints":{"allow":["GET"]}}],"collection":[{"href":"https:\/\/unisalesiano.com.br\/aracatuba\/wp-json\/wp\/v2\/posts"}],"about":[{"href":"https:\/\/unisalesiano.com.br\/aracatuba\/wp-json\/wp\/v2\/types\/post"}],"author":[{"embeddable":true,"href":"https:\/\/unisalesiano.com.br\/aracatuba\/wp-json\/wp\/v2\/users\/1"}],"replies":[{"embeddable":true,"href":"https:\/\/unisalesiano.com.br\/aracatuba\/wp-json\/wp\/v2\/comments?post=8596"}],"version-history":[{"count":0,"href":"https:\/\/unisalesiano.com.br\/aracatuba\/wp-json\/wp\/v2\/posts\/8596\/revisions"}],"wp:attachment":[{"href":"https:\/\/unisalesiano.com.br\/aracatuba\/wp-json\/wp\/v2\/media?parent=8596"}],"wp:term":[{"taxonomy":"category","embeddable":true,"href":"https:\/\/unisalesiano.com.br\/aracatuba\/wp-json\/wp\/v2\/categories?post=8596"},{"taxonomy":"post_tag","embeddable":true,"href":"https:\/\/unisalesiano.com.br\/aracatuba\/wp-json\/wp\/v2\/tags?post=8596"}],"curies":[{"name":"wp","href":"https:\/\/api.w.org\/{rel}","templated":true}]}}