{"id":8578,"date":"2006-11-17T09:08:13","date_gmt":"2006-11-17T11:08:13","guid":{"rendered":"https:\/\/unisalesiano.com.br\/?p=8578"},"modified":"2019-01-16T09:09:43","modified_gmt":"2019-01-16T11:09:43","slug":"liga-de-combate-ao-cancer-leva-palestras-para-escolas","status":"publish","type":"post","link":"https:\/\/unisalesiano.com.br\/aracatuba\/liga-de-combate-ao-cancer-leva-palestras-para-escolas\/","title":{"rendered":"Liga de Combate ao C\u00e2ncer leva palestras para escolas"},"content":{"rendered":"\n<p>A Liga Acad\u00eamica de Combate ao C\u00e2ncer (LACCAU), criada no\ndia 7 de abril de 2006 no Centro Universit\u00e1rio Cat\u00f3lico Salesiano Auxilium &#8211;\nUniSALESIANO de Ara\u00e7atuba, promoveu palestra no dia 3 de novembro na Escola\nEstadual Falco Persi, da Rede Estadual de Ensino, localizada no bairro\nAlvorada.<\/p>\n\n\n\n<p>O evento foi dirigido aos pais e alunos daquela escola e\nteve por objetivo conscientizar jovens sobre os risos e malef\u00edcios do tabaco e\ndespertar junto a eles interesse pelo tema. A pr\u00f3xima escola a receber este\ntrabalho \u00e9 a Lopes Borges.<\/p>\n\n\n\n<p>As palestras foram ministradas pelos acad\u00eamicos Laila\nMarcelino Franco e Valdemir da Silva Preto.<\/p>\n\n\n\n<p>Todo o trabalho desenvolvido foi concebido e criado pelos\nalunos do 4\u00ba e 6\u00ba termos do curso de Enfermagem, sob a orienta\u00e7\u00e3o do Prof. Dr.\nAntonio Poletto, m\u00e9dico oncologista. Atuam no projeto 17 acad\u00eamicos.<\/p>\n\n\n\n<p>Vin\u00edcius Alves Parilha, presidente da Liga Acad\u00eamica de\nCombate ao C\u00e2ncer, considera esta a\u00e7\u00e3o muito importante pois significa um\ndiferencial que os alunos de Enfermagem v\u00e3o ter. Para ele, trabalhar com a\npreven\u00e7\u00e3o \u00e9 uma das melhores formas de combater o problema e sensibilizar as\npessoas.<\/p>\n\n\n\n<p>Cl\u00e1udia Cyrillo, coordenadora do Curso, refor\u00e7a a id\u00e9ia e\ndestaca que a conscientiza\u00e7\u00e3o dos alunos da Liga para desenvolver e transmitir\neste trabalho foi o primeiro passo para iniciar esta s\u00e9rie de palestras em\nescolas. Ela tamb\u00e9m concorda que fazer preven\u00e7\u00e3o quanto ao uso do tabagismo \u00e9\numa tarefa que precisa ser promovida permanentemente.<\/p>\n\n\n\n<p>&#8220;Isso permite o desenvolvimento do aluno n\u00e3o s\u00f3 na \u00e1rea\nacad\u00eamica como tamb\u00e9m na social e educacional, uma vez que eles pr\u00f3prios\nministram as palestras&#8221;, comentou.<\/p>\n","protected":false},"excerpt":{"rendered":"<p>A Liga Acad\u00eamica de Combate ao C\u00e2ncer (LACCAU), criada no dia 7 de abril de 2006 no Centro Universit\u00e1rio Cat\u00f3lico Salesiano Auxilium &#8211; UniSALESIANO de Ara\u00e7atuba, promoveu palestra no dia 3 de novembro na Escola Estadual Falco Persi, da Rede Estadual de Ensino, localizada no bairro Alvorada. O evento foi dirigido aos pais e alunos [&hellip;]<\/p>\n","protected":false},"author":1,"featured_media":8579,"comment_status":"open","ping_status":"open","sticky":false,"template":"","format":"standard","meta":{"footnotes":""},"categories":[5],"tags":[15,146],"class_list":["post-8578","post","type-post","status-publish","format-standard","has-post-thumbnail","hentry","category-saude","tag-enfermagem","tag-liga"],"yoast_head":"<!-- This site is optimized with the Yoast SEO plugin v17.4 - https:\/\/yoast.com\/wordpress\/plugins\/seo\/ -->\n<title>Liga de Combate ao C\u00e2ncer leva palestras para escolas - UniSALESIANO Ara\u00e7atuba\/SP<\/title>\n<meta name=\"robots\" content=\"index, follow, max-snippet:-1, max-image-preview:large, max-video-preview:-1\" \/>\n<link rel=\"canonical\" href=\"https:\/\/unisalesiano.com.br\/aracatuba\/liga-de-combate-ao-cancer-leva-palestras-para-escolas\/\" \/>\n<meta property=\"og:locale\" content=\"pt_BR\" \/>\n<meta property=\"og:type\" content=\"article\" \/>\n<meta property=\"og:title\" content=\"Liga de Combate ao C\u00e2ncer leva palestras para escolas - UniSALESIANO Ara\u00e7atuba\/SP\" \/>\n<meta property=\"og:description\" content=\"A Liga Acad\u00eamica de Combate ao C\u00e2ncer (LACCAU), criada no dia 7 de abril de 2006 no Centro Universit\u00e1rio Cat\u00f3lico Salesiano Auxilium &#8211; UniSALESIANO de Ara\u00e7atuba, promoveu palestra no dia 3 de novembro na Escola Estadual Falco Persi, da Rede Estadual de Ensino, localizada no bairro Alvorada. O evento foi dirigido aos pais e alunos [&hellip;]\" \/>\n<meta property=\"og:url\" content=\"https:\/\/unisalesiano.com.br\/aracatuba\/liga-de-combate-ao-cancer-leva-palestras-para-escolas\/\" \/>\n<meta property=\"og:site_name\" content=\"UniSALESIANO Ara\u00e7atuba\/SP\" \/>\n<meta property=\"article:published_time\" content=\"2006-11-17T11:08:13+00:00\" \/>\n<meta property=\"article:modified_time\" content=\"2019-01-16T11:09:43+00:00\" \/>\n<meta property=\"og:image\" content=\"https:\/\/unisalesiano.com.br\/aracatuba\/wp-content\/uploads\/2019\/01\/2006-11-17-304-Liga-de-Combate-ao-C\u00e2ncer-leva-palestras-para-escolas.jpg\" \/>\n\t<meta property=\"og:image:width\" content=\"480\" \/>\n\t<meta property=\"og:image:height\" content=\"360\" \/>\n<meta name=\"twitter:card\" content=\"summary_large_image\" \/>\n<meta name=\"twitter:label1\" content=\"Escrito por\" \/>\n\t<meta name=\"twitter:data1\" content=\"admin\" \/>\n\t<meta name=\"twitter:label2\" content=\"Est. tempo de leitura\" \/>\n\t<meta name=\"twitter:data2\" content=\"1 minuto\" \/>\n<script type=\"application\/ld+json\" class=\"yoast-schema-graph\">{\"@context\":\"https:\/\/schema.org\",\"@graph\":[{\"@type\":\"WebSite\",\"@id\":\"https:\/\/unisalesiano.com.br\/aracatuba\/#website\",\"url\":\"https:\/\/unisalesiano.com.br\/aracatuba\/\",\"name\":\"UniSALESIANO Ara\\u00e7atuba\/SP\",\"description\":\"Centro Universit\\u00e1rio Cat\\u00f3lico Salesiano Auxilium\",\"potentialAction\":[{\"@type\":\"SearchAction\",\"target\":{\"@type\":\"EntryPoint\",\"urlTemplate\":\"https:\/\/unisalesiano.com.br\/aracatuba\/?s={search_term_string}\"},\"query-input\":\"required name=search_term_string\"}],\"inLanguage\":\"pt-BR\"},{\"@type\":\"ImageObject\",\"@id\":\"https:\/\/unisalesiano.com.br\/aracatuba\/liga-de-combate-ao-cancer-leva-palestras-para-escolas\/#primaryimage\",\"inLanguage\":\"pt-BR\",\"url\":\"https:\/\/unisalesiano.com.br\/aracatuba\/wp-content\/uploads\/2019\/01\/2006-11-17-304-Liga-de-Combate-ao-C\\u00e2ncer-leva-palestras-para-escolas.jpg\",\"contentUrl\":\"https:\/\/unisalesiano.com.br\/aracatuba\/wp-content\/uploads\/2019\/01\/2006-11-17-304-Liga-de-Combate-ao-C\\u00e2ncer-leva-palestras-para-escolas.jpg\",\"width\":480,\"height\":360},{\"@type\":\"WebPage\",\"@id\":\"https:\/\/unisalesiano.com.br\/aracatuba\/liga-de-combate-ao-cancer-leva-palestras-para-escolas\/#webpage\",\"url\":\"https:\/\/unisalesiano.com.br\/aracatuba\/liga-de-combate-ao-cancer-leva-palestras-para-escolas\/\",\"name\":\"Liga de Combate ao C\\u00e2ncer leva palestras para escolas - UniSALESIANO Ara\\u00e7atuba\/SP\",\"isPartOf\":{\"@id\":\"https:\/\/unisalesiano.com.br\/aracatuba\/#website\"},\"primaryImageOfPage\":{\"@id\":\"https:\/\/unisalesiano.com.br\/aracatuba\/liga-de-combate-ao-cancer-leva-palestras-para-escolas\/#primaryimage\"},\"datePublished\":\"2006-11-17T11:08:13+00:00\",\"dateModified\":\"2019-01-16T11:09:43+00:00\",\"author\":{\"@id\":\"https:\/\/unisalesiano.com.br\/aracatuba\/#\/schema\/person\/afb1b2331f463570beda616f4cc14cc9\"},\"breadcrumb\":{\"@id\":\"https:\/\/unisalesiano.com.br\/aracatuba\/liga-de-combate-ao-cancer-leva-palestras-para-escolas\/#breadcrumb\"},\"inLanguage\":\"pt-BR\",\"potentialAction\":[{\"@type\":\"ReadAction\",\"target\":[\"https:\/\/unisalesiano.com.br\/aracatuba\/liga-de-combate-ao-cancer-leva-palestras-para-escolas\/\"]}]},{\"@type\":\"BreadcrumbList\",\"@id\":\"https:\/\/unisalesiano.com.br\/aracatuba\/liga-de-combate-ao-cancer-leva-palestras-para-escolas\/#breadcrumb\",\"itemListElement\":[{\"@type\":\"ListItem\",\"position\":1,\"name\":\"In\\u00edcio\",\"item\":\"https:\/\/unisalesiano.com.br\/aracatuba\/\"},{\"@type\":\"ListItem\",\"position\":2,\"name\":\"Liga de Combate ao C\\u00e2ncer leva palestras para escolas\"}]},{\"@type\":\"Person\",\"@id\":\"https:\/\/unisalesiano.com.br\/aracatuba\/#\/schema\/person\/afb1b2331f463570beda616f4cc14cc9\",\"name\":\"admin\",\"image\":{\"@type\":\"ImageObject\",\"@id\":\"https:\/\/unisalesiano.com.br\/aracatuba\/#personlogo\",\"inLanguage\":\"pt-BR\",\"url\":\"https:\/\/secure.gravatar.com\/avatar\/dfc5c63987fa9f19b5c366e55740b2a0ffac4aab41ba55c1bd96dbb85eb3a8ca?s=96&d=mm&r=g\",\"contentUrl\":\"https:\/\/secure.gravatar.com\/avatar\/dfc5c63987fa9f19b5c366e55740b2a0ffac4aab41ba55c1bd96dbb85eb3a8ca?s=96&d=mm&r=g\",\"caption\":\"admin\"},\"url\":\"https:\/\/unisalesiano.com.br\/aracatuba\/author\/admin\/\"}]}<\/script>\n<!-- \/ Yoast SEO plugin. -->","yoast_head_json":{"title":"Liga de Combate ao C\u00e2ncer leva palestras para escolas - UniSALESIANO Ara\u00e7atuba\/SP","robots":{"index":"index","follow":"follow","max-snippet":"max-snippet:-1","max-image-preview":"max-image-preview:large","max-video-preview":"max-video-preview:-1"},"canonical":"https:\/\/unisalesiano.com.br\/aracatuba\/liga-de-combate-ao-cancer-leva-palestras-para-escolas\/","og_locale":"pt_BR","og_type":"article","og_title":"Liga de Combate ao C\u00e2ncer leva palestras para escolas - UniSALESIANO Ara\u00e7atuba\/SP","og_description":"A Liga Acad\u00eamica de Combate ao C\u00e2ncer (LACCAU), criada no dia 7 de abril de 2006 no Centro Universit\u00e1rio Cat\u00f3lico Salesiano Auxilium &#8211; UniSALESIANO de Ara\u00e7atuba, promoveu palestra no dia 3 de novembro na Escola Estadual Falco Persi, da Rede Estadual de Ensino, localizada no bairro Alvorada. O evento foi dirigido aos pais e alunos [&hellip;]","og_url":"https:\/\/unisalesiano.com.br\/aracatuba\/liga-de-combate-ao-cancer-leva-palestras-para-escolas\/","og_site_name":"UniSALESIANO Ara\u00e7atuba\/SP","article_published_time":"2006-11-17T11:08:13+00:00","article_modified_time":"2019-01-16T11:09:43+00:00","og_image":[{"width":480,"height":360,"url":"https:\/\/unisalesiano.com.br\/aracatuba\/wp-content\/uploads\/2019\/01\/2006-11-17-304-Liga-de-Combate-ao-C\u00e2ncer-leva-palestras-para-escolas.jpg","type":"image\/jpeg"}],"twitter_card":"summary_large_image","twitter_misc":{"Escrito por":"admin","Est. tempo de leitura":"1 minuto"},"schema":{"@context":"https:\/\/schema.org","@graph":[{"@type":"WebSite","@id":"https:\/\/unisalesiano.com.br\/aracatuba\/#website","url":"https:\/\/unisalesiano.com.br\/aracatuba\/","name":"UniSALESIANO Ara\u00e7atuba\/SP","description":"Centro Universit\u00e1rio Cat\u00f3lico Salesiano Auxilium","potentialAction":[{"@type":"SearchAction","target":{"@type":"EntryPoint","urlTemplate":"https:\/\/unisalesiano.com.br\/aracatuba\/?s={search_term_string}"},"query-input":"required name=search_term_string"}],"inLanguage":"pt-BR"},{"@type":"ImageObject","@id":"https:\/\/unisalesiano.com.br\/aracatuba\/liga-de-combate-ao-cancer-leva-palestras-para-escolas\/#primaryimage","inLanguage":"pt-BR","url":"https:\/\/unisalesiano.com.br\/aracatuba\/wp-content\/uploads\/2019\/01\/2006-11-17-304-Liga-de-Combate-ao-C\u00e2ncer-leva-palestras-para-escolas.jpg","contentUrl":"https:\/\/unisalesiano.com.br\/aracatuba\/wp-content\/uploads\/2019\/01\/2006-11-17-304-Liga-de-Combate-ao-C\u00e2ncer-leva-palestras-para-escolas.jpg","width":480,"height":360},{"@type":"WebPage","@id":"https:\/\/unisalesiano.com.br\/aracatuba\/liga-de-combate-ao-cancer-leva-palestras-para-escolas\/#webpage","url":"https:\/\/unisalesiano.com.br\/aracatuba\/liga-de-combate-ao-cancer-leva-palestras-para-escolas\/","name":"Liga de Combate ao C\u00e2ncer leva palestras para escolas - UniSALESIANO Ara\u00e7atuba\/SP","isPartOf":{"@id":"https:\/\/unisalesiano.com.br\/aracatuba\/#website"},"primaryImageOfPage":{"@id":"https:\/\/unisalesiano.com.br\/aracatuba\/liga-de-combate-ao-cancer-leva-palestras-para-escolas\/#primaryimage"},"datePublished":"2006-11-17T11:08:13+00:00","dateModified":"2019-01-16T11:09:43+00:00","author":{"@id":"https:\/\/unisalesiano.com.br\/aracatuba\/#\/schema\/person\/afb1b2331f463570beda616f4cc14cc9"},"breadcrumb":{"@id":"https:\/\/unisalesiano.com.br\/aracatuba\/liga-de-combate-ao-cancer-leva-palestras-para-escolas\/#breadcrumb"},"inLanguage":"pt-BR","potentialAction":[{"@type":"ReadAction","target":["https:\/\/unisalesiano.com.br\/aracatuba\/liga-de-combate-ao-cancer-leva-palestras-para-escolas\/"]}]},{"@type":"BreadcrumbList","@id":"https:\/\/unisalesiano.com.br\/aracatuba\/liga-de-combate-ao-cancer-leva-palestras-para-escolas\/#breadcrumb","itemListElement":[{"@type":"ListItem","position":1,"name":"In\u00edcio","item":"https:\/\/unisalesiano.com.br\/aracatuba\/"},{"@type":"ListItem","position":2,"name":"Liga de Combate ao C\u00e2ncer leva palestras para escolas"}]},{"@type":"Person","@id":"https:\/\/unisalesiano.com.br\/aracatuba\/#\/schema\/person\/afb1b2331f463570beda616f4cc14cc9","name":"admin","image":{"@type":"ImageObject","@id":"https:\/\/unisalesiano.com.br\/aracatuba\/#personlogo","inLanguage":"pt-BR","url":"https:\/\/secure.gravatar.com\/avatar\/dfc5c63987fa9f19b5c366e55740b2a0ffac4aab41ba55c1bd96dbb85eb3a8ca?s=96&d=mm&r=g","contentUrl":"https:\/\/secure.gravatar.com\/avatar\/dfc5c63987fa9f19b5c366e55740b2a0ffac4aab41ba55c1bd96dbb85eb3a8ca?s=96&d=mm&r=g","caption":"admin"},"url":"https:\/\/unisalesiano.com.br\/aracatuba\/author\/admin\/"}]}},"_links":{"self":[{"href":"https:\/\/unisalesiano.com.br\/aracatuba\/wp-json\/wp\/v2\/posts\/8578","targetHints":{"allow":["GET"]}}],"collection":[{"href":"https:\/\/unisalesiano.com.br\/aracatuba\/wp-json\/wp\/v2\/posts"}],"about":[{"href":"https:\/\/unisalesiano.com.br\/aracatuba\/wp-json\/wp\/v2\/types\/post"}],"author":[{"embeddable":true,"href":"https:\/\/unisalesiano.com.br\/aracatuba\/wp-json\/wp\/v2\/users\/1"}],"replies":[{"embeddable":true,"href":"https:\/\/unisalesiano.com.br\/aracatuba\/wp-json\/wp\/v2\/comments?post=8578"}],"version-history":[{"count":0,"href":"https:\/\/unisalesiano.com.br\/aracatuba\/wp-json\/wp\/v2\/posts\/8578\/revisions"}],"wp:featuredmedia":[{"embeddable":true,"href":"https:\/\/unisalesiano.com.br\/aracatuba\/wp-json\/wp\/v2\/media\/8579"}],"wp:attachment":[{"href":"https:\/\/unisalesiano.com.br\/aracatuba\/wp-json\/wp\/v2\/media?parent=8578"}],"wp:term":[{"taxonomy":"category","embeddable":true,"href":"https:\/\/unisalesiano.com.br\/aracatuba\/wp-json\/wp\/v2\/categories?post=8578"},{"taxonomy":"post_tag","embeddable":true,"href":"https:\/\/unisalesiano.com.br\/aracatuba\/wp-json\/wp\/v2\/tags?post=8578"}],"curies":[{"name":"wp","href":"https:\/\/api.w.org\/{rel}","templated":true}]}}