{"id":8565,"date":"2006-11-13T08:56:30","date_gmt":"2006-11-13T10:56:30","guid":{"rendered":"https:\/\/unisalesiano.com.br\/?p=8565"},"modified":"2019-01-16T08:57:39","modified_gmt":"2019-01-16T10:57:39","slug":"simposio-do-unisalesiano-discute-a-aids","status":"publish","type":"post","link":"https:\/\/unisalesiano.com.br\/aracatuba\/simposio-do-unisalesiano-discute-a-aids\/","title":{"rendered":"Simp\u00f3sio do UniSALESIANO discute a AIDS"},"content":{"rendered":"\n<p>A Liga Estudantil de Combate \u00e0 AIDS &#8211; LECA, formada a partir\ndos trabalhos acad\u00eamicos do curso de Enfermagem do Centro Universit\u00e1rio\nCat\u00f3lico Salesiano Auxilium &#8211; UniSALESIANO de Ara\u00e7atuba promoveu neste s\u00e1bado,\nna unidade I da Institui\u00e7\u00e3o, o I Simp\u00f3sio sobre Atualiza\u00e7\u00e3o, Preven\u00e7\u00e3o e\nTratamento das DST\/AIDS.<\/p>\n\n\n\n<p>A abertura foi feita pela Prof\u00aa Gisele Clemente Sailer, que\nfalou sobre a id\u00e9ia de realizar o evento e sobre o surgimento da Liga.<\/p>\n\n\n\n<p>O simp\u00f3sio foi realizado na Capela\/Audit\u00f3rio S\u00e3o Domingos\nS\u00e1vio e constou da realiza\u00e7\u00e3o de duas importantes palestras. A primeira, sobre\no tema Atualiza\u00e7\u00e3o em DST\/AIDS, foi proferida pelo Dr. Daniel Martins Ferreira\nJunior, m\u00e9dico infectologista do Ambulat\u00f3rio DST\/AIDS em Ara\u00e7atuba.<\/p>\n\n\n\n<p>Na segunda parte da manh\u00e3 o Prof. Wandyr Zafalon Junior,\ndocente do curso de Enfermagem do UniSALESIANO, abordou o tema AIDS: O\nPr\u00e9-Conceito e a Humano-Defici\u00eancia. Zafalon \u00e9 psic\u00f3logo da Caminhos &#8211; Cl\u00ednica\nde Psicologia, professor de psicologia e p\u00f3s-graduado em Psicossom\u00e1tica pela\nFACIS &#8211; Faculdade da Ci\u00eancia da Sa\u00fade, de S\u00e3o Paulo.<\/p>\n\n\n\n<p>A parte final do simp\u00f3sio foi reservada para o depoimento\nprestado pelo portador de HIV, S\u00e9rgio Lu\u00eds Monteiro, que atrav\u00e9s de uma mensagem\nde esperan\u00e7a falou sobre a sua conviv\u00eancia com a doen\u00e7a.<\/p>\n\n\n\n<p>A arrecada\u00e7\u00e3o obtida com a realiza\u00e7\u00e3o do simp\u00f3sio ser\u00e1\nrevertida em litros de leite que ser\u00e3o doados \u00e0s ONGs AVA e AAVIDA, ambas de\nAra\u00e7atuba.<\/p>\n\n\n\n<p>Dr. Daniel Martins Ferreira Junior: abordagem sobre atualiza\u00e7\u00e3o em DST\/AIDS<\/p>\n\n\n\n<p><\/p>\n\n\n\n<div class=\"wp-block-image\"><figure class=\"aligncenter\"><img loading=\"lazy\" decoding=\"async\" width=\"480\" height=\"360\" src=\"https:\/\/unisalesiano.com.br\/wp-content\/uploads\/2019\/01\/2006-11-13-300B-Simp\u00f3sio-do-UniSALESIANO-discute-a-AIDS.jpg\" alt=\"\" class=\"wp-image-8567\" srcset=\"https:\/\/unisalesiano.com.br\/aracatuba\/wp-content\/uploads\/2019\/01\/2006-11-13-300B-Simp\u00f3sio-do-UniSALESIANO-discute-a-AIDS.jpg 480w, https:\/\/unisalesiano.com.br\/aracatuba\/wp-content\/uploads\/2019\/01\/2006-11-13-300B-Simp\u00f3sio-do-UniSALESIANO-discute-a-AIDS-300x225.jpg 300w\" sizes=\"auto, (max-width: 480px) 100vw, 480px\" \/><\/figure><\/div>\n","protected":false},"excerpt":{"rendered":"<p>A Liga Estudantil de Combate \u00e0 AIDS &#8211; LECA, formada a partir dos trabalhos acad\u00eamicos do curso de Enfermagem do Centro Universit\u00e1rio Cat\u00f3lico Salesiano Auxilium &#8211; UniSALESIANO de Ara\u00e7atuba promoveu neste s\u00e1bado, na unidade I da Institui\u00e7\u00e3o, o I Simp\u00f3sio sobre Atualiza\u00e7\u00e3o, Preven\u00e7\u00e3o e Tratamento das DST\/AIDS. A abertura foi feita pela Prof\u00aa Gisele Clemente [&hellip;]<\/p>\n","protected":false},"author":1,"featured_media":8566,"comment_status":"open","ping_status":"open","sticky":false,"template":"","format":"standard","meta":{"footnotes":""},"categories":[5],"tags":[15,348],"class_list":["post-8565","post","type-post","status-publish","format-standard","has-post-thumbnail","hentry","category-saude","tag-enfermagem","tag-leca"],"yoast_head":"<!-- This site is optimized with the Yoast SEO plugin v17.4 - https:\/\/yoast.com\/wordpress\/plugins\/seo\/ -->\n<title>Simp\u00f3sio do UniSALESIANO discute a AIDS - UniSALESIANO Ara\u00e7atuba\/SP<\/title>\n<meta name=\"robots\" content=\"index, follow, max-snippet:-1, max-image-preview:large, max-video-preview:-1\" \/>\n<link rel=\"canonical\" href=\"https:\/\/unisalesiano.com.br\/aracatuba\/simposio-do-unisalesiano-discute-a-aids\/\" \/>\n<meta property=\"og:locale\" content=\"pt_BR\" \/>\n<meta property=\"og:type\" content=\"article\" \/>\n<meta property=\"og:title\" content=\"Simp\u00f3sio do UniSALESIANO discute a AIDS - UniSALESIANO Ara\u00e7atuba\/SP\" \/>\n<meta property=\"og:description\" content=\"A Liga Estudantil de Combate \u00e0 AIDS &#8211; LECA, formada a partir dos trabalhos acad\u00eamicos do curso de Enfermagem do Centro Universit\u00e1rio Cat\u00f3lico Salesiano Auxilium &#8211; UniSALESIANO de Ara\u00e7atuba promoveu neste s\u00e1bado, na unidade I da Institui\u00e7\u00e3o, o I Simp\u00f3sio sobre Atualiza\u00e7\u00e3o, Preven\u00e7\u00e3o e Tratamento das DST\/AIDS. A abertura foi feita pela Prof\u00aa Gisele Clemente [&hellip;]\" \/>\n<meta property=\"og:url\" content=\"https:\/\/unisalesiano.com.br\/aracatuba\/simposio-do-unisalesiano-discute-a-aids\/\" \/>\n<meta property=\"og:site_name\" content=\"UniSALESIANO Ara\u00e7atuba\/SP\" \/>\n<meta property=\"article:published_time\" content=\"2006-11-13T10:56:30+00:00\" \/>\n<meta property=\"article:modified_time\" content=\"2019-01-16T10:57:39+00:00\" \/>\n<meta property=\"og:image\" content=\"https:\/\/unisalesiano.com.br\/aracatuba\/wp-content\/uploads\/2019\/01\/2006-11-13-300-Simp\u00f3sio-do-UniSALESIANO-discute-a-AIDS.jpg\" \/>\n\t<meta property=\"og:image:width\" content=\"480\" \/>\n\t<meta property=\"og:image:height\" content=\"360\" \/>\n<meta name=\"twitter:card\" content=\"summary_large_image\" \/>\n<meta name=\"twitter:label1\" content=\"Escrito por\" \/>\n\t<meta name=\"twitter:data1\" content=\"admin\" \/>\n\t<meta name=\"twitter:label2\" content=\"Est. tempo de leitura\" \/>\n\t<meta name=\"twitter:data2\" content=\"1 minuto\" \/>\n<script type=\"application\/ld+json\" class=\"yoast-schema-graph\">{\"@context\":\"https:\/\/schema.org\",\"@graph\":[{\"@type\":\"WebSite\",\"@id\":\"https:\/\/unisalesiano.com.br\/aracatuba\/#website\",\"url\":\"https:\/\/unisalesiano.com.br\/aracatuba\/\",\"name\":\"UniSALESIANO Ara\\u00e7atuba\/SP\",\"description\":\"Centro Universit\\u00e1rio Cat\\u00f3lico Salesiano Auxilium\",\"potentialAction\":[{\"@type\":\"SearchAction\",\"target\":{\"@type\":\"EntryPoint\",\"urlTemplate\":\"https:\/\/unisalesiano.com.br\/aracatuba\/?s={search_term_string}\"},\"query-input\":\"required name=search_term_string\"}],\"inLanguage\":\"pt-BR\"},{\"@type\":\"ImageObject\",\"@id\":\"https:\/\/unisalesiano.com.br\/aracatuba\/simposio-do-unisalesiano-discute-a-aids\/#primaryimage\",\"inLanguage\":\"pt-BR\",\"url\":\"https:\/\/unisalesiano.com.br\/aracatuba\/wp-content\/uploads\/2019\/01\/2006-11-13-300-Simp\\u00f3sio-do-UniSALESIANO-discute-a-AIDS.jpg\",\"contentUrl\":\"https:\/\/unisalesiano.com.br\/aracatuba\/wp-content\/uploads\/2019\/01\/2006-11-13-300-Simp\\u00f3sio-do-UniSALESIANO-discute-a-AIDS.jpg\",\"width\":480,\"height\":360},{\"@type\":\"WebPage\",\"@id\":\"https:\/\/unisalesiano.com.br\/aracatuba\/simposio-do-unisalesiano-discute-a-aids\/#webpage\",\"url\":\"https:\/\/unisalesiano.com.br\/aracatuba\/simposio-do-unisalesiano-discute-a-aids\/\",\"name\":\"Simp\\u00f3sio do UniSALESIANO discute a AIDS - UniSALESIANO Ara\\u00e7atuba\/SP\",\"isPartOf\":{\"@id\":\"https:\/\/unisalesiano.com.br\/aracatuba\/#website\"},\"primaryImageOfPage\":{\"@id\":\"https:\/\/unisalesiano.com.br\/aracatuba\/simposio-do-unisalesiano-discute-a-aids\/#primaryimage\"},\"datePublished\":\"2006-11-13T10:56:30+00:00\",\"dateModified\":\"2019-01-16T10:57:39+00:00\",\"author\":{\"@id\":\"https:\/\/unisalesiano.com.br\/aracatuba\/#\/schema\/person\/afb1b2331f463570beda616f4cc14cc9\"},\"breadcrumb\":{\"@id\":\"https:\/\/unisalesiano.com.br\/aracatuba\/simposio-do-unisalesiano-discute-a-aids\/#breadcrumb\"},\"inLanguage\":\"pt-BR\",\"potentialAction\":[{\"@type\":\"ReadAction\",\"target\":[\"https:\/\/unisalesiano.com.br\/aracatuba\/simposio-do-unisalesiano-discute-a-aids\/\"]}]},{\"@type\":\"BreadcrumbList\",\"@id\":\"https:\/\/unisalesiano.com.br\/aracatuba\/simposio-do-unisalesiano-discute-a-aids\/#breadcrumb\",\"itemListElement\":[{\"@type\":\"ListItem\",\"position\":1,\"name\":\"In\\u00edcio\",\"item\":\"https:\/\/unisalesiano.com.br\/aracatuba\/\"},{\"@type\":\"ListItem\",\"position\":2,\"name\":\"Simp\\u00f3sio do UniSALESIANO discute a AIDS\"}]},{\"@type\":\"Person\",\"@id\":\"https:\/\/unisalesiano.com.br\/aracatuba\/#\/schema\/person\/afb1b2331f463570beda616f4cc14cc9\",\"name\":\"admin\",\"image\":{\"@type\":\"ImageObject\",\"@id\":\"https:\/\/unisalesiano.com.br\/aracatuba\/#personlogo\",\"inLanguage\":\"pt-BR\",\"url\":\"https:\/\/secure.gravatar.com\/avatar\/dfc5c63987fa9f19b5c366e55740b2a0ffac4aab41ba55c1bd96dbb85eb3a8ca?s=96&d=mm&r=g\",\"contentUrl\":\"https:\/\/secure.gravatar.com\/avatar\/dfc5c63987fa9f19b5c366e55740b2a0ffac4aab41ba55c1bd96dbb85eb3a8ca?s=96&d=mm&r=g\",\"caption\":\"admin\"},\"url\":\"https:\/\/unisalesiano.com.br\/aracatuba\/author\/admin\/\"}]}<\/script>\n<!-- \/ Yoast SEO plugin. -->","yoast_head_json":{"title":"Simp\u00f3sio do UniSALESIANO discute a AIDS - UniSALESIANO Ara\u00e7atuba\/SP","robots":{"index":"index","follow":"follow","max-snippet":"max-snippet:-1","max-image-preview":"max-image-preview:large","max-video-preview":"max-video-preview:-1"},"canonical":"https:\/\/unisalesiano.com.br\/aracatuba\/simposio-do-unisalesiano-discute-a-aids\/","og_locale":"pt_BR","og_type":"article","og_title":"Simp\u00f3sio do UniSALESIANO discute a AIDS - UniSALESIANO Ara\u00e7atuba\/SP","og_description":"A Liga Estudantil de Combate \u00e0 AIDS &#8211; LECA, formada a partir dos trabalhos acad\u00eamicos do curso de Enfermagem do Centro Universit\u00e1rio Cat\u00f3lico Salesiano Auxilium &#8211; UniSALESIANO de Ara\u00e7atuba promoveu neste s\u00e1bado, na unidade I da Institui\u00e7\u00e3o, o I Simp\u00f3sio sobre Atualiza\u00e7\u00e3o, Preven\u00e7\u00e3o e Tratamento das DST\/AIDS. A abertura foi feita pela Prof\u00aa Gisele Clemente [&hellip;]","og_url":"https:\/\/unisalesiano.com.br\/aracatuba\/simposio-do-unisalesiano-discute-a-aids\/","og_site_name":"UniSALESIANO Ara\u00e7atuba\/SP","article_published_time":"2006-11-13T10:56:30+00:00","article_modified_time":"2019-01-16T10:57:39+00:00","og_image":[{"width":480,"height":360,"url":"https:\/\/unisalesiano.com.br\/aracatuba\/wp-content\/uploads\/2019\/01\/2006-11-13-300-Simp\u00f3sio-do-UniSALESIANO-discute-a-AIDS.jpg","type":"image\/jpeg"}],"twitter_card":"summary_large_image","twitter_misc":{"Escrito por":"admin","Est. tempo de leitura":"1 minuto"},"schema":{"@context":"https:\/\/schema.org","@graph":[{"@type":"WebSite","@id":"https:\/\/unisalesiano.com.br\/aracatuba\/#website","url":"https:\/\/unisalesiano.com.br\/aracatuba\/","name":"UniSALESIANO Ara\u00e7atuba\/SP","description":"Centro Universit\u00e1rio Cat\u00f3lico Salesiano Auxilium","potentialAction":[{"@type":"SearchAction","target":{"@type":"EntryPoint","urlTemplate":"https:\/\/unisalesiano.com.br\/aracatuba\/?s={search_term_string}"},"query-input":"required name=search_term_string"}],"inLanguage":"pt-BR"},{"@type":"ImageObject","@id":"https:\/\/unisalesiano.com.br\/aracatuba\/simposio-do-unisalesiano-discute-a-aids\/#primaryimage","inLanguage":"pt-BR","url":"https:\/\/unisalesiano.com.br\/aracatuba\/wp-content\/uploads\/2019\/01\/2006-11-13-300-Simp\u00f3sio-do-UniSALESIANO-discute-a-AIDS.jpg","contentUrl":"https:\/\/unisalesiano.com.br\/aracatuba\/wp-content\/uploads\/2019\/01\/2006-11-13-300-Simp\u00f3sio-do-UniSALESIANO-discute-a-AIDS.jpg","width":480,"height":360},{"@type":"WebPage","@id":"https:\/\/unisalesiano.com.br\/aracatuba\/simposio-do-unisalesiano-discute-a-aids\/#webpage","url":"https:\/\/unisalesiano.com.br\/aracatuba\/simposio-do-unisalesiano-discute-a-aids\/","name":"Simp\u00f3sio do UniSALESIANO discute a AIDS - UniSALESIANO Ara\u00e7atuba\/SP","isPartOf":{"@id":"https:\/\/unisalesiano.com.br\/aracatuba\/#website"},"primaryImageOfPage":{"@id":"https:\/\/unisalesiano.com.br\/aracatuba\/simposio-do-unisalesiano-discute-a-aids\/#primaryimage"},"datePublished":"2006-11-13T10:56:30+00:00","dateModified":"2019-01-16T10:57:39+00:00","author":{"@id":"https:\/\/unisalesiano.com.br\/aracatuba\/#\/schema\/person\/afb1b2331f463570beda616f4cc14cc9"},"breadcrumb":{"@id":"https:\/\/unisalesiano.com.br\/aracatuba\/simposio-do-unisalesiano-discute-a-aids\/#breadcrumb"},"inLanguage":"pt-BR","potentialAction":[{"@type":"ReadAction","target":["https:\/\/unisalesiano.com.br\/aracatuba\/simposio-do-unisalesiano-discute-a-aids\/"]}]},{"@type":"BreadcrumbList","@id":"https:\/\/unisalesiano.com.br\/aracatuba\/simposio-do-unisalesiano-discute-a-aids\/#breadcrumb","itemListElement":[{"@type":"ListItem","position":1,"name":"In\u00edcio","item":"https:\/\/unisalesiano.com.br\/aracatuba\/"},{"@type":"ListItem","position":2,"name":"Simp\u00f3sio do UniSALESIANO discute a AIDS"}]},{"@type":"Person","@id":"https:\/\/unisalesiano.com.br\/aracatuba\/#\/schema\/person\/afb1b2331f463570beda616f4cc14cc9","name":"admin","image":{"@type":"ImageObject","@id":"https:\/\/unisalesiano.com.br\/aracatuba\/#personlogo","inLanguage":"pt-BR","url":"https:\/\/secure.gravatar.com\/avatar\/dfc5c63987fa9f19b5c366e55740b2a0ffac4aab41ba55c1bd96dbb85eb3a8ca?s=96&d=mm&r=g","contentUrl":"https:\/\/secure.gravatar.com\/avatar\/dfc5c63987fa9f19b5c366e55740b2a0ffac4aab41ba55c1bd96dbb85eb3a8ca?s=96&d=mm&r=g","caption":"admin"},"url":"https:\/\/unisalesiano.com.br\/aracatuba\/author\/admin\/"}]}},"_links":{"self":[{"href":"https:\/\/unisalesiano.com.br\/aracatuba\/wp-json\/wp\/v2\/posts\/8565","targetHints":{"allow":["GET"]}}],"collection":[{"href":"https:\/\/unisalesiano.com.br\/aracatuba\/wp-json\/wp\/v2\/posts"}],"about":[{"href":"https:\/\/unisalesiano.com.br\/aracatuba\/wp-json\/wp\/v2\/types\/post"}],"author":[{"embeddable":true,"href":"https:\/\/unisalesiano.com.br\/aracatuba\/wp-json\/wp\/v2\/users\/1"}],"replies":[{"embeddable":true,"href":"https:\/\/unisalesiano.com.br\/aracatuba\/wp-json\/wp\/v2\/comments?post=8565"}],"version-history":[{"count":0,"href":"https:\/\/unisalesiano.com.br\/aracatuba\/wp-json\/wp\/v2\/posts\/8565\/revisions"}],"wp:featuredmedia":[{"embeddable":true,"href":"https:\/\/unisalesiano.com.br\/aracatuba\/wp-json\/wp\/v2\/media\/8566"}],"wp:attachment":[{"href":"https:\/\/unisalesiano.com.br\/aracatuba\/wp-json\/wp\/v2\/media?parent=8565"}],"wp:term":[{"taxonomy":"category","embeddable":true,"href":"https:\/\/unisalesiano.com.br\/aracatuba\/wp-json\/wp\/v2\/categories?post=8565"},{"taxonomy":"post_tag","embeddable":true,"href":"https:\/\/unisalesiano.com.br\/aracatuba\/wp-json\/wp\/v2\/tags?post=8565"}],"curies":[{"name":"wp","href":"https:\/\/api.w.org\/{rel}","templated":true}]}}