{"id":8520,"date":"2006-10-02T15:45:38","date_gmt":"2006-10-02T18:45:38","guid":{"rendered":"https:\/\/unisalesiano.com.br\/?p=8520"},"modified":"2019-06-26T11:56:04","modified_gmt":"2019-06-26T14:56:04","slug":"comecou-nesta-segunda-feira-a-iii-semana-de-fisioterapia-do-unisalesiano","status":"publish","type":"post","link":"https:\/\/unisalesiano.com.br\/aracatuba\/comecou-nesta-segunda-feira-a-iii-semana-de-fisioterapia-do-unisalesiano\/","title":{"rendered":"Come\u00e7ou nesta segunda-feira a III Semana de Fisioterapia do UniSALESIANO"},"content":{"rendered":"\r\n<p>O Centro Universit\u00e1rio Cat\u00f3lico Salesiano Auxilium &#8211; UniSALESIANO est\u00e1 promovendo nesta semana a 3\u00aa Semana de Fisioterapia, que neste ano tem como tema central as t\u00e9cnicas manuais que contribuem para o crescimento da profiss\u00e3o no Brasil.<\/p>\r\n\r\n\r\n\r\n<p>O evento re\u00fane diversas palestras a cargo de renomados profissionais da \u00e1rea de Sa\u00fade nos setores voltados para a fisioterapia.<\/p>\r\n\r\n\r\n\r\n<p>A abertura solene foi feita pelo Pe. Luigi Favero, Diretor Geral do UniSALESIANO. Antes houve uma apresenta\u00e7\u00e3o musical a cargo da Orquestra de Sopros do munc\u00edpio.<\/p>\r\n\r\n\r\n\r\n<p>A palestra de abertura foi apresentada pelo Prof. Antonio Jos\u00e9 Docusse Filho, fisioterapeuta com forma\u00e7\u00e3o pela Unesp de Presidente Prudente e em osteopatia pela Escola de Madri. Docusse \u00e9 tamb\u00e9m especialista em Terapia Manual e T\u00e9cnica Osteop\u00e1tica e docente no curso de Fisioterapia da FAI, em Adamantina. Ele abordou o tema Osteopatia e sua Influ\u00eancia na Fisioterapia.<\/p>\r\n\r\n\r\n\r\n<p>O evento prosseguir\u00e1 at\u00e9 sexta-feira com outras palestras e workshops a cargo de especialistas convidados. No \u00faltimo dia do evento, \u00e0s 23h, haver\u00e1 coquetel de confraterniza\u00e7\u00e3o na Cervejaria Lounge, localizada na Av. Bras\u00edlia, 963.<\/p>\r\n\r\n\r\n\r\n<p><a href=\"http:\/\/www.unisale.com.br\/noticias\/269\/fisio.pdf\" target=\"_blank\" rel=\"noreferrer noopener\">Clique aqui<\/a>\u00a0para acompanhar a programa\u00e7\u00e3o da 3\u00aa Semana de Fisioterapia.<\/p>\r\n","protected":false},"excerpt":{"rendered":"<p>O Centro Universit\u00e1rio Cat\u00f3lico Salesiano Auxilium &#8211; UniSALESIANO est\u00e1 promovendo nesta semana a 3\u00aa Semana de Fisioterapia, que neste ano tem como tema central as t\u00e9cnicas manuais que contribuem para o crescimento da profiss\u00e3o no Brasil. O evento re\u00fane diversas palestras a cargo de renomados profissionais da \u00e1rea de Sa\u00fade nos setores voltados para a [&hellip;]<\/p>\n","protected":false},"author":1,"featured_media":8521,"comment_status":"open","ping_status":"open","sticky":false,"template":"","format":"standard","meta":{"footnotes":""},"categories":[5],"tags":[17,342],"class_list":["post-8520","post","type-post","status-publish","format-standard","has-post-thumbnail","hentry","category-saude","tag-fisioterapia","tag-semana-de-fisioterapia"],"yoast_head":"<!-- This site is optimized with the Yoast SEO plugin v17.4 - https:\/\/yoast.com\/wordpress\/plugins\/seo\/ -->\n<title>Come\u00e7ou nesta segunda-feira a III Semana de Fisioterapia do UniSALESIANO - UniSALESIANO Ara\u00e7atuba\/SP<\/title>\n<meta name=\"robots\" content=\"index, follow, max-snippet:-1, max-image-preview:large, max-video-preview:-1\" \/>\n<link rel=\"canonical\" href=\"https:\/\/unisalesiano.com.br\/aracatuba\/comecou-nesta-segunda-feira-a-iii-semana-de-fisioterapia-do-unisalesiano\/\" \/>\n<meta property=\"og:locale\" content=\"pt_BR\" \/>\n<meta property=\"og:type\" content=\"article\" \/>\n<meta property=\"og:title\" content=\"Come\u00e7ou nesta segunda-feira a III Semana de Fisioterapia do UniSALESIANO - UniSALESIANO Ara\u00e7atuba\/SP\" \/>\n<meta property=\"og:description\" content=\"O Centro Universit\u00e1rio Cat\u00f3lico Salesiano Auxilium &#8211; UniSALESIANO est\u00e1 promovendo nesta semana a 3\u00aa Semana de Fisioterapia, que neste ano tem como tema central as t\u00e9cnicas manuais que contribuem para o crescimento da profiss\u00e3o no Brasil. O evento re\u00fane diversas palestras a cargo de renomados profissionais da \u00e1rea de Sa\u00fade nos setores voltados para a [&hellip;]\" \/>\n<meta property=\"og:url\" content=\"https:\/\/unisalesiano.com.br\/aracatuba\/comecou-nesta-segunda-feira-a-iii-semana-de-fisioterapia-do-unisalesiano\/\" \/>\n<meta property=\"og:site_name\" content=\"UniSALESIANO Ara\u00e7atuba\/SP\" \/>\n<meta property=\"article:published_time\" content=\"2006-10-02T18:45:38+00:00\" \/>\n<meta property=\"article:modified_time\" content=\"2019-06-26T14:56:04+00:00\" \/>\n<meta property=\"og:image\" content=\"https:\/\/unisalesiano.com.br\/aracatuba\/wp-content\/uploads\/2019\/01\/2006-10-02-274-Come\u00e7ou-nesta-segunda-feira-a-III-Semana-de-Fisioterapia-do-UniSALESIANO.jpg\" \/>\n\t<meta property=\"og:image:width\" content=\"480\" \/>\n\t<meta property=\"og:image:height\" content=\"360\" \/>\n<meta name=\"twitter:card\" content=\"summary_large_image\" \/>\n<meta name=\"twitter:label1\" content=\"Escrito por\" \/>\n\t<meta name=\"twitter:data1\" content=\"admin\" \/>\n\t<meta name=\"twitter:label2\" content=\"Est. tempo de leitura\" \/>\n\t<meta name=\"twitter:data2\" content=\"1 minuto\" \/>\n<script type=\"application\/ld+json\" class=\"yoast-schema-graph\">{\"@context\":\"https:\/\/schema.org\",\"@graph\":[{\"@type\":\"WebSite\",\"@id\":\"https:\/\/unisalesiano.com.br\/aracatuba\/#website\",\"url\":\"https:\/\/unisalesiano.com.br\/aracatuba\/\",\"name\":\"UniSALESIANO Ara\\u00e7atuba\/SP\",\"description\":\"Centro Universit\\u00e1rio Cat\\u00f3lico Salesiano Auxilium\",\"potentialAction\":[{\"@type\":\"SearchAction\",\"target\":{\"@type\":\"EntryPoint\",\"urlTemplate\":\"https:\/\/unisalesiano.com.br\/aracatuba\/?s={search_term_string}\"},\"query-input\":\"required name=search_term_string\"}],\"inLanguage\":\"pt-BR\"},{\"@type\":\"ImageObject\",\"@id\":\"https:\/\/unisalesiano.com.br\/aracatuba\/comecou-nesta-segunda-feira-a-iii-semana-de-fisioterapia-do-unisalesiano\/#primaryimage\",\"inLanguage\":\"pt-BR\",\"url\":\"https:\/\/unisalesiano.com.br\/aracatuba\/wp-content\/uploads\/2019\/01\/2006-10-02-274-Come\\u00e7ou-nesta-segunda-feira-a-III-Semana-de-Fisioterapia-do-UniSALESIANO.jpg\",\"contentUrl\":\"https:\/\/unisalesiano.com.br\/aracatuba\/wp-content\/uploads\/2019\/01\/2006-10-02-274-Come\\u00e7ou-nesta-segunda-feira-a-III-Semana-de-Fisioterapia-do-UniSALESIANO.jpg\",\"width\":480,\"height\":360},{\"@type\":\"WebPage\",\"@id\":\"https:\/\/unisalesiano.com.br\/aracatuba\/comecou-nesta-segunda-feira-a-iii-semana-de-fisioterapia-do-unisalesiano\/#webpage\",\"url\":\"https:\/\/unisalesiano.com.br\/aracatuba\/comecou-nesta-segunda-feira-a-iii-semana-de-fisioterapia-do-unisalesiano\/\",\"name\":\"Come\\u00e7ou nesta segunda-feira a III Semana de Fisioterapia do UniSALESIANO - UniSALESIANO Ara\\u00e7atuba\/SP\",\"isPartOf\":{\"@id\":\"https:\/\/unisalesiano.com.br\/aracatuba\/#website\"},\"primaryImageOfPage\":{\"@id\":\"https:\/\/unisalesiano.com.br\/aracatuba\/comecou-nesta-segunda-feira-a-iii-semana-de-fisioterapia-do-unisalesiano\/#primaryimage\"},\"datePublished\":\"2006-10-02T18:45:38+00:00\",\"dateModified\":\"2019-06-26T14:56:04+00:00\",\"author\":{\"@id\":\"https:\/\/unisalesiano.com.br\/aracatuba\/#\/schema\/person\/afb1b2331f463570beda616f4cc14cc9\"},\"breadcrumb\":{\"@id\":\"https:\/\/unisalesiano.com.br\/aracatuba\/comecou-nesta-segunda-feira-a-iii-semana-de-fisioterapia-do-unisalesiano\/#breadcrumb\"},\"inLanguage\":\"pt-BR\",\"potentialAction\":[{\"@type\":\"ReadAction\",\"target\":[\"https:\/\/unisalesiano.com.br\/aracatuba\/comecou-nesta-segunda-feira-a-iii-semana-de-fisioterapia-do-unisalesiano\/\"]}]},{\"@type\":\"BreadcrumbList\",\"@id\":\"https:\/\/unisalesiano.com.br\/aracatuba\/comecou-nesta-segunda-feira-a-iii-semana-de-fisioterapia-do-unisalesiano\/#breadcrumb\",\"itemListElement\":[{\"@type\":\"ListItem\",\"position\":1,\"name\":\"In\\u00edcio\",\"item\":\"https:\/\/unisalesiano.com.br\/aracatuba\/\"},{\"@type\":\"ListItem\",\"position\":2,\"name\":\"Come\\u00e7ou nesta segunda-feira a III Semana de Fisioterapia do UniSALESIANO\"}]},{\"@type\":\"Person\",\"@id\":\"https:\/\/unisalesiano.com.br\/aracatuba\/#\/schema\/person\/afb1b2331f463570beda616f4cc14cc9\",\"name\":\"admin\",\"image\":{\"@type\":\"ImageObject\",\"@id\":\"https:\/\/unisalesiano.com.br\/aracatuba\/#personlogo\",\"inLanguage\":\"pt-BR\",\"url\":\"https:\/\/secure.gravatar.com\/avatar\/dfc5c63987fa9f19b5c366e55740b2a0ffac4aab41ba55c1bd96dbb85eb3a8ca?s=96&d=mm&r=g\",\"contentUrl\":\"https:\/\/secure.gravatar.com\/avatar\/dfc5c63987fa9f19b5c366e55740b2a0ffac4aab41ba55c1bd96dbb85eb3a8ca?s=96&d=mm&r=g\",\"caption\":\"admin\"},\"url\":\"https:\/\/unisalesiano.com.br\/aracatuba\/author\/admin\/\"}]}<\/script>\n<!-- \/ Yoast SEO plugin. -->","yoast_head_json":{"title":"Come\u00e7ou nesta segunda-feira a III Semana de Fisioterapia do UniSALESIANO - UniSALESIANO Ara\u00e7atuba\/SP","robots":{"index":"index","follow":"follow","max-snippet":"max-snippet:-1","max-image-preview":"max-image-preview:large","max-video-preview":"max-video-preview:-1"},"canonical":"https:\/\/unisalesiano.com.br\/aracatuba\/comecou-nesta-segunda-feira-a-iii-semana-de-fisioterapia-do-unisalesiano\/","og_locale":"pt_BR","og_type":"article","og_title":"Come\u00e7ou nesta segunda-feira a III Semana de Fisioterapia do UniSALESIANO - UniSALESIANO Ara\u00e7atuba\/SP","og_description":"O Centro Universit\u00e1rio Cat\u00f3lico Salesiano Auxilium &#8211; UniSALESIANO est\u00e1 promovendo nesta semana a 3\u00aa Semana de Fisioterapia, que neste ano tem como tema central as t\u00e9cnicas manuais que contribuem para o crescimento da profiss\u00e3o no Brasil. O evento re\u00fane diversas palestras a cargo de renomados profissionais da \u00e1rea de Sa\u00fade nos setores voltados para a [&hellip;]","og_url":"https:\/\/unisalesiano.com.br\/aracatuba\/comecou-nesta-segunda-feira-a-iii-semana-de-fisioterapia-do-unisalesiano\/","og_site_name":"UniSALESIANO Ara\u00e7atuba\/SP","article_published_time":"2006-10-02T18:45:38+00:00","article_modified_time":"2019-06-26T14:56:04+00:00","og_image":[{"width":480,"height":360,"url":"https:\/\/unisalesiano.com.br\/aracatuba\/wp-content\/uploads\/2019\/01\/2006-10-02-274-Come\u00e7ou-nesta-segunda-feira-a-III-Semana-de-Fisioterapia-do-UniSALESIANO.jpg","type":"image\/jpeg"}],"twitter_card":"summary_large_image","twitter_misc":{"Escrito por":"admin","Est. tempo de leitura":"1 minuto"},"schema":{"@context":"https:\/\/schema.org","@graph":[{"@type":"WebSite","@id":"https:\/\/unisalesiano.com.br\/aracatuba\/#website","url":"https:\/\/unisalesiano.com.br\/aracatuba\/","name":"UniSALESIANO Ara\u00e7atuba\/SP","description":"Centro Universit\u00e1rio Cat\u00f3lico Salesiano Auxilium","potentialAction":[{"@type":"SearchAction","target":{"@type":"EntryPoint","urlTemplate":"https:\/\/unisalesiano.com.br\/aracatuba\/?s={search_term_string}"},"query-input":"required name=search_term_string"}],"inLanguage":"pt-BR"},{"@type":"ImageObject","@id":"https:\/\/unisalesiano.com.br\/aracatuba\/comecou-nesta-segunda-feira-a-iii-semana-de-fisioterapia-do-unisalesiano\/#primaryimage","inLanguage":"pt-BR","url":"https:\/\/unisalesiano.com.br\/aracatuba\/wp-content\/uploads\/2019\/01\/2006-10-02-274-Come\u00e7ou-nesta-segunda-feira-a-III-Semana-de-Fisioterapia-do-UniSALESIANO.jpg","contentUrl":"https:\/\/unisalesiano.com.br\/aracatuba\/wp-content\/uploads\/2019\/01\/2006-10-02-274-Come\u00e7ou-nesta-segunda-feira-a-III-Semana-de-Fisioterapia-do-UniSALESIANO.jpg","width":480,"height":360},{"@type":"WebPage","@id":"https:\/\/unisalesiano.com.br\/aracatuba\/comecou-nesta-segunda-feira-a-iii-semana-de-fisioterapia-do-unisalesiano\/#webpage","url":"https:\/\/unisalesiano.com.br\/aracatuba\/comecou-nesta-segunda-feira-a-iii-semana-de-fisioterapia-do-unisalesiano\/","name":"Come\u00e7ou nesta segunda-feira a III Semana de Fisioterapia do UniSALESIANO - UniSALESIANO Ara\u00e7atuba\/SP","isPartOf":{"@id":"https:\/\/unisalesiano.com.br\/aracatuba\/#website"},"primaryImageOfPage":{"@id":"https:\/\/unisalesiano.com.br\/aracatuba\/comecou-nesta-segunda-feira-a-iii-semana-de-fisioterapia-do-unisalesiano\/#primaryimage"},"datePublished":"2006-10-02T18:45:38+00:00","dateModified":"2019-06-26T14:56:04+00:00","author":{"@id":"https:\/\/unisalesiano.com.br\/aracatuba\/#\/schema\/person\/afb1b2331f463570beda616f4cc14cc9"},"breadcrumb":{"@id":"https:\/\/unisalesiano.com.br\/aracatuba\/comecou-nesta-segunda-feira-a-iii-semana-de-fisioterapia-do-unisalesiano\/#breadcrumb"},"inLanguage":"pt-BR","potentialAction":[{"@type":"ReadAction","target":["https:\/\/unisalesiano.com.br\/aracatuba\/comecou-nesta-segunda-feira-a-iii-semana-de-fisioterapia-do-unisalesiano\/"]}]},{"@type":"BreadcrumbList","@id":"https:\/\/unisalesiano.com.br\/aracatuba\/comecou-nesta-segunda-feira-a-iii-semana-de-fisioterapia-do-unisalesiano\/#breadcrumb","itemListElement":[{"@type":"ListItem","position":1,"name":"In\u00edcio","item":"https:\/\/unisalesiano.com.br\/aracatuba\/"},{"@type":"ListItem","position":2,"name":"Come\u00e7ou nesta segunda-feira a III Semana de Fisioterapia do UniSALESIANO"}]},{"@type":"Person","@id":"https:\/\/unisalesiano.com.br\/aracatuba\/#\/schema\/person\/afb1b2331f463570beda616f4cc14cc9","name":"admin","image":{"@type":"ImageObject","@id":"https:\/\/unisalesiano.com.br\/aracatuba\/#personlogo","inLanguage":"pt-BR","url":"https:\/\/secure.gravatar.com\/avatar\/dfc5c63987fa9f19b5c366e55740b2a0ffac4aab41ba55c1bd96dbb85eb3a8ca?s=96&d=mm&r=g","contentUrl":"https:\/\/secure.gravatar.com\/avatar\/dfc5c63987fa9f19b5c366e55740b2a0ffac4aab41ba55c1bd96dbb85eb3a8ca?s=96&d=mm&r=g","caption":"admin"},"url":"https:\/\/unisalesiano.com.br\/aracatuba\/author\/admin\/"}]}},"_links":{"self":[{"href":"https:\/\/unisalesiano.com.br\/aracatuba\/wp-json\/wp\/v2\/posts\/8520","targetHints":{"allow":["GET"]}}],"collection":[{"href":"https:\/\/unisalesiano.com.br\/aracatuba\/wp-json\/wp\/v2\/posts"}],"about":[{"href":"https:\/\/unisalesiano.com.br\/aracatuba\/wp-json\/wp\/v2\/types\/post"}],"author":[{"embeddable":true,"href":"https:\/\/unisalesiano.com.br\/aracatuba\/wp-json\/wp\/v2\/users\/1"}],"replies":[{"embeddable":true,"href":"https:\/\/unisalesiano.com.br\/aracatuba\/wp-json\/wp\/v2\/comments?post=8520"}],"version-history":[{"count":0,"href":"https:\/\/unisalesiano.com.br\/aracatuba\/wp-json\/wp\/v2\/posts\/8520\/revisions"}],"wp:featuredmedia":[{"embeddable":true,"href":"https:\/\/unisalesiano.com.br\/aracatuba\/wp-json\/wp\/v2\/media\/8521"}],"wp:attachment":[{"href":"https:\/\/unisalesiano.com.br\/aracatuba\/wp-json\/wp\/v2\/media?parent=8520"}],"wp:term":[{"taxonomy":"category","embeddable":true,"href":"https:\/\/unisalesiano.com.br\/aracatuba\/wp-json\/wp\/v2\/categories?post=8520"},{"taxonomy":"post_tag","embeddable":true,"href":"https:\/\/unisalesiano.com.br\/aracatuba\/wp-json\/wp\/v2\/tags?post=8520"}],"curies":[{"name":"wp","href":"https:\/\/api.w.org\/{rel}","templated":true}]}}