{"id":8513,"date":"2006-09-29T15:38:35","date_gmt":"2006-09-29T18:38:35","guid":{"rendered":"https:\/\/unisalesiano.com.br\/?p=8513"},"modified":"2019-01-15T15:39:18","modified_gmt":"2019-01-15T17:39:18","slug":"alunos-de-enfermagem-promovem-neste-sabado-atividades-de-extensao-e-servicos-a-comunidade","status":"publish","type":"post","link":"https:\/\/unisalesiano.com.br\/aracatuba\/alunos-de-enfermagem-promovem-neste-sabado-atividades-de-extensao-e-servicos-a-comunidade\/","title":{"rendered":"Alunos de Enfermagem promovem neste s\u00e1bado atividades de extens\u00e3o e servi\u00e7os \u00e0 comunidade"},"content":{"rendered":"\n<p>Os alunos do 6\u00ba termo do Curso de Enfermagem do Centro\nUniversit\u00e1rio Cat\u00f3lico Salesiano Auxilium &#8211; UniSALESIANO v\u00e3o participar neste\ns\u00e1bado, pela manh\u00e3, de mais uma etapa das atividades de extens\u00e3o e servi\u00e7os \u00e0\ncomunidade.<\/p>\n\n\n\n<p>As a\u00e7\u00f5es integram o cronograma de ensino da disciplina de\nEduca\u00e7\u00e3o em Sa\u00fade, ministrada pela Profa. Gislene Marcelino.<\/p>\n\n\n\n<p>Os alunos v\u00e3o orientar as pessoas sobre diversos assuntos,\ncomo atividades f\u00edsicas para manter uma boa qualidade de vida, diabetes,\nDST\/AIDS, auto-estima, cuidados com a gestante, osteoporose, hipertens\u00e3o\narterial, c\u00e2ncer de mama, gravidez na adolesc\u00eancia, tabagismo, stress, doen\u00e7as\np\u00fablicas (dengue, leishmaniose, etc.), obesidade infantil, explora\u00e7\u00e3o do\ntrabalho na inf\u00e2ncia e rotav\u00edrus.<\/p>\n\n\n\n<p>A equipe vai percorrer locais como abrigos, empresas,\npra\u00e7as, escolas e Unidades B\u00e1sicas de Sa\u00fade. Neste s\u00e1bado, dia 30, o\natendimento ser\u00e1 prestado na Coopbanc, na Rua Humait\u00e1. Os trabalhos come\u00e7aram a\nser desenvolvidos no Lar da Velhice, no dia 22, e ter\u00e3o continuidade em 7 de\noutubro junto \u00e0 Escola Estadual Arantes Terra. Depois, outros locais da cidade\nser\u00e3o visitados periodicamente at\u00e9 o pr\u00f3ximo dia 24.<\/p>\n\n\n\n<p>Segundo Gislene Marcelino, o mercado de trabalho vem\nexigindo profissionais que contem n\u00e3o s\u00f3 com uma excelente capacita\u00e7\u00e3o t\u00e9cnica,\nmas que acima de tudo estejam sensibilizados para o compromisso social que\nassumiram ao optar pela forma\u00e7\u00e3o como enfermeiros. &#8220;Por isso, atrav\u00e9s\ndestes momentos pretendemos despertar junto aos alunos uma grande\nsensibiliza\u00e7\u00e3o e motiva\u00e7\u00e3o, tornando-os verdadeiros educadores em sa\u00fade&#8221;,\nopinou.<\/p>\n","protected":false},"excerpt":{"rendered":"<p>Os alunos do 6\u00ba termo do Curso de Enfermagem do Centro Universit\u00e1rio Cat\u00f3lico Salesiano Auxilium &#8211; UniSALESIANO v\u00e3o participar neste s\u00e1bado, pela manh\u00e3, de mais uma etapa das atividades de extens\u00e3o e servi\u00e7os \u00e0 comunidade. As a\u00e7\u00f5es integram o cronograma de ensino da disciplina de Educa\u00e7\u00e3o em Sa\u00fade, ministrada pela Profa. Gislene Marcelino. Os alunos [&hellip;]<\/p>\n","protected":false},"author":1,"featured_media":0,"comment_status":"open","ping_status":"open","sticky":false,"template":"","format":"standard","meta":{"footnotes":""},"categories":[5],"tags":[15],"class_list":["post-8513","post","type-post","status-publish","format-standard","hentry","category-saude","tag-enfermagem"],"yoast_head":"<!-- This site is optimized with the Yoast SEO plugin v17.4 - https:\/\/yoast.com\/wordpress\/plugins\/seo\/ -->\n<title>Alunos de Enfermagem promovem neste s\u00e1bado atividades de extens\u00e3o e servi\u00e7os \u00e0 comunidade - UniSALESIANO Ara\u00e7atuba\/SP<\/title>\n<meta name=\"robots\" content=\"index, follow, max-snippet:-1, max-image-preview:large, max-video-preview:-1\" \/>\n<link rel=\"canonical\" href=\"https:\/\/unisalesiano.com.br\/aracatuba\/alunos-de-enfermagem-promovem-neste-sabado-atividades-de-extensao-e-servicos-a-comunidade\/\" \/>\n<meta property=\"og:locale\" content=\"pt_BR\" \/>\n<meta property=\"og:type\" content=\"article\" \/>\n<meta property=\"og:title\" content=\"Alunos de Enfermagem promovem neste s\u00e1bado atividades de extens\u00e3o e servi\u00e7os \u00e0 comunidade - UniSALESIANO Ara\u00e7atuba\/SP\" \/>\n<meta property=\"og:description\" content=\"Os alunos do 6\u00ba termo do Curso de Enfermagem do Centro Universit\u00e1rio Cat\u00f3lico Salesiano Auxilium &#8211; UniSALESIANO v\u00e3o participar neste s\u00e1bado, pela manh\u00e3, de mais uma etapa das atividades de extens\u00e3o e servi\u00e7os \u00e0 comunidade. As a\u00e7\u00f5es integram o cronograma de ensino da disciplina de Educa\u00e7\u00e3o em Sa\u00fade, ministrada pela Profa. Gislene Marcelino. Os alunos [&hellip;]\" \/>\n<meta property=\"og:url\" content=\"https:\/\/unisalesiano.com.br\/aracatuba\/alunos-de-enfermagem-promovem-neste-sabado-atividades-de-extensao-e-servicos-a-comunidade\/\" \/>\n<meta property=\"og:site_name\" content=\"UniSALESIANO Ara\u00e7atuba\/SP\" \/>\n<meta property=\"article:published_time\" content=\"2006-09-29T18:38:35+00:00\" \/>\n<meta property=\"article:modified_time\" content=\"2019-01-15T17:39:18+00:00\" \/>\n<meta name=\"twitter:card\" content=\"summary_large_image\" \/>\n<meta name=\"twitter:label1\" content=\"Escrito por\" \/>\n\t<meta name=\"twitter:data1\" content=\"admin\" \/>\n\t<meta name=\"twitter:label2\" content=\"Est. tempo de leitura\" \/>\n\t<meta name=\"twitter:data2\" content=\"1 minuto\" \/>\n<script type=\"application\/ld+json\" class=\"yoast-schema-graph\">{\"@context\":\"https:\/\/schema.org\",\"@graph\":[{\"@type\":\"WebSite\",\"@id\":\"https:\/\/unisalesiano.com.br\/aracatuba\/#website\",\"url\":\"https:\/\/unisalesiano.com.br\/aracatuba\/\",\"name\":\"UniSALESIANO Ara\\u00e7atuba\/SP\",\"description\":\"Centro Universit\\u00e1rio Cat\\u00f3lico Salesiano Auxilium\",\"potentialAction\":[{\"@type\":\"SearchAction\",\"target\":{\"@type\":\"EntryPoint\",\"urlTemplate\":\"https:\/\/unisalesiano.com.br\/aracatuba\/?s={search_term_string}\"},\"query-input\":\"required name=search_term_string\"}],\"inLanguage\":\"pt-BR\"},{\"@type\":\"WebPage\",\"@id\":\"https:\/\/unisalesiano.com.br\/aracatuba\/alunos-de-enfermagem-promovem-neste-sabado-atividades-de-extensao-e-servicos-a-comunidade\/#webpage\",\"url\":\"https:\/\/unisalesiano.com.br\/aracatuba\/alunos-de-enfermagem-promovem-neste-sabado-atividades-de-extensao-e-servicos-a-comunidade\/\",\"name\":\"Alunos de Enfermagem promovem neste s\\u00e1bado atividades de extens\\u00e3o e servi\\u00e7os \\u00e0 comunidade - UniSALESIANO Ara\\u00e7atuba\/SP\",\"isPartOf\":{\"@id\":\"https:\/\/unisalesiano.com.br\/aracatuba\/#website\"},\"datePublished\":\"2006-09-29T18:38:35+00:00\",\"dateModified\":\"2019-01-15T17:39:18+00:00\",\"author\":{\"@id\":\"https:\/\/unisalesiano.com.br\/aracatuba\/#\/schema\/person\/afb1b2331f463570beda616f4cc14cc9\"},\"breadcrumb\":{\"@id\":\"https:\/\/unisalesiano.com.br\/aracatuba\/alunos-de-enfermagem-promovem-neste-sabado-atividades-de-extensao-e-servicos-a-comunidade\/#breadcrumb\"},\"inLanguage\":\"pt-BR\",\"potentialAction\":[{\"@type\":\"ReadAction\",\"target\":[\"https:\/\/unisalesiano.com.br\/aracatuba\/alunos-de-enfermagem-promovem-neste-sabado-atividades-de-extensao-e-servicos-a-comunidade\/\"]}]},{\"@type\":\"BreadcrumbList\",\"@id\":\"https:\/\/unisalesiano.com.br\/aracatuba\/alunos-de-enfermagem-promovem-neste-sabado-atividades-de-extensao-e-servicos-a-comunidade\/#breadcrumb\",\"itemListElement\":[{\"@type\":\"ListItem\",\"position\":1,\"name\":\"In\\u00edcio\",\"item\":\"https:\/\/unisalesiano.com.br\/aracatuba\/\"},{\"@type\":\"ListItem\",\"position\":2,\"name\":\"Alunos de Enfermagem promovem neste s\\u00e1bado atividades de extens\\u00e3o e servi\\u00e7os \\u00e0 comunidade\"}]},{\"@type\":\"Person\",\"@id\":\"https:\/\/unisalesiano.com.br\/aracatuba\/#\/schema\/person\/afb1b2331f463570beda616f4cc14cc9\",\"name\":\"admin\",\"image\":{\"@type\":\"ImageObject\",\"@id\":\"https:\/\/unisalesiano.com.br\/aracatuba\/#personlogo\",\"inLanguage\":\"pt-BR\",\"url\":\"https:\/\/secure.gravatar.com\/avatar\/dfc5c63987fa9f19b5c366e55740b2a0ffac4aab41ba55c1bd96dbb85eb3a8ca?s=96&d=mm&r=g\",\"contentUrl\":\"https:\/\/secure.gravatar.com\/avatar\/dfc5c63987fa9f19b5c366e55740b2a0ffac4aab41ba55c1bd96dbb85eb3a8ca?s=96&d=mm&r=g\",\"caption\":\"admin\"},\"url\":\"https:\/\/unisalesiano.com.br\/aracatuba\/author\/admin\/\"}]}<\/script>\n<!-- \/ Yoast SEO plugin. -->","yoast_head_json":{"title":"Alunos de Enfermagem promovem neste s\u00e1bado atividades de extens\u00e3o e servi\u00e7os \u00e0 comunidade - UniSALESIANO Ara\u00e7atuba\/SP","robots":{"index":"index","follow":"follow","max-snippet":"max-snippet:-1","max-image-preview":"max-image-preview:large","max-video-preview":"max-video-preview:-1"},"canonical":"https:\/\/unisalesiano.com.br\/aracatuba\/alunos-de-enfermagem-promovem-neste-sabado-atividades-de-extensao-e-servicos-a-comunidade\/","og_locale":"pt_BR","og_type":"article","og_title":"Alunos de Enfermagem promovem neste s\u00e1bado atividades de extens\u00e3o e servi\u00e7os \u00e0 comunidade - UniSALESIANO Ara\u00e7atuba\/SP","og_description":"Os alunos do 6\u00ba termo do Curso de Enfermagem do Centro Universit\u00e1rio Cat\u00f3lico Salesiano Auxilium &#8211; UniSALESIANO v\u00e3o participar neste s\u00e1bado, pela manh\u00e3, de mais uma etapa das atividades de extens\u00e3o e servi\u00e7os \u00e0 comunidade. As a\u00e7\u00f5es integram o cronograma de ensino da disciplina de Educa\u00e7\u00e3o em Sa\u00fade, ministrada pela Profa. Gislene Marcelino. Os alunos [&hellip;]","og_url":"https:\/\/unisalesiano.com.br\/aracatuba\/alunos-de-enfermagem-promovem-neste-sabado-atividades-de-extensao-e-servicos-a-comunidade\/","og_site_name":"UniSALESIANO Ara\u00e7atuba\/SP","article_published_time":"2006-09-29T18:38:35+00:00","article_modified_time":"2019-01-15T17:39:18+00:00","twitter_card":"summary_large_image","twitter_misc":{"Escrito por":"admin","Est. tempo de leitura":"1 minuto"},"schema":{"@context":"https:\/\/schema.org","@graph":[{"@type":"WebSite","@id":"https:\/\/unisalesiano.com.br\/aracatuba\/#website","url":"https:\/\/unisalesiano.com.br\/aracatuba\/","name":"UniSALESIANO Ara\u00e7atuba\/SP","description":"Centro Universit\u00e1rio Cat\u00f3lico Salesiano Auxilium","potentialAction":[{"@type":"SearchAction","target":{"@type":"EntryPoint","urlTemplate":"https:\/\/unisalesiano.com.br\/aracatuba\/?s={search_term_string}"},"query-input":"required name=search_term_string"}],"inLanguage":"pt-BR"},{"@type":"WebPage","@id":"https:\/\/unisalesiano.com.br\/aracatuba\/alunos-de-enfermagem-promovem-neste-sabado-atividades-de-extensao-e-servicos-a-comunidade\/#webpage","url":"https:\/\/unisalesiano.com.br\/aracatuba\/alunos-de-enfermagem-promovem-neste-sabado-atividades-de-extensao-e-servicos-a-comunidade\/","name":"Alunos de Enfermagem promovem neste s\u00e1bado atividades de extens\u00e3o e servi\u00e7os \u00e0 comunidade - UniSALESIANO Ara\u00e7atuba\/SP","isPartOf":{"@id":"https:\/\/unisalesiano.com.br\/aracatuba\/#website"},"datePublished":"2006-09-29T18:38:35+00:00","dateModified":"2019-01-15T17:39:18+00:00","author":{"@id":"https:\/\/unisalesiano.com.br\/aracatuba\/#\/schema\/person\/afb1b2331f463570beda616f4cc14cc9"},"breadcrumb":{"@id":"https:\/\/unisalesiano.com.br\/aracatuba\/alunos-de-enfermagem-promovem-neste-sabado-atividades-de-extensao-e-servicos-a-comunidade\/#breadcrumb"},"inLanguage":"pt-BR","potentialAction":[{"@type":"ReadAction","target":["https:\/\/unisalesiano.com.br\/aracatuba\/alunos-de-enfermagem-promovem-neste-sabado-atividades-de-extensao-e-servicos-a-comunidade\/"]}]},{"@type":"BreadcrumbList","@id":"https:\/\/unisalesiano.com.br\/aracatuba\/alunos-de-enfermagem-promovem-neste-sabado-atividades-de-extensao-e-servicos-a-comunidade\/#breadcrumb","itemListElement":[{"@type":"ListItem","position":1,"name":"In\u00edcio","item":"https:\/\/unisalesiano.com.br\/aracatuba\/"},{"@type":"ListItem","position":2,"name":"Alunos de Enfermagem promovem neste s\u00e1bado atividades de extens\u00e3o e servi\u00e7os \u00e0 comunidade"}]},{"@type":"Person","@id":"https:\/\/unisalesiano.com.br\/aracatuba\/#\/schema\/person\/afb1b2331f463570beda616f4cc14cc9","name":"admin","image":{"@type":"ImageObject","@id":"https:\/\/unisalesiano.com.br\/aracatuba\/#personlogo","inLanguage":"pt-BR","url":"https:\/\/secure.gravatar.com\/avatar\/dfc5c63987fa9f19b5c366e55740b2a0ffac4aab41ba55c1bd96dbb85eb3a8ca?s=96&d=mm&r=g","contentUrl":"https:\/\/secure.gravatar.com\/avatar\/dfc5c63987fa9f19b5c366e55740b2a0ffac4aab41ba55c1bd96dbb85eb3a8ca?s=96&d=mm&r=g","caption":"admin"},"url":"https:\/\/unisalesiano.com.br\/aracatuba\/author\/admin\/"}]}},"_links":{"self":[{"href":"https:\/\/unisalesiano.com.br\/aracatuba\/wp-json\/wp\/v2\/posts\/8513","targetHints":{"allow":["GET"]}}],"collection":[{"href":"https:\/\/unisalesiano.com.br\/aracatuba\/wp-json\/wp\/v2\/posts"}],"about":[{"href":"https:\/\/unisalesiano.com.br\/aracatuba\/wp-json\/wp\/v2\/types\/post"}],"author":[{"embeddable":true,"href":"https:\/\/unisalesiano.com.br\/aracatuba\/wp-json\/wp\/v2\/users\/1"}],"replies":[{"embeddable":true,"href":"https:\/\/unisalesiano.com.br\/aracatuba\/wp-json\/wp\/v2\/comments?post=8513"}],"version-history":[{"count":0,"href":"https:\/\/unisalesiano.com.br\/aracatuba\/wp-json\/wp\/v2\/posts\/8513\/revisions"}],"wp:attachment":[{"href":"https:\/\/unisalesiano.com.br\/aracatuba\/wp-json\/wp\/v2\/media?parent=8513"}],"wp:term":[{"taxonomy":"category","embeddable":true,"href":"https:\/\/unisalesiano.com.br\/aracatuba\/wp-json\/wp\/v2\/categories?post=8513"},{"taxonomy":"post_tag","embeddable":true,"href":"https:\/\/unisalesiano.com.br\/aracatuba\/wp-json\/wp\/v2\/tags?post=8513"}],"curies":[{"name":"wp","href":"https:\/\/api.w.org\/{rel}","templated":true}]}}