{"id":8507,"date":"2006-09-23T15:11:03","date_gmt":"2006-09-23T18:11:03","guid":{"rendered":"https:\/\/unisalesiano.com.br\/?p=8507"},"modified":"2019-06-26T11:54:23","modified_gmt":"2019-06-26T14:54:23","slug":"profissionais-abordam-a-doenca-de-alzheimer-em-evento-no-unisalesiano","status":"publish","type":"post","link":"https:\/\/unisalesiano.com.br\/aracatuba\/profissionais-abordam-a-doenca-de-alzheimer-em-evento-no-unisalesiano\/","title":{"rendered":"Profissionais abordam a doen\u00e7a de Alzheimer em evento no UniSALESIANO"},"content":{"rendered":"\r\n<p>A Liga Acad\u00eamica de Geriatria e Gerontologia, criada no Centro Universit\u00e1rio Cat\u00f3lico Salesiano Auxilium &#8211; UniSALESIANO, e a Associa\u00e7\u00e3o Brasileira da Doen\u00e7a de Alzheimer &#8211; ABRAz, Regional de Ara\u00e7atuba, promoveram neste s\u00e1bado, 23, o I Simp\u00f3sio sobre a Doen\u00e7a de Alzheimer.<\/p>\r\n\r\n\r\n\r\n<p>O evento, que contou com a participa\u00e7\u00e3o de diversos profissionais da \u00e1rea, foi realizado pela manh\u00e3 na Capela Salesiana S\u00e3o Domingos S\u00e1vio, na Rua Cussy de Almeida, 187.<\/p>\r\n\r\n\r\n\r\n<p>O Simp\u00f3sio teve in\u00edcio \u00e0s 8h30 com a presen\u00e7a do Dr. Ricardo Lu\u00eds Sim\u00f5es Pires Wayhs, coordenador cient\u00edfico e presidente da Associa\u00e7\u00e3o Brasileira da Doen\u00e7a de Alzheimer, Regional de Ara\u00e7atuba, que abordou o tema Doen\u00e7a de Alzheimer e Tratamento. Ele fez uma explana\u00e7\u00e3o geral sobre o hist\u00f3rico e a evolu\u00e7\u00e3o da doen\u00e7a e as modernas formas de acompanhamento e tratamento.<\/p>\r\n\r\n\r\n\r\n<p>\u00c0s 9h30, Nat\u00e1lia Rodrigues Camargo, graduanda do curso de Medicina Veterin\u00e1ria da Unesp de Ara\u00e7atuba falou sobre Terapia Assistida por Animais. Ela citou o caso do uso de c\u00e3es no tratamento da doen\u00e7a junto a fam\u00edlias, abrigos e asilos, com experi\u00eancias que v\u00eam obtendo \u00f3timos resultados. A seguir, Marcelle Aparecida de Barros, enfermeira e docente do curso de Enfermagem do UniSALESIANO apresentou a palestra Cuidados Domiciliares, apontando a import\u00e2ncia da fam\u00edlia para o portador de Alzheimer.<\/p>\r\n\r\n\r\n\r\n<p>Na segunda parte do Simp\u00f3sio, Jeidson Antonio Morais Marques, doutorando do Departamento de Odontologia Social da Unesp de Ara\u00e7atuba, e Rosana Leal do Prado, mestranda daquela institui\u00e7\u00e3o, ministraram a palestra Promo\u00e7\u00e3o e Manuten\u00e7\u00e3o da Sa\u00fade Bucal na Terceira Idade. Eles apresentaram relatos de casos observados na rotina de trabalho da Unesp.<\/p>\r\n\r\n\r\n\r\n<p>As duas \u00faltimas apresenta\u00e7\u00f5es couberam a Adriana Tedeschine Florentino, psic\u00f3loga e colaboradora da ABRAz de Ara\u00e7atuba, que falou sobre Aspectos Emocionais da Doen\u00e7a de Alzheimer, e Maria Solange Magnani, fisioterapeuta e docente do curso de Fisioterapia do UniSALESIANO, que abordou o tema Fisioterapia e Doen\u00e7a de Alzheimer.<\/p>\r\n\r\n\r\n\r\n<p>Um dos momentos mais marcantes do Simp\u00f3sio foi o depoimento prestado pelo Prof. C\u00e9lio Pinheiro, ex-presidente da Academia Ara\u00e7atubense de Letras e autor, juntamente com a colunista social, Odette Costa, falecida recentemente, do livro A Hist\u00f3ria de Ara\u00e7atuba. Portador do mal de Alzheimer, ele falou sobre os problemas que enfrenta e as ang\u00fastias que a doen\u00e7a causa \u00e0s pessoas.<\/p>\r\n\r\n\r\n\r\n<p>A Comiss\u00e3o Organizadora &#8211; que \u00e9 formada por Fernanda Barbosa da Silveira, presidente da Liga Acad\u00eamica de Geriatria e Gerontologia; Cl\u00e1udia Cyrillo, coordenadora da \u00e1rea de Enfermagem do UniSALESIANO; e Dr. Ricardo Lu\u00eds Sim\u00f5es Pires Wayhs, presidente da Associa\u00e7\u00e3o Brasileira da Doen\u00e7a de Alzheimer, Regional de Ara\u00e7atuba &#8211; estabeleceu que para participar os interessados deveriam contribuir com um quilo de alimentos n\u00e3o perec\u00edveis. Assim, toda a coleta feita ser\u00e1 distribu\u00edda entre as fam\u00edlias dos portadores daquele mal.<\/p>\r\n","protected":false},"excerpt":{"rendered":"<p>A Liga Acad\u00eamica de Geriatria e Gerontologia, criada no Centro Universit\u00e1rio Cat\u00f3lico Salesiano Auxilium &#8211; UniSALESIANO, e a Associa\u00e7\u00e3o Brasileira da Doen\u00e7a de Alzheimer &#8211; ABRAz, Regional de Ara\u00e7atuba, promoveram neste s\u00e1bado, 23, o I Simp\u00f3sio sobre a Doen\u00e7a de Alzheimer. O evento, que contou com a participa\u00e7\u00e3o de diversos profissionais da \u00e1rea, foi realizado [&hellip;]<\/p>\n","protected":false},"author":1,"featured_media":8508,"comment_status":"open","ping_status":"open","sticky":false,"template":"","format":"standard","meta":{"footnotes":""},"categories":[5],"tags":[15],"class_list":["post-8507","post","type-post","status-publish","format-standard","has-post-thumbnail","hentry","category-saude","tag-enfermagem"],"yoast_head":"<!-- This site is optimized with the Yoast SEO plugin v17.4 - https:\/\/yoast.com\/wordpress\/plugins\/seo\/ -->\n<title>Profissionais abordam a doen\u00e7a de Alzheimer em evento no UniSALESIANO - UniSALESIANO Ara\u00e7atuba\/SP<\/title>\n<meta name=\"robots\" content=\"index, follow, max-snippet:-1, max-image-preview:large, max-video-preview:-1\" \/>\n<link rel=\"canonical\" href=\"https:\/\/unisalesiano.com.br\/aracatuba\/profissionais-abordam-a-doenca-de-alzheimer-em-evento-no-unisalesiano\/\" \/>\n<meta property=\"og:locale\" content=\"pt_BR\" \/>\n<meta property=\"og:type\" content=\"article\" \/>\n<meta property=\"og:title\" content=\"Profissionais abordam a doen\u00e7a de Alzheimer em evento no UniSALESIANO - UniSALESIANO Ara\u00e7atuba\/SP\" \/>\n<meta property=\"og:description\" content=\"A Liga Acad\u00eamica de Geriatria e Gerontologia, criada no Centro Universit\u00e1rio Cat\u00f3lico Salesiano Auxilium &#8211; UniSALESIANO, e a Associa\u00e7\u00e3o Brasileira da Doen\u00e7a de Alzheimer &#8211; ABRAz, Regional de Ara\u00e7atuba, promoveram neste s\u00e1bado, 23, o I Simp\u00f3sio sobre a Doen\u00e7a de Alzheimer. O evento, que contou com a participa\u00e7\u00e3o de diversos profissionais da \u00e1rea, foi realizado [&hellip;]\" \/>\n<meta property=\"og:url\" content=\"https:\/\/unisalesiano.com.br\/aracatuba\/profissionais-abordam-a-doenca-de-alzheimer-em-evento-no-unisalesiano\/\" \/>\n<meta property=\"og:site_name\" content=\"UniSALESIANO Ara\u00e7atuba\/SP\" \/>\n<meta property=\"article:published_time\" content=\"2006-09-23T18:11:03+00:00\" \/>\n<meta property=\"article:modified_time\" content=\"2019-06-26T14:54:23+00:00\" \/>\n<meta property=\"og:image\" content=\"https:\/\/unisalesiano.com.br\/aracatuba\/wp-content\/uploads\/2019\/01\/2006-09-23-266-Profissionais-abordam-a-doen\u00e7a-de.jpg\" \/>\n\t<meta property=\"og:image:width\" content=\"480\" \/>\n\t<meta property=\"og:image:height\" content=\"360\" \/>\n<meta name=\"twitter:card\" content=\"summary_large_image\" \/>\n<meta name=\"twitter:label1\" content=\"Escrito por\" \/>\n\t<meta name=\"twitter:data1\" content=\"admin\" \/>\n\t<meta name=\"twitter:label2\" content=\"Est. tempo de leitura\" \/>\n\t<meta name=\"twitter:data2\" content=\"3 minutos\" \/>\n<script type=\"application\/ld+json\" class=\"yoast-schema-graph\">{\"@context\":\"https:\/\/schema.org\",\"@graph\":[{\"@type\":\"WebSite\",\"@id\":\"https:\/\/unisalesiano.com.br\/aracatuba\/#website\",\"url\":\"https:\/\/unisalesiano.com.br\/aracatuba\/\",\"name\":\"UniSALESIANO Ara\\u00e7atuba\/SP\",\"description\":\"Centro Universit\\u00e1rio Cat\\u00f3lico Salesiano Auxilium\",\"potentialAction\":[{\"@type\":\"SearchAction\",\"target\":{\"@type\":\"EntryPoint\",\"urlTemplate\":\"https:\/\/unisalesiano.com.br\/aracatuba\/?s={search_term_string}\"},\"query-input\":\"required name=search_term_string\"}],\"inLanguage\":\"pt-BR\"},{\"@type\":\"ImageObject\",\"@id\":\"https:\/\/unisalesiano.com.br\/aracatuba\/profissionais-abordam-a-doenca-de-alzheimer-em-evento-no-unisalesiano\/#primaryimage\",\"inLanguage\":\"pt-BR\",\"url\":\"https:\/\/unisalesiano.com.br\/aracatuba\/wp-content\/uploads\/2019\/01\/2006-09-23-266-Profissionais-abordam-a-doen\\u00e7a-de.jpg\",\"contentUrl\":\"https:\/\/unisalesiano.com.br\/aracatuba\/wp-content\/uploads\/2019\/01\/2006-09-23-266-Profissionais-abordam-a-doen\\u00e7a-de.jpg\",\"width\":480,\"height\":360},{\"@type\":\"WebPage\",\"@id\":\"https:\/\/unisalesiano.com.br\/aracatuba\/profissionais-abordam-a-doenca-de-alzheimer-em-evento-no-unisalesiano\/#webpage\",\"url\":\"https:\/\/unisalesiano.com.br\/aracatuba\/profissionais-abordam-a-doenca-de-alzheimer-em-evento-no-unisalesiano\/\",\"name\":\"Profissionais abordam a doen\\u00e7a de Alzheimer em evento no UniSALESIANO - UniSALESIANO Ara\\u00e7atuba\/SP\",\"isPartOf\":{\"@id\":\"https:\/\/unisalesiano.com.br\/aracatuba\/#website\"},\"primaryImageOfPage\":{\"@id\":\"https:\/\/unisalesiano.com.br\/aracatuba\/profissionais-abordam-a-doenca-de-alzheimer-em-evento-no-unisalesiano\/#primaryimage\"},\"datePublished\":\"2006-09-23T18:11:03+00:00\",\"dateModified\":\"2019-06-26T14:54:23+00:00\",\"author\":{\"@id\":\"https:\/\/unisalesiano.com.br\/aracatuba\/#\/schema\/person\/afb1b2331f463570beda616f4cc14cc9\"},\"breadcrumb\":{\"@id\":\"https:\/\/unisalesiano.com.br\/aracatuba\/profissionais-abordam-a-doenca-de-alzheimer-em-evento-no-unisalesiano\/#breadcrumb\"},\"inLanguage\":\"pt-BR\",\"potentialAction\":[{\"@type\":\"ReadAction\",\"target\":[\"https:\/\/unisalesiano.com.br\/aracatuba\/profissionais-abordam-a-doenca-de-alzheimer-em-evento-no-unisalesiano\/\"]}]},{\"@type\":\"BreadcrumbList\",\"@id\":\"https:\/\/unisalesiano.com.br\/aracatuba\/profissionais-abordam-a-doenca-de-alzheimer-em-evento-no-unisalesiano\/#breadcrumb\",\"itemListElement\":[{\"@type\":\"ListItem\",\"position\":1,\"name\":\"In\\u00edcio\",\"item\":\"https:\/\/unisalesiano.com.br\/aracatuba\/\"},{\"@type\":\"ListItem\",\"position\":2,\"name\":\"Profissionais abordam a doen\\u00e7a de Alzheimer em evento no UniSALESIANO\"}]},{\"@type\":\"Person\",\"@id\":\"https:\/\/unisalesiano.com.br\/aracatuba\/#\/schema\/person\/afb1b2331f463570beda616f4cc14cc9\",\"name\":\"admin\",\"image\":{\"@type\":\"ImageObject\",\"@id\":\"https:\/\/unisalesiano.com.br\/aracatuba\/#personlogo\",\"inLanguage\":\"pt-BR\",\"url\":\"https:\/\/secure.gravatar.com\/avatar\/dfc5c63987fa9f19b5c366e55740b2a0ffac4aab41ba55c1bd96dbb85eb3a8ca?s=96&d=mm&r=g\",\"contentUrl\":\"https:\/\/secure.gravatar.com\/avatar\/dfc5c63987fa9f19b5c366e55740b2a0ffac4aab41ba55c1bd96dbb85eb3a8ca?s=96&d=mm&r=g\",\"caption\":\"admin\"},\"url\":\"https:\/\/unisalesiano.com.br\/aracatuba\/author\/admin\/\"}]}<\/script>\n<!-- \/ Yoast SEO plugin. -->","yoast_head_json":{"title":"Profissionais abordam a doen\u00e7a de Alzheimer em evento no UniSALESIANO - UniSALESIANO Ara\u00e7atuba\/SP","robots":{"index":"index","follow":"follow","max-snippet":"max-snippet:-1","max-image-preview":"max-image-preview:large","max-video-preview":"max-video-preview:-1"},"canonical":"https:\/\/unisalesiano.com.br\/aracatuba\/profissionais-abordam-a-doenca-de-alzheimer-em-evento-no-unisalesiano\/","og_locale":"pt_BR","og_type":"article","og_title":"Profissionais abordam a doen\u00e7a de Alzheimer em evento no UniSALESIANO - UniSALESIANO Ara\u00e7atuba\/SP","og_description":"A Liga Acad\u00eamica de Geriatria e Gerontologia, criada no Centro Universit\u00e1rio Cat\u00f3lico Salesiano Auxilium &#8211; UniSALESIANO, e a Associa\u00e7\u00e3o Brasileira da Doen\u00e7a de Alzheimer &#8211; ABRAz, Regional de Ara\u00e7atuba, promoveram neste s\u00e1bado, 23, o I Simp\u00f3sio sobre a Doen\u00e7a de Alzheimer. O evento, que contou com a participa\u00e7\u00e3o de diversos profissionais da \u00e1rea, foi realizado [&hellip;]","og_url":"https:\/\/unisalesiano.com.br\/aracatuba\/profissionais-abordam-a-doenca-de-alzheimer-em-evento-no-unisalesiano\/","og_site_name":"UniSALESIANO Ara\u00e7atuba\/SP","article_published_time":"2006-09-23T18:11:03+00:00","article_modified_time":"2019-06-26T14:54:23+00:00","og_image":[{"width":480,"height":360,"url":"https:\/\/unisalesiano.com.br\/aracatuba\/wp-content\/uploads\/2019\/01\/2006-09-23-266-Profissionais-abordam-a-doen\u00e7a-de.jpg","type":"image\/jpeg"}],"twitter_card":"summary_large_image","twitter_misc":{"Escrito por":"admin","Est. tempo de leitura":"3 minutos"},"schema":{"@context":"https:\/\/schema.org","@graph":[{"@type":"WebSite","@id":"https:\/\/unisalesiano.com.br\/aracatuba\/#website","url":"https:\/\/unisalesiano.com.br\/aracatuba\/","name":"UniSALESIANO Ara\u00e7atuba\/SP","description":"Centro Universit\u00e1rio Cat\u00f3lico Salesiano Auxilium","potentialAction":[{"@type":"SearchAction","target":{"@type":"EntryPoint","urlTemplate":"https:\/\/unisalesiano.com.br\/aracatuba\/?s={search_term_string}"},"query-input":"required name=search_term_string"}],"inLanguage":"pt-BR"},{"@type":"ImageObject","@id":"https:\/\/unisalesiano.com.br\/aracatuba\/profissionais-abordam-a-doenca-de-alzheimer-em-evento-no-unisalesiano\/#primaryimage","inLanguage":"pt-BR","url":"https:\/\/unisalesiano.com.br\/aracatuba\/wp-content\/uploads\/2019\/01\/2006-09-23-266-Profissionais-abordam-a-doen\u00e7a-de.jpg","contentUrl":"https:\/\/unisalesiano.com.br\/aracatuba\/wp-content\/uploads\/2019\/01\/2006-09-23-266-Profissionais-abordam-a-doen\u00e7a-de.jpg","width":480,"height":360},{"@type":"WebPage","@id":"https:\/\/unisalesiano.com.br\/aracatuba\/profissionais-abordam-a-doenca-de-alzheimer-em-evento-no-unisalesiano\/#webpage","url":"https:\/\/unisalesiano.com.br\/aracatuba\/profissionais-abordam-a-doenca-de-alzheimer-em-evento-no-unisalesiano\/","name":"Profissionais abordam a doen\u00e7a de Alzheimer em evento no UniSALESIANO - UniSALESIANO Ara\u00e7atuba\/SP","isPartOf":{"@id":"https:\/\/unisalesiano.com.br\/aracatuba\/#website"},"primaryImageOfPage":{"@id":"https:\/\/unisalesiano.com.br\/aracatuba\/profissionais-abordam-a-doenca-de-alzheimer-em-evento-no-unisalesiano\/#primaryimage"},"datePublished":"2006-09-23T18:11:03+00:00","dateModified":"2019-06-26T14:54:23+00:00","author":{"@id":"https:\/\/unisalesiano.com.br\/aracatuba\/#\/schema\/person\/afb1b2331f463570beda616f4cc14cc9"},"breadcrumb":{"@id":"https:\/\/unisalesiano.com.br\/aracatuba\/profissionais-abordam-a-doenca-de-alzheimer-em-evento-no-unisalesiano\/#breadcrumb"},"inLanguage":"pt-BR","potentialAction":[{"@type":"ReadAction","target":["https:\/\/unisalesiano.com.br\/aracatuba\/profissionais-abordam-a-doenca-de-alzheimer-em-evento-no-unisalesiano\/"]}]},{"@type":"BreadcrumbList","@id":"https:\/\/unisalesiano.com.br\/aracatuba\/profissionais-abordam-a-doenca-de-alzheimer-em-evento-no-unisalesiano\/#breadcrumb","itemListElement":[{"@type":"ListItem","position":1,"name":"In\u00edcio","item":"https:\/\/unisalesiano.com.br\/aracatuba\/"},{"@type":"ListItem","position":2,"name":"Profissionais abordam a doen\u00e7a de Alzheimer em evento no UniSALESIANO"}]},{"@type":"Person","@id":"https:\/\/unisalesiano.com.br\/aracatuba\/#\/schema\/person\/afb1b2331f463570beda616f4cc14cc9","name":"admin","image":{"@type":"ImageObject","@id":"https:\/\/unisalesiano.com.br\/aracatuba\/#personlogo","inLanguage":"pt-BR","url":"https:\/\/secure.gravatar.com\/avatar\/dfc5c63987fa9f19b5c366e55740b2a0ffac4aab41ba55c1bd96dbb85eb3a8ca?s=96&d=mm&r=g","contentUrl":"https:\/\/secure.gravatar.com\/avatar\/dfc5c63987fa9f19b5c366e55740b2a0ffac4aab41ba55c1bd96dbb85eb3a8ca?s=96&d=mm&r=g","caption":"admin"},"url":"https:\/\/unisalesiano.com.br\/aracatuba\/author\/admin\/"}]}},"_links":{"self":[{"href":"https:\/\/unisalesiano.com.br\/aracatuba\/wp-json\/wp\/v2\/posts\/8507","targetHints":{"allow":["GET"]}}],"collection":[{"href":"https:\/\/unisalesiano.com.br\/aracatuba\/wp-json\/wp\/v2\/posts"}],"about":[{"href":"https:\/\/unisalesiano.com.br\/aracatuba\/wp-json\/wp\/v2\/types\/post"}],"author":[{"embeddable":true,"href":"https:\/\/unisalesiano.com.br\/aracatuba\/wp-json\/wp\/v2\/users\/1"}],"replies":[{"embeddable":true,"href":"https:\/\/unisalesiano.com.br\/aracatuba\/wp-json\/wp\/v2\/comments?post=8507"}],"version-history":[{"count":0,"href":"https:\/\/unisalesiano.com.br\/aracatuba\/wp-json\/wp\/v2\/posts\/8507\/revisions"}],"wp:featuredmedia":[{"embeddable":true,"href":"https:\/\/unisalesiano.com.br\/aracatuba\/wp-json\/wp\/v2\/media\/8508"}],"wp:attachment":[{"href":"https:\/\/unisalesiano.com.br\/aracatuba\/wp-json\/wp\/v2\/media?parent=8507"}],"wp:term":[{"taxonomy":"category","embeddable":true,"href":"https:\/\/unisalesiano.com.br\/aracatuba\/wp-json\/wp\/v2\/categories?post=8507"},{"taxonomy":"post_tag","embeddable":true,"href":"https:\/\/unisalesiano.com.br\/aracatuba\/wp-json\/wp\/v2\/tags?post=8507"}],"curies":[{"name":"wp","href":"https:\/\/api.w.org\/{rel}","templated":true}]}}