{"id":8502,"date":"2006-09-18T15:04:10","date_gmt":"2006-09-18T18:04:10","guid":{"rendered":"https:\/\/unisalesiano.com.br\/?p=8502"},"modified":"2019-01-15T15:07:22","modified_gmt":"2019-01-15T17:07:22","slug":"professora-do-unisalesiano-participa-de-congresso-na-alemanha","status":"publish","type":"post","link":"https:\/\/unisalesiano.com.br\/aracatuba\/professora-do-unisalesiano-participa-de-congresso-na-alemanha\/","title":{"rendered":"Professora do UniSALESIANO participa de congresso na Alemanha"},"content":{"rendered":"\n<p>A Prof\u00aa Fernanda Figueir\u00f4a Sanchez, docente das disciplinas\nde Cinesioterapia e Fundamentos de Pneumologia do Curso de Fisioterapia do\nCentro Universit\u00e1rio Cat\u00f3lico Salesiano Auxilium &#8211; UniSALESIANO, participou\nentre os dias 2 e 6 deste m\u00eas, em Munique, na Alemanha, do 16\u00ba Congresso\nEuropeu de Pneumologia promovido pela ERS (European Respiratory Society).<\/p>\n\n\n\n<p>Este \u00e9 um dos maiores congressos mundiais da \u00e1rea de doen\u00e7as\nrespirat\u00f3rias, que neste ano contou com a participa\u00e7\u00e3o de 15 mil participantes\nda \u00e1rea de sa\u00fade.<\/p>\n\n\n\n<p>Ela esteve acompanhada de um grupo de alunos que integram o\ncurso de P\u00f3s-Gradua\u00e7\u00e3o em Fisiopatologia e Cl\u00ednica M\u00e9dica, na Unesp de\nBotucatu.<\/p>\n\n\n\n<p>Na oportunidade, foram apresentados dois trabalhos, sendo\nque o segundo recebeu a premia\u00e7\u00e3o prata do Congresso.<\/p>\n\n\n\n<p>O primeiro tema foi Dyspnea is better than a\nmultidimensional grading system (BODE index) as predictor of health-related\nquality of life in COPD (Rela\u00e7\u00e3o entre o \u00cdndice BODE e qualidade de vida em\npacientes com doen\u00e7a pulmonar obstrutiva cr\u00f4nica).<\/p>\n\n\n\n<p>A exposi\u00e7\u00e3o coube \u00e0 Prof\u00aa Fernanda Figuer\u00f4a Sanchez, que\nparticipava de uma equipe composta pelos alunos, Marcia M. Faganello, Suzana E.\nTanni, Nilva G. Pelegrino, Carlos R. Padovani, Paulo A. Lucheta, Vitor Z.\nDourado e Irma Godoy.<\/p>\n\n\n\n<p>O segundo trabalho recebeu o t\u00edtulo Relationship between the\ntissue depletion pattern and muscle mass, muscle strength and inflammation in\nCOPD patients (Rela\u00e7\u00e3o entre deple\u00e7\u00e3o tecidual, massa e for\u00e7a muscular e\ninflama\u00e7\u00e3o em pacientes com doen\u00e7a pulmonar obstrutiva cr\u00f4nica) com exposi\u00e7\u00e3o\nde Suzana E. Tanni. A equipe deste tema foi composta pelos p\u00f3s-graduandos\nFernanda Figuer\u00f4a Sanchez, Marcia M. Faganello, Victor Z. Dourado, Aparecida\nY.O. Angeleli, Corina J. Correa, Camila R. Correa-Camacho e Irma Godoy.<\/p>\n\n\n\n<p>Segundo a Prof\u00aa Fernanda Figuer\u00f4a Sanchez, os temas abordados\nno congresso refor\u00e7am as quest\u00f5es sobre a \u00e1rea de respirt\u00f3ria estudadas no\nBrasil. &#8220;As pesquisas demostram o quanto a fisioterapia respirat\u00f3ria tem\ncontribu\u00eddo para a assist\u00eancia de pacientes pneumopatas&#8221;, declarou.<\/p>\n\n\n\n<p>Para ela, a viagem ao congresso representa uma prova da\nnecessidade de desenvolvimento de pesquisas cient\u00edficas que possam contribuir\npara prazer o crescimento e novos tratamentos para benef\u00edcio dos nossos\npacientes.<\/p>\n","protected":false},"excerpt":{"rendered":"<p>A Prof\u00aa Fernanda Figueir\u00f4a Sanchez, docente das disciplinas de Cinesioterapia e Fundamentos de Pneumologia do Curso de Fisioterapia do Centro Universit\u00e1rio Cat\u00f3lico Salesiano Auxilium &#8211; UniSALESIANO, participou entre os dias 2 e 6 deste m\u00eas, em Munique, na Alemanha, do 16\u00ba Congresso Europeu de Pneumologia promovido pela ERS (European Respiratory Society). Este \u00e9 um dos [&hellip;]<\/p>\n","protected":false},"author":1,"featured_media":8503,"comment_status":"open","ping_status":"open","sticky":false,"template":"","format":"standard","meta":{"footnotes":""},"categories":[5],"tags":[159,17],"class_list":["post-8502","post","type-post","status-publish","format-standard","has-post-thumbnail","hentry","category-saude","tag-congresso","tag-fisioterapia"],"yoast_head":"<!-- This site is optimized with the Yoast SEO plugin v17.4 - https:\/\/yoast.com\/wordpress\/plugins\/seo\/ -->\n<title>Professora do UniSALESIANO participa de congresso na Alemanha - UniSALESIANO Ara\u00e7atuba\/SP<\/title>\n<meta name=\"robots\" content=\"index, follow, max-snippet:-1, max-image-preview:large, max-video-preview:-1\" \/>\n<link rel=\"canonical\" href=\"https:\/\/unisalesiano.com.br\/aracatuba\/professora-do-unisalesiano-participa-de-congresso-na-alemanha\/\" \/>\n<meta property=\"og:locale\" content=\"pt_BR\" \/>\n<meta property=\"og:type\" content=\"article\" \/>\n<meta property=\"og:title\" content=\"Professora do UniSALESIANO participa de congresso na Alemanha - UniSALESIANO Ara\u00e7atuba\/SP\" \/>\n<meta property=\"og:description\" content=\"A Prof\u00aa Fernanda Figueir\u00f4a Sanchez, docente das disciplinas de Cinesioterapia e Fundamentos de Pneumologia do Curso de Fisioterapia do Centro Universit\u00e1rio Cat\u00f3lico Salesiano Auxilium &#8211; UniSALESIANO, participou entre os dias 2 e 6 deste m\u00eas, em Munique, na Alemanha, do 16\u00ba Congresso Europeu de Pneumologia promovido pela ERS (European Respiratory Society). Este \u00e9 um dos [&hellip;]\" \/>\n<meta property=\"og:url\" content=\"https:\/\/unisalesiano.com.br\/aracatuba\/professora-do-unisalesiano-participa-de-congresso-na-alemanha\/\" \/>\n<meta property=\"og:site_name\" content=\"UniSALESIANO Ara\u00e7atuba\/SP\" \/>\n<meta property=\"article:published_time\" content=\"2006-09-18T18:04:10+00:00\" \/>\n<meta property=\"article:modified_time\" content=\"2019-01-15T17:07:22+00:00\" \/>\n<meta property=\"og:image\" content=\"https:\/\/unisalesiano.com.br\/aracatuba\/wp-content\/uploads\/2006\/09\/2006-09-18-262-Professora-do-UniSALESIANO-participa.jpg\" \/>\n\t<meta property=\"og:image:width\" content=\"359\" \/>\n\t<meta property=\"og:image:height\" content=\"360\" \/>\n<meta name=\"twitter:card\" content=\"summary_large_image\" \/>\n<meta name=\"twitter:label1\" content=\"Escrito por\" \/>\n\t<meta name=\"twitter:data1\" content=\"admin\" \/>\n\t<meta name=\"twitter:label2\" content=\"Est. tempo de leitura\" \/>\n\t<meta name=\"twitter:data2\" content=\"2 minutos\" \/>\n<script type=\"application\/ld+json\" class=\"yoast-schema-graph\">{\"@context\":\"https:\/\/schema.org\",\"@graph\":[{\"@type\":\"WebSite\",\"@id\":\"https:\/\/unisalesiano.com.br\/aracatuba\/#website\",\"url\":\"https:\/\/unisalesiano.com.br\/aracatuba\/\",\"name\":\"UniSALESIANO Ara\\u00e7atuba\/SP\",\"description\":\"Centro Universit\\u00e1rio Cat\\u00f3lico Salesiano Auxilium\",\"potentialAction\":[{\"@type\":\"SearchAction\",\"target\":{\"@type\":\"EntryPoint\",\"urlTemplate\":\"https:\/\/unisalesiano.com.br\/aracatuba\/?s={search_term_string}\"},\"query-input\":\"required name=search_term_string\"}],\"inLanguage\":\"pt-BR\"},{\"@type\":\"ImageObject\",\"@id\":\"https:\/\/unisalesiano.com.br\/aracatuba\/professora-do-unisalesiano-participa-de-congresso-na-alemanha\/#primaryimage\",\"inLanguage\":\"pt-BR\",\"url\":\"https:\/\/unisalesiano.com.br\/aracatuba\/wp-content\/uploads\/2006\/09\/2006-09-18-262-Professora-do-UniSALESIANO-participa.jpg\",\"contentUrl\":\"https:\/\/unisalesiano.com.br\/aracatuba\/wp-content\/uploads\/2006\/09\/2006-09-18-262-Professora-do-UniSALESIANO-participa.jpg\",\"width\":359,\"height\":360},{\"@type\":\"WebPage\",\"@id\":\"https:\/\/unisalesiano.com.br\/aracatuba\/professora-do-unisalesiano-participa-de-congresso-na-alemanha\/#webpage\",\"url\":\"https:\/\/unisalesiano.com.br\/aracatuba\/professora-do-unisalesiano-participa-de-congresso-na-alemanha\/\",\"name\":\"Professora do UniSALESIANO participa de congresso na Alemanha - UniSALESIANO Ara\\u00e7atuba\/SP\",\"isPartOf\":{\"@id\":\"https:\/\/unisalesiano.com.br\/aracatuba\/#website\"},\"primaryImageOfPage\":{\"@id\":\"https:\/\/unisalesiano.com.br\/aracatuba\/professora-do-unisalesiano-participa-de-congresso-na-alemanha\/#primaryimage\"},\"datePublished\":\"2006-09-18T18:04:10+00:00\",\"dateModified\":\"2019-01-15T17:07:22+00:00\",\"author\":{\"@id\":\"https:\/\/unisalesiano.com.br\/aracatuba\/#\/schema\/person\/afb1b2331f463570beda616f4cc14cc9\"},\"breadcrumb\":{\"@id\":\"https:\/\/unisalesiano.com.br\/aracatuba\/professora-do-unisalesiano-participa-de-congresso-na-alemanha\/#breadcrumb\"},\"inLanguage\":\"pt-BR\",\"potentialAction\":[{\"@type\":\"ReadAction\",\"target\":[\"https:\/\/unisalesiano.com.br\/aracatuba\/professora-do-unisalesiano-participa-de-congresso-na-alemanha\/\"]}]},{\"@type\":\"BreadcrumbList\",\"@id\":\"https:\/\/unisalesiano.com.br\/aracatuba\/professora-do-unisalesiano-participa-de-congresso-na-alemanha\/#breadcrumb\",\"itemListElement\":[{\"@type\":\"ListItem\",\"position\":1,\"name\":\"In\\u00edcio\",\"item\":\"https:\/\/unisalesiano.com.br\/aracatuba\/\"},{\"@type\":\"ListItem\",\"position\":2,\"name\":\"Professora do UniSALESIANO participa de congresso na Alemanha\"}]},{\"@type\":\"Person\",\"@id\":\"https:\/\/unisalesiano.com.br\/aracatuba\/#\/schema\/person\/afb1b2331f463570beda616f4cc14cc9\",\"name\":\"admin\",\"image\":{\"@type\":\"ImageObject\",\"@id\":\"https:\/\/unisalesiano.com.br\/aracatuba\/#personlogo\",\"inLanguage\":\"pt-BR\",\"url\":\"https:\/\/secure.gravatar.com\/avatar\/dfc5c63987fa9f19b5c366e55740b2a0ffac4aab41ba55c1bd96dbb85eb3a8ca?s=96&d=mm&r=g\",\"contentUrl\":\"https:\/\/secure.gravatar.com\/avatar\/dfc5c63987fa9f19b5c366e55740b2a0ffac4aab41ba55c1bd96dbb85eb3a8ca?s=96&d=mm&r=g\",\"caption\":\"admin\"},\"url\":\"https:\/\/unisalesiano.com.br\/aracatuba\/author\/admin\/\"}]}<\/script>\n<!-- \/ Yoast SEO plugin. -->","yoast_head_json":{"title":"Professora do UniSALESIANO participa de congresso na Alemanha - UniSALESIANO Ara\u00e7atuba\/SP","robots":{"index":"index","follow":"follow","max-snippet":"max-snippet:-1","max-image-preview":"max-image-preview:large","max-video-preview":"max-video-preview:-1"},"canonical":"https:\/\/unisalesiano.com.br\/aracatuba\/professora-do-unisalesiano-participa-de-congresso-na-alemanha\/","og_locale":"pt_BR","og_type":"article","og_title":"Professora do UniSALESIANO participa de congresso na Alemanha - UniSALESIANO Ara\u00e7atuba\/SP","og_description":"A Prof\u00aa Fernanda Figueir\u00f4a Sanchez, docente das disciplinas de Cinesioterapia e Fundamentos de Pneumologia do Curso de Fisioterapia do Centro Universit\u00e1rio Cat\u00f3lico Salesiano Auxilium &#8211; UniSALESIANO, participou entre os dias 2 e 6 deste m\u00eas, em Munique, na Alemanha, do 16\u00ba Congresso Europeu de Pneumologia promovido pela ERS (European Respiratory Society). Este \u00e9 um dos [&hellip;]","og_url":"https:\/\/unisalesiano.com.br\/aracatuba\/professora-do-unisalesiano-participa-de-congresso-na-alemanha\/","og_site_name":"UniSALESIANO Ara\u00e7atuba\/SP","article_published_time":"2006-09-18T18:04:10+00:00","article_modified_time":"2019-01-15T17:07:22+00:00","og_image":[{"width":359,"height":360,"url":"https:\/\/unisalesiano.com.br\/aracatuba\/wp-content\/uploads\/2006\/09\/2006-09-18-262-Professora-do-UniSALESIANO-participa.jpg","type":"image\/jpeg"}],"twitter_card":"summary_large_image","twitter_misc":{"Escrito por":"admin","Est. tempo de leitura":"2 minutos"},"schema":{"@context":"https:\/\/schema.org","@graph":[{"@type":"WebSite","@id":"https:\/\/unisalesiano.com.br\/aracatuba\/#website","url":"https:\/\/unisalesiano.com.br\/aracatuba\/","name":"UniSALESIANO Ara\u00e7atuba\/SP","description":"Centro Universit\u00e1rio Cat\u00f3lico Salesiano Auxilium","potentialAction":[{"@type":"SearchAction","target":{"@type":"EntryPoint","urlTemplate":"https:\/\/unisalesiano.com.br\/aracatuba\/?s={search_term_string}"},"query-input":"required name=search_term_string"}],"inLanguage":"pt-BR"},{"@type":"ImageObject","@id":"https:\/\/unisalesiano.com.br\/aracatuba\/professora-do-unisalesiano-participa-de-congresso-na-alemanha\/#primaryimage","inLanguage":"pt-BR","url":"https:\/\/unisalesiano.com.br\/aracatuba\/wp-content\/uploads\/2006\/09\/2006-09-18-262-Professora-do-UniSALESIANO-participa.jpg","contentUrl":"https:\/\/unisalesiano.com.br\/aracatuba\/wp-content\/uploads\/2006\/09\/2006-09-18-262-Professora-do-UniSALESIANO-participa.jpg","width":359,"height":360},{"@type":"WebPage","@id":"https:\/\/unisalesiano.com.br\/aracatuba\/professora-do-unisalesiano-participa-de-congresso-na-alemanha\/#webpage","url":"https:\/\/unisalesiano.com.br\/aracatuba\/professora-do-unisalesiano-participa-de-congresso-na-alemanha\/","name":"Professora do UniSALESIANO participa de congresso na Alemanha - UniSALESIANO Ara\u00e7atuba\/SP","isPartOf":{"@id":"https:\/\/unisalesiano.com.br\/aracatuba\/#website"},"primaryImageOfPage":{"@id":"https:\/\/unisalesiano.com.br\/aracatuba\/professora-do-unisalesiano-participa-de-congresso-na-alemanha\/#primaryimage"},"datePublished":"2006-09-18T18:04:10+00:00","dateModified":"2019-01-15T17:07:22+00:00","author":{"@id":"https:\/\/unisalesiano.com.br\/aracatuba\/#\/schema\/person\/afb1b2331f463570beda616f4cc14cc9"},"breadcrumb":{"@id":"https:\/\/unisalesiano.com.br\/aracatuba\/professora-do-unisalesiano-participa-de-congresso-na-alemanha\/#breadcrumb"},"inLanguage":"pt-BR","potentialAction":[{"@type":"ReadAction","target":["https:\/\/unisalesiano.com.br\/aracatuba\/professora-do-unisalesiano-participa-de-congresso-na-alemanha\/"]}]},{"@type":"BreadcrumbList","@id":"https:\/\/unisalesiano.com.br\/aracatuba\/professora-do-unisalesiano-participa-de-congresso-na-alemanha\/#breadcrumb","itemListElement":[{"@type":"ListItem","position":1,"name":"In\u00edcio","item":"https:\/\/unisalesiano.com.br\/aracatuba\/"},{"@type":"ListItem","position":2,"name":"Professora do UniSALESIANO participa de congresso na Alemanha"}]},{"@type":"Person","@id":"https:\/\/unisalesiano.com.br\/aracatuba\/#\/schema\/person\/afb1b2331f463570beda616f4cc14cc9","name":"admin","image":{"@type":"ImageObject","@id":"https:\/\/unisalesiano.com.br\/aracatuba\/#personlogo","inLanguage":"pt-BR","url":"https:\/\/secure.gravatar.com\/avatar\/dfc5c63987fa9f19b5c366e55740b2a0ffac4aab41ba55c1bd96dbb85eb3a8ca?s=96&d=mm&r=g","contentUrl":"https:\/\/secure.gravatar.com\/avatar\/dfc5c63987fa9f19b5c366e55740b2a0ffac4aab41ba55c1bd96dbb85eb3a8ca?s=96&d=mm&r=g","caption":"admin"},"url":"https:\/\/unisalesiano.com.br\/aracatuba\/author\/admin\/"}]}},"_links":{"self":[{"href":"https:\/\/unisalesiano.com.br\/aracatuba\/wp-json\/wp\/v2\/posts\/8502","targetHints":{"allow":["GET"]}}],"collection":[{"href":"https:\/\/unisalesiano.com.br\/aracatuba\/wp-json\/wp\/v2\/posts"}],"about":[{"href":"https:\/\/unisalesiano.com.br\/aracatuba\/wp-json\/wp\/v2\/types\/post"}],"author":[{"embeddable":true,"href":"https:\/\/unisalesiano.com.br\/aracatuba\/wp-json\/wp\/v2\/users\/1"}],"replies":[{"embeddable":true,"href":"https:\/\/unisalesiano.com.br\/aracatuba\/wp-json\/wp\/v2\/comments?post=8502"}],"version-history":[{"count":0,"href":"https:\/\/unisalesiano.com.br\/aracatuba\/wp-json\/wp\/v2\/posts\/8502\/revisions"}],"wp:featuredmedia":[{"embeddable":true,"href":"https:\/\/unisalesiano.com.br\/aracatuba\/wp-json\/wp\/v2\/media\/8503"}],"wp:attachment":[{"href":"https:\/\/unisalesiano.com.br\/aracatuba\/wp-json\/wp\/v2\/media?parent=8502"}],"wp:term":[{"taxonomy":"category","embeddable":true,"href":"https:\/\/unisalesiano.com.br\/aracatuba\/wp-json\/wp\/v2\/categories?post=8502"},{"taxonomy":"post_tag","embeddable":true,"href":"https:\/\/unisalesiano.com.br\/aracatuba\/wp-json\/wp\/v2\/tags?post=8502"}],"curies":[{"name":"wp","href":"https:\/\/api.w.org\/{rel}","templated":true}]}}