{"id":8462,"date":"2006-07-24T10:54:11","date_gmt":"2006-07-24T13:54:11","guid":{"rendered":"https:\/\/unisalesiano.com.br\/?p=8462"},"modified":"2019-01-15T13:06:08","modified_gmt":"2019-01-15T15:06:08","slug":"enfermagem-do-unisalesiano-participa-da-semana-de-educacao-no-transito","status":"publish","type":"post","link":"https:\/\/unisalesiano.com.br\/aracatuba\/enfermagem-do-unisalesiano-participa-da-semana-de-educacao-no-transito\/","title":{"rendered":"Enfermagem do UniSALESIANO participa da Semana de Educa\u00e7\u00e3o no Tr\u00e2nsito"},"content":{"rendered":"\n<p>Alunos do curso de Enfermagem do Centro Universit\u00e1rio\nSalesiano Cat\u00f3lico Auxilium &#8211; UniSALESIANO est\u00e3o participando da Semana de\nEduca\u00e7\u00e3o do Tr\u00e2nsito, organizada e promovida pelo Sest\/Senat de Ara\u00e7atuba. A\ncoordena\u00e7\u00e3o da \u00e1rea destacou quatro acad\u00eamicos do 6\u00ba termo, que se juntaram a\noutros participantes encaminhados pelo Programa Sa\u00fade da Fam\u00edlia, da Prefeitura\nMunicipal.<\/p>\n\n\n\n<p>&nbsp;Conforme a programa\u00e7\u00e3o, a cada dia o grupo visita\nempresas e locais p\u00fablicos para a realiza\u00e7\u00e3o de testes de acuidade visual.\nQuando alguma anormalidade \u00e9 detectada, a pessoa \u00e9 orientada para procurar um\nm\u00e9dico, hospital ou tratamento adequado.<\/p>\n\n\n\n<p>&nbsp;Todo o trabalho \u00e9 supervisionado por agentes do\nSest\/Senat, do PSF e do UniSALESIANO. O Centro Universit\u00e1rio est\u00e1 sendo\nrepresentado pela coordenadora do Curso de Enfermagem, Cl\u00e1udia Cyrillo.<\/p>\n\n\n\n<p>&nbsp;A Semana de Educa\u00e7\u00e3o no Tr\u00e2nsito come\u00e7ou nesta segunda-feira,\npela manh\u00e3. Entre 8 e 10h, o grupo visitou a TUA &#8211; Transportes Urbanos\nAra\u00e7atuba. Na ter\u00e7a, o atendimento ser\u00e1 prestado no Terminal Rodovi\u00e1rio\nCentral. Na quarta-feira o grupo se dirige para a Transportadora Graneleiro e\nna quinta ao Posto Cacique.<\/p>\n\n\n\n<p>&nbsp;Na sexta-feira, todos retornam ao Sest\/Senat para\natendimento no local.<\/p>\n\n\n\n<p>&nbsp;O Diretor do Sest\/Senat, Pedro Manoel Neves, destacou\nque esse trabalho, feito para marcar a passagem do Dia do Motorista &#8211; que\ntranscorre neste dia 25 -, tem um significado especial, que \u00e9 o de buscar a\npromo\u00e7\u00e3o do trabalhador de transportes, no sentido de valoriz\u00e1-lo em quest\u00f5es\nde sa\u00fade ocupacional e profissional.<\/p>\n\n\n\n<p>&nbsp;Ele lembra, ainda, que o evento &#8211; que est\u00e1 sendo\nrealizado em todo o pa\u00eds &#8211; tem tamb\u00e9m por obejtivo prestar informa\u00e7\u00f5es a todos\nos interessados sobre oportunidades de capacta\u00e7\u00e3o profissional que permitam\nmelhorar as condi\u00e7\u00f5es de vida do trabalhador, tanto no aspecto pessoal quanto\nno profissional.<\/p>\n\n\n\n<p>&nbsp;Para Cl\u00e1udia Cyrillo, coordenadora do UniSALESIANO,\ntrata-se de mais uma importante parceria para que os alunos da Institui\u00e7\u00e3o\npossam conhcecer as empresas como volunt\u00e1rios, porque no futuro poder\u00e3o\ntrabalhar nelas como profissionais.<\/p>\n","protected":false},"excerpt":{"rendered":"<p>Alunos do curso de Enfermagem do Centro Universit\u00e1rio Salesiano Cat\u00f3lico Auxilium &#8211; UniSALESIANO est\u00e3o participando da Semana de Educa\u00e7\u00e3o do Tr\u00e2nsito, organizada e promovida pelo Sest\/Senat de Ara\u00e7atuba. A coordena\u00e7\u00e3o da \u00e1rea destacou quatro acad\u00eamicos do 6\u00ba termo, que se juntaram a outros participantes encaminhados pelo Programa Sa\u00fade da Fam\u00edlia, da Prefeitura Municipal. &nbsp;Conforme a [&hellip;]<\/p>\n","protected":false},"author":1,"featured_media":8463,"comment_status":"open","ping_status":"open","sticky":false,"template":"","format":"standard","meta":{"footnotes":""},"categories":[5],"tags":[15],"class_list":["post-8462","post","type-post","status-publish","format-standard","has-post-thumbnail","hentry","category-saude","tag-enfermagem"],"yoast_head":"<!-- This site is optimized with the Yoast SEO plugin v17.4 - https:\/\/yoast.com\/wordpress\/plugins\/seo\/ -->\n<title>Enfermagem do UniSALESIANO participa da Semana de Educa\u00e7\u00e3o no Tr\u00e2nsito - UniSALESIANO Ara\u00e7atuba\/SP<\/title>\n<meta name=\"robots\" content=\"index, follow, max-snippet:-1, max-image-preview:large, max-video-preview:-1\" \/>\n<link rel=\"canonical\" href=\"https:\/\/unisalesiano.com.br\/aracatuba\/enfermagem-do-unisalesiano-participa-da-semana-de-educacao-no-transito\/\" \/>\n<meta property=\"og:locale\" content=\"pt_BR\" \/>\n<meta property=\"og:type\" content=\"article\" \/>\n<meta property=\"og:title\" content=\"Enfermagem do UniSALESIANO participa da Semana de Educa\u00e7\u00e3o no Tr\u00e2nsito - UniSALESIANO Ara\u00e7atuba\/SP\" \/>\n<meta property=\"og:description\" content=\"Alunos do curso de Enfermagem do Centro Universit\u00e1rio Salesiano Cat\u00f3lico Auxilium &#8211; UniSALESIANO est\u00e3o participando da Semana de Educa\u00e7\u00e3o do Tr\u00e2nsito, organizada e promovida pelo Sest\/Senat de Ara\u00e7atuba. A coordena\u00e7\u00e3o da \u00e1rea destacou quatro acad\u00eamicos do 6\u00ba termo, que se juntaram a outros participantes encaminhados pelo Programa Sa\u00fade da Fam\u00edlia, da Prefeitura Municipal. &nbsp;Conforme a [&hellip;]\" \/>\n<meta property=\"og:url\" content=\"https:\/\/unisalesiano.com.br\/aracatuba\/enfermagem-do-unisalesiano-participa-da-semana-de-educacao-no-transito\/\" \/>\n<meta property=\"og:site_name\" content=\"UniSALESIANO Ara\u00e7atuba\/SP\" \/>\n<meta property=\"article:published_time\" content=\"2006-07-24T13:54:11+00:00\" \/>\n<meta property=\"article:modified_time\" content=\"2019-01-15T15:06:08+00:00\" \/>\n<meta property=\"og:image\" content=\"https:\/\/unisalesiano.com.br\/aracatuba\/wp-content\/uploads\/2019\/01\/2006-07-24-237-Enfermagem-do-UniSALESIANO-participa-da.jpg\" \/>\n\t<meta property=\"og:image:width\" content=\"480\" \/>\n\t<meta property=\"og:image:height\" content=\"360\" \/>\n<meta name=\"twitter:card\" content=\"summary_large_image\" \/>\n<meta name=\"twitter:label1\" content=\"Escrito por\" \/>\n\t<meta name=\"twitter:data1\" content=\"admin\" \/>\n\t<meta name=\"twitter:label2\" content=\"Est. tempo de leitura\" \/>\n\t<meta name=\"twitter:data2\" content=\"2 minutos\" \/>\n<script type=\"application\/ld+json\" class=\"yoast-schema-graph\">{\"@context\":\"https:\/\/schema.org\",\"@graph\":[{\"@type\":\"WebSite\",\"@id\":\"https:\/\/unisalesiano.com.br\/aracatuba\/#website\",\"url\":\"https:\/\/unisalesiano.com.br\/aracatuba\/\",\"name\":\"UniSALESIANO Ara\\u00e7atuba\/SP\",\"description\":\"Centro Universit\\u00e1rio Cat\\u00f3lico Salesiano Auxilium\",\"potentialAction\":[{\"@type\":\"SearchAction\",\"target\":{\"@type\":\"EntryPoint\",\"urlTemplate\":\"https:\/\/unisalesiano.com.br\/aracatuba\/?s={search_term_string}\"},\"query-input\":\"required name=search_term_string\"}],\"inLanguage\":\"pt-BR\"},{\"@type\":\"ImageObject\",\"@id\":\"https:\/\/unisalesiano.com.br\/aracatuba\/enfermagem-do-unisalesiano-participa-da-semana-de-educacao-no-transito\/#primaryimage\",\"inLanguage\":\"pt-BR\",\"url\":\"https:\/\/unisalesiano.com.br\/aracatuba\/wp-content\/uploads\/2019\/01\/2006-07-24-237-Enfermagem-do-UniSALESIANO-participa-da.jpg\",\"contentUrl\":\"https:\/\/unisalesiano.com.br\/aracatuba\/wp-content\/uploads\/2019\/01\/2006-07-24-237-Enfermagem-do-UniSALESIANO-participa-da.jpg\",\"width\":480,\"height\":360},{\"@type\":\"WebPage\",\"@id\":\"https:\/\/unisalesiano.com.br\/aracatuba\/enfermagem-do-unisalesiano-participa-da-semana-de-educacao-no-transito\/#webpage\",\"url\":\"https:\/\/unisalesiano.com.br\/aracatuba\/enfermagem-do-unisalesiano-participa-da-semana-de-educacao-no-transito\/\",\"name\":\"Enfermagem do UniSALESIANO participa da Semana de Educa\\u00e7\\u00e3o no Tr\\u00e2nsito - UniSALESIANO Ara\\u00e7atuba\/SP\",\"isPartOf\":{\"@id\":\"https:\/\/unisalesiano.com.br\/aracatuba\/#website\"},\"primaryImageOfPage\":{\"@id\":\"https:\/\/unisalesiano.com.br\/aracatuba\/enfermagem-do-unisalesiano-participa-da-semana-de-educacao-no-transito\/#primaryimage\"},\"datePublished\":\"2006-07-24T13:54:11+00:00\",\"dateModified\":\"2019-01-15T15:06:08+00:00\",\"author\":{\"@id\":\"https:\/\/unisalesiano.com.br\/aracatuba\/#\/schema\/person\/afb1b2331f463570beda616f4cc14cc9\"},\"breadcrumb\":{\"@id\":\"https:\/\/unisalesiano.com.br\/aracatuba\/enfermagem-do-unisalesiano-participa-da-semana-de-educacao-no-transito\/#breadcrumb\"},\"inLanguage\":\"pt-BR\",\"potentialAction\":[{\"@type\":\"ReadAction\",\"target\":[\"https:\/\/unisalesiano.com.br\/aracatuba\/enfermagem-do-unisalesiano-participa-da-semana-de-educacao-no-transito\/\"]}]},{\"@type\":\"BreadcrumbList\",\"@id\":\"https:\/\/unisalesiano.com.br\/aracatuba\/enfermagem-do-unisalesiano-participa-da-semana-de-educacao-no-transito\/#breadcrumb\",\"itemListElement\":[{\"@type\":\"ListItem\",\"position\":1,\"name\":\"In\\u00edcio\",\"item\":\"https:\/\/unisalesiano.com.br\/aracatuba\/\"},{\"@type\":\"ListItem\",\"position\":2,\"name\":\"Enfermagem do UniSALESIANO participa da Semana de Educa\\u00e7\\u00e3o no Tr\\u00e2nsito\"}]},{\"@type\":\"Person\",\"@id\":\"https:\/\/unisalesiano.com.br\/aracatuba\/#\/schema\/person\/afb1b2331f463570beda616f4cc14cc9\",\"name\":\"admin\",\"image\":{\"@type\":\"ImageObject\",\"@id\":\"https:\/\/unisalesiano.com.br\/aracatuba\/#personlogo\",\"inLanguage\":\"pt-BR\",\"url\":\"https:\/\/secure.gravatar.com\/avatar\/dfc5c63987fa9f19b5c366e55740b2a0ffac4aab41ba55c1bd96dbb85eb3a8ca?s=96&d=mm&r=g\",\"contentUrl\":\"https:\/\/secure.gravatar.com\/avatar\/dfc5c63987fa9f19b5c366e55740b2a0ffac4aab41ba55c1bd96dbb85eb3a8ca?s=96&d=mm&r=g\",\"caption\":\"admin\"},\"url\":\"https:\/\/unisalesiano.com.br\/aracatuba\/author\/admin\/\"}]}<\/script>\n<!-- \/ Yoast SEO plugin. -->","yoast_head_json":{"title":"Enfermagem do UniSALESIANO participa da Semana de Educa\u00e7\u00e3o no Tr\u00e2nsito - UniSALESIANO Ara\u00e7atuba\/SP","robots":{"index":"index","follow":"follow","max-snippet":"max-snippet:-1","max-image-preview":"max-image-preview:large","max-video-preview":"max-video-preview:-1"},"canonical":"https:\/\/unisalesiano.com.br\/aracatuba\/enfermagem-do-unisalesiano-participa-da-semana-de-educacao-no-transito\/","og_locale":"pt_BR","og_type":"article","og_title":"Enfermagem do UniSALESIANO participa da Semana de Educa\u00e7\u00e3o no Tr\u00e2nsito - UniSALESIANO Ara\u00e7atuba\/SP","og_description":"Alunos do curso de Enfermagem do Centro Universit\u00e1rio Salesiano Cat\u00f3lico Auxilium &#8211; UniSALESIANO est\u00e3o participando da Semana de Educa\u00e7\u00e3o do Tr\u00e2nsito, organizada e promovida pelo Sest\/Senat de Ara\u00e7atuba. A coordena\u00e7\u00e3o da \u00e1rea destacou quatro acad\u00eamicos do 6\u00ba termo, que se juntaram a outros participantes encaminhados pelo Programa Sa\u00fade da Fam\u00edlia, da Prefeitura Municipal. &nbsp;Conforme a [&hellip;]","og_url":"https:\/\/unisalesiano.com.br\/aracatuba\/enfermagem-do-unisalesiano-participa-da-semana-de-educacao-no-transito\/","og_site_name":"UniSALESIANO Ara\u00e7atuba\/SP","article_published_time":"2006-07-24T13:54:11+00:00","article_modified_time":"2019-01-15T15:06:08+00:00","og_image":[{"width":480,"height":360,"url":"https:\/\/unisalesiano.com.br\/aracatuba\/wp-content\/uploads\/2019\/01\/2006-07-24-237-Enfermagem-do-UniSALESIANO-participa-da.jpg","type":"image\/jpeg"}],"twitter_card":"summary_large_image","twitter_misc":{"Escrito por":"admin","Est. tempo de leitura":"2 minutos"},"schema":{"@context":"https:\/\/schema.org","@graph":[{"@type":"WebSite","@id":"https:\/\/unisalesiano.com.br\/aracatuba\/#website","url":"https:\/\/unisalesiano.com.br\/aracatuba\/","name":"UniSALESIANO Ara\u00e7atuba\/SP","description":"Centro Universit\u00e1rio Cat\u00f3lico Salesiano Auxilium","potentialAction":[{"@type":"SearchAction","target":{"@type":"EntryPoint","urlTemplate":"https:\/\/unisalesiano.com.br\/aracatuba\/?s={search_term_string}"},"query-input":"required name=search_term_string"}],"inLanguage":"pt-BR"},{"@type":"ImageObject","@id":"https:\/\/unisalesiano.com.br\/aracatuba\/enfermagem-do-unisalesiano-participa-da-semana-de-educacao-no-transito\/#primaryimage","inLanguage":"pt-BR","url":"https:\/\/unisalesiano.com.br\/aracatuba\/wp-content\/uploads\/2019\/01\/2006-07-24-237-Enfermagem-do-UniSALESIANO-participa-da.jpg","contentUrl":"https:\/\/unisalesiano.com.br\/aracatuba\/wp-content\/uploads\/2019\/01\/2006-07-24-237-Enfermagem-do-UniSALESIANO-participa-da.jpg","width":480,"height":360},{"@type":"WebPage","@id":"https:\/\/unisalesiano.com.br\/aracatuba\/enfermagem-do-unisalesiano-participa-da-semana-de-educacao-no-transito\/#webpage","url":"https:\/\/unisalesiano.com.br\/aracatuba\/enfermagem-do-unisalesiano-participa-da-semana-de-educacao-no-transito\/","name":"Enfermagem do UniSALESIANO participa da Semana de Educa\u00e7\u00e3o no Tr\u00e2nsito - UniSALESIANO Ara\u00e7atuba\/SP","isPartOf":{"@id":"https:\/\/unisalesiano.com.br\/aracatuba\/#website"},"primaryImageOfPage":{"@id":"https:\/\/unisalesiano.com.br\/aracatuba\/enfermagem-do-unisalesiano-participa-da-semana-de-educacao-no-transito\/#primaryimage"},"datePublished":"2006-07-24T13:54:11+00:00","dateModified":"2019-01-15T15:06:08+00:00","author":{"@id":"https:\/\/unisalesiano.com.br\/aracatuba\/#\/schema\/person\/afb1b2331f463570beda616f4cc14cc9"},"breadcrumb":{"@id":"https:\/\/unisalesiano.com.br\/aracatuba\/enfermagem-do-unisalesiano-participa-da-semana-de-educacao-no-transito\/#breadcrumb"},"inLanguage":"pt-BR","potentialAction":[{"@type":"ReadAction","target":["https:\/\/unisalesiano.com.br\/aracatuba\/enfermagem-do-unisalesiano-participa-da-semana-de-educacao-no-transito\/"]}]},{"@type":"BreadcrumbList","@id":"https:\/\/unisalesiano.com.br\/aracatuba\/enfermagem-do-unisalesiano-participa-da-semana-de-educacao-no-transito\/#breadcrumb","itemListElement":[{"@type":"ListItem","position":1,"name":"In\u00edcio","item":"https:\/\/unisalesiano.com.br\/aracatuba\/"},{"@type":"ListItem","position":2,"name":"Enfermagem do UniSALESIANO participa da Semana de Educa\u00e7\u00e3o no Tr\u00e2nsito"}]},{"@type":"Person","@id":"https:\/\/unisalesiano.com.br\/aracatuba\/#\/schema\/person\/afb1b2331f463570beda616f4cc14cc9","name":"admin","image":{"@type":"ImageObject","@id":"https:\/\/unisalesiano.com.br\/aracatuba\/#personlogo","inLanguage":"pt-BR","url":"https:\/\/secure.gravatar.com\/avatar\/dfc5c63987fa9f19b5c366e55740b2a0ffac4aab41ba55c1bd96dbb85eb3a8ca?s=96&d=mm&r=g","contentUrl":"https:\/\/secure.gravatar.com\/avatar\/dfc5c63987fa9f19b5c366e55740b2a0ffac4aab41ba55c1bd96dbb85eb3a8ca?s=96&d=mm&r=g","caption":"admin"},"url":"https:\/\/unisalesiano.com.br\/aracatuba\/author\/admin\/"}]}},"_links":{"self":[{"href":"https:\/\/unisalesiano.com.br\/aracatuba\/wp-json\/wp\/v2\/posts\/8462","targetHints":{"allow":["GET"]}}],"collection":[{"href":"https:\/\/unisalesiano.com.br\/aracatuba\/wp-json\/wp\/v2\/posts"}],"about":[{"href":"https:\/\/unisalesiano.com.br\/aracatuba\/wp-json\/wp\/v2\/types\/post"}],"author":[{"embeddable":true,"href":"https:\/\/unisalesiano.com.br\/aracatuba\/wp-json\/wp\/v2\/users\/1"}],"replies":[{"embeddable":true,"href":"https:\/\/unisalesiano.com.br\/aracatuba\/wp-json\/wp\/v2\/comments?post=8462"}],"version-history":[{"count":0,"href":"https:\/\/unisalesiano.com.br\/aracatuba\/wp-json\/wp\/v2\/posts\/8462\/revisions"}],"wp:featuredmedia":[{"embeddable":true,"href":"https:\/\/unisalesiano.com.br\/aracatuba\/wp-json\/wp\/v2\/media\/8463"}],"wp:attachment":[{"href":"https:\/\/unisalesiano.com.br\/aracatuba\/wp-json\/wp\/v2\/media?parent=8462"}],"wp:term":[{"taxonomy":"category","embeddable":true,"href":"https:\/\/unisalesiano.com.br\/aracatuba\/wp-json\/wp\/v2\/categories?post=8462"},{"taxonomy":"post_tag","embeddable":true,"href":"https:\/\/unisalesiano.com.br\/aracatuba\/wp-json\/wp\/v2\/tags?post=8462"}],"curies":[{"name":"wp","href":"https:\/\/api.w.org\/{rel}","templated":true}]}}