{"id":8448,"date":"2006-07-01T10:32:02","date_gmt":"2006-07-01T13:32:02","guid":{"rendered":"https:\/\/unisalesiano.com.br\/?p=8448"},"modified":"2019-01-15T10:32:49","modified_gmt":"2019-01-15T12:32:49","slug":"coordenadora-do-unisalesiano-ministra-palestra-em-simposio","status":"publish","type":"post","link":"https:\/\/unisalesiano.com.br\/aracatuba\/coordenadora-do-unisalesiano-ministra-palestra-em-simposio\/","title":{"rendered":"Coordenadora do UniSALESIANO ministra palestra em simp\u00f3sio"},"content":{"rendered":"\n<p>A coordenadora do Curso de Enfermagem do Centro\nUniversit\u00e1rio Cat\u00f3lico Auxilium &#8211; UniSALESIANO de Ara\u00e7atuba, Cl\u00e1udia Cyrillo,\nministrou palestra no \u00faltimo dia 24 durante a realiza\u00e7\u00e3o do 1\u00ba Simp\u00f3sio sobre\nQualidade de Vida. O evento foi realizado na C\u00e2mara de Vereadores naquela data\ne tinha por objetivo apresentar contribui\u00e7\u00f5es para a constru\u00e7\u00e3o de um mundo\nmelhor.<\/p>\n\n\n\n<p>&nbsp;Cl\u00e1udia abordou o tema Humaniza\u00e7\u00e3o nas Pr\u00e1ticas de\nSa\u00fade, destacando que os profissionais da \u00e1rea s\u00f3 v\u00e3o conseguir prestar um\natendimento diferenciado e qualitativo se puderem enxergar o pr\u00f3ximo como um\nser humano que experimenta emo\u00e7\u00f5es e que tem expectativas, necessidades e\nvalores. Segundo ela, estes profissionais devem se manter pr\u00f3ximos dos\npacientes, ouvi-los, compartilhar de suas preocupa\u00e7\u00f5es e se solidarizar com\neles nos momentos de ang\u00fastia, de dor e de doen\u00e7as.<\/p>\n\n\n\n<p>&nbsp;A coordenadora se mostrou preocupada com o\ndesvirtuamento do tema humaniza\u00e7\u00e3o, considerando que hoje vivemos em um mundo\nem que as pessoas t\u00eam cada vez mais crescentes dificuldades de relacionamento.\n&#8220;Essa proximidade e aten\u00e7\u00e3o para com os pacientes nos proporcionam\naprendizado, \u00e9 como se nos coloc\u00e1ssemos no lugar deles para perceber o que est\u00e3o\nverdadeiramente sentindo&#8221;, analisa.<\/p>\n\n\n\n<p>&nbsp;O simp\u00f3sio teve a coordena\u00e7\u00e3o do Prof. Renato Salviato\nFajardo, psic\u00f3logo da Universidade Estadual Paulista J\u00falio de Mesquita Filho e\npresidente do Centro de Promo\u00e7\u00e3o da Qualidade de Vida (Promovi), de Ara\u00e7atuba.<\/p>\n","protected":false},"excerpt":{"rendered":"<p>A coordenadora do Curso de Enfermagem do Centro Universit\u00e1rio Cat\u00f3lico Auxilium &#8211; UniSALESIANO de Ara\u00e7atuba, Cl\u00e1udia Cyrillo, ministrou palestra no \u00faltimo dia 24 durante a realiza\u00e7\u00e3o do 1\u00ba Simp\u00f3sio sobre Qualidade de Vida. O evento foi realizado na C\u00e2mara de Vereadores naquela data e tinha por objetivo apresentar contribui\u00e7\u00f5es para a constru\u00e7\u00e3o de um mundo [&hellip;]<\/p>\n","protected":false},"author":1,"featured_media":0,"comment_status":"open","ping_status":"open","sticky":false,"template":"","format":"standard","meta":{"footnotes":""},"categories":[5],"tags":[15],"class_list":["post-8448","post","type-post","status-publish","format-standard","hentry","category-saude","tag-enfermagem"],"yoast_head":"<!-- This site is optimized with the Yoast SEO plugin v17.4 - https:\/\/yoast.com\/wordpress\/plugins\/seo\/ -->\n<title>Coordenadora do UniSALESIANO ministra palestra em simp\u00f3sio - UniSALESIANO Ara\u00e7atuba\/SP<\/title>\n<meta name=\"robots\" content=\"index, follow, max-snippet:-1, max-image-preview:large, max-video-preview:-1\" \/>\n<link rel=\"canonical\" href=\"https:\/\/unisalesiano.com.br\/aracatuba\/coordenadora-do-unisalesiano-ministra-palestra-em-simposio\/\" \/>\n<meta property=\"og:locale\" content=\"pt_BR\" \/>\n<meta property=\"og:type\" content=\"article\" \/>\n<meta property=\"og:title\" content=\"Coordenadora do UniSALESIANO ministra palestra em simp\u00f3sio - UniSALESIANO Ara\u00e7atuba\/SP\" \/>\n<meta property=\"og:description\" content=\"A coordenadora do Curso de Enfermagem do Centro Universit\u00e1rio Cat\u00f3lico Auxilium &#8211; UniSALESIANO de Ara\u00e7atuba, Cl\u00e1udia Cyrillo, ministrou palestra no \u00faltimo dia 24 durante a realiza\u00e7\u00e3o do 1\u00ba Simp\u00f3sio sobre Qualidade de Vida. O evento foi realizado na C\u00e2mara de Vereadores naquela data e tinha por objetivo apresentar contribui\u00e7\u00f5es para a constru\u00e7\u00e3o de um mundo [&hellip;]\" \/>\n<meta property=\"og:url\" content=\"https:\/\/unisalesiano.com.br\/aracatuba\/coordenadora-do-unisalesiano-ministra-palestra-em-simposio\/\" \/>\n<meta property=\"og:site_name\" content=\"UniSALESIANO Ara\u00e7atuba\/SP\" \/>\n<meta property=\"article:published_time\" content=\"2006-07-01T13:32:02+00:00\" \/>\n<meta property=\"article:modified_time\" content=\"2019-01-15T12:32:49+00:00\" \/>\n<meta name=\"twitter:card\" content=\"summary_large_image\" \/>\n<meta name=\"twitter:label1\" content=\"Escrito por\" \/>\n\t<meta name=\"twitter:data1\" content=\"admin\" \/>\n\t<meta name=\"twitter:label2\" content=\"Est. tempo de leitura\" \/>\n\t<meta name=\"twitter:data2\" content=\"1 minuto\" \/>\n<script type=\"application\/ld+json\" class=\"yoast-schema-graph\">{\"@context\":\"https:\/\/schema.org\",\"@graph\":[{\"@type\":\"WebSite\",\"@id\":\"https:\/\/unisalesiano.com.br\/aracatuba\/#website\",\"url\":\"https:\/\/unisalesiano.com.br\/aracatuba\/\",\"name\":\"UniSALESIANO Ara\\u00e7atuba\/SP\",\"description\":\"Centro Universit\\u00e1rio Cat\\u00f3lico Salesiano Auxilium\",\"potentialAction\":[{\"@type\":\"SearchAction\",\"target\":{\"@type\":\"EntryPoint\",\"urlTemplate\":\"https:\/\/unisalesiano.com.br\/aracatuba\/?s={search_term_string}\"},\"query-input\":\"required name=search_term_string\"}],\"inLanguage\":\"pt-BR\"},{\"@type\":\"WebPage\",\"@id\":\"https:\/\/unisalesiano.com.br\/aracatuba\/coordenadora-do-unisalesiano-ministra-palestra-em-simposio\/#webpage\",\"url\":\"https:\/\/unisalesiano.com.br\/aracatuba\/coordenadora-do-unisalesiano-ministra-palestra-em-simposio\/\",\"name\":\"Coordenadora do UniSALESIANO ministra palestra em simp\\u00f3sio - UniSALESIANO Ara\\u00e7atuba\/SP\",\"isPartOf\":{\"@id\":\"https:\/\/unisalesiano.com.br\/aracatuba\/#website\"},\"datePublished\":\"2006-07-01T13:32:02+00:00\",\"dateModified\":\"2019-01-15T12:32:49+00:00\",\"author\":{\"@id\":\"https:\/\/unisalesiano.com.br\/aracatuba\/#\/schema\/person\/afb1b2331f463570beda616f4cc14cc9\"},\"breadcrumb\":{\"@id\":\"https:\/\/unisalesiano.com.br\/aracatuba\/coordenadora-do-unisalesiano-ministra-palestra-em-simposio\/#breadcrumb\"},\"inLanguage\":\"pt-BR\",\"potentialAction\":[{\"@type\":\"ReadAction\",\"target\":[\"https:\/\/unisalesiano.com.br\/aracatuba\/coordenadora-do-unisalesiano-ministra-palestra-em-simposio\/\"]}]},{\"@type\":\"BreadcrumbList\",\"@id\":\"https:\/\/unisalesiano.com.br\/aracatuba\/coordenadora-do-unisalesiano-ministra-palestra-em-simposio\/#breadcrumb\",\"itemListElement\":[{\"@type\":\"ListItem\",\"position\":1,\"name\":\"In\\u00edcio\",\"item\":\"https:\/\/unisalesiano.com.br\/aracatuba\/\"},{\"@type\":\"ListItem\",\"position\":2,\"name\":\"Coordenadora do UniSALESIANO ministra palestra em simp\\u00f3sio\"}]},{\"@type\":\"Person\",\"@id\":\"https:\/\/unisalesiano.com.br\/aracatuba\/#\/schema\/person\/afb1b2331f463570beda616f4cc14cc9\",\"name\":\"admin\",\"image\":{\"@type\":\"ImageObject\",\"@id\":\"https:\/\/unisalesiano.com.br\/aracatuba\/#personlogo\",\"inLanguage\":\"pt-BR\",\"url\":\"https:\/\/secure.gravatar.com\/avatar\/dfc5c63987fa9f19b5c366e55740b2a0ffac4aab41ba55c1bd96dbb85eb3a8ca?s=96&d=mm&r=g\",\"contentUrl\":\"https:\/\/secure.gravatar.com\/avatar\/dfc5c63987fa9f19b5c366e55740b2a0ffac4aab41ba55c1bd96dbb85eb3a8ca?s=96&d=mm&r=g\",\"caption\":\"admin\"},\"url\":\"https:\/\/unisalesiano.com.br\/aracatuba\/author\/admin\/\"}]}<\/script>\n<!-- \/ Yoast SEO plugin. -->","yoast_head_json":{"title":"Coordenadora do UniSALESIANO ministra palestra em simp\u00f3sio - UniSALESIANO Ara\u00e7atuba\/SP","robots":{"index":"index","follow":"follow","max-snippet":"max-snippet:-1","max-image-preview":"max-image-preview:large","max-video-preview":"max-video-preview:-1"},"canonical":"https:\/\/unisalesiano.com.br\/aracatuba\/coordenadora-do-unisalesiano-ministra-palestra-em-simposio\/","og_locale":"pt_BR","og_type":"article","og_title":"Coordenadora do UniSALESIANO ministra palestra em simp\u00f3sio - UniSALESIANO Ara\u00e7atuba\/SP","og_description":"A coordenadora do Curso de Enfermagem do Centro Universit\u00e1rio Cat\u00f3lico Auxilium &#8211; UniSALESIANO de Ara\u00e7atuba, Cl\u00e1udia Cyrillo, ministrou palestra no \u00faltimo dia 24 durante a realiza\u00e7\u00e3o do 1\u00ba Simp\u00f3sio sobre Qualidade de Vida. O evento foi realizado na C\u00e2mara de Vereadores naquela data e tinha por objetivo apresentar contribui\u00e7\u00f5es para a constru\u00e7\u00e3o de um mundo [&hellip;]","og_url":"https:\/\/unisalesiano.com.br\/aracatuba\/coordenadora-do-unisalesiano-ministra-palestra-em-simposio\/","og_site_name":"UniSALESIANO Ara\u00e7atuba\/SP","article_published_time":"2006-07-01T13:32:02+00:00","article_modified_time":"2019-01-15T12:32:49+00:00","twitter_card":"summary_large_image","twitter_misc":{"Escrito por":"admin","Est. tempo de leitura":"1 minuto"},"schema":{"@context":"https:\/\/schema.org","@graph":[{"@type":"WebSite","@id":"https:\/\/unisalesiano.com.br\/aracatuba\/#website","url":"https:\/\/unisalesiano.com.br\/aracatuba\/","name":"UniSALESIANO Ara\u00e7atuba\/SP","description":"Centro Universit\u00e1rio Cat\u00f3lico Salesiano Auxilium","potentialAction":[{"@type":"SearchAction","target":{"@type":"EntryPoint","urlTemplate":"https:\/\/unisalesiano.com.br\/aracatuba\/?s={search_term_string}"},"query-input":"required name=search_term_string"}],"inLanguage":"pt-BR"},{"@type":"WebPage","@id":"https:\/\/unisalesiano.com.br\/aracatuba\/coordenadora-do-unisalesiano-ministra-palestra-em-simposio\/#webpage","url":"https:\/\/unisalesiano.com.br\/aracatuba\/coordenadora-do-unisalesiano-ministra-palestra-em-simposio\/","name":"Coordenadora do UniSALESIANO ministra palestra em simp\u00f3sio - UniSALESIANO Ara\u00e7atuba\/SP","isPartOf":{"@id":"https:\/\/unisalesiano.com.br\/aracatuba\/#website"},"datePublished":"2006-07-01T13:32:02+00:00","dateModified":"2019-01-15T12:32:49+00:00","author":{"@id":"https:\/\/unisalesiano.com.br\/aracatuba\/#\/schema\/person\/afb1b2331f463570beda616f4cc14cc9"},"breadcrumb":{"@id":"https:\/\/unisalesiano.com.br\/aracatuba\/coordenadora-do-unisalesiano-ministra-palestra-em-simposio\/#breadcrumb"},"inLanguage":"pt-BR","potentialAction":[{"@type":"ReadAction","target":["https:\/\/unisalesiano.com.br\/aracatuba\/coordenadora-do-unisalesiano-ministra-palestra-em-simposio\/"]}]},{"@type":"BreadcrumbList","@id":"https:\/\/unisalesiano.com.br\/aracatuba\/coordenadora-do-unisalesiano-ministra-palestra-em-simposio\/#breadcrumb","itemListElement":[{"@type":"ListItem","position":1,"name":"In\u00edcio","item":"https:\/\/unisalesiano.com.br\/aracatuba\/"},{"@type":"ListItem","position":2,"name":"Coordenadora do UniSALESIANO ministra palestra em simp\u00f3sio"}]},{"@type":"Person","@id":"https:\/\/unisalesiano.com.br\/aracatuba\/#\/schema\/person\/afb1b2331f463570beda616f4cc14cc9","name":"admin","image":{"@type":"ImageObject","@id":"https:\/\/unisalesiano.com.br\/aracatuba\/#personlogo","inLanguage":"pt-BR","url":"https:\/\/secure.gravatar.com\/avatar\/dfc5c63987fa9f19b5c366e55740b2a0ffac4aab41ba55c1bd96dbb85eb3a8ca?s=96&d=mm&r=g","contentUrl":"https:\/\/secure.gravatar.com\/avatar\/dfc5c63987fa9f19b5c366e55740b2a0ffac4aab41ba55c1bd96dbb85eb3a8ca?s=96&d=mm&r=g","caption":"admin"},"url":"https:\/\/unisalesiano.com.br\/aracatuba\/author\/admin\/"}]}},"_links":{"self":[{"href":"https:\/\/unisalesiano.com.br\/aracatuba\/wp-json\/wp\/v2\/posts\/8448","targetHints":{"allow":["GET"]}}],"collection":[{"href":"https:\/\/unisalesiano.com.br\/aracatuba\/wp-json\/wp\/v2\/posts"}],"about":[{"href":"https:\/\/unisalesiano.com.br\/aracatuba\/wp-json\/wp\/v2\/types\/post"}],"author":[{"embeddable":true,"href":"https:\/\/unisalesiano.com.br\/aracatuba\/wp-json\/wp\/v2\/users\/1"}],"replies":[{"embeddable":true,"href":"https:\/\/unisalesiano.com.br\/aracatuba\/wp-json\/wp\/v2\/comments?post=8448"}],"version-history":[{"count":0,"href":"https:\/\/unisalesiano.com.br\/aracatuba\/wp-json\/wp\/v2\/posts\/8448\/revisions"}],"wp:attachment":[{"href":"https:\/\/unisalesiano.com.br\/aracatuba\/wp-json\/wp\/v2\/media?parent=8448"}],"wp:term":[{"taxonomy":"category","embeddable":true,"href":"https:\/\/unisalesiano.com.br\/aracatuba\/wp-json\/wp\/v2\/categories?post=8448"},{"taxonomy":"post_tag","embeddable":true,"href":"https:\/\/unisalesiano.com.br\/aracatuba\/wp-json\/wp\/v2\/tags?post=8448"}],"curies":[{"name":"wp","href":"https:\/\/api.w.org\/{rel}","templated":true}]}}