{"id":8411,"date":"2006-05-27T13:47:08","date_gmt":"2006-05-27T16:47:08","guid":{"rendered":"https:\/\/unisalesiano.com.br\/?p=8411"},"modified":"2019-01-14T13:48:07","modified_gmt":"2019-01-14T15:48:07","slug":"equipe-interdisciplinar-da-apae-ministra-palestra-no-unisalesiano","status":"publish","type":"post","link":"https:\/\/unisalesiano.com.br\/aracatuba\/equipe-interdisciplinar-da-apae-ministra-palestra-no-unisalesiano\/","title":{"rendered":"Equipe interdisciplinar da APAE ministra palestra no UniSALESIANO"},"content":{"rendered":"\n<p>Uma equipe t\u00e9cnica composta por profissionais da APAE &#8211;\nAssocia\u00e7\u00e3o de Pais e Amigos dos Excepcionais de Ara\u00e7atuba desenvolveu no dia\n25, entre 7h30 e 9h, nas Cl\u00ednicas de Enfermagem e Fisioterapia do UniSALESIANO,\numa palestra sobre o tema&nbsp;A Import\u00e2ncia da Equipe Interdisciplinar na\nFisioterapia&nbsp;.<\/p>\n\n\n\n<p>Os trabalhos foram conduzidos por representantes do setor\nt\u00e9cnico daquela entidade, em atividade que faz parte da disciplina Fundamentos\ne Cl\u00ednica de Neurologia II, que tem as as professoras Maria Solange Maginani e\nCarolina Rubio Vicentini como orientadoras .<\/p>\n\n\n\n<p>O convite ao grupo da APAE foi encaminhado pela coordenadora\ndo curso de Fisioterapia Carla Komatsu Machado. Na oportunidade, assistiram \u00e0\npalestra os terceiros anos de Fisioterapia, das turmas C e D. Estiveram\npresentes a fonoaudi\u00f3loga Cleire de Almeida Miranda, o fisioterapeuta Maur\u00edcio\nCalixto Miranda e a terapeuta ocupacional Ana Fl\u00e1via Caetano .<\/p>\n\n\n\n<p>No pr\u00f3ximo dia 30 a equipe da APAE desenvolver\u00e1 novamente a\npalestra, desta vez dirigida \u00e0s turmas A e B. Na oportunidade, estar\u00e3o\npresentes a fonoaudi\u00f3loga Cleire de Almeida Miranda, a fisioterapeuta Elis\nGreice de Freitas Devides e a psic\u00f3loga Lucia Helena Sousa Spad\u00e3o .<\/p>\n","protected":false},"excerpt":{"rendered":"<p>Uma equipe t\u00e9cnica composta por profissionais da APAE &#8211; Associa\u00e7\u00e3o de Pais e Amigos dos Excepcionais de Ara\u00e7atuba desenvolveu no dia 25, entre 7h30 e 9h, nas Cl\u00ednicas de Enfermagem e Fisioterapia do UniSALESIANO, uma palestra sobre o tema&nbsp;A Import\u00e2ncia da Equipe Interdisciplinar na Fisioterapia&nbsp;. Os trabalhos foram conduzidos por representantes do setor t\u00e9cnico daquela [&hellip;]<\/p>\n","protected":false},"author":1,"featured_media":0,"comment_status":"open","ping_status":"open","sticky":false,"template":"","format":"standard","meta":{"footnotes":""},"categories":[5],"tags":[331,15,17,16],"class_list":["post-8411","post","type-post","status-publish","format-standard","hentry","category-saude","tag-apae","tag-enfermagem","tag-fisioterapia","tag-unisalesiano"],"yoast_head":"<!-- This site is optimized with the Yoast SEO plugin v17.4 - https:\/\/yoast.com\/wordpress\/plugins\/seo\/ -->\n<title>Equipe interdisciplinar da APAE ministra palestra no UniSALESIANO - UniSALESIANO Ara\u00e7atuba\/SP<\/title>\n<meta name=\"robots\" content=\"index, follow, max-snippet:-1, max-image-preview:large, max-video-preview:-1\" \/>\n<link rel=\"canonical\" href=\"https:\/\/unisalesiano.com.br\/aracatuba\/equipe-interdisciplinar-da-apae-ministra-palestra-no-unisalesiano\/\" \/>\n<meta property=\"og:locale\" content=\"pt_BR\" \/>\n<meta property=\"og:type\" content=\"article\" \/>\n<meta property=\"og:title\" content=\"Equipe interdisciplinar da APAE ministra palestra no UniSALESIANO - UniSALESIANO Ara\u00e7atuba\/SP\" \/>\n<meta property=\"og:description\" content=\"Uma equipe t\u00e9cnica composta por profissionais da APAE &#8211; Associa\u00e7\u00e3o de Pais e Amigos dos Excepcionais de Ara\u00e7atuba desenvolveu no dia 25, entre 7h30 e 9h, nas Cl\u00ednicas de Enfermagem e Fisioterapia do UniSALESIANO, uma palestra sobre o tema&nbsp;A Import\u00e2ncia da Equipe Interdisciplinar na Fisioterapia&nbsp;. Os trabalhos foram conduzidos por representantes do setor t\u00e9cnico daquela [&hellip;]\" \/>\n<meta property=\"og:url\" content=\"https:\/\/unisalesiano.com.br\/aracatuba\/equipe-interdisciplinar-da-apae-ministra-palestra-no-unisalesiano\/\" \/>\n<meta property=\"og:site_name\" content=\"UniSALESIANO Ara\u00e7atuba\/SP\" \/>\n<meta property=\"article:published_time\" content=\"2006-05-27T16:47:08+00:00\" \/>\n<meta property=\"article:modified_time\" content=\"2019-01-14T15:48:07+00:00\" \/>\n<meta name=\"twitter:card\" content=\"summary_large_image\" \/>\n<meta name=\"twitter:label1\" content=\"Escrito por\" \/>\n\t<meta name=\"twitter:data1\" content=\"admin\" \/>\n\t<meta name=\"twitter:label2\" content=\"Est. tempo de leitura\" \/>\n\t<meta name=\"twitter:data2\" content=\"1 minuto\" \/>\n<script type=\"application\/ld+json\" class=\"yoast-schema-graph\">{\"@context\":\"https:\/\/schema.org\",\"@graph\":[{\"@type\":\"WebSite\",\"@id\":\"https:\/\/unisalesiano.com.br\/aracatuba\/#website\",\"url\":\"https:\/\/unisalesiano.com.br\/aracatuba\/\",\"name\":\"UniSALESIANO Ara\\u00e7atuba\/SP\",\"description\":\"Centro Universit\\u00e1rio Cat\\u00f3lico Salesiano Auxilium\",\"potentialAction\":[{\"@type\":\"SearchAction\",\"target\":{\"@type\":\"EntryPoint\",\"urlTemplate\":\"https:\/\/unisalesiano.com.br\/aracatuba\/?s={search_term_string}\"},\"query-input\":\"required name=search_term_string\"}],\"inLanguage\":\"pt-BR\"},{\"@type\":\"WebPage\",\"@id\":\"https:\/\/unisalesiano.com.br\/aracatuba\/equipe-interdisciplinar-da-apae-ministra-palestra-no-unisalesiano\/#webpage\",\"url\":\"https:\/\/unisalesiano.com.br\/aracatuba\/equipe-interdisciplinar-da-apae-ministra-palestra-no-unisalesiano\/\",\"name\":\"Equipe interdisciplinar da APAE ministra palestra no UniSALESIANO - UniSALESIANO Ara\\u00e7atuba\/SP\",\"isPartOf\":{\"@id\":\"https:\/\/unisalesiano.com.br\/aracatuba\/#website\"},\"datePublished\":\"2006-05-27T16:47:08+00:00\",\"dateModified\":\"2019-01-14T15:48:07+00:00\",\"author\":{\"@id\":\"https:\/\/unisalesiano.com.br\/aracatuba\/#\/schema\/person\/afb1b2331f463570beda616f4cc14cc9\"},\"breadcrumb\":{\"@id\":\"https:\/\/unisalesiano.com.br\/aracatuba\/equipe-interdisciplinar-da-apae-ministra-palestra-no-unisalesiano\/#breadcrumb\"},\"inLanguage\":\"pt-BR\",\"potentialAction\":[{\"@type\":\"ReadAction\",\"target\":[\"https:\/\/unisalesiano.com.br\/aracatuba\/equipe-interdisciplinar-da-apae-ministra-palestra-no-unisalesiano\/\"]}]},{\"@type\":\"BreadcrumbList\",\"@id\":\"https:\/\/unisalesiano.com.br\/aracatuba\/equipe-interdisciplinar-da-apae-ministra-palestra-no-unisalesiano\/#breadcrumb\",\"itemListElement\":[{\"@type\":\"ListItem\",\"position\":1,\"name\":\"In\\u00edcio\",\"item\":\"https:\/\/unisalesiano.com.br\/aracatuba\/\"},{\"@type\":\"ListItem\",\"position\":2,\"name\":\"Equipe interdisciplinar da APAE ministra palestra no UniSALESIANO\"}]},{\"@type\":\"Person\",\"@id\":\"https:\/\/unisalesiano.com.br\/aracatuba\/#\/schema\/person\/afb1b2331f463570beda616f4cc14cc9\",\"name\":\"admin\",\"image\":{\"@type\":\"ImageObject\",\"@id\":\"https:\/\/unisalesiano.com.br\/aracatuba\/#personlogo\",\"inLanguage\":\"pt-BR\",\"url\":\"https:\/\/secure.gravatar.com\/avatar\/dfc5c63987fa9f19b5c366e55740b2a0ffac4aab41ba55c1bd96dbb85eb3a8ca?s=96&d=mm&r=g\",\"contentUrl\":\"https:\/\/secure.gravatar.com\/avatar\/dfc5c63987fa9f19b5c366e55740b2a0ffac4aab41ba55c1bd96dbb85eb3a8ca?s=96&d=mm&r=g\",\"caption\":\"admin\"},\"url\":\"https:\/\/unisalesiano.com.br\/aracatuba\/author\/admin\/\"}]}<\/script>\n<!-- \/ Yoast SEO plugin. -->","yoast_head_json":{"title":"Equipe interdisciplinar da APAE ministra palestra no UniSALESIANO - UniSALESIANO Ara\u00e7atuba\/SP","robots":{"index":"index","follow":"follow","max-snippet":"max-snippet:-1","max-image-preview":"max-image-preview:large","max-video-preview":"max-video-preview:-1"},"canonical":"https:\/\/unisalesiano.com.br\/aracatuba\/equipe-interdisciplinar-da-apae-ministra-palestra-no-unisalesiano\/","og_locale":"pt_BR","og_type":"article","og_title":"Equipe interdisciplinar da APAE ministra palestra no UniSALESIANO - UniSALESIANO Ara\u00e7atuba\/SP","og_description":"Uma equipe t\u00e9cnica composta por profissionais da APAE &#8211; Associa\u00e7\u00e3o de Pais e Amigos dos Excepcionais de Ara\u00e7atuba desenvolveu no dia 25, entre 7h30 e 9h, nas Cl\u00ednicas de Enfermagem e Fisioterapia do UniSALESIANO, uma palestra sobre o tema&nbsp;A Import\u00e2ncia da Equipe Interdisciplinar na Fisioterapia&nbsp;. Os trabalhos foram conduzidos por representantes do setor t\u00e9cnico daquela [&hellip;]","og_url":"https:\/\/unisalesiano.com.br\/aracatuba\/equipe-interdisciplinar-da-apae-ministra-palestra-no-unisalesiano\/","og_site_name":"UniSALESIANO Ara\u00e7atuba\/SP","article_published_time":"2006-05-27T16:47:08+00:00","article_modified_time":"2019-01-14T15:48:07+00:00","twitter_card":"summary_large_image","twitter_misc":{"Escrito por":"admin","Est. tempo de leitura":"1 minuto"},"schema":{"@context":"https:\/\/schema.org","@graph":[{"@type":"WebSite","@id":"https:\/\/unisalesiano.com.br\/aracatuba\/#website","url":"https:\/\/unisalesiano.com.br\/aracatuba\/","name":"UniSALESIANO Ara\u00e7atuba\/SP","description":"Centro Universit\u00e1rio Cat\u00f3lico Salesiano Auxilium","potentialAction":[{"@type":"SearchAction","target":{"@type":"EntryPoint","urlTemplate":"https:\/\/unisalesiano.com.br\/aracatuba\/?s={search_term_string}"},"query-input":"required name=search_term_string"}],"inLanguage":"pt-BR"},{"@type":"WebPage","@id":"https:\/\/unisalesiano.com.br\/aracatuba\/equipe-interdisciplinar-da-apae-ministra-palestra-no-unisalesiano\/#webpage","url":"https:\/\/unisalesiano.com.br\/aracatuba\/equipe-interdisciplinar-da-apae-ministra-palestra-no-unisalesiano\/","name":"Equipe interdisciplinar da APAE ministra palestra no UniSALESIANO - UniSALESIANO Ara\u00e7atuba\/SP","isPartOf":{"@id":"https:\/\/unisalesiano.com.br\/aracatuba\/#website"},"datePublished":"2006-05-27T16:47:08+00:00","dateModified":"2019-01-14T15:48:07+00:00","author":{"@id":"https:\/\/unisalesiano.com.br\/aracatuba\/#\/schema\/person\/afb1b2331f463570beda616f4cc14cc9"},"breadcrumb":{"@id":"https:\/\/unisalesiano.com.br\/aracatuba\/equipe-interdisciplinar-da-apae-ministra-palestra-no-unisalesiano\/#breadcrumb"},"inLanguage":"pt-BR","potentialAction":[{"@type":"ReadAction","target":["https:\/\/unisalesiano.com.br\/aracatuba\/equipe-interdisciplinar-da-apae-ministra-palestra-no-unisalesiano\/"]}]},{"@type":"BreadcrumbList","@id":"https:\/\/unisalesiano.com.br\/aracatuba\/equipe-interdisciplinar-da-apae-ministra-palestra-no-unisalesiano\/#breadcrumb","itemListElement":[{"@type":"ListItem","position":1,"name":"In\u00edcio","item":"https:\/\/unisalesiano.com.br\/aracatuba\/"},{"@type":"ListItem","position":2,"name":"Equipe interdisciplinar da APAE ministra palestra no UniSALESIANO"}]},{"@type":"Person","@id":"https:\/\/unisalesiano.com.br\/aracatuba\/#\/schema\/person\/afb1b2331f463570beda616f4cc14cc9","name":"admin","image":{"@type":"ImageObject","@id":"https:\/\/unisalesiano.com.br\/aracatuba\/#personlogo","inLanguage":"pt-BR","url":"https:\/\/secure.gravatar.com\/avatar\/dfc5c63987fa9f19b5c366e55740b2a0ffac4aab41ba55c1bd96dbb85eb3a8ca?s=96&d=mm&r=g","contentUrl":"https:\/\/secure.gravatar.com\/avatar\/dfc5c63987fa9f19b5c366e55740b2a0ffac4aab41ba55c1bd96dbb85eb3a8ca?s=96&d=mm&r=g","caption":"admin"},"url":"https:\/\/unisalesiano.com.br\/aracatuba\/author\/admin\/"}]}},"_links":{"self":[{"href":"https:\/\/unisalesiano.com.br\/aracatuba\/wp-json\/wp\/v2\/posts\/8411","targetHints":{"allow":["GET"]}}],"collection":[{"href":"https:\/\/unisalesiano.com.br\/aracatuba\/wp-json\/wp\/v2\/posts"}],"about":[{"href":"https:\/\/unisalesiano.com.br\/aracatuba\/wp-json\/wp\/v2\/types\/post"}],"author":[{"embeddable":true,"href":"https:\/\/unisalesiano.com.br\/aracatuba\/wp-json\/wp\/v2\/users\/1"}],"replies":[{"embeddable":true,"href":"https:\/\/unisalesiano.com.br\/aracatuba\/wp-json\/wp\/v2\/comments?post=8411"}],"version-history":[{"count":0,"href":"https:\/\/unisalesiano.com.br\/aracatuba\/wp-json\/wp\/v2\/posts\/8411\/revisions"}],"wp:attachment":[{"href":"https:\/\/unisalesiano.com.br\/aracatuba\/wp-json\/wp\/v2\/media?parent=8411"}],"wp:term":[{"taxonomy":"category","embeddable":true,"href":"https:\/\/unisalesiano.com.br\/aracatuba\/wp-json\/wp\/v2\/categories?post=8411"},{"taxonomy":"post_tag","embeddable":true,"href":"https:\/\/unisalesiano.com.br\/aracatuba\/wp-json\/wp\/v2\/tags?post=8411"}],"curies":[{"name":"wp","href":"https:\/\/api.w.org\/{rel}","templated":true}]}}