{"id":8404,"date":"2006-05-17T13:40:55","date_gmt":"2006-05-17T16:40:55","guid":{"rendered":"https:\/\/unisalesiano.com.br\/?p=8404"},"modified":"2019-01-14T13:41:39","modified_gmt":"2019-01-14T15:41:39","slug":"enfermagem-promove-semana-do-meio-ambiente","status":"publish","type":"post","link":"https:\/\/unisalesiano.com.br\/aracatuba\/enfermagem-promove-semana-do-meio-ambiente\/","title":{"rendered":"Enfermagem promove Semana do Meio Ambiente"},"content":{"rendered":"\n<p>A coordena\u00e7\u00e3o do Curso de Enfermagem do Centro Universit\u00e1rio\nCat\u00f3lico Auxilium &#8211; UniSALESIANO de Ara\u00e7atuba vai promover nos dias 22, 23 e 26\ndeste m\u00eas, na cidade de Bra\u00fana, a Semana do Meio Ambiente. O evento integra as\na\u00e7\u00f5es pedag\u00f3gicas previstas na disciplina de Sa\u00fade Ambiental e ser\u00e1\ndesenvolvida por alunos do primeiro termo daquele programa.<\/p>\n\n\n\n<p>V\u00e1rios grupos de estudantes v\u00e3o atuar, cada qual respons\u00e1vel\npor um determinado tema, entre os quais est\u00e3o a \u00e1gua, o lixo, os esgotos, o ar\natmosf\u00e9rico e o solo.<\/p>\n\n\n\n<p>Em todos os dias do evento, a partir das 7h30, ser\u00e3o\naplicadas a\u00e7\u00f5es como exposi\u00e7\u00f5es dialogadas visuais, dramatiza\u00e7\u00e3o, teatro com\nfantoches, mostra de maquetes e apresenta\u00e7\u00e3o de par\u00f3dias, sempre com temas\nrelacionados ao meio ambiente.<\/p>\n\n\n\n<p>As atividades, que no ano passado foram direcionadas aos\n\u00edndios de uma aldeia local, agora ser\u00e3o ampliadas e destinadas a escolares\ndesde a 1\u00aa s\u00e9rie do Ensino Fundamental at\u00e9 o Ensino M\u00e9dio de escolas p\u00fablicas\ndaquele munic\u00edpio.<\/p>\n\n\n\n<p>Os projetos de educa\u00e7\u00e3o ambiental contam com a orienta\u00e7\u00e3o\npermanente da Profa. Gislene Marcelino, respons\u00e1vel pela disciplina de Sa\u00fade\nAmbiental do UniSALESIANO. Ela explica que o objetivo desse trabalho, que\natender\u00e1 mais de 500 alunos, \u00e9 socializar o conhecimento sobre a import\u00e2ncia da\npreserva\u00e7\u00e3o do meio ambiente para a promo\u00e7\u00e3o e garantia de uma melhor qualidade\nde vida.<\/p>\n\n\n\n<p>A Semana do Meio Ambiente ser\u00e1 promovida atrav\u00e9s de uma\nparceria entre o UniSALESIANO e a Prefeitura Municipal de Bra\u00fana.<\/p>\n\n\n\n<p>&#8220;A\u00e7\u00f5es como essa v\u00eam ao encontro da filosofia de ensino\nda Miss\u00e3o Salesiana que \u00e9 formar profissionais tecnicamente capacitados que\ntamb\u00e9m desenvolvam uma consci\u00eancia cr\u00edtica e sensibilidade social&#8221;,\ndestacou Gislene Marcelino.<\/p>\n\n\n\n<p>A supervis\u00e3o geral geral dos trabalhos caber\u00e1 a Profa.\nCl\u00e1udia Cyrillo, coordenadora do Curso de Enfermagem.<\/p>\n\n\n\n<p>&#8230;Clique&nbsp;<a href=\"http:\/\/www.unisale.com.br\/noticias\/205\/projeto.pdf\" target=\"_blank\" rel=\"noreferrer noopener\">aqui<\/a>&nbsp;para\nacompanhar a programa\u00e7\u00e3o completa da Semana do Meio Ambiente em Bra\u00fana.<\/p>\n","protected":false},"excerpt":{"rendered":"<p>A coordena\u00e7\u00e3o do Curso de Enfermagem do Centro Universit\u00e1rio Cat\u00f3lico Auxilium &#8211; UniSALESIANO de Ara\u00e7atuba vai promover nos dias 22, 23 e 26 deste m\u00eas, na cidade de Bra\u00fana, a Semana do Meio Ambiente. O evento integra as a\u00e7\u00f5es pedag\u00f3gicas previstas na disciplina de Sa\u00fade Ambiental e ser\u00e1 desenvolvida por alunos do primeiro termo daquele [&hellip;]<\/p>\n","protected":false},"author":1,"featured_media":0,"comment_status":"open","ping_status":"open","sticky":false,"template":"","format":"standard","meta":{"footnotes":""},"categories":[5],"tags":[15],"class_list":["post-8404","post","type-post","status-publish","format-standard","hentry","category-saude","tag-enfermagem"],"yoast_head":"<!-- This site is optimized with the Yoast SEO plugin v17.4 - https:\/\/yoast.com\/wordpress\/plugins\/seo\/ -->\n<title>Enfermagem promove Semana do Meio Ambiente - UniSALESIANO Ara\u00e7atuba\/SP<\/title>\n<meta name=\"robots\" content=\"index, follow, max-snippet:-1, max-image-preview:large, max-video-preview:-1\" \/>\n<link rel=\"canonical\" href=\"https:\/\/unisalesiano.com.br\/aracatuba\/enfermagem-promove-semana-do-meio-ambiente\/\" \/>\n<meta property=\"og:locale\" content=\"pt_BR\" \/>\n<meta property=\"og:type\" content=\"article\" \/>\n<meta property=\"og:title\" content=\"Enfermagem promove Semana do Meio Ambiente - UniSALESIANO Ara\u00e7atuba\/SP\" \/>\n<meta property=\"og:description\" content=\"A coordena\u00e7\u00e3o do Curso de Enfermagem do Centro Universit\u00e1rio Cat\u00f3lico Auxilium &#8211; UniSALESIANO de Ara\u00e7atuba vai promover nos dias 22, 23 e 26 deste m\u00eas, na cidade de Bra\u00fana, a Semana do Meio Ambiente. O evento integra as a\u00e7\u00f5es pedag\u00f3gicas previstas na disciplina de Sa\u00fade Ambiental e ser\u00e1 desenvolvida por alunos do primeiro termo daquele [&hellip;]\" \/>\n<meta property=\"og:url\" content=\"https:\/\/unisalesiano.com.br\/aracatuba\/enfermagem-promove-semana-do-meio-ambiente\/\" \/>\n<meta property=\"og:site_name\" content=\"UniSALESIANO Ara\u00e7atuba\/SP\" \/>\n<meta property=\"article:published_time\" content=\"2006-05-17T16:40:55+00:00\" \/>\n<meta property=\"article:modified_time\" content=\"2019-01-14T15:41:39+00:00\" \/>\n<meta name=\"twitter:card\" content=\"summary_large_image\" \/>\n<meta name=\"twitter:label1\" content=\"Escrito por\" \/>\n\t<meta name=\"twitter:data1\" content=\"admin\" \/>\n\t<meta name=\"twitter:label2\" content=\"Est. tempo de leitura\" \/>\n\t<meta name=\"twitter:data2\" content=\"2 minutos\" \/>\n<script type=\"application\/ld+json\" class=\"yoast-schema-graph\">{\"@context\":\"https:\/\/schema.org\",\"@graph\":[{\"@type\":\"WebSite\",\"@id\":\"https:\/\/unisalesiano.com.br\/aracatuba\/#website\",\"url\":\"https:\/\/unisalesiano.com.br\/aracatuba\/\",\"name\":\"UniSALESIANO Ara\\u00e7atuba\/SP\",\"description\":\"Centro Universit\\u00e1rio Cat\\u00f3lico Salesiano Auxilium\",\"potentialAction\":[{\"@type\":\"SearchAction\",\"target\":{\"@type\":\"EntryPoint\",\"urlTemplate\":\"https:\/\/unisalesiano.com.br\/aracatuba\/?s={search_term_string}\"},\"query-input\":\"required name=search_term_string\"}],\"inLanguage\":\"pt-BR\"},{\"@type\":\"WebPage\",\"@id\":\"https:\/\/unisalesiano.com.br\/aracatuba\/enfermagem-promove-semana-do-meio-ambiente\/#webpage\",\"url\":\"https:\/\/unisalesiano.com.br\/aracatuba\/enfermagem-promove-semana-do-meio-ambiente\/\",\"name\":\"Enfermagem promove Semana do Meio Ambiente - UniSALESIANO Ara\\u00e7atuba\/SP\",\"isPartOf\":{\"@id\":\"https:\/\/unisalesiano.com.br\/aracatuba\/#website\"},\"datePublished\":\"2006-05-17T16:40:55+00:00\",\"dateModified\":\"2019-01-14T15:41:39+00:00\",\"author\":{\"@id\":\"https:\/\/unisalesiano.com.br\/aracatuba\/#\/schema\/person\/afb1b2331f463570beda616f4cc14cc9\"},\"breadcrumb\":{\"@id\":\"https:\/\/unisalesiano.com.br\/aracatuba\/enfermagem-promove-semana-do-meio-ambiente\/#breadcrumb\"},\"inLanguage\":\"pt-BR\",\"potentialAction\":[{\"@type\":\"ReadAction\",\"target\":[\"https:\/\/unisalesiano.com.br\/aracatuba\/enfermagem-promove-semana-do-meio-ambiente\/\"]}]},{\"@type\":\"BreadcrumbList\",\"@id\":\"https:\/\/unisalesiano.com.br\/aracatuba\/enfermagem-promove-semana-do-meio-ambiente\/#breadcrumb\",\"itemListElement\":[{\"@type\":\"ListItem\",\"position\":1,\"name\":\"In\\u00edcio\",\"item\":\"https:\/\/unisalesiano.com.br\/aracatuba\/\"},{\"@type\":\"ListItem\",\"position\":2,\"name\":\"Enfermagem promove Semana do Meio Ambiente\"}]},{\"@type\":\"Person\",\"@id\":\"https:\/\/unisalesiano.com.br\/aracatuba\/#\/schema\/person\/afb1b2331f463570beda616f4cc14cc9\",\"name\":\"admin\",\"image\":{\"@type\":\"ImageObject\",\"@id\":\"https:\/\/unisalesiano.com.br\/aracatuba\/#personlogo\",\"inLanguage\":\"pt-BR\",\"url\":\"https:\/\/secure.gravatar.com\/avatar\/dfc5c63987fa9f19b5c366e55740b2a0ffac4aab41ba55c1bd96dbb85eb3a8ca?s=96&d=mm&r=g\",\"contentUrl\":\"https:\/\/secure.gravatar.com\/avatar\/dfc5c63987fa9f19b5c366e55740b2a0ffac4aab41ba55c1bd96dbb85eb3a8ca?s=96&d=mm&r=g\",\"caption\":\"admin\"},\"url\":\"https:\/\/unisalesiano.com.br\/aracatuba\/author\/admin\/\"}]}<\/script>\n<!-- \/ Yoast SEO plugin. -->","yoast_head_json":{"title":"Enfermagem promove Semana do Meio Ambiente - UniSALESIANO Ara\u00e7atuba\/SP","robots":{"index":"index","follow":"follow","max-snippet":"max-snippet:-1","max-image-preview":"max-image-preview:large","max-video-preview":"max-video-preview:-1"},"canonical":"https:\/\/unisalesiano.com.br\/aracatuba\/enfermagem-promove-semana-do-meio-ambiente\/","og_locale":"pt_BR","og_type":"article","og_title":"Enfermagem promove Semana do Meio Ambiente - UniSALESIANO Ara\u00e7atuba\/SP","og_description":"A coordena\u00e7\u00e3o do Curso de Enfermagem do Centro Universit\u00e1rio Cat\u00f3lico Auxilium &#8211; UniSALESIANO de Ara\u00e7atuba vai promover nos dias 22, 23 e 26 deste m\u00eas, na cidade de Bra\u00fana, a Semana do Meio Ambiente. O evento integra as a\u00e7\u00f5es pedag\u00f3gicas previstas na disciplina de Sa\u00fade Ambiental e ser\u00e1 desenvolvida por alunos do primeiro termo daquele [&hellip;]","og_url":"https:\/\/unisalesiano.com.br\/aracatuba\/enfermagem-promove-semana-do-meio-ambiente\/","og_site_name":"UniSALESIANO Ara\u00e7atuba\/SP","article_published_time":"2006-05-17T16:40:55+00:00","article_modified_time":"2019-01-14T15:41:39+00:00","twitter_card":"summary_large_image","twitter_misc":{"Escrito por":"admin","Est. tempo de leitura":"2 minutos"},"schema":{"@context":"https:\/\/schema.org","@graph":[{"@type":"WebSite","@id":"https:\/\/unisalesiano.com.br\/aracatuba\/#website","url":"https:\/\/unisalesiano.com.br\/aracatuba\/","name":"UniSALESIANO Ara\u00e7atuba\/SP","description":"Centro Universit\u00e1rio Cat\u00f3lico Salesiano Auxilium","potentialAction":[{"@type":"SearchAction","target":{"@type":"EntryPoint","urlTemplate":"https:\/\/unisalesiano.com.br\/aracatuba\/?s={search_term_string}"},"query-input":"required name=search_term_string"}],"inLanguage":"pt-BR"},{"@type":"WebPage","@id":"https:\/\/unisalesiano.com.br\/aracatuba\/enfermagem-promove-semana-do-meio-ambiente\/#webpage","url":"https:\/\/unisalesiano.com.br\/aracatuba\/enfermagem-promove-semana-do-meio-ambiente\/","name":"Enfermagem promove Semana do Meio Ambiente - UniSALESIANO Ara\u00e7atuba\/SP","isPartOf":{"@id":"https:\/\/unisalesiano.com.br\/aracatuba\/#website"},"datePublished":"2006-05-17T16:40:55+00:00","dateModified":"2019-01-14T15:41:39+00:00","author":{"@id":"https:\/\/unisalesiano.com.br\/aracatuba\/#\/schema\/person\/afb1b2331f463570beda616f4cc14cc9"},"breadcrumb":{"@id":"https:\/\/unisalesiano.com.br\/aracatuba\/enfermagem-promove-semana-do-meio-ambiente\/#breadcrumb"},"inLanguage":"pt-BR","potentialAction":[{"@type":"ReadAction","target":["https:\/\/unisalesiano.com.br\/aracatuba\/enfermagem-promove-semana-do-meio-ambiente\/"]}]},{"@type":"BreadcrumbList","@id":"https:\/\/unisalesiano.com.br\/aracatuba\/enfermagem-promove-semana-do-meio-ambiente\/#breadcrumb","itemListElement":[{"@type":"ListItem","position":1,"name":"In\u00edcio","item":"https:\/\/unisalesiano.com.br\/aracatuba\/"},{"@type":"ListItem","position":2,"name":"Enfermagem promove Semana do Meio Ambiente"}]},{"@type":"Person","@id":"https:\/\/unisalesiano.com.br\/aracatuba\/#\/schema\/person\/afb1b2331f463570beda616f4cc14cc9","name":"admin","image":{"@type":"ImageObject","@id":"https:\/\/unisalesiano.com.br\/aracatuba\/#personlogo","inLanguage":"pt-BR","url":"https:\/\/secure.gravatar.com\/avatar\/dfc5c63987fa9f19b5c366e55740b2a0ffac4aab41ba55c1bd96dbb85eb3a8ca?s=96&d=mm&r=g","contentUrl":"https:\/\/secure.gravatar.com\/avatar\/dfc5c63987fa9f19b5c366e55740b2a0ffac4aab41ba55c1bd96dbb85eb3a8ca?s=96&d=mm&r=g","caption":"admin"},"url":"https:\/\/unisalesiano.com.br\/aracatuba\/author\/admin\/"}]}},"_links":{"self":[{"href":"https:\/\/unisalesiano.com.br\/aracatuba\/wp-json\/wp\/v2\/posts\/8404","targetHints":{"allow":["GET"]}}],"collection":[{"href":"https:\/\/unisalesiano.com.br\/aracatuba\/wp-json\/wp\/v2\/posts"}],"about":[{"href":"https:\/\/unisalesiano.com.br\/aracatuba\/wp-json\/wp\/v2\/types\/post"}],"author":[{"embeddable":true,"href":"https:\/\/unisalesiano.com.br\/aracatuba\/wp-json\/wp\/v2\/users\/1"}],"replies":[{"embeddable":true,"href":"https:\/\/unisalesiano.com.br\/aracatuba\/wp-json\/wp\/v2\/comments?post=8404"}],"version-history":[{"count":0,"href":"https:\/\/unisalesiano.com.br\/aracatuba\/wp-json\/wp\/v2\/posts\/8404\/revisions"}],"wp:attachment":[{"href":"https:\/\/unisalesiano.com.br\/aracatuba\/wp-json\/wp\/v2\/media?parent=8404"}],"wp:term":[{"taxonomy":"category","embeddable":true,"href":"https:\/\/unisalesiano.com.br\/aracatuba\/wp-json\/wp\/v2\/categories?post=8404"},{"taxonomy":"post_tag","embeddable":true,"href":"https:\/\/unisalesiano.com.br\/aracatuba\/wp-json\/wp\/v2\/tags?post=8404"}],"curies":[{"name":"wp","href":"https:\/\/api.w.org\/{rel}","templated":true}]}}