{"id":8393,"date":"2006-05-06T13:26:43","date_gmt":"2006-05-06T16:26:43","guid":{"rendered":"https:\/\/unisalesiano.com.br\/?p=8393"},"modified":"2019-01-14T13:27:33","modified_gmt":"2019-01-14T15:27:33","slug":"fisioterapia-tera-aula-especial-com-profissional-da-area","status":"publish","type":"post","link":"https:\/\/unisalesiano.com.br\/aracatuba\/fisioterapia-tera-aula-especial-com-profissional-da-area\/","title":{"rendered":"Fisioterapia ter\u00e1 aula especial com profissional da \u00e1rea"},"content":{"rendered":"\n<p>Os alunos do curso de Fisioterapia do Centro Universit\u00e1rio\nCat\u00f3lico Auxilium &#8211; UniSALESIANO de Ara\u00e7atuba v\u00e3o acompanhar, nos dias 10 e 11\npr\u00f3ximos, aulas especiais a serem ministradas pelo fisioterapeuta Rafael\nVidovix da Rocha Duran, que conta com grande experi\u00eancia na \u00e1rea. O evento\nintegra as atividades da disciplina Sa\u00fade da Comunidade.<\/p>\n\n\n\n<p>Rafael falar\u00e1 sobre as atividades e fun\u00e7\u00f5es do Centro de\nRefer\u00eancia da Sa\u00fade do Trabalhador de Ara\u00e7atuba.<\/p>\n\n\n\n<p>No dia 10, a aula ser\u00e1 realizada nas Cl\u00ednicas de Enfermagem\ne Fisioterapia localizadas na UNA, na Rua Joaquim Nabuco, 155, para os alunos\ndo 5\u00ba Termo das turmas C e B. No dia seguinte, a atividade ser\u00e1 desenvolvida no\nCampus Universit\u00e1rio, para os alunos das turmas A e B. Ambas ter\u00e3o in\u00edcio \u00e0s\n7h30 e encerramento \u00e0s 9h.<\/p>\n\n\n\n<p>Gislene Marcelino, que atua como professora naquela\ndisciplina, lembrou que \u00e9 de fundamental import\u00e2ncia que especialistas em\ndiversos setores e servi\u00e7os de sa\u00fade mantenham contato com os estudantes,\nministrando aulas ou apresentando palestras. &#8220;Os servi\u00e7os p\u00fablicos de\nsa\u00fade abrigam uma grande diversidade de trabalhos que devem ser do conhecimento\ndaqueles que est\u00e3o estudando para ingressar na \u00e1rea&#8221;, comentou.<\/p>\n\n\n\n<p>Para ela, a atividade do fisioterapeuta no mercado de\ntrabalho deve ser diferenciada. &#8220;\u00c9 preciso que o estudante de cursos da\n\u00e1rea tenham uma vis\u00e3o de promo\u00e7\u00e3o da sa\u00fade e de preven\u00e7\u00e3o das doen\u00e7as e n\u00e3o s\u00f3\natuar na perspectiva de tratar de quem j\u00e1 est\u00e1 doente&#8221;, concluiu.<\/p>\n","protected":false},"excerpt":{"rendered":"<p>Os alunos do curso de Fisioterapia do Centro Universit\u00e1rio Cat\u00f3lico Auxilium &#8211; UniSALESIANO de Ara\u00e7atuba v\u00e3o acompanhar, nos dias 10 e 11 pr\u00f3ximos, aulas especiais a serem ministradas pelo fisioterapeuta Rafael Vidovix da Rocha Duran, que conta com grande experi\u00eancia na \u00e1rea. O evento integra as atividades da disciplina Sa\u00fade da Comunidade. Rafael falar\u00e1 sobre [&hellip;]<\/p>\n","protected":false},"author":1,"featured_media":0,"comment_status":"open","ping_status":"open","sticky":false,"template":"","format":"standard","meta":{"footnotes":""},"categories":[5],"tags":[17],"class_list":["post-8393","post","type-post","status-publish","format-standard","hentry","category-saude","tag-fisioterapia"],"yoast_head":"<!-- This site is optimized with the Yoast SEO plugin v17.4 - https:\/\/yoast.com\/wordpress\/plugins\/seo\/ -->\n<title>Fisioterapia ter\u00e1 aula especial com profissional da \u00e1rea - UniSALESIANO Ara\u00e7atuba\/SP<\/title>\n<meta name=\"robots\" content=\"index, follow, max-snippet:-1, max-image-preview:large, max-video-preview:-1\" \/>\n<link rel=\"canonical\" href=\"https:\/\/unisalesiano.com.br\/aracatuba\/fisioterapia-tera-aula-especial-com-profissional-da-area\/\" \/>\n<meta property=\"og:locale\" content=\"pt_BR\" \/>\n<meta property=\"og:type\" content=\"article\" \/>\n<meta property=\"og:title\" content=\"Fisioterapia ter\u00e1 aula especial com profissional da \u00e1rea - UniSALESIANO Ara\u00e7atuba\/SP\" \/>\n<meta property=\"og:description\" content=\"Os alunos do curso de Fisioterapia do Centro Universit\u00e1rio Cat\u00f3lico Auxilium &#8211; UniSALESIANO de Ara\u00e7atuba v\u00e3o acompanhar, nos dias 10 e 11 pr\u00f3ximos, aulas especiais a serem ministradas pelo fisioterapeuta Rafael Vidovix da Rocha Duran, que conta com grande experi\u00eancia na \u00e1rea. O evento integra as atividades da disciplina Sa\u00fade da Comunidade. Rafael falar\u00e1 sobre [&hellip;]\" \/>\n<meta property=\"og:url\" content=\"https:\/\/unisalesiano.com.br\/aracatuba\/fisioterapia-tera-aula-especial-com-profissional-da-area\/\" \/>\n<meta property=\"og:site_name\" content=\"UniSALESIANO Ara\u00e7atuba\/SP\" \/>\n<meta property=\"article:published_time\" content=\"2006-05-06T16:26:43+00:00\" \/>\n<meta property=\"article:modified_time\" content=\"2019-01-14T15:27:33+00:00\" \/>\n<meta name=\"twitter:card\" content=\"summary_large_image\" \/>\n<meta name=\"twitter:label1\" content=\"Escrito por\" \/>\n\t<meta name=\"twitter:data1\" content=\"admin\" \/>\n\t<meta name=\"twitter:label2\" content=\"Est. tempo de leitura\" \/>\n\t<meta name=\"twitter:data2\" content=\"1 minuto\" \/>\n<script type=\"application\/ld+json\" class=\"yoast-schema-graph\">{\"@context\":\"https:\/\/schema.org\",\"@graph\":[{\"@type\":\"WebSite\",\"@id\":\"https:\/\/unisalesiano.com.br\/aracatuba\/#website\",\"url\":\"https:\/\/unisalesiano.com.br\/aracatuba\/\",\"name\":\"UniSALESIANO Ara\\u00e7atuba\/SP\",\"description\":\"Centro Universit\\u00e1rio Cat\\u00f3lico Salesiano Auxilium\",\"potentialAction\":[{\"@type\":\"SearchAction\",\"target\":{\"@type\":\"EntryPoint\",\"urlTemplate\":\"https:\/\/unisalesiano.com.br\/aracatuba\/?s={search_term_string}\"},\"query-input\":\"required name=search_term_string\"}],\"inLanguage\":\"pt-BR\"},{\"@type\":\"WebPage\",\"@id\":\"https:\/\/unisalesiano.com.br\/aracatuba\/fisioterapia-tera-aula-especial-com-profissional-da-area\/#webpage\",\"url\":\"https:\/\/unisalesiano.com.br\/aracatuba\/fisioterapia-tera-aula-especial-com-profissional-da-area\/\",\"name\":\"Fisioterapia ter\\u00e1 aula especial com profissional da \\u00e1rea - UniSALESIANO Ara\\u00e7atuba\/SP\",\"isPartOf\":{\"@id\":\"https:\/\/unisalesiano.com.br\/aracatuba\/#website\"},\"datePublished\":\"2006-05-06T16:26:43+00:00\",\"dateModified\":\"2019-01-14T15:27:33+00:00\",\"author\":{\"@id\":\"https:\/\/unisalesiano.com.br\/aracatuba\/#\/schema\/person\/afb1b2331f463570beda616f4cc14cc9\"},\"breadcrumb\":{\"@id\":\"https:\/\/unisalesiano.com.br\/aracatuba\/fisioterapia-tera-aula-especial-com-profissional-da-area\/#breadcrumb\"},\"inLanguage\":\"pt-BR\",\"potentialAction\":[{\"@type\":\"ReadAction\",\"target\":[\"https:\/\/unisalesiano.com.br\/aracatuba\/fisioterapia-tera-aula-especial-com-profissional-da-area\/\"]}]},{\"@type\":\"BreadcrumbList\",\"@id\":\"https:\/\/unisalesiano.com.br\/aracatuba\/fisioterapia-tera-aula-especial-com-profissional-da-area\/#breadcrumb\",\"itemListElement\":[{\"@type\":\"ListItem\",\"position\":1,\"name\":\"In\\u00edcio\",\"item\":\"https:\/\/unisalesiano.com.br\/aracatuba\/\"},{\"@type\":\"ListItem\",\"position\":2,\"name\":\"Fisioterapia ter\\u00e1 aula especial com profissional da \\u00e1rea\"}]},{\"@type\":\"Person\",\"@id\":\"https:\/\/unisalesiano.com.br\/aracatuba\/#\/schema\/person\/afb1b2331f463570beda616f4cc14cc9\",\"name\":\"admin\",\"image\":{\"@type\":\"ImageObject\",\"@id\":\"https:\/\/unisalesiano.com.br\/aracatuba\/#personlogo\",\"inLanguage\":\"pt-BR\",\"url\":\"https:\/\/secure.gravatar.com\/avatar\/dfc5c63987fa9f19b5c366e55740b2a0ffac4aab41ba55c1bd96dbb85eb3a8ca?s=96&d=mm&r=g\",\"contentUrl\":\"https:\/\/secure.gravatar.com\/avatar\/dfc5c63987fa9f19b5c366e55740b2a0ffac4aab41ba55c1bd96dbb85eb3a8ca?s=96&d=mm&r=g\",\"caption\":\"admin\"},\"url\":\"https:\/\/unisalesiano.com.br\/aracatuba\/author\/admin\/\"}]}<\/script>\n<!-- \/ Yoast SEO plugin. -->","yoast_head_json":{"title":"Fisioterapia ter\u00e1 aula especial com profissional da \u00e1rea - UniSALESIANO Ara\u00e7atuba\/SP","robots":{"index":"index","follow":"follow","max-snippet":"max-snippet:-1","max-image-preview":"max-image-preview:large","max-video-preview":"max-video-preview:-1"},"canonical":"https:\/\/unisalesiano.com.br\/aracatuba\/fisioterapia-tera-aula-especial-com-profissional-da-area\/","og_locale":"pt_BR","og_type":"article","og_title":"Fisioterapia ter\u00e1 aula especial com profissional da \u00e1rea - UniSALESIANO Ara\u00e7atuba\/SP","og_description":"Os alunos do curso de Fisioterapia do Centro Universit\u00e1rio Cat\u00f3lico Auxilium &#8211; UniSALESIANO de Ara\u00e7atuba v\u00e3o acompanhar, nos dias 10 e 11 pr\u00f3ximos, aulas especiais a serem ministradas pelo fisioterapeuta Rafael Vidovix da Rocha Duran, que conta com grande experi\u00eancia na \u00e1rea. O evento integra as atividades da disciplina Sa\u00fade da Comunidade. Rafael falar\u00e1 sobre [&hellip;]","og_url":"https:\/\/unisalesiano.com.br\/aracatuba\/fisioterapia-tera-aula-especial-com-profissional-da-area\/","og_site_name":"UniSALESIANO Ara\u00e7atuba\/SP","article_published_time":"2006-05-06T16:26:43+00:00","article_modified_time":"2019-01-14T15:27:33+00:00","twitter_card":"summary_large_image","twitter_misc":{"Escrito por":"admin","Est. tempo de leitura":"1 minuto"},"schema":{"@context":"https:\/\/schema.org","@graph":[{"@type":"WebSite","@id":"https:\/\/unisalesiano.com.br\/aracatuba\/#website","url":"https:\/\/unisalesiano.com.br\/aracatuba\/","name":"UniSALESIANO Ara\u00e7atuba\/SP","description":"Centro Universit\u00e1rio Cat\u00f3lico Salesiano Auxilium","potentialAction":[{"@type":"SearchAction","target":{"@type":"EntryPoint","urlTemplate":"https:\/\/unisalesiano.com.br\/aracatuba\/?s={search_term_string}"},"query-input":"required name=search_term_string"}],"inLanguage":"pt-BR"},{"@type":"WebPage","@id":"https:\/\/unisalesiano.com.br\/aracatuba\/fisioterapia-tera-aula-especial-com-profissional-da-area\/#webpage","url":"https:\/\/unisalesiano.com.br\/aracatuba\/fisioterapia-tera-aula-especial-com-profissional-da-area\/","name":"Fisioterapia ter\u00e1 aula especial com profissional da \u00e1rea - UniSALESIANO Ara\u00e7atuba\/SP","isPartOf":{"@id":"https:\/\/unisalesiano.com.br\/aracatuba\/#website"},"datePublished":"2006-05-06T16:26:43+00:00","dateModified":"2019-01-14T15:27:33+00:00","author":{"@id":"https:\/\/unisalesiano.com.br\/aracatuba\/#\/schema\/person\/afb1b2331f463570beda616f4cc14cc9"},"breadcrumb":{"@id":"https:\/\/unisalesiano.com.br\/aracatuba\/fisioterapia-tera-aula-especial-com-profissional-da-area\/#breadcrumb"},"inLanguage":"pt-BR","potentialAction":[{"@type":"ReadAction","target":["https:\/\/unisalesiano.com.br\/aracatuba\/fisioterapia-tera-aula-especial-com-profissional-da-area\/"]}]},{"@type":"BreadcrumbList","@id":"https:\/\/unisalesiano.com.br\/aracatuba\/fisioterapia-tera-aula-especial-com-profissional-da-area\/#breadcrumb","itemListElement":[{"@type":"ListItem","position":1,"name":"In\u00edcio","item":"https:\/\/unisalesiano.com.br\/aracatuba\/"},{"@type":"ListItem","position":2,"name":"Fisioterapia ter\u00e1 aula especial com profissional da \u00e1rea"}]},{"@type":"Person","@id":"https:\/\/unisalesiano.com.br\/aracatuba\/#\/schema\/person\/afb1b2331f463570beda616f4cc14cc9","name":"admin","image":{"@type":"ImageObject","@id":"https:\/\/unisalesiano.com.br\/aracatuba\/#personlogo","inLanguage":"pt-BR","url":"https:\/\/secure.gravatar.com\/avatar\/dfc5c63987fa9f19b5c366e55740b2a0ffac4aab41ba55c1bd96dbb85eb3a8ca?s=96&d=mm&r=g","contentUrl":"https:\/\/secure.gravatar.com\/avatar\/dfc5c63987fa9f19b5c366e55740b2a0ffac4aab41ba55c1bd96dbb85eb3a8ca?s=96&d=mm&r=g","caption":"admin"},"url":"https:\/\/unisalesiano.com.br\/aracatuba\/author\/admin\/"}]}},"_links":{"self":[{"href":"https:\/\/unisalesiano.com.br\/aracatuba\/wp-json\/wp\/v2\/posts\/8393","targetHints":{"allow":["GET"]}}],"collection":[{"href":"https:\/\/unisalesiano.com.br\/aracatuba\/wp-json\/wp\/v2\/posts"}],"about":[{"href":"https:\/\/unisalesiano.com.br\/aracatuba\/wp-json\/wp\/v2\/types\/post"}],"author":[{"embeddable":true,"href":"https:\/\/unisalesiano.com.br\/aracatuba\/wp-json\/wp\/v2\/users\/1"}],"replies":[{"embeddable":true,"href":"https:\/\/unisalesiano.com.br\/aracatuba\/wp-json\/wp\/v2\/comments?post=8393"}],"version-history":[{"count":0,"href":"https:\/\/unisalesiano.com.br\/aracatuba\/wp-json\/wp\/v2\/posts\/8393\/revisions"}],"wp:attachment":[{"href":"https:\/\/unisalesiano.com.br\/aracatuba\/wp-json\/wp\/v2\/media?parent=8393"}],"wp:term":[{"taxonomy":"category","embeddable":true,"href":"https:\/\/unisalesiano.com.br\/aracatuba\/wp-json\/wp\/v2\/categories?post=8393"},{"taxonomy":"post_tag","embeddable":true,"href":"https:\/\/unisalesiano.com.br\/aracatuba\/wp-json\/wp\/v2\/tags?post=8393"}],"curies":[{"name":"wp","href":"https:\/\/api.w.org\/{rel}","templated":true}]}}