{"id":8372,"date":"2006-04-04T09:09:35","date_gmt":"2006-04-04T12:09:35","guid":{"rendered":"https:\/\/unisalesiano.com.br\/?p=8372"},"modified":"2019-01-14T09:10:31","modified_gmt":"2019-01-14T11:10:31","slug":"curso-de-fisioterapia-promove-dia-7-o-projeto-unisalesiano-e-saude","status":"publish","type":"post","link":"https:\/\/unisalesiano.com.br\/aracatuba\/curso-de-fisioterapia-promove-dia-7-o-projeto-unisalesiano-e-saude\/","title":{"rendered":"Curso de Fisioterapia promove dia 7 o Projeto \u00b4UniSALESIANO \u00e9 Sa\u00fade\u00b4"},"content":{"rendered":"\n<p>A coordena\u00e7\u00e3o do Curso de Fisioterapia do Centro\nUniversit\u00e1rio Cat\u00f3lico Auxilium &#8211; UniSALESIANO de Ara\u00e7atuba anunciou a\nrealiza\u00e7\u00e3o, neste dia 7, de um grande evento voltado para a \u00e1rea da sa\u00fade.\nTrata-se do Projeto \u00b4UniSALESIANO \u00e9 Sa\u00fade\u00b4, que consiste na presta\u00e7\u00e3o de\natendimentos \u00e0 comunidade estudantil da Institui\u00e7\u00e3o, entre os alunos que\nestiverem presentes no campus naquela data.<\/p>\n\n\n\n<p>A atividade ser\u00e1 desenvolvida das 7h30 \u00e0s 12h e das 19h05 \u00e0s\n22h pelos alunos do 5o. termo de Fisioterpia, em setores de orienta\u00e7\u00f5es nas\n\u00e1reas de sa\u00fade cardiorrespirat\u00f3ria, sa\u00fade e ergonomia, sa\u00fade e \u00edndice de massa\ncorp\u00f3rea, press\u00e3o arterial sist\u00eamica e pulso radial.<\/p>\n\n\n\n<p>A Prof\u00aa Dra. Rossana Abud Cabrera Rosa, docente do curso e\nrespons\u00e1vel pelo projeto, explica que os servi\u00e7os ser\u00e3o desenvolvidos no\nprimeiro, segundo e terceiro andares do pr\u00e9dio, sob a supervis\u00e3o dos professores.<\/p>\n\n\n\n<p>SA\u00daDE&nbsp;&#8211; Na apresenta\u00e7\u00e3o do projeto, Rossana explica que\n&#8220;o desenvolvimento das diferentes atividades di\u00e1rias, com altera\u00e7\u00f5es de\nh\u00e1bitos individuais, promove altera\u00e7\u00f5es corporais e implica adapta\u00e7\u00f5es\norg\u00e2nicas que devem atender ao estado f\u00edsico do indiv\u00edduo. Durante a vida o\nindiv\u00edduo desenvolve diferentes caracter\u00edsticas neuromotoras que ir\u00e3o\ncontribuir para seu bem estar ps\u00edquico, f\u00edsico e social. Essas aquisi\u00e7\u00f5es podem\nser influenciadas por fatores intr\u00ednsecos e extr\u00ednsecos&#8221;.<\/p>\n\n\n\n<p>Ela acrescenta, ainda, que &#8220;o conhecimento desses\nfatores pelo profissional da sa\u00fade contribui de maneira importante para o\nadequado atendimento do paciente, melhorando sua condi\u00e7\u00e3o org\u00e2nica e\ncontribuindo para a promo\u00e7\u00e3o de sua sa\u00fade&#8221;.<\/p>\n\n\n\n<p><a href=\"http:\/\/www.unisale.com.br\/noticias\/188\/PROJETO_UNISALESIANO.pdf\" target=\"_blank\" rel=\"noreferrer noopener\">Clique aqui e conhe\u00e7a na \u00edntegra o Projeto \u00b4UniSALESIANO \u00e9\nSa\u00fade&#8221;<\/a>.<\/p>\n","protected":false},"excerpt":{"rendered":"<p>A coordena\u00e7\u00e3o do Curso de Fisioterapia do Centro Universit\u00e1rio Cat\u00f3lico Auxilium &#8211; UniSALESIANO de Ara\u00e7atuba anunciou a realiza\u00e7\u00e3o, neste dia 7, de um grande evento voltado para a \u00e1rea da sa\u00fade. Trata-se do Projeto \u00b4UniSALESIANO \u00e9 Sa\u00fade\u00b4, que consiste na presta\u00e7\u00e3o de atendimentos \u00e0 comunidade estudantil da Institui\u00e7\u00e3o, entre os alunos que estiverem presentes no [&hellip;]<\/p>\n","protected":false},"author":1,"featured_media":0,"comment_status":"open","ping_status":"open","sticky":false,"template":"","format":"standard","meta":{"footnotes":""},"categories":[5],"tags":[17,327],"class_list":["post-8372","post","type-post","status-publish","format-standard","hentry","category-saude","tag-fisioterapia","tag-projeto-unisalesiano-e-saude"],"yoast_head":"<!-- This site is optimized with the Yoast SEO plugin v17.4 - https:\/\/yoast.com\/wordpress\/plugins\/seo\/ -->\n<title>Curso de Fisioterapia promove dia 7 o Projeto \u00b4UniSALESIANO \u00e9 Sa\u00fade\u00b4 - UniSALESIANO Ara\u00e7atuba\/SP<\/title>\n<meta name=\"robots\" content=\"index, follow, max-snippet:-1, max-image-preview:large, max-video-preview:-1\" \/>\n<link rel=\"canonical\" href=\"https:\/\/unisalesiano.com.br\/aracatuba\/curso-de-fisioterapia-promove-dia-7-o-projeto-unisalesiano-e-saude\/\" \/>\n<meta property=\"og:locale\" content=\"pt_BR\" \/>\n<meta property=\"og:type\" content=\"article\" \/>\n<meta property=\"og:title\" content=\"Curso de Fisioterapia promove dia 7 o Projeto \u00b4UniSALESIANO \u00e9 Sa\u00fade\u00b4 - UniSALESIANO Ara\u00e7atuba\/SP\" \/>\n<meta property=\"og:description\" content=\"A coordena\u00e7\u00e3o do Curso de Fisioterapia do Centro Universit\u00e1rio Cat\u00f3lico Auxilium &#8211; UniSALESIANO de Ara\u00e7atuba anunciou a realiza\u00e7\u00e3o, neste dia 7, de um grande evento voltado para a \u00e1rea da sa\u00fade. Trata-se do Projeto \u00b4UniSALESIANO \u00e9 Sa\u00fade\u00b4, que consiste na presta\u00e7\u00e3o de atendimentos \u00e0 comunidade estudantil da Institui\u00e7\u00e3o, entre os alunos que estiverem presentes no [&hellip;]\" \/>\n<meta property=\"og:url\" content=\"https:\/\/unisalesiano.com.br\/aracatuba\/curso-de-fisioterapia-promove-dia-7-o-projeto-unisalesiano-e-saude\/\" \/>\n<meta property=\"og:site_name\" content=\"UniSALESIANO Ara\u00e7atuba\/SP\" \/>\n<meta property=\"article:published_time\" content=\"2006-04-04T12:09:35+00:00\" \/>\n<meta property=\"article:modified_time\" content=\"2019-01-14T11:10:31+00:00\" \/>\n<meta name=\"twitter:card\" content=\"summary_large_image\" \/>\n<meta name=\"twitter:label1\" content=\"Escrito por\" \/>\n\t<meta name=\"twitter:data1\" content=\"admin\" \/>\n\t<meta name=\"twitter:label2\" content=\"Est. tempo de leitura\" \/>\n\t<meta name=\"twitter:data2\" content=\"1 minuto\" \/>\n<script type=\"application\/ld+json\" class=\"yoast-schema-graph\">{\"@context\":\"https:\/\/schema.org\",\"@graph\":[{\"@type\":\"WebSite\",\"@id\":\"https:\/\/unisalesiano.com.br\/aracatuba\/#website\",\"url\":\"https:\/\/unisalesiano.com.br\/aracatuba\/\",\"name\":\"UniSALESIANO Ara\\u00e7atuba\/SP\",\"description\":\"Centro Universit\\u00e1rio Cat\\u00f3lico Salesiano Auxilium\",\"potentialAction\":[{\"@type\":\"SearchAction\",\"target\":{\"@type\":\"EntryPoint\",\"urlTemplate\":\"https:\/\/unisalesiano.com.br\/aracatuba\/?s={search_term_string}\"},\"query-input\":\"required name=search_term_string\"}],\"inLanguage\":\"pt-BR\"},{\"@type\":\"WebPage\",\"@id\":\"https:\/\/unisalesiano.com.br\/aracatuba\/curso-de-fisioterapia-promove-dia-7-o-projeto-unisalesiano-e-saude\/#webpage\",\"url\":\"https:\/\/unisalesiano.com.br\/aracatuba\/curso-de-fisioterapia-promove-dia-7-o-projeto-unisalesiano-e-saude\/\",\"name\":\"Curso de Fisioterapia promove dia 7 o Projeto \\u00b4UniSALESIANO \\u00e9 Sa\\u00fade\\u00b4 - UniSALESIANO Ara\\u00e7atuba\/SP\",\"isPartOf\":{\"@id\":\"https:\/\/unisalesiano.com.br\/aracatuba\/#website\"},\"datePublished\":\"2006-04-04T12:09:35+00:00\",\"dateModified\":\"2019-01-14T11:10:31+00:00\",\"author\":{\"@id\":\"https:\/\/unisalesiano.com.br\/aracatuba\/#\/schema\/person\/afb1b2331f463570beda616f4cc14cc9\"},\"breadcrumb\":{\"@id\":\"https:\/\/unisalesiano.com.br\/aracatuba\/curso-de-fisioterapia-promove-dia-7-o-projeto-unisalesiano-e-saude\/#breadcrumb\"},\"inLanguage\":\"pt-BR\",\"potentialAction\":[{\"@type\":\"ReadAction\",\"target\":[\"https:\/\/unisalesiano.com.br\/aracatuba\/curso-de-fisioterapia-promove-dia-7-o-projeto-unisalesiano-e-saude\/\"]}]},{\"@type\":\"BreadcrumbList\",\"@id\":\"https:\/\/unisalesiano.com.br\/aracatuba\/curso-de-fisioterapia-promove-dia-7-o-projeto-unisalesiano-e-saude\/#breadcrumb\",\"itemListElement\":[{\"@type\":\"ListItem\",\"position\":1,\"name\":\"In\\u00edcio\",\"item\":\"https:\/\/unisalesiano.com.br\/aracatuba\/\"},{\"@type\":\"ListItem\",\"position\":2,\"name\":\"Curso de Fisioterapia promove dia 7 o Projeto \\u00b4UniSALESIANO \\u00e9 Sa\\u00fade\\u00b4\"}]},{\"@type\":\"Person\",\"@id\":\"https:\/\/unisalesiano.com.br\/aracatuba\/#\/schema\/person\/afb1b2331f463570beda616f4cc14cc9\",\"name\":\"admin\",\"image\":{\"@type\":\"ImageObject\",\"@id\":\"https:\/\/unisalesiano.com.br\/aracatuba\/#personlogo\",\"inLanguage\":\"pt-BR\",\"url\":\"https:\/\/secure.gravatar.com\/avatar\/dfc5c63987fa9f19b5c366e55740b2a0ffac4aab41ba55c1bd96dbb85eb3a8ca?s=96&d=mm&r=g\",\"contentUrl\":\"https:\/\/secure.gravatar.com\/avatar\/dfc5c63987fa9f19b5c366e55740b2a0ffac4aab41ba55c1bd96dbb85eb3a8ca?s=96&d=mm&r=g\",\"caption\":\"admin\"},\"url\":\"https:\/\/unisalesiano.com.br\/aracatuba\/author\/admin\/\"}]}<\/script>\n<!-- \/ Yoast SEO plugin. -->","yoast_head_json":{"title":"Curso de Fisioterapia promove dia 7 o Projeto \u00b4UniSALESIANO \u00e9 Sa\u00fade\u00b4 - UniSALESIANO Ara\u00e7atuba\/SP","robots":{"index":"index","follow":"follow","max-snippet":"max-snippet:-1","max-image-preview":"max-image-preview:large","max-video-preview":"max-video-preview:-1"},"canonical":"https:\/\/unisalesiano.com.br\/aracatuba\/curso-de-fisioterapia-promove-dia-7-o-projeto-unisalesiano-e-saude\/","og_locale":"pt_BR","og_type":"article","og_title":"Curso de Fisioterapia promove dia 7 o Projeto \u00b4UniSALESIANO \u00e9 Sa\u00fade\u00b4 - UniSALESIANO Ara\u00e7atuba\/SP","og_description":"A coordena\u00e7\u00e3o do Curso de Fisioterapia do Centro Universit\u00e1rio Cat\u00f3lico Auxilium &#8211; UniSALESIANO de Ara\u00e7atuba anunciou a realiza\u00e7\u00e3o, neste dia 7, de um grande evento voltado para a \u00e1rea da sa\u00fade. Trata-se do Projeto \u00b4UniSALESIANO \u00e9 Sa\u00fade\u00b4, que consiste na presta\u00e7\u00e3o de atendimentos \u00e0 comunidade estudantil da Institui\u00e7\u00e3o, entre os alunos que estiverem presentes no [&hellip;]","og_url":"https:\/\/unisalesiano.com.br\/aracatuba\/curso-de-fisioterapia-promove-dia-7-o-projeto-unisalesiano-e-saude\/","og_site_name":"UniSALESIANO Ara\u00e7atuba\/SP","article_published_time":"2006-04-04T12:09:35+00:00","article_modified_time":"2019-01-14T11:10:31+00:00","twitter_card":"summary_large_image","twitter_misc":{"Escrito por":"admin","Est. tempo de leitura":"1 minuto"},"schema":{"@context":"https:\/\/schema.org","@graph":[{"@type":"WebSite","@id":"https:\/\/unisalesiano.com.br\/aracatuba\/#website","url":"https:\/\/unisalesiano.com.br\/aracatuba\/","name":"UniSALESIANO Ara\u00e7atuba\/SP","description":"Centro Universit\u00e1rio Cat\u00f3lico Salesiano Auxilium","potentialAction":[{"@type":"SearchAction","target":{"@type":"EntryPoint","urlTemplate":"https:\/\/unisalesiano.com.br\/aracatuba\/?s={search_term_string}"},"query-input":"required name=search_term_string"}],"inLanguage":"pt-BR"},{"@type":"WebPage","@id":"https:\/\/unisalesiano.com.br\/aracatuba\/curso-de-fisioterapia-promove-dia-7-o-projeto-unisalesiano-e-saude\/#webpage","url":"https:\/\/unisalesiano.com.br\/aracatuba\/curso-de-fisioterapia-promove-dia-7-o-projeto-unisalesiano-e-saude\/","name":"Curso de Fisioterapia promove dia 7 o Projeto \u00b4UniSALESIANO \u00e9 Sa\u00fade\u00b4 - UniSALESIANO Ara\u00e7atuba\/SP","isPartOf":{"@id":"https:\/\/unisalesiano.com.br\/aracatuba\/#website"},"datePublished":"2006-04-04T12:09:35+00:00","dateModified":"2019-01-14T11:10:31+00:00","author":{"@id":"https:\/\/unisalesiano.com.br\/aracatuba\/#\/schema\/person\/afb1b2331f463570beda616f4cc14cc9"},"breadcrumb":{"@id":"https:\/\/unisalesiano.com.br\/aracatuba\/curso-de-fisioterapia-promove-dia-7-o-projeto-unisalesiano-e-saude\/#breadcrumb"},"inLanguage":"pt-BR","potentialAction":[{"@type":"ReadAction","target":["https:\/\/unisalesiano.com.br\/aracatuba\/curso-de-fisioterapia-promove-dia-7-o-projeto-unisalesiano-e-saude\/"]}]},{"@type":"BreadcrumbList","@id":"https:\/\/unisalesiano.com.br\/aracatuba\/curso-de-fisioterapia-promove-dia-7-o-projeto-unisalesiano-e-saude\/#breadcrumb","itemListElement":[{"@type":"ListItem","position":1,"name":"In\u00edcio","item":"https:\/\/unisalesiano.com.br\/aracatuba\/"},{"@type":"ListItem","position":2,"name":"Curso de Fisioterapia promove dia 7 o Projeto \u00b4UniSALESIANO \u00e9 Sa\u00fade\u00b4"}]},{"@type":"Person","@id":"https:\/\/unisalesiano.com.br\/aracatuba\/#\/schema\/person\/afb1b2331f463570beda616f4cc14cc9","name":"admin","image":{"@type":"ImageObject","@id":"https:\/\/unisalesiano.com.br\/aracatuba\/#personlogo","inLanguage":"pt-BR","url":"https:\/\/secure.gravatar.com\/avatar\/dfc5c63987fa9f19b5c366e55740b2a0ffac4aab41ba55c1bd96dbb85eb3a8ca?s=96&d=mm&r=g","contentUrl":"https:\/\/secure.gravatar.com\/avatar\/dfc5c63987fa9f19b5c366e55740b2a0ffac4aab41ba55c1bd96dbb85eb3a8ca?s=96&d=mm&r=g","caption":"admin"},"url":"https:\/\/unisalesiano.com.br\/aracatuba\/author\/admin\/"}]}},"_links":{"self":[{"href":"https:\/\/unisalesiano.com.br\/aracatuba\/wp-json\/wp\/v2\/posts\/8372","targetHints":{"allow":["GET"]}}],"collection":[{"href":"https:\/\/unisalesiano.com.br\/aracatuba\/wp-json\/wp\/v2\/posts"}],"about":[{"href":"https:\/\/unisalesiano.com.br\/aracatuba\/wp-json\/wp\/v2\/types\/post"}],"author":[{"embeddable":true,"href":"https:\/\/unisalesiano.com.br\/aracatuba\/wp-json\/wp\/v2\/users\/1"}],"replies":[{"embeddable":true,"href":"https:\/\/unisalesiano.com.br\/aracatuba\/wp-json\/wp\/v2\/comments?post=8372"}],"version-history":[{"count":0,"href":"https:\/\/unisalesiano.com.br\/aracatuba\/wp-json\/wp\/v2\/posts\/8372\/revisions"}],"wp:attachment":[{"href":"https:\/\/unisalesiano.com.br\/aracatuba\/wp-json\/wp\/v2\/media?parent=8372"}],"wp:term":[{"taxonomy":"category","embeddable":true,"href":"https:\/\/unisalesiano.com.br\/aracatuba\/wp-json\/wp\/v2\/categories?post=8372"},{"taxonomy":"post_tag","embeddable":true,"href":"https:\/\/unisalesiano.com.br\/aracatuba\/wp-json\/wp\/v2\/tags?post=8372"}],"curies":[{"name":"wp","href":"https:\/\/api.w.org\/{rel}","templated":true}]}}