{"id":8366,"date":"2006-04-01T09:04:12","date_gmt":"2006-04-01T12:04:12","guid":{"rendered":"https:\/\/unisalesiano.com.br\/?p=8366"},"modified":"2019-06-26T11:30:37","modified_gmt":"2019-06-26T14:30:37","slug":"aula-inaugural-de-enfermagem-teve-adesao-total-de-alunos","status":"publish","type":"post","link":"https:\/\/unisalesiano.com.br\/aracatuba\/aula-inaugural-de-enfermagem-teve-adesao-total-de-alunos\/","title":{"rendered":"Aula Inaugural de Enfermagem teve ades\u00e3o total de alunos"},"content":{"rendered":"\r\n<p>O Centro Universit\u00e1rio Cat\u00f3lico Auxilium &#8211; UniSALESIANO de Ara\u00e7atuba promoveu nesta sexta-feira, 31, \u00e0s 9h, a Aula Inaugural do Ano Acad\u00eamico de 2006 de seu Curso Superior de Enfermagem.<\/p>\r\n\r\n\r\n\r\n<p>O evento foi realizado na Igreja Universit\u00e1ria Nossa Senhora Auxiliadora e contou em sua abertura com as presen\u00e7as do Pe. Luigi Favero, Diretor Geral da Institui\u00e7\u00e3o, do Vice-Diretor, Andr\u00e9 Lu\u00eds Ornellas, de professores da \u00e1rea, de convidados especiais e com a ades\u00e3o total dos estudantes do Programa.<\/p>\r\n\r\n\r\n\r\n<p>O Pe. Luigi saudou a todos, falando da import\u00e2ncia do Curso Superior de Enfermagem. Ele lembrou que a sa\u00fade \u00e9 uma das \u00e1reas que experimentam maior crescimento e, portanto, a que certamente oferecer\u00e1 maiores chances de oportunidades de emprego e trabalho. Ele exortou a todos para se dedicarem com carinho ao aprendizado, prosseguindo sempre em seus estudos para se tornarem brilhantes profissionais.<\/p>\r\n\r\n\r\n\r\n<p>Em seguida foi realizada palestra com a Prof\u00aa. Dr\u00aa. Maria J\u00falia Paes da Silva, Livre Docente da Universidade de S\u00e3o Paulo (USP), que durante uma hora e meia abordou o tema Humaniza\u00e7\u00e3o e \u00c9tica na Sa\u00fade. Atualmente ela \u00e9 professora de gradua\u00e7\u00e3o no Departamento de Enfermagem M\u00e9dico-Cir\u00fargica e de P\u00f3s-Gradua\u00e7\u00e3o na Escola de Enfermagem da USP.<\/p>\r\n\r\n\r\n\r\n<p>A apresentadora da Aula Inaugural \u00e9 autora de diversos livros, entre os quais destacam-se: Qual o tempo do Cuidado?; Humanizando os Cuidados de Enfermagem (organizadora); Comunica\u00e7\u00e3o tem Rem\u00e9dio (j\u00e1 em 9\u00aa edi\u00e7\u00e3o); e O amor \u00e9 o Caminho &#8211; Maneiras de Cuidar (em 4\u00aa edi\u00e7\u00e3o), todos lan\u00e7ados pela Editora Loyola.<\/p>\r\n","protected":false},"excerpt":{"rendered":"<p>O Centro Universit\u00e1rio Cat\u00f3lico Auxilium &#8211; UniSALESIANO de Ara\u00e7atuba promoveu nesta sexta-feira, 31, \u00e0s 9h, a Aula Inaugural do Ano Acad\u00eamico de 2006 de seu Curso Superior de Enfermagem. O evento foi realizado na Igreja Universit\u00e1ria Nossa Senhora Auxiliadora e contou em sua abertura com as presen\u00e7as do Pe. Luigi Favero, Diretor Geral da Institui\u00e7\u00e3o, [&hellip;]<\/p>\n","protected":false},"author":1,"featured_media":8367,"comment_status":"open","ping_status":"open","sticky":false,"template":"","format":"standard","meta":{"footnotes":""},"categories":[5],"tags":[325,15],"class_list":["post-8366","post","type-post","status-publish","format-standard","has-post-thumbnail","hentry","category-saude","tag-aula-inaugural","tag-enfermagem"],"yoast_head":"<!-- This site is optimized with the Yoast SEO plugin v17.4 - https:\/\/yoast.com\/wordpress\/plugins\/seo\/ -->\n<title>Aula Inaugural de Enfermagem teve ades\u00e3o total de alunos - UniSALESIANO Ara\u00e7atuba\/SP<\/title>\n<meta name=\"robots\" content=\"index, follow, max-snippet:-1, max-image-preview:large, max-video-preview:-1\" \/>\n<link rel=\"canonical\" href=\"https:\/\/unisalesiano.com.br\/aracatuba\/aula-inaugural-de-enfermagem-teve-adesao-total-de-alunos\/\" \/>\n<meta property=\"og:locale\" content=\"pt_BR\" \/>\n<meta property=\"og:type\" content=\"article\" \/>\n<meta property=\"og:title\" content=\"Aula Inaugural de Enfermagem teve ades\u00e3o total de alunos - UniSALESIANO Ara\u00e7atuba\/SP\" \/>\n<meta property=\"og:description\" content=\"O Centro Universit\u00e1rio Cat\u00f3lico Auxilium &#8211; UniSALESIANO de Ara\u00e7atuba promoveu nesta sexta-feira, 31, \u00e0s 9h, a Aula Inaugural do Ano Acad\u00eamico de 2006 de seu Curso Superior de Enfermagem. O evento foi realizado na Igreja Universit\u00e1ria Nossa Senhora Auxiliadora e contou em sua abertura com as presen\u00e7as do Pe. Luigi Favero, Diretor Geral da Institui\u00e7\u00e3o, [&hellip;]\" \/>\n<meta property=\"og:url\" content=\"https:\/\/unisalesiano.com.br\/aracatuba\/aula-inaugural-de-enfermagem-teve-adesao-total-de-alunos\/\" \/>\n<meta property=\"og:site_name\" content=\"UniSALESIANO Ara\u00e7atuba\/SP\" \/>\n<meta property=\"article:published_time\" content=\"2006-04-01T12:04:12+00:00\" \/>\n<meta property=\"article:modified_time\" content=\"2019-06-26T14:30:37+00:00\" \/>\n<meta property=\"og:image\" content=\"https:\/\/unisalesiano.com.br\/aracatuba\/wp-content\/uploads\/2019\/01\/2006-04-01-183-Aula-Inaugural-de-Enfermagem-teve-ades\u00e3o-total-de-alunos.jpg\" \/>\n\t<meta property=\"og:image:width\" content=\"480\" \/>\n\t<meta property=\"og:image:height\" content=\"360\" \/>\n<meta name=\"twitter:card\" content=\"summary_large_image\" \/>\n<meta name=\"twitter:label1\" content=\"Escrito por\" \/>\n\t<meta name=\"twitter:data1\" content=\"admin\" \/>\n\t<meta name=\"twitter:label2\" content=\"Est. tempo de leitura\" \/>\n\t<meta name=\"twitter:data2\" content=\"1 minuto\" \/>\n<script type=\"application\/ld+json\" class=\"yoast-schema-graph\">{\"@context\":\"https:\/\/schema.org\",\"@graph\":[{\"@type\":\"WebSite\",\"@id\":\"https:\/\/unisalesiano.com.br\/aracatuba\/#website\",\"url\":\"https:\/\/unisalesiano.com.br\/aracatuba\/\",\"name\":\"UniSALESIANO Ara\\u00e7atuba\/SP\",\"description\":\"Centro Universit\\u00e1rio Cat\\u00f3lico Salesiano Auxilium\",\"potentialAction\":[{\"@type\":\"SearchAction\",\"target\":{\"@type\":\"EntryPoint\",\"urlTemplate\":\"https:\/\/unisalesiano.com.br\/aracatuba\/?s={search_term_string}\"},\"query-input\":\"required name=search_term_string\"}],\"inLanguage\":\"pt-BR\"},{\"@type\":\"ImageObject\",\"@id\":\"https:\/\/unisalesiano.com.br\/aracatuba\/aula-inaugural-de-enfermagem-teve-adesao-total-de-alunos\/#primaryimage\",\"inLanguage\":\"pt-BR\",\"url\":\"https:\/\/unisalesiano.com.br\/aracatuba\/wp-content\/uploads\/2019\/01\/2006-04-01-183-Aula-Inaugural-de-Enfermagem-teve-ades\\u00e3o-total-de-alunos.jpg\",\"contentUrl\":\"https:\/\/unisalesiano.com.br\/aracatuba\/wp-content\/uploads\/2019\/01\/2006-04-01-183-Aula-Inaugural-de-Enfermagem-teve-ades\\u00e3o-total-de-alunos.jpg\",\"width\":480,\"height\":360},{\"@type\":\"WebPage\",\"@id\":\"https:\/\/unisalesiano.com.br\/aracatuba\/aula-inaugural-de-enfermagem-teve-adesao-total-de-alunos\/#webpage\",\"url\":\"https:\/\/unisalesiano.com.br\/aracatuba\/aula-inaugural-de-enfermagem-teve-adesao-total-de-alunos\/\",\"name\":\"Aula Inaugural de Enfermagem teve ades\\u00e3o total de alunos - UniSALESIANO Ara\\u00e7atuba\/SP\",\"isPartOf\":{\"@id\":\"https:\/\/unisalesiano.com.br\/aracatuba\/#website\"},\"primaryImageOfPage\":{\"@id\":\"https:\/\/unisalesiano.com.br\/aracatuba\/aula-inaugural-de-enfermagem-teve-adesao-total-de-alunos\/#primaryimage\"},\"datePublished\":\"2006-04-01T12:04:12+00:00\",\"dateModified\":\"2019-06-26T14:30:37+00:00\",\"author\":{\"@id\":\"https:\/\/unisalesiano.com.br\/aracatuba\/#\/schema\/person\/afb1b2331f463570beda616f4cc14cc9\"},\"breadcrumb\":{\"@id\":\"https:\/\/unisalesiano.com.br\/aracatuba\/aula-inaugural-de-enfermagem-teve-adesao-total-de-alunos\/#breadcrumb\"},\"inLanguage\":\"pt-BR\",\"potentialAction\":[{\"@type\":\"ReadAction\",\"target\":[\"https:\/\/unisalesiano.com.br\/aracatuba\/aula-inaugural-de-enfermagem-teve-adesao-total-de-alunos\/\"]}]},{\"@type\":\"BreadcrumbList\",\"@id\":\"https:\/\/unisalesiano.com.br\/aracatuba\/aula-inaugural-de-enfermagem-teve-adesao-total-de-alunos\/#breadcrumb\",\"itemListElement\":[{\"@type\":\"ListItem\",\"position\":1,\"name\":\"In\\u00edcio\",\"item\":\"https:\/\/unisalesiano.com.br\/aracatuba\/\"},{\"@type\":\"ListItem\",\"position\":2,\"name\":\"Aula Inaugural de Enfermagem teve ades\\u00e3o total de alunos\"}]},{\"@type\":\"Person\",\"@id\":\"https:\/\/unisalesiano.com.br\/aracatuba\/#\/schema\/person\/afb1b2331f463570beda616f4cc14cc9\",\"name\":\"admin\",\"image\":{\"@type\":\"ImageObject\",\"@id\":\"https:\/\/unisalesiano.com.br\/aracatuba\/#personlogo\",\"inLanguage\":\"pt-BR\",\"url\":\"https:\/\/secure.gravatar.com\/avatar\/dfc5c63987fa9f19b5c366e55740b2a0ffac4aab41ba55c1bd96dbb85eb3a8ca?s=96&d=mm&r=g\",\"contentUrl\":\"https:\/\/secure.gravatar.com\/avatar\/dfc5c63987fa9f19b5c366e55740b2a0ffac4aab41ba55c1bd96dbb85eb3a8ca?s=96&d=mm&r=g\",\"caption\":\"admin\"},\"url\":\"https:\/\/unisalesiano.com.br\/aracatuba\/author\/admin\/\"}]}<\/script>\n<!-- \/ Yoast SEO plugin. -->","yoast_head_json":{"title":"Aula Inaugural de Enfermagem teve ades\u00e3o total de alunos - UniSALESIANO Ara\u00e7atuba\/SP","robots":{"index":"index","follow":"follow","max-snippet":"max-snippet:-1","max-image-preview":"max-image-preview:large","max-video-preview":"max-video-preview:-1"},"canonical":"https:\/\/unisalesiano.com.br\/aracatuba\/aula-inaugural-de-enfermagem-teve-adesao-total-de-alunos\/","og_locale":"pt_BR","og_type":"article","og_title":"Aula Inaugural de Enfermagem teve ades\u00e3o total de alunos - UniSALESIANO Ara\u00e7atuba\/SP","og_description":"O Centro Universit\u00e1rio Cat\u00f3lico Auxilium &#8211; UniSALESIANO de Ara\u00e7atuba promoveu nesta sexta-feira, 31, \u00e0s 9h, a Aula Inaugural do Ano Acad\u00eamico de 2006 de seu Curso Superior de Enfermagem. O evento foi realizado na Igreja Universit\u00e1ria Nossa Senhora Auxiliadora e contou em sua abertura com as presen\u00e7as do Pe. Luigi Favero, Diretor Geral da Institui\u00e7\u00e3o, [&hellip;]","og_url":"https:\/\/unisalesiano.com.br\/aracatuba\/aula-inaugural-de-enfermagem-teve-adesao-total-de-alunos\/","og_site_name":"UniSALESIANO Ara\u00e7atuba\/SP","article_published_time":"2006-04-01T12:04:12+00:00","article_modified_time":"2019-06-26T14:30:37+00:00","og_image":[{"width":480,"height":360,"url":"https:\/\/unisalesiano.com.br\/aracatuba\/wp-content\/uploads\/2019\/01\/2006-04-01-183-Aula-Inaugural-de-Enfermagem-teve-ades\u00e3o-total-de-alunos.jpg","type":"image\/jpeg"}],"twitter_card":"summary_large_image","twitter_misc":{"Escrito por":"admin","Est. tempo de leitura":"1 minuto"},"schema":{"@context":"https:\/\/schema.org","@graph":[{"@type":"WebSite","@id":"https:\/\/unisalesiano.com.br\/aracatuba\/#website","url":"https:\/\/unisalesiano.com.br\/aracatuba\/","name":"UniSALESIANO Ara\u00e7atuba\/SP","description":"Centro Universit\u00e1rio Cat\u00f3lico Salesiano Auxilium","potentialAction":[{"@type":"SearchAction","target":{"@type":"EntryPoint","urlTemplate":"https:\/\/unisalesiano.com.br\/aracatuba\/?s={search_term_string}"},"query-input":"required name=search_term_string"}],"inLanguage":"pt-BR"},{"@type":"ImageObject","@id":"https:\/\/unisalesiano.com.br\/aracatuba\/aula-inaugural-de-enfermagem-teve-adesao-total-de-alunos\/#primaryimage","inLanguage":"pt-BR","url":"https:\/\/unisalesiano.com.br\/aracatuba\/wp-content\/uploads\/2019\/01\/2006-04-01-183-Aula-Inaugural-de-Enfermagem-teve-ades\u00e3o-total-de-alunos.jpg","contentUrl":"https:\/\/unisalesiano.com.br\/aracatuba\/wp-content\/uploads\/2019\/01\/2006-04-01-183-Aula-Inaugural-de-Enfermagem-teve-ades\u00e3o-total-de-alunos.jpg","width":480,"height":360},{"@type":"WebPage","@id":"https:\/\/unisalesiano.com.br\/aracatuba\/aula-inaugural-de-enfermagem-teve-adesao-total-de-alunos\/#webpage","url":"https:\/\/unisalesiano.com.br\/aracatuba\/aula-inaugural-de-enfermagem-teve-adesao-total-de-alunos\/","name":"Aula Inaugural de Enfermagem teve ades\u00e3o total de alunos - UniSALESIANO Ara\u00e7atuba\/SP","isPartOf":{"@id":"https:\/\/unisalesiano.com.br\/aracatuba\/#website"},"primaryImageOfPage":{"@id":"https:\/\/unisalesiano.com.br\/aracatuba\/aula-inaugural-de-enfermagem-teve-adesao-total-de-alunos\/#primaryimage"},"datePublished":"2006-04-01T12:04:12+00:00","dateModified":"2019-06-26T14:30:37+00:00","author":{"@id":"https:\/\/unisalesiano.com.br\/aracatuba\/#\/schema\/person\/afb1b2331f463570beda616f4cc14cc9"},"breadcrumb":{"@id":"https:\/\/unisalesiano.com.br\/aracatuba\/aula-inaugural-de-enfermagem-teve-adesao-total-de-alunos\/#breadcrumb"},"inLanguage":"pt-BR","potentialAction":[{"@type":"ReadAction","target":["https:\/\/unisalesiano.com.br\/aracatuba\/aula-inaugural-de-enfermagem-teve-adesao-total-de-alunos\/"]}]},{"@type":"BreadcrumbList","@id":"https:\/\/unisalesiano.com.br\/aracatuba\/aula-inaugural-de-enfermagem-teve-adesao-total-de-alunos\/#breadcrumb","itemListElement":[{"@type":"ListItem","position":1,"name":"In\u00edcio","item":"https:\/\/unisalesiano.com.br\/aracatuba\/"},{"@type":"ListItem","position":2,"name":"Aula Inaugural de Enfermagem teve ades\u00e3o total de alunos"}]},{"@type":"Person","@id":"https:\/\/unisalesiano.com.br\/aracatuba\/#\/schema\/person\/afb1b2331f463570beda616f4cc14cc9","name":"admin","image":{"@type":"ImageObject","@id":"https:\/\/unisalesiano.com.br\/aracatuba\/#personlogo","inLanguage":"pt-BR","url":"https:\/\/secure.gravatar.com\/avatar\/dfc5c63987fa9f19b5c366e55740b2a0ffac4aab41ba55c1bd96dbb85eb3a8ca?s=96&d=mm&r=g","contentUrl":"https:\/\/secure.gravatar.com\/avatar\/dfc5c63987fa9f19b5c366e55740b2a0ffac4aab41ba55c1bd96dbb85eb3a8ca?s=96&d=mm&r=g","caption":"admin"},"url":"https:\/\/unisalesiano.com.br\/aracatuba\/author\/admin\/"}]}},"_links":{"self":[{"href":"https:\/\/unisalesiano.com.br\/aracatuba\/wp-json\/wp\/v2\/posts\/8366","targetHints":{"allow":["GET"]}}],"collection":[{"href":"https:\/\/unisalesiano.com.br\/aracatuba\/wp-json\/wp\/v2\/posts"}],"about":[{"href":"https:\/\/unisalesiano.com.br\/aracatuba\/wp-json\/wp\/v2\/types\/post"}],"author":[{"embeddable":true,"href":"https:\/\/unisalesiano.com.br\/aracatuba\/wp-json\/wp\/v2\/users\/1"}],"replies":[{"embeddable":true,"href":"https:\/\/unisalesiano.com.br\/aracatuba\/wp-json\/wp\/v2\/comments?post=8366"}],"version-history":[{"count":0,"href":"https:\/\/unisalesiano.com.br\/aracatuba\/wp-json\/wp\/v2\/posts\/8366\/revisions"}],"wp:featuredmedia":[{"embeddable":true,"href":"https:\/\/unisalesiano.com.br\/aracatuba\/wp-json\/wp\/v2\/media\/8367"}],"wp:attachment":[{"href":"https:\/\/unisalesiano.com.br\/aracatuba\/wp-json\/wp\/v2\/media?parent=8366"}],"wp:term":[{"taxonomy":"category","embeddable":true,"href":"https:\/\/unisalesiano.com.br\/aracatuba\/wp-json\/wp\/v2\/categories?post=8366"},{"taxonomy":"post_tag","embeddable":true,"href":"https:\/\/unisalesiano.com.br\/aracatuba\/wp-json\/wp\/v2\/tags?post=8366"}],"curies":[{"name":"wp","href":"https:\/\/api.w.org\/{rel}","templated":true}]}}