{"id":8362,"date":"2006-03-29T09:00:27","date_gmt":"2006-03-29T12:00:27","guid":{"rendered":"https:\/\/unisalesiano.com.br\/?p=8362"},"modified":"2019-06-26T11:26:36","modified_gmt":"2019-06-26T14:26:36","slug":"aula-inaugural-de-fisioterapia-enfoca-atuacao-da-santa-casa-no-setor","status":"publish","type":"post","link":"https:\/\/unisalesiano.com.br\/aracatuba\/aula-inaugural-de-fisioterapia-enfoca-atuacao-da-santa-casa-no-setor\/","title":{"rendered":"Aula Inaugural de Fisioterapia enfoca atua\u00e7\u00e3o da Santa Casa no setor"},"content":{"rendered":"\r\n<p>O Centro Universit\u00e1rio Cat\u00f3lico Auxilium &#8211; UniSALESIANO de Ara\u00e7atuba realizou nesta quarta-feira, \u00e0s 8h, na Igreja Universit\u00e1ria do novo Campus, a Aula Inaugural do Curso de Fisioterapia.<\/p>\r\n\r\n\r\n\r\n<p>O evento teve in\u00edcio com uma apresenta\u00e7\u00e3o musical a cargo do Coral da Universidade Aberta da Melhor Idade (UNA), Departamento do UniSALESIANO, sob a reg\u00eancia da maestrina Marinete Cop\u00f3ssoli. A seguir, foi feita a abertura oficial do evento com a presen\u00e7a do Pe. Luigi Favero, Diretor Geral da Institui\u00e7\u00e3o.<\/p>\r\n\r\n\r\n\r\n<p>Ao saudar a plat\u00e9ia, que contou com a presen\u00e7a maci\u00e7a de estudantes da \u00e1rea, ele prop\u00f4s \u00e0 comunidade acad\u00eamica do UniSALESIANO a forma\u00e7\u00e3o de um Coral Universit\u00e1rio, que tamb\u00e9m teria a reg\u00eancia a cargo da Prof\u00aa Marinete.<\/p>\r\n\r\n\r\n\r\n<p>&#8220;\u00c9 muito importante que a nossa Institui\u00e7\u00e3o tenha um coral assim, para que ele possa aqui se apresentar e tamb\u00e9m nos representar em outros eventos&#8221;, disse.<\/p>\r\n\r\n\r\n\r\n<p>A palestra da Aula Inaugural versou sobre o tema A Atua\u00e7\u00e3o da Fisioterapia na Santa Casa de Miseric\u00f3rdia de Ara\u00e7atuba. Para apresent\u00e1-la foram convidadas duas autoridades locais que enfocaram pontos importantes do excelente trabalho desenvolvido por aquela institui\u00e7\u00e3o no setor.<\/p>\r\n\r\n\r\n\r\n<p>A primeira abordagem foi desenvolvida pela Dra. Gisele Trentin Pagan, fisioterapeuta formada h\u00e1 25 anos pela UNIMEP de Piracicaba e P\u00f3s-Graduada em Cardiorrespirat\u00f3rio pelo UniSALESIANO de Lins. Ela \u00e9, tamb\u00e9m, respons\u00e1vel pelo setor de Fisioterapia da Santa Casa de Miseric\u00f3rdia de Ara\u00e7atuba h\u00e1 22 anos.<\/p>\r\n\r\n\r\n\r\n<p>A segunda apresenta\u00e7\u00e3o ficou a cargo da Dra. Cristina Cardoso Parra, fisioterapeuta formada h\u00e1 20 anos pela Unesp de Presidente Prudente e P\u00f3s-Graduanda em Sa\u00fade Coletiva e da Fam\u00edlia pelo UniSALESIANO de Ara\u00e7atuba. Ela tamb\u00e9m atua no setor de Fisioterapia da Santa Casa de Miseric\u00f3rdia de Ara\u00e7atuba h\u00e1 15 anos.<\/p>\r\n\r\n\r\n\r\n<p>&#8230;Ap\u00f3s a palestra foi realizada uma Mesa de Debates, com as participa\u00e7\u00f5es das professoras Graziela Gelmi Sim\u00f5es e Fernanda Figueroa Sanchez.<\/p>\r\n","protected":false},"excerpt":{"rendered":"<p>O Centro Universit\u00e1rio Cat\u00f3lico Auxilium &#8211; UniSALESIANO de Ara\u00e7atuba realizou nesta quarta-feira, \u00e0s 8h, na Igreja Universit\u00e1ria do novo Campus, a Aula Inaugural do Curso de Fisioterapia. O evento teve in\u00edcio com uma apresenta\u00e7\u00e3o musical a cargo do Coral da Universidade Aberta da Melhor Idade (UNA), Departamento do UniSALESIANO, sob a reg\u00eancia da maestrina Marinete [&hellip;]<\/p>\n","protected":false},"author":1,"featured_media":8363,"comment_status":"open","ping_status":"open","sticky":false,"template":"","format":"standard","meta":{"footnotes":""},"categories":[5],"tags":[325,17],"class_list":["post-8362","post","type-post","status-publish","format-standard","has-post-thumbnail","hentry","category-saude","tag-aula-inaugural","tag-fisioterapia"],"yoast_head":"<!-- This site is optimized with the Yoast SEO plugin v17.4 - https:\/\/yoast.com\/wordpress\/plugins\/seo\/ -->\n<title>Aula Inaugural de Fisioterapia enfoca atua\u00e7\u00e3o da Santa Casa no setor - UniSALESIANO Ara\u00e7atuba\/SP<\/title>\n<meta name=\"robots\" content=\"index, follow, max-snippet:-1, max-image-preview:large, max-video-preview:-1\" \/>\n<link rel=\"canonical\" href=\"https:\/\/unisalesiano.com.br\/aracatuba\/aula-inaugural-de-fisioterapia-enfoca-atuacao-da-santa-casa-no-setor\/\" \/>\n<meta property=\"og:locale\" content=\"pt_BR\" \/>\n<meta property=\"og:type\" content=\"article\" \/>\n<meta property=\"og:title\" content=\"Aula Inaugural de Fisioterapia enfoca atua\u00e7\u00e3o da Santa Casa no setor - UniSALESIANO Ara\u00e7atuba\/SP\" \/>\n<meta property=\"og:description\" content=\"O Centro Universit\u00e1rio Cat\u00f3lico Auxilium &#8211; UniSALESIANO de Ara\u00e7atuba realizou nesta quarta-feira, \u00e0s 8h, na Igreja Universit\u00e1ria do novo Campus, a Aula Inaugural do Curso de Fisioterapia. O evento teve in\u00edcio com uma apresenta\u00e7\u00e3o musical a cargo do Coral da Universidade Aberta da Melhor Idade (UNA), Departamento do UniSALESIANO, sob a reg\u00eancia da maestrina Marinete [&hellip;]\" \/>\n<meta property=\"og:url\" content=\"https:\/\/unisalesiano.com.br\/aracatuba\/aula-inaugural-de-fisioterapia-enfoca-atuacao-da-santa-casa-no-setor\/\" \/>\n<meta property=\"og:site_name\" content=\"UniSALESIANO Ara\u00e7atuba\/SP\" \/>\n<meta property=\"article:published_time\" content=\"2006-03-29T12:00:27+00:00\" \/>\n<meta property=\"article:modified_time\" content=\"2019-06-26T14:26:36+00:00\" \/>\n<meta property=\"og:image\" content=\"https:\/\/unisalesiano.com.br\/aracatuba\/wp-content\/uploads\/2019\/01\/2006-03-29-176-Aula-Inaugural-de-Fisioterapia-enfoca-atua\u00e7\u00e3o-da-Santa-Casa-no-setor.jpg\" \/>\n\t<meta property=\"og:image:width\" content=\"480\" \/>\n\t<meta property=\"og:image:height\" content=\"360\" \/>\n<meta name=\"twitter:card\" content=\"summary_large_image\" \/>\n<meta name=\"twitter:label1\" content=\"Escrito por\" \/>\n\t<meta name=\"twitter:data1\" content=\"admin\" \/>\n\t<meta name=\"twitter:label2\" content=\"Est. tempo de leitura\" \/>\n\t<meta name=\"twitter:data2\" content=\"2 minutos\" \/>\n<script type=\"application\/ld+json\" class=\"yoast-schema-graph\">{\"@context\":\"https:\/\/schema.org\",\"@graph\":[{\"@type\":\"WebSite\",\"@id\":\"https:\/\/unisalesiano.com.br\/aracatuba\/#website\",\"url\":\"https:\/\/unisalesiano.com.br\/aracatuba\/\",\"name\":\"UniSALESIANO Ara\\u00e7atuba\/SP\",\"description\":\"Centro Universit\\u00e1rio Cat\\u00f3lico Salesiano Auxilium\",\"potentialAction\":[{\"@type\":\"SearchAction\",\"target\":{\"@type\":\"EntryPoint\",\"urlTemplate\":\"https:\/\/unisalesiano.com.br\/aracatuba\/?s={search_term_string}\"},\"query-input\":\"required name=search_term_string\"}],\"inLanguage\":\"pt-BR\"},{\"@type\":\"ImageObject\",\"@id\":\"https:\/\/unisalesiano.com.br\/aracatuba\/aula-inaugural-de-fisioterapia-enfoca-atuacao-da-santa-casa-no-setor\/#primaryimage\",\"inLanguage\":\"pt-BR\",\"url\":\"https:\/\/unisalesiano.com.br\/aracatuba\/wp-content\/uploads\/2019\/01\/2006-03-29-176-Aula-Inaugural-de-Fisioterapia-enfoca-atua\\u00e7\\u00e3o-da-Santa-Casa-no-setor.jpg\",\"contentUrl\":\"https:\/\/unisalesiano.com.br\/aracatuba\/wp-content\/uploads\/2019\/01\/2006-03-29-176-Aula-Inaugural-de-Fisioterapia-enfoca-atua\\u00e7\\u00e3o-da-Santa-Casa-no-setor.jpg\",\"width\":480,\"height\":360},{\"@type\":\"WebPage\",\"@id\":\"https:\/\/unisalesiano.com.br\/aracatuba\/aula-inaugural-de-fisioterapia-enfoca-atuacao-da-santa-casa-no-setor\/#webpage\",\"url\":\"https:\/\/unisalesiano.com.br\/aracatuba\/aula-inaugural-de-fisioterapia-enfoca-atuacao-da-santa-casa-no-setor\/\",\"name\":\"Aula Inaugural de Fisioterapia enfoca atua\\u00e7\\u00e3o da Santa Casa no setor - UniSALESIANO Ara\\u00e7atuba\/SP\",\"isPartOf\":{\"@id\":\"https:\/\/unisalesiano.com.br\/aracatuba\/#website\"},\"primaryImageOfPage\":{\"@id\":\"https:\/\/unisalesiano.com.br\/aracatuba\/aula-inaugural-de-fisioterapia-enfoca-atuacao-da-santa-casa-no-setor\/#primaryimage\"},\"datePublished\":\"2006-03-29T12:00:27+00:00\",\"dateModified\":\"2019-06-26T14:26:36+00:00\",\"author\":{\"@id\":\"https:\/\/unisalesiano.com.br\/aracatuba\/#\/schema\/person\/afb1b2331f463570beda616f4cc14cc9\"},\"breadcrumb\":{\"@id\":\"https:\/\/unisalesiano.com.br\/aracatuba\/aula-inaugural-de-fisioterapia-enfoca-atuacao-da-santa-casa-no-setor\/#breadcrumb\"},\"inLanguage\":\"pt-BR\",\"potentialAction\":[{\"@type\":\"ReadAction\",\"target\":[\"https:\/\/unisalesiano.com.br\/aracatuba\/aula-inaugural-de-fisioterapia-enfoca-atuacao-da-santa-casa-no-setor\/\"]}]},{\"@type\":\"BreadcrumbList\",\"@id\":\"https:\/\/unisalesiano.com.br\/aracatuba\/aula-inaugural-de-fisioterapia-enfoca-atuacao-da-santa-casa-no-setor\/#breadcrumb\",\"itemListElement\":[{\"@type\":\"ListItem\",\"position\":1,\"name\":\"In\\u00edcio\",\"item\":\"https:\/\/unisalesiano.com.br\/aracatuba\/\"},{\"@type\":\"ListItem\",\"position\":2,\"name\":\"Aula Inaugural de Fisioterapia enfoca atua\\u00e7\\u00e3o da Santa Casa no setor\"}]},{\"@type\":\"Person\",\"@id\":\"https:\/\/unisalesiano.com.br\/aracatuba\/#\/schema\/person\/afb1b2331f463570beda616f4cc14cc9\",\"name\":\"admin\",\"image\":{\"@type\":\"ImageObject\",\"@id\":\"https:\/\/unisalesiano.com.br\/aracatuba\/#personlogo\",\"inLanguage\":\"pt-BR\",\"url\":\"https:\/\/secure.gravatar.com\/avatar\/dfc5c63987fa9f19b5c366e55740b2a0ffac4aab41ba55c1bd96dbb85eb3a8ca?s=96&d=mm&r=g\",\"contentUrl\":\"https:\/\/secure.gravatar.com\/avatar\/dfc5c63987fa9f19b5c366e55740b2a0ffac4aab41ba55c1bd96dbb85eb3a8ca?s=96&d=mm&r=g\",\"caption\":\"admin\"},\"url\":\"https:\/\/unisalesiano.com.br\/aracatuba\/author\/admin\/\"}]}<\/script>\n<!-- \/ Yoast SEO plugin. -->","yoast_head_json":{"title":"Aula Inaugural de Fisioterapia enfoca atua\u00e7\u00e3o da Santa Casa no setor - UniSALESIANO Ara\u00e7atuba\/SP","robots":{"index":"index","follow":"follow","max-snippet":"max-snippet:-1","max-image-preview":"max-image-preview:large","max-video-preview":"max-video-preview:-1"},"canonical":"https:\/\/unisalesiano.com.br\/aracatuba\/aula-inaugural-de-fisioterapia-enfoca-atuacao-da-santa-casa-no-setor\/","og_locale":"pt_BR","og_type":"article","og_title":"Aula Inaugural de Fisioterapia enfoca atua\u00e7\u00e3o da Santa Casa no setor - UniSALESIANO Ara\u00e7atuba\/SP","og_description":"O Centro Universit\u00e1rio Cat\u00f3lico Auxilium &#8211; UniSALESIANO de Ara\u00e7atuba realizou nesta quarta-feira, \u00e0s 8h, na Igreja Universit\u00e1ria do novo Campus, a Aula Inaugural do Curso de Fisioterapia. O evento teve in\u00edcio com uma apresenta\u00e7\u00e3o musical a cargo do Coral da Universidade Aberta da Melhor Idade (UNA), Departamento do UniSALESIANO, sob a reg\u00eancia da maestrina Marinete [&hellip;]","og_url":"https:\/\/unisalesiano.com.br\/aracatuba\/aula-inaugural-de-fisioterapia-enfoca-atuacao-da-santa-casa-no-setor\/","og_site_name":"UniSALESIANO Ara\u00e7atuba\/SP","article_published_time":"2006-03-29T12:00:27+00:00","article_modified_time":"2019-06-26T14:26:36+00:00","og_image":[{"width":480,"height":360,"url":"https:\/\/unisalesiano.com.br\/aracatuba\/wp-content\/uploads\/2019\/01\/2006-03-29-176-Aula-Inaugural-de-Fisioterapia-enfoca-atua\u00e7\u00e3o-da-Santa-Casa-no-setor.jpg","type":"image\/jpeg"}],"twitter_card":"summary_large_image","twitter_misc":{"Escrito por":"admin","Est. tempo de leitura":"2 minutos"},"schema":{"@context":"https:\/\/schema.org","@graph":[{"@type":"WebSite","@id":"https:\/\/unisalesiano.com.br\/aracatuba\/#website","url":"https:\/\/unisalesiano.com.br\/aracatuba\/","name":"UniSALESIANO Ara\u00e7atuba\/SP","description":"Centro Universit\u00e1rio Cat\u00f3lico Salesiano Auxilium","potentialAction":[{"@type":"SearchAction","target":{"@type":"EntryPoint","urlTemplate":"https:\/\/unisalesiano.com.br\/aracatuba\/?s={search_term_string}"},"query-input":"required name=search_term_string"}],"inLanguage":"pt-BR"},{"@type":"ImageObject","@id":"https:\/\/unisalesiano.com.br\/aracatuba\/aula-inaugural-de-fisioterapia-enfoca-atuacao-da-santa-casa-no-setor\/#primaryimage","inLanguage":"pt-BR","url":"https:\/\/unisalesiano.com.br\/aracatuba\/wp-content\/uploads\/2019\/01\/2006-03-29-176-Aula-Inaugural-de-Fisioterapia-enfoca-atua\u00e7\u00e3o-da-Santa-Casa-no-setor.jpg","contentUrl":"https:\/\/unisalesiano.com.br\/aracatuba\/wp-content\/uploads\/2019\/01\/2006-03-29-176-Aula-Inaugural-de-Fisioterapia-enfoca-atua\u00e7\u00e3o-da-Santa-Casa-no-setor.jpg","width":480,"height":360},{"@type":"WebPage","@id":"https:\/\/unisalesiano.com.br\/aracatuba\/aula-inaugural-de-fisioterapia-enfoca-atuacao-da-santa-casa-no-setor\/#webpage","url":"https:\/\/unisalesiano.com.br\/aracatuba\/aula-inaugural-de-fisioterapia-enfoca-atuacao-da-santa-casa-no-setor\/","name":"Aula Inaugural de Fisioterapia enfoca atua\u00e7\u00e3o da Santa Casa no setor - UniSALESIANO Ara\u00e7atuba\/SP","isPartOf":{"@id":"https:\/\/unisalesiano.com.br\/aracatuba\/#website"},"primaryImageOfPage":{"@id":"https:\/\/unisalesiano.com.br\/aracatuba\/aula-inaugural-de-fisioterapia-enfoca-atuacao-da-santa-casa-no-setor\/#primaryimage"},"datePublished":"2006-03-29T12:00:27+00:00","dateModified":"2019-06-26T14:26:36+00:00","author":{"@id":"https:\/\/unisalesiano.com.br\/aracatuba\/#\/schema\/person\/afb1b2331f463570beda616f4cc14cc9"},"breadcrumb":{"@id":"https:\/\/unisalesiano.com.br\/aracatuba\/aula-inaugural-de-fisioterapia-enfoca-atuacao-da-santa-casa-no-setor\/#breadcrumb"},"inLanguage":"pt-BR","potentialAction":[{"@type":"ReadAction","target":["https:\/\/unisalesiano.com.br\/aracatuba\/aula-inaugural-de-fisioterapia-enfoca-atuacao-da-santa-casa-no-setor\/"]}]},{"@type":"BreadcrumbList","@id":"https:\/\/unisalesiano.com.br\/aracatuba\/aula-inaugural-de-fisioterapia-enfoca-atuacao-da-santa-casa-no-setor\/#breadcrumb","itemListElement":[{"@type":"ListItem","position":1,"name":"In\u00edcio","item":"https:\/\/unisalesiano.com.br\/aracatuba\/"},{"@type":"ListItem","position":2,"name":"Aula Inaugural de Fisioterapia enfoca atua\u00e7\u00e3o da Santa Casa no setor"}]},{"@type":"Person","@id":"https:\/\/unisalesiano.com.br\/aracatuba\/#\/schema\/person\/afb1b2331f463570beda616f4cc14cc9","name":"admin","image":{"@type":"ImageObject","@id":"https:\/\/unisalesiano.com.br\/aracatuba\/#personlogo","inLanguage":"pt-BR","url":"https:\/\/secure.gravatar.com\/avatar\/dfc5c63987fa9f19b5c366e55740b2a0ffac4aab41ba55c1bd96dbb85eb3a8ca?s=96&d=mm&r=g","contentUrl":"https:\/\/secure.gravatar.com\/avatar\/dfc5c63987fa9f19b5c366e55740b2a0ffac4aab41ba55c1bd96dbb85eb3a8ca?s=96&d=mm&r=g","caption":"admin"},"url":"https:\/\/unisalesiano.com.br\/aracatuba\/author\/admin\/"}]}},"_links":{"self":[{"href":"https:\/\/unisalesiano.com.br\/aracatuba\/wp-json\/wp\/v2\/posts\/8362","targetHints":{"allow":["GET"]}}],"collection":[{"href":"https:\/\/unisalesiano.com.br\/aracatuba\/wp-json\/wp\/v2\/posts"}],"about":[{"href":"https:\/\/unisalesiano.com.br\/aracatuba\/wp-json\/wp\/v2\/types\/post"}],"author":[{"embeddable":true,"href":"https:\/\/unisalesiano.com.br\/aracatuba\/wp-json\/wp\/v2\/users\/1"}],"replies":[{"embeddable":true,"href":"https:\/\/unisalesiano.com.br\/aracatuba\/wp-json\/wp\/v2\/comments?post=8362"}],"version-history":[{"count":0,"href":"https:\/\/unisalesiano.com.br\/aracatuba\/wp-json\/wp\/v2\/posts\/8362\/revisions"}],"wp:featuredmedia":[{"embeddable":true,"href":"https:\/\/unisalesiano.com.br\/aracatuba\/wp-json\/wp\/v2\/media\/8363"}],"wp:attachment":[{"href":"https:\/\/unisalesiano.com.br\/aracatuba\/wp-json\/wp\/v2\/media?parent=8362"}],"wp:term":[{"taxonomy":"category","embeddable":true,"href":"https:\/\/unisalesiano.com.br\/aracatuba\/wp-json\/wp\/v2\/categories?post=8362"},{"taxonomy":"post_tag","embeddable":true,"href":"https:\/\/unisalesiano.com.br\/aracatuba\/wp-json\/wp\/v2\/tags?post=8362"}],"curies":[{"name":"wp","href":"https:\/\/api.w.org\/{rel}","templated":true}]}}