{"id":7767,"date":"2005-10-04T08:58:28","date_gmt":"2005-10-04T11:58:28","guid":{"rendered":"https:\/\/unisalesiano.com.br\/?p=7767"},"modified":"2019-06-26T11:00:00","modified_gmt":"2019-06-26T14:00:00","slug":"internos-do-asilo-sao-vicente-recebem-ajuda-solidaria-das-fcs","status":"publish","type":"post","link":"https:\/\/unisalesiano.com.br\/aracatuba\/internos-do-asilo-sao-vicente-recebem-ajuda-solidaria-das-fcs\/","title":{"rendered":"Internos do Asilo S\u00e3o Vicente recebem ajuda solid\u00e1ria das FCS"},"content":{"rendered":"<p>Cerca de duzentos alunos do 4\u00ba termo do Curso de Enfermagem das Faculdades Cat\u00f3licas Salesianas de Ara\u00e7atuba v\u00e3o atuar at\u00e9 o pr\u00f3ximo dia 21 junto ao Asilo S\u00e3o Vicente de Paulo, localizado no Bairro S\u00e3o Vicente. Eles est\u00e3o iniciando as atividades da disciplina Sa\u00fade do Adulto e come\u00e7ar\u00e3o agora a desenvolver o chamado ensino cl\u00ednico, com atendimento dirigido para todos os internos daquela entidade.<\/p>\n<p>Os trabalhos j\u00e1 est\u00e3o sendo realizados desde este dia 3, acontecendo de segunda a sexta-feira, das 7h30 \u00e0s 17h.<\/p>\n<p>A principal preocupa\u00e7\u00e3o dos alunos, que estar\u00e3o atuando sob a supervis\u00e3o da coordenadora da \u00e1rea, Cl\u00e1udia Cyrillo, e de professores do curso, \u00e9 promover o exame f\u00edsico dos internos da institui\u00e7\u00e3o, um conjunto de informa\u00e7\u00f5es que compreende ausculta do pulm\u00e3o, estudo dos prontu\u00e1rios para a identifica\u00e7\u00e3o de doen\u00e7as e a sistematiza\u00e7\u00e3o da assist\u00eancia de enfermagem.<\/p>\n<p>Esta parte, por sua vez, prev\u00ea a formula\u00e7\u00e3o de um plano de cuidados com uma s\u00e9rie de a\u00e7\u00f5es, entre as quais os banhos de sol, os curativos e a alimenta\u00e7\u00e3o dos idosos.<\/p>\n<p>Cl\u00e1udia Cyrillo destacou que a realiza\u00e7\u00e3o desse trabalho junto ao Asilo S\u00e3o Vicente de Paulo \u00e9 da maior import\u00e2ncia, pois est\u00e3o presentes aspectos geri\u00e1tricos que s\u00e3o objeto de profundos estudos no Curso de Enfermagem. &#8220;Esta oportunidade de conviver com os idosos, levantar suas necessidades, prestar servi\u00e7os sociais e promover um gesto de solidariedade resultar\u00e1 no ganho de uma experi\u00eancia bastante rica de aprendizado para nossos alunos e isso contribuir\u00e1 para que se estabele\u00e7a uma maior humaniza\u00e7\u00e3o das rela\u00e7\u00f5es entre estudantes e pacientes&#8221;, comentou a coordenadora.<\/p>\n","protected":false},"excerpt":{"rendered":"<p>Cerca de duzentos alunos do 4\u00ba termo do Curso de Enfermagem das Faculdades Cat\u00f3licas Salesianas de Ara\u00e7atuba v\u00e3o atuar at\u00e9 o pr\u00f3ximo dia 21 junto ao Asilo S\u00e3o Vicente de Paulo, localizado no Bairro S\u00e3o Vicente. Eles est\u00e3o iniciando as atividades da disciplina Sa\u00fade do Adulto e come\u00e7ar\u00e3o agora a desenvolver o chamado ensino cl\u00ednico, [&hellip;]<\/p>\n","protected":false},"author":1,"featured_media":7768,"comment_status":"open","ping_status":"open","sticky":false,"template":"","format":"standard","meta":{"footnotes":""},"categories":[5],"tags":[],"class_list":["post-7767","post","type-post","status-publish","format-standard","has-post-thumbnail","hentry","category-saude"],"yoast_head":"<!-- This site is optimized with the Yoast SEO plugin v17.4 - https:\/\/yoast.com\/wordpress\/plugins\/seo\/ -->\n<title>Internos do Asilo S\u00e3o Vicente recebem ajuda solid\u00e1ria das FCS - UniSALESIANO Ara\u00e7atuba\/SP<\/title>\n<meta name=\"robots\" content=\"index, follow, max-snippet:-1, max-image-preview:large, max-video-preview:-1\" \/>\n<link rel=\"canonical\" href=\"https:\/\/unisalesiano.com.br\/aracatuba\/internos-do-asilo-sao-vicente-recebem-ajuda-solidaria-das-fcs\/\" \/>\n<meta property=\"og:locale\" content=\"pt_BR\" \/>\n<meta property=\"og:type\" content=\"article\" \/>\n<meta property=\"og:title\" content=\"Internos do Asilo S\u00e3o Vicente recebem ajuda solid\u00e1ria das FCS - UniSALESIANO Ara\u00e7atuba\/SP\" \/>\n<meta property=\"og:description\" content=\"Cerca de duzentos alunos do 4\u00ba termo do Curso de Enfermagem das Faculdades Cat\u00f3licas Salesianas de Ara\u00e7atuba v\u00e3o atuar at\u00e9 o pr\u00f3ximo dia 21 junto ao Asilo S\u00e3o Vicente de Paulo, localizado no Bairro S\u00e3o Vicente. Eles est\u00e3o iniciando as atividades da disciplina Sa\u00fade do Adulto e come\u00e7ar\u00e3o agora a desenvolver o chamado ensino cl\u00ednico, [&hellip;]\" \/>\n<meta property=\"og:url\" content=\"https:\/\/unisalesiano.com.br\/aracatuba\/internos-do-asilo-sao-vicente-recebem-ajuda-solidaria-das-fcs\/\" \/>\n<meta property=\"og:site_name\" content=\"UniSALESIANO Ara\u00e7atuba\/SP\" \/>\n<meta property=\"article:published_time\" content=\"2005-10-04T11:58:28+00:00\" \/>\n<meta property=\"article:modified_time\" content=\"2019-06-26T14:00:00+00:00\" \/>\n<meta property=\"og:image\" content=\"https:\/\/unisalesiano.com.br\/aracatuba\/wp-content\/uploads\/2018\/12\/2005-10-04-114-Internos-do-Asilo-S\u00e3o-Vicente-recebem-ajuda-solid\u00e1ria-das-FCS.jpg\" \/>\n\t<meta property=\"og:image:width\" content=\"997\" \/>\n\t<meta property=\"og:image:height\" content=\"748\" \/>\n<meta name=\"twitter:card\" content=\"summary_large_image\" \/>\n<meta name=\"twitter:label1\" content=\"Escrito por\" \/>\n\t<meta name=\"twitter:data1\" content=\"admin\" \/>\n\t<meta name=\"twitter:label2\" content=\"Est. tempo de leitura\" \/>\n\t<meta name=\"twitter:data2\" content=\"1 minuto\" \/>\n<script type=\"application\/ld+json\" class=\"yoast-schema-graph\">{\"@context\":\"https:\/\/schema.org\",\"@graph\":[{\"@type\":\"WebSite\",\"@id\":\"https:\/\/unisalesiano.com.br\/aracatuba\/#website\",\"url\":\"https:\/\/unisalesiano.com.br\/aracatuba\/\",\"name\":\"UniSALESIANO Ara\\u00e7atuba\/SP\",\"description\":\"Centro Universit\\u00e1rio Cat\\u00f3lico Salesiano Auxilium\",\"potentialAction\":[{\"@type\":\"SearchAction\",\"target\":{\"@type\":\"EntryPoint\",\"urlTemplate\":\"https:\/\/unisalesiano.com.br\/aracatuba\/?s={search_term_string}\"},\"query-input\":\"required name=search_term_string\"}],\"inLanguage\":\"pt-BR\"},{\"@type\":\"ImageObject\",\"@id\":\"https:\/\/unisalesiano.com.br\/aracatuba\/internos-do-asilo-sao-vicente-recebem-ajuda-solidaria-das-fcs\/#primaryimage\",\"inLanguage\":\"pt-BR\",\"url\":\"https:\/\/unisalesiano.com.br\/aracatuba\/wp-content\/uploads\/2018\/12\/2005-10-04-114-Internos-do-Asilo-S\\u00e3o-Vicente-recebem-ajuda-solid\\u00e1ria-das-FCS.jpg\",\"contentUrl\":\"https:\/\/unisalesiano.com.br\/aracatuba\/wp-content\/uploads\/2018\/12\/2005-10-04-114-Internos-do-Asilo-S\\u00e3o-Vicente-recebem-ajuda-solid\\u00e1ria-das-FCS.jpg\",\"width\":997,\"height\":748},{\"@type\":\"WebPage\",\"@id\":\"https:\/\/unisalesiano.com.br\/aracatuba\/internos-do-asilo-sao-vicente-recebem-ajuda-solidaria-das-fcs\/#webpage\",\"url\":\"https:\/\/unisalesiano.com.br\/aracatuba\/internos-do-asilo-sao-vicente-recebem-ajuda-solidaria-das-fcs\/\",\"name\":\"Internos do Asilo S\\u00e3o Vicente recebem ajuda solid\\u00e1ria das FCS - UniSALESIANO Ara\\u00e7atuba\/SP\",\"isPartOf\":{\"@id\":\"https:\/\/unisalesiano.com.br\/aracatuba\/#website\"},\"primaryImageOfPage\":{\"@id\":\"https:\/\/unisalesiano.com.br\/aracatuba\/internos-do-asilo-sao-vicente-recebem-ajuda-solidaria-das-fcs\/#primaryimage\"},\"datePublished\":\"2005-10-04T11:58:28+00:00\",\"dateModified\":\"2019-06-26T14:00:00+00:00\",\"author\":{\"@id\":\"https:\/\/unisalesiano.com.br\/aracatuba\/#\/schema\/person\/afb1b2331f463570beda616f4cc14cc9\"},\"breadcrumb\":{\"@id\":\"https:\/\/unisalesiano.com.br\/aracatuba\/internos-do-asilo-sao-vicente-recebem-ajuda-solidaria-das-fcs\/#breadcrumb\"},\"inLanguage\":\"pt-BR\",\"potentialAction\":[{\"@type\":\"ReadAction\",\"target\":[\"https:\/\/unisalesiano.com.br\/aracatuba\/internos-do-asilo-sao-vicente-recebem-ajuda-solidaria-das-fcs\/\"]}]},{\"@type\":\"BreadcrumbList\",\"@id\":\"https:\/\/unisalesiano.com.br\/aracatuba\/internos-do-asilo-sao-vicente-recebem-ajuda-solidaria-das-fcs\/#breadcrumb\",\"itemListElement\":[{\"@type\":\"ListItem\",\"position\":1,\"name\":\"In\\u00edcio\",\"item\":\"https:\/\/unisalesiano.com.br\/aracatuba\/\"},{\"@type\":\"ListItem\",\"position\":2,\"name\":\"Internos do Asilo S\\u00e3o Vicente recebem ajuda solid\\u00e1ria das FCS\"}]},{\"@type\":\"Person\",\"@id\":\"https:\/\/unisalesiano.com.br\/aracatuba\/#\/schema\/person\/afb1b2331f463570beda616f4cc14cc9\",\"name\":\"admin\",\"image\":{\"@type\":\"ImageObject\",\"@id\":\"https:\/\/unisalesiano.com.br\/aracatuba\/#personlogo\",\"inLanguage\":\"pt-BR\",\"url\":\"https:\/\/secure.gravatar.com\/avatar\/dfc5c63987fa9f19b5c366e55740b2a0ffac4aab41ba55c1bd96dbb85eb3a8ca?s=96&d=mm&r=g\",\"contentUrl\":\"https:\/\/secure.gravatar.com\/avatar\/dfc5c63987fa9f19b5c366e55740b2a0ffac4aab41ba55c1bd96dbb85eb3a8ca?s=96&d=mm&r=g\",\"caption\":\"admin\"},\"url\":\"https:\/\/unisalesiano.com.br\/aracatuba\/author\/admin\/\"}]}<\/script>\n<!-- \/ Yoast SEO plugin. -->","yoast_head_json":{"title":"Internos do Asilo S\u00e3o Vicente recebem ajuda solid\u00e1ria das FCS - UniSALESIANO Ara\u00e7atuba\/SP","robots":{"index":"index","follow":"follow","max-snippet":"max-snippet:-1","max-image-preview":"max-image-preview:large","max-video-preview":"max-video-preview:-1"},"canonical":"https:\/\/unisalesiano.com.br\/aracatuba\/internos-do-asilo-sao-vicente-recebem-ajuda-solidaria-das-fcs\/","og_locale":"pt_BR","og_type":"article","og_title":"Internos do Asilo S\u00e3o Vicente recebem ajuda solid\u00e1ria das FCS - UniSALESIANO Ara\u00e7atuba\/SP","og_description":"Cerca de duzentos alunos do 4\u00ba termo do Curso de Enfermagem das Faculdades Cat\u00f3licas Salesianas de Ara\u00e7atuba v\u00e3o atuar at\u00e9 o pr\u00f3ximo dia 21 junto ao Asilo S\u00e3o Vicente de Paulo, localizado no Bairro S\u00e3o Vicente. Eles est\u00e3o iniciando as atividades da disciplina Sa\u00fade do Adulto e come\u00e7ar\u00e3o agora a desenvolver o chamado ensino cl\u00ednico, [&hellip;]","og_url":"https:\/\/unisalesiano.com.br\/aracatuba\/internos-do-asilo-sao-vicente-recebem-ajuda-solidaria-das-fcs\/","og_site_name":"UniSALESIANO Ara\u00e7atuba\/SP","article_published_time":"2005-10-04T11:58:28+00:00","article_modified_time":"2019-06-26T14:00:00+00:00","og_image":[{"width":997,"height":748,"url":"https:\/\/unisalesiano.com.br\/aracatuba\/wp-content\/uploads\/2018\/12\/2005-10-04-114-Internos-do-Asilo-S\u00e3o-Vicente-recebem-ajuda-solid\u00e1ria-das-FCS.jpg","type":"image\/jpeg"}],"twitter_card":"summary_large_image","twitter_misc":{"Escrito por":"admin","Est. tempo de leitura":"1 minuto"},"schema":{"@context":"https:\/\/schema.org","@graph":[{"@type":"WebSite","@id":"https:\/\/unisalesiano.com.br\/aracatuba\/#website","url":"https:\/\/unisalesiano.com.br\/aracatuba\/","name":"UniSALESIANO Ara\u00e7atuba\/SP","description":"Centro Universit\u00e1rio Cat\u00f3lico Salesiano Auxilium","potentialAction":[{"@type":"SearchAction","target":{"@type":"EntryPoint","urlTemplate":"https:\/\/unisalesiano.com.br\/aracatuba\/?s={search_term_string}"},"query-input":"required name=search_term_string"}],"inLanguage":"pt-BR"},{"@type":"ImageObject","@id":"https:\/\/unisalesiano.com.br\/aracatuba\/internos-do-asilo-sao-vicente-recebem-ajuda-solidaria-das-fcs\/#primaryimage","inLanguage":"pt-BR","url":"https:\/\/unisalesiano.com.br\/aracatuba\/wp-content\/uploads\/2018\/12\/2005-10-04-114-Internos-do-Asilo-S\u00e3o-Vicente-recebem-ajuda-solid\u00e1ria-das-FCS.jpg","contentUrl":"https:\/\/unisalesiano.com.br\/aracatuba\/wp-content\/uploads\/2018\/12\/2005-10-04-114-Internos-do-Asilo-S\u00e3o-Vicente-recebem-ajuda-solid\u00e1ria-das-FCS.jpg","width":997,"height":748},{"@type":"WebPage","@id":"https:\/\/unisalesiano.com.br\/aracatuba\/internos-do-asilo-sao-vicente-recebem-ajuda-solidaria-das-fcs\/#webpage","url":"https:\/\/unisalesiano.com.br\/aracatuba\/internos-do-asilo-sao-vicente-recebem-ajuda-solidaria-das-fcs\/","name":"Internos do Asilo S\u00e3o Vicente recebem ajuda solid\u00e1ria das FCS - UniSALESIANO Ara\u00e7atuba\/SP","isPartOf":{"@id":"https:\/\/unisalesiano.com.br\/aracatuba\/#website"},"primaryImageOfPage":{"@id":"https:\/\/unisalesiano.com.br\/aracatuba\/internos-do-asilo-sao-vicente-recebem-ajuda-solidaria-das-fcs\/#primaryimage"},"datePublished":"2005-10-04T11:58:28+00:00","dateModified":"2019-06-26T14:00:00+00:00","author":{"@id":"https:\/\/unisalesiano.com.br\/aracatuba\/#\/schema\/person\/afb1b2331f463570beda616f4cc14cc9"},"breadcrumb":{"@id":"https:\/\/unisalesiano.com.br\/aracatuba\/internos-do-asilo-sao-vicente-recebem-ajuda-solidaria-das-fcs\/#breadcrumb"},"inLanguage":"pt-BR","potentialAction":[{"@type":"ReadAction","target":["https:\/\/unisalesiano.com.br\/aracatuba\/internos-do-asilo-sao-vicente-recebem-ajuda-solidaria-das-fcs\/"]}]},{"@type":"BreadcrumbList","@id":"https:\/\/unisalesiano.com.br\/aracatuba\/internos-do-asilo-sao-vicente-recebem-ajuda-solidaria-das-fcs\/#breadcrumb","itemListElement":[{"@type":"ListItem","position":1,"name":"In\u00edcio","item":"https:\/\/unisalesiano.com.br\/aracatuba\/"},{"@type":"ListItem","position":2,"name":"Internos do Asilo S\u00e3o Vicente recebem ajuda solid\u00e1ria das FCS"}]},{"@type":"Person","@id":"https:\/\/unisalesiano.com.br\/aracatuba\/#\/schema\/person\/afb1b2331f463570beda616f4cc14cc9","name":"admin","image":{"@type":"ImageObject","@id":"https:\/\/unisalesiano.com.br\/aracatuba\/#personlogo","inLanguage":"pt-BR","url":"https:\/\/secure.gravatar.com\/avatar\/dfc5c63987fa9f19b5c366e55740b2a0ffac4aab41ba55c1bd96dbb85eb3a8ca?s=96&d=mm&r=g","contentUrl":"https:\/\/secure.gravatar.com\/avatar\/dfc5c63987fa9f19b5c366e55740b2a0ffac4aab41ba55c1bd96dbb85eb3a8ca?s=96&d=mm&r=g","caption":"admin"},"url":"https:\/\/unisalesiano.com.br\/aracatuba\/author\/admin\/"}]}},"_links":{"self":[{"href":"https:\/\/unisalesiano.com.br\/aracatuba\/wp-json\/wp\/v2\/posts\/7767","targetHints":{"allow":["GET"]}}],"collection":[{"href":"https:\/\/unisalesiano.com.br\/aracatuba\/wp-json\/wp\/v2\/posts"}],"about":[{"href":"https:\/\/unisalesiano.com.br\/aracatuba\/wp-json\/wp\/v2\/types\/post"}],"author":[{"embeddable":true,"href":"https:\/\/unisalesiano.com.br\/aracatuba\/wp-json\/wp\/v2\/users\/1"}],"replies":[{"embeddable":true,"href":"https:\/\/unisalesiano.com.br\/aracatuba\/wp-json\/wp\/v2\/comments?post=7767"}],"version-history":[{"count":0,"href":"https:\/\/unisalesiano.com.br\/aracatuba\/wp-json\/wp\/v2\/posts\/7767\/revisions"}],"wp:featuredmedia":[{"embeddable":true,"href":"https:\/\/unisalesiano.com.br\/aracatuba\/wp-json\/wp\/v2\/media\/7768"}],"wp:attachment":[{"href":"https:\/\/unisalesiano.com.br\/aracatuba\/wp-json\/wp\/v2\/media?parent=7767"}],"wp:term":[{"taxonomy":"category","embeddable":true,"href":"https:\/\/unisalesiano.com.br\/aracatuba\/wp-json\/wp\/v2\/categories?post=7767"},{"taxonomy":"post_tag","embeddable":true,"href":"https:\/\/unisalesiano.com.br\/aracatuba\/wp-json\/wp\/v2\/tags?post=7767"}],"curies":[{"name":"wp","href":"https:\/\/api.w.org\/{rel}","templated":true}]}}