{"id":7200,"date":"2013-04-06T14:48:36","date_gmt":"2013-04-06T17:48:36","guid":{"rendered":"https:\/\/unisalesiano.com.br\/?p=7200"},"modified":"2018-12-03T14:50:10","modified_gmt":"2018-12-03T16:50:10","slug":"ex-academica-do-unisalesiano-obtem-aprovacao-para-apresentar-trabalhos-em-dois-importantes-congressos-cientificos-internacionais","status":"publish","type":"post","link":"https:\/\/unisalesiano.com.br\/aracatuba\/ex-academica-do-unisalesiano-obtem-aprovacao-para-apresentar-trabalhos-em-dois-importantes-congressos-cientificos-internacionais\/","title":{"rendered":"Ex-acad\u00eamica do UniSALESIANO obt\u00e9m aprova\u00e7\u00e3o para apresentar trabalhos em dois importantes congressos cient\u00edficos internacionais"},"content":{"rendered":"<p>A ex-acad\u00eamica\u00a0Aline Emy Takiy, graduada em Engenharia de Telecomunica\u00e7\u00f5es pelo Centro Universit\u00e1rio Cat\u00f3lico Salesiano Auxilium \u2013\u00a0UniSALESIANO de Ara\u00e7atuba, que atualmente desenvolve parte de seu\u00a0doutorado na Universidade Polit\u00e9cnica de Madri, na Espanha, junto ao Conselho Superior de Investiga\u00e7\u00f5es Cient\u00edficas \u2013 CSIC, obteve aprova\u00e7\u00e3o para apresenta\u00e7\u00e3o de dois trabalhos seus, que foram inclu\u00eddos em destacados congressos internacionais. O primeiro deles ocorreu no dia 2 de maio, em Singapura, sendo que o segundo ser\u00e1 apresentado em 22 de julho, em Praga, na Rep\u00fablica Checa.<\/p>\n<p>A ex-aluna Aline p\u00f4de desenvolver este importante trabalho gra\u00e7as a patroc\u00ednios obtidos junto ao CNPq, entidade brasileira financiadora de pesquisa e desenvolvimento cient\u00edficos e tecnol\u00f3gicos. Ela conta, ainda, com o fundamental apoio dos professores Dr. Lu\u00eds Elvira Segura, chefe do Centro de Ac\u00fastica Aplicada y Evaluaci\u00f3n no Destructiva da Universidade Polit\u00e9cnica de Madri, e o Dr. Ricardo Tokio Higuti, do Departamento de Engenharia El\u00e9trica da Universidade Estadual Paulista J\u00falio de Mesquita Filho, Unesp de Ilha Solteira, SP.<\/p>\n<p>Aline dever\u00e1 retornar ao Brasil em meados de agosto pr\u00f3ximo, onde dar\u00e1 continuidade \u00e0s pesquisas para a conclus\u00e3o do seu doutorado. Leia, a seguir, os conte\u00fados t\u00e9cnicos dos dois trabalhos de Aline Emy Takiy, seus significados cient\u00edficos e suas aplicabilidades.<\/p>\n<p>CONTE\u00daDOS CIENT\u00cdFICOS\u00a0&#8211; O primeiro congresso \u00e9 o ICU 2013 \u2013 International Congress on Ultrasonics \u2013 Singapure, no qual foi desenvolvido o tema\u00a0Low attenuation frequency bands for Lamb waves immersed in viscous fluids: theoretical analysis and experimental validation.\u00a0Trata-se da aplica\u00e7\u00e3o de ondas de Lamb, que se afigura como uma t\u00e9cnica promissora para ensaios n\u00e3o destrutivos e caracteriza\u00e7\u00e3o l\u00edquida. Estas ondas se propagam em estruturas em forma de placa e quando entram em contato com subst\u00e2ncia l\u00edquida s\u00e3o altamente atenuadas. Analisando-se esta caracter\u00edstica presente nas ondas de Lamb, percebeu-se que h\u00e1 regi\u00f5es com frequ\u00eancia de baixa atenua\u00e7\u00e3o que podem ser exploradas para inspe\u00e7\u00e3o NDE e caracteriza\u00e7\u00e3o de l\u00edquidos. Assim, neste trabalho \u00e9 realizada uma an\u00e1lise te\u00f3rica e experimental das ondas de Lamb nas regi\u00f5es de baixa atenua\u00e7\u00e3o, havendo a concord\u00e2ncia entre os resultados.<\/p>\n<p>O segundo congresso ser\u00e1 o IUS 2013 \u2013 International Ultrasonic Symposium \u2013 Prague, Czech Republic, com a aplica\u00e7\u00e3o do tema\u00a0Theoretical Analysis and Experimental Validation of the Scholte Wave Propagation in Immersed Plates for the Characterization of Viscous Fluids. O estudo das ondas de interface tem atra\u00eddo o interesse da comunidade cient\u00edfica pelas suas caracter\u00edsticas de propaga\u00e7\u00e3o e de potencial aplica\u00e7\u00e3o em an\u00e1lise n\u00e3o destrutiva (NDE) e caracteriza\u00e7\u00e3o de l\u00edquidos. Na interface entre um s\u00f3lido e um l\u00edquido as ondas mec\u00e2nicas, chamadas de ondas Stoneley-Scholte ou simplesmente ondas Scholte, apresentam a capacidade de propagar-se. Estas ondas possuem a caracter\u00edstica de manter sua energia confinada na superf\u00edcie de uma placa. Entretanto, quando a placa entra em contato com um flu\u00eddo viscoso as ondas de Scholte sao atenuadas. O objetivo do trabalho \u00e9, portanto, o de mensurar a velocidade de fase e a atenua\u00e7\u00e3o da onda de Scholte ao propagar-se em placas imersas em flu\u00eddos viscosos, para posterior aplica\u00e7\u00e3o em caracteriza\u00e7\u00e3o de l\u00edquidos.<\/p>\n","protected":false},"excerpt":{"rendered":"<p>A ex-acad\u00eamica\u00a0Aline Emy Takiy, graduada em Engenharia de Telecomunica\u00e7\u00f5es pelo Centro Universit\u00e1rio Cat\u00f3lico Salesiano Auxilium \u2013\u00a0UniSALESIANO de Ara\u00e7atuba, que atualmente desenvolve parte de seu\u00a0doutorado na Universidade Polit\u00e9cnica de Madri, na Espanha, junto ao Conselho Superior de Investiga\u00e7\u00f5es Cient\u00edficas \u2013 CSIC, obteve aprova\u00e7\u00e3o para apresenta\u00e7\u00e3o de dois trabalhos seus, que foram inclu\u00eddos em destacados congressos internacionais. [&hellip;]<\/p>\n","protected":false},"author":3,"featured_media":0,"comment_status":"open","ping_status":"open","sticky":false,"template":"","format":"standard","meta":{"footnotes":""},"categories":[6],"tags":[200],"class_list":["post-7200","post","type-post","status-publish","format-standard","hentry","category-engenharia","tag-engenharia-de-telecomunicacoes"],"yoast_head":"<!-- This site is optimized with the Yoast SEO plugin v17.4 - https:\/\/yoast.com\/wordpress\/plugins\/seo\/ -->\n<title>Ex-acad\u00eamica do UniSALESIANO obt\u00e9m aprova\u00e7\u00e3o para apresentar trabalhos em dois importantes congressos cient\u00edficos internacionais - UniSALESIANO Ara\u00e7atuba\/SP<\/title>\n<meta name=\"robots\" content=\"index, follow, max-snippet:-1, max-image-preview:large, max-video-preview:-1\" \/>\n<link rel=\"canonical\" href=\"https:\/\/unisalesiano.com.br\/aracatuba\/ex-academica-do-unisalesiano-obtem-aprovacao-para-apresentar-trabalhos-em-dois-importantes-congressos-cientificos-internacionais\/\" \/>\n<meta property=\"og:locale\" content=\"pt_BR\" \/>\n<meta property=\"og:type\" content=\"article\" \/>\n<meta property=\"og:title\" content=\"Ex-acad\u00eamica do UniSALESIANO obt\u00e9m aprova\u00e7\u00e3o para apresentar trabalhos em dois importantes congressos cient\u00edficos internacionais - UniSALESIANO Ara\u00e7atuba\/SP\" \/>\n<meta property=\"og:description\" content=\"A ex-acad\u00eamica\u00a0Aline Emy Takiy, graduada em Engenharia de Telecomunica\u00e7\u00f5es pelo Centro Universit\u00e1rio Cat\u00f3lico Salesiano Auxilium \u2013\u00a0UniSALESIANO de Ara\u00e7atuba, que atualmente desenvolve parte de seu\u00a0doutorado na Universidade Polit\u00e9cnica de Madri, na Espanha, junto ao Conselho Superior de Investiga\u00e7\u00f5es Cient\u00edficas \u2013 CSIC, obteve aprova\u00e7\u00e3o para apresenta\u00e7\u00e3o de dois trabalhos seus, que foram inclu\u00eddos em destacados congressos internacionais. [&hellip;]\" \/>\n<meta property=\"og:url\" content=\"https:\/\/unisalesiano.com.br\/aracatuba\/ex-academica-do-unisalesiano-obtem-aprovacao-para-apresentar-trabalhos-em-dois-importantes-congressos-cientificos-internacionais\/\" \/>\n<meta property=\"og:site_name\" content=\"UniSALESIANO Ara\u00e7atuba\/SP\" \/>\n<meta property=\"article:published_time\" content=\"2013-04-06T17:48:36+00:00\" \/>\n<meta property=\"article:modified_time\" content=\"2018-12-03T16:50:10+00:00\" \/>\n<meta name=\"twitter:card\" content=\"summary_large_image\" \/>\n<meta name=\"twitter:label1\" content=\"Escrito por\" \/>\n\t<meta name=\"twitter:data1\" content=\"Monique Bueno\" \/>\n\t<meta name=\"twitter:label2\" content=\"Est. tempo de leitura\" \/>\n\t<meta name=\"twitter:data2\" content=\"3 minutos\" \/>\n<script type=\"application\/ld+json\" class=\"yoast-schema-graph\">{\"@context\":\"https:\/\/schema.org\",\"@graph\":[{\"@type\":\"WebSite\",\"@id\":\"https:\/\/unisalesiano.com.br\/aracatuba\/#website\",\"url\":\"https:\/\/unisalesiano.com.br\/aracatuba\/\",\"name\":\"UniSALESIANO Ara\\u00e7atuba\/SP\",\"description\":\"Centro Universit\\u00e1rio Cat\\u00f3lico Salesiano Auxilium\",\"potentialAction\":[{\"@type\":\"SearchAction\",\"target\":{\"@type\":\"EntryPoint\",\"urlTemplate\":\"https:\/\/unisalesiano.com.br\/aracatuba\/?s={search_term_string}\"},\"query-input\":\"required name=search_term_string\"}],\"inLanguage\":\"pt-BR\"},{\"@type\":\"WebPage\",\"@id\":\"https:\/\/unisalesiano.com.br\/aracatuba\/ex-academica-do-unisalesiano-obtem-aprovacao-para-apresentar-trabalhos-em-dois-importantes-congressos-cientificos-internacionais\/#webpage\",\"url\":\"https:\/\/unisalesiano.com.br\/aracatuba\/ex-academica-do-unisalesiano-obtem-aprovacao-para-apresentar-trabalhos-em-dois-importantes-congressos-cientificos-internacionais\/\",\"name\":\"Ex-acad\\u00eamica do UniSALESIANO obt\\u00e9m aprova\\u00e7\\u00e3o para apresentar trabalhos em dois importantes congressos cient\\u00edficos internacionais - UniSALESIANO Ara\\u00e7atuba\/SP\",\"isPartOf\":{\"@id\":\"https:\/\/unisalesiano.com.br\/aracatuba\/#website\"},\"datePublished\":\"2013-04-06T17:48:36+00:00\",\"dateModified\":\"2018-12-03T16:50:10+00:00\",\"author\":{\"@id\":\"https:\/\/unisalesiano.com.br\/aracatuba\/#\/schema\/person\/964caaa63bddcf301b320e385db5203a\"},\"breadcrumb\":{\"@id\":\"https:\/\/unisalesiano.com.br\/aracatuba\/ex-academica-do-unisalesiano-obtem-aprovacao-para-apresentar-trabalhos-em-dois-importantes-congressos-cientificos-internacionais\/#breadcrumb\"},\"inLanguage\":\"pt-BR\",\"potentialAction\":[{\"@type\":\"ReadAction\",\"target\":[\"https:\/\/unisalesiano.com.br\/aracatuba\/ex-academica-do-unisalesiano-obtem-aprovacao-para-apresentar-trabalhos-em-dois-importantes-congressos-cientificos-internacionais\/\"]}]},{\"@type\":\"BreadcrumbList\",\"@id\":\"https:\/\/unisalesiano.com.br\/aracatuba\/ex-academica-do-unisalesiano-obtem-aprovacao-para-apresentar-trabalhos-em-dois-importantes-congressos-cientificos-internacionais\/#breadcrumb\",\"itemListElement\":[{\"@type\":\"ListItem\",\"position\":1,\"name\":\"In\\u00edcio\",\"item\":\"https:\/\/unisalesiano.com.br\/aracatuba\/\"},{\"@type\":\"ListItem\",\"position\":2,\"name\":\"Ex-acad\\u00eamica do UniSALESIANO obt\\u00e9m aprova\\u00e7\\u00e3o para apresentar trabalhos em dois importantes congressos cient\\u00edficos internacionais\"}]},{\"@type\":\"Person\",\"@id\":\"https:\/\/unisalesiano.com.br\/aracatuba\/#\/schema\/person\/964caaa63bddcf301b320e385db5203a\",\"name\":\"Monique Bueno\",\"image\":{\"@type\":\"ImageObject\",\"@id\":\"https:\/\/unisalesiano.com.br\/aracatuba\/#personlogo\",\"inLanguage\":\"pt-BR\",\"url\":\"https:\/\/secure.gravatar.com\/avatar\/1680078f9a9fb86c36e76e0928e948cfd68a43bbc313c1bad27d1e48b49b308d?s=96&d=mm&r=g\",\"contentUrl\":\"https:\/\/secure.gravatar.com\/avatar\/1680078f9a9fb86c36e76e0928e948cfd68a43bbc313c1bad27d1e48b49b308d?s=96&d=mm&r=g\",\"caption\":\"Monique Bueno\"},\"url\":\"https:\/\/unisalesiano.com.br\/aracatuba\/author\/monique\/\"}]}<\/script>\n<!-- \/ Yoast SEO plugin. -->","yoast_head_json":{"title":"Ex-acad\u00eamica do UniSALESIANO obt\u00e9m aprova\u00e7\u00e3o para apresentar trabalhos em dois importantes congressos cient\u00edficos internacionais - UniSALESIANO Ara\u00e7atuba\/SP","robots":{"index":"index","follow":"follow","max-snippet":"max-snippet:-1","max-image-preview":"max-image-preview:large","max-video-preview":"max-video-preview:-1"},"canonical":"https:\/\/unisalesiano.com.br\/aracatuba\/ex-academica-do-unisalesiano-obtem-aprovacao-para-apresentar-trabalhos-em-dois-importantes-congressos-cientificos-internacionais\/","og_locale":"pt_BR","og_type":"article","og_title":"Ex-acad\u00eamica do UniSALESIANO obt\u00e9m aprova\u00e7\u00e3o para apresentar trabalhos em dois importantes congressos cient\u00edficos internacionais - UniSALESIANO Ara\u00e7atuba\/SP","og_description":"A ex-acad\u00eamica\u00a0Aline Emy Takiy, graduada em Engenharia de Telecomunica\u00e7\u00f5es pelo Centro Universit\u00e1rio Cat\u00f3lico Salesiano Auxilium \u2013\u00a0UniSALESIANO de Ara\u00e7atuba, que atualmente desenvolve parte de seu\u00a0doutorado na Universidade Polit\u00e9cnica de Madri, na Espanha, junto ao Conselho Superior de Investiga\u00e7\u00f5es Cient\u00edficas \u2013 CSIC, obteve aprova\u00e7\u00e3o para apresenta\u00e7\u00e3o de dois trabalhos seus, que foram inclu\u00eddos em destacados congressos internacionais. [&hellip;]","og_url":"https:\/\/unisalesiano.com.br\/aracatuba\/ex-academica-do-unisalesiano-obtem-aprovacao-para-apresentar-trabalhos-em-dois-importantes-congressos-cientificos-internacionais\/","og_site_name":"UniSALESIANO Ara\u00e7atuba\/SP","article_published_time":"2013-04-06T17:48:36+00:00","article_modified_time":"2018-12-03T16:50:10+00:00","twitter_card":"summary_large_image","twitter_misc":{"Escrito por":"Monique Bueno","Est. tempo de leitura":"3 minutos"},"schema":{"@context":"https:\/\/schema.org","@graph":[{"@type":"WebSite","@id":"https:\/\/unisalesiano.com.br\/aracatuba\/#website","url":"https:\/\/unisalesiano.com.br\/aracatuba\/","name":"UniSALESIANO Ara\u00e7atuba\/SP","description":"Centro Universit\u00e1rio Cat\u00f3lico Salesiano Auxilium","potentialAction":[{"@type":"SearchAction","target":{"@type":"EntryPoint","urlTemplate":"https:\/\/unisalesiano.com.br\/aracatuba\/?s={search_term_string}"},"query-input":"required name=search_term_string"}],"inLanguage":"pt-BR"},{"@type":"WebPage","@id":"https:\/\/unisalesiano.com.br\/aracatuba\/ex-academica-do-unisalesiano-obtem-aprovacao-para-apresentar-trabalhos-em-dois-importantes-congressos-cientificos-internacionais\/#webpage","url":"https:\/\/unisalesiano.com.br\/aracatuba\/ex-academica-do-unisalesiano-obtem-aprovacao-para-apresentar-trabalhos-em-dois-importantes-congressos-cientificos-internacionais\/","name":"Ex-acad\u00eamica do UniSALESIANO obt\u00e9m aprova\u00e7\u00e3o para apresentar trabalhos em dois importantes congressos cient\u00edficos internacionais - UniSALESIANO Ara\u00e7atuba\/SP","isPartOf":{"@id":"https:\/\/unisalesiano.com.br\/aracatuba\/#website"},"datePublished":"2013-04-06T17:48:36+00:00","dateModified":"2018-12-03T16:50:10+00:00","author":{"@id":"https:\/\/unisalesiano.com.br\/aracatuba\/#\/schema\/person\/964caaa63bddcf301b320e385db5203a"},"breadcrumb":{"@id":"https:\/\/unisalesiano.com.br\/aracatuba\/ex-academica-do-unisalesiano-obtem-aprovacao-para-apresentar-trabalhos-em-dois-importantes-congressos-cientificos-internacionais\/#breadcrumb"},"inLanguage":"pt-BR","potentialAction":[{"@type":"ReadAction","target":["https:\/\/unisalesiano.com.br\/aracatuba\/ex-academica-do-unisalesiano-obtem-aprovacao-para-apresentar-trabalhos-em-dois-importantes-congressos-cientificos-internacionais\/"]}]},{"@type":"BreadcrumbList","@id":"https:\/\/unisalesiano.com.br\/aracatuba\/ex-academica-do-unisalesiano-obtem-aprovacao-para-apresentar-trabalhos-em-dois-importantes-congressos-cientificos-internacionais\/#breadcrumb","itemListElement":[{"@type":"ListItem","position":1,"name":"In\u00edcio","item":"https:\/\/unisalesiano.com.br\/aracatuba\/"},{"@type":"ListItem","position":2,"name":"Ex-acad\u00eamica do UniSALESIANO obt\u00e9m aprova\u00e7\u00e3o para apresentar trabalhos em dois importantes congressos cient\u00edficos internacionais"}]},{"@type":"Person","@id":"https:\/\/unisalesiano.com.br\/aracatuba\/#\/schema\/person\/964caaa63bddcf301b320e385db5203a","name":"Monique Bueno","image":{"@type":"ImageObject","@id":"https:\/\/unisalesiano.com.br\/aracatuba\/#personlogo","inLanguage":"pt-BR","url":"https:\/\/secure.gravatar.com\/avatar\/1680078f9a9fb86c36e76e0928e948cfd68a43bbc313c1bad27d1e48b49b308d?s=96&d=mm&r=g","contentUrl":"https:\/\/secure.gravatar.com\/avatar\/1680078f9a9fb86c36e76e0928e948cfd68a43bbc313c1bad27d1e48b49b308d?s=96&d=mm&r=g","caption":"Monique Bueno"},"url":"https:\/\/unisalesiano.com.br\/aracatuba\/author\/monique\/"}]}},"_links":{"self":[{"href":"https:\/\/unisalesiano.com.br\/aracatuba\/wp-json\/wp\/v2\/posts\/7200","targetHints":{"allow":["GET"]}}],"collection":[{"href":"https:\/\/unisalesiano.com.br\/aracatuba\/wp-json\/wp\/v2\/posts"}],"about":[{"href":"https:\/\/unisalesiano.com.br\/aracatuba\/wp-json\/wp\/v2\/types\/post"}],"author":[{"embeddable":true,"href":"https:\/\/unisalesiano.com.br\/aracatuba\/wp-json\/wp\/v2\/users\/3"}],"replies":[{"embeddable":true,"href":"https:\/\/unisalesiano.com.br\/aracatuba\/wp-json\/wp\/v2\/comments?post=7200"}],"version-history":[{"count":0,"href":"https:\/\/unisalesiano.com.br\/aracatuba\/wp-json\/wp\/v2\/posts\/7200\/revisions"}],"wp:attachment":[{"href":"https:\/\/unisalesiano.com.br\/aracatuba\/wp-json\/wp\/v2\/media?parent=7200"}],"wp:term":[{"taxonomy":"category","embeddable":true,"href":"https:\/\/unisalesiano.com.br\/aracatuba\/wp-json\/wp\/v2\/categories?post=7200"},{"taxonomy":"post_tag","embeddable":true,"href":"https:\/\/unisalesiano.com.br\/aracatuba\/wp-json\/wp\/v2\/tags?post=7200"}],"curies":[{"name":"wp","href":"https:\/\/api.w.org\/{rel}","templated":true}]}}