{"id":6522,"date":"2011-11-26T16:45:29","date_gmt":"2011-11-26T18:45:29","guid":{"rendered":"https:\/\/unisalesiano.com.br\/?p=6522"},"modified":"2018-11-23T16:46:56","modified_gmt":"2018-11-23T18:46:56","slug":"academico-do-unisalesiano-ministra-palestra-em-jornada-de-aplicacoes-medicas","status":"publish","type":"post","link":"https:\/\/unisalesiano.com.br\/aracatuba\/academico-do-unisalesiano-ministra-palestra-em-jornada-de-aplicacoes-medicas\/","title":{"rendered":"Acad\u00eamico do UniSALESIANO ministra palestra em Jornada de Aplica\u00e7\u00f5es M\u00e9dicas"},"content":{"rendered":"<p>O acad\u00eamico Daniel Soares Lopes, do 6\u00ba Termo do curso de Engenharia da Computa\u00e7\u00e3o do Centro Universit\u00e1rio Cat\u00f3lico Salesiano Auxilium \u2013 UniSALESIANO de Ara\u00e7atuba, participou da IV Jornada de Aplica\u00e7\u00f5es M\u00e9dicas de Fractais, Caos e Complexidade, organizada pelo Hospital Estadual de Bauru. O evento foi realizado em 15 de outubro.<\/p>\n<p>Na oportunidade, ele apresentou a palestra intitulada\u00a0Estudo de algoritmos computacionais e processamento digital de imagens dedicado \u00e0 analise da n\u00e3o linearidade e complexidade morfol\u00f3gica dos tumores de pele.\u00a0O tema faz parte da pesquisa de Inicia\u00e7\u00e3o Cient\u00edfica realizada por Daniel, que estuda o desenvolvimento de algoritmos matem\u00e1ticos para an\u00e1lise de imagens dermatosc\u00f3picas de tumores de pele, visando \u00e0 otimiza\u00e7\u00e3o do diagn\u00f3stico do melanoma maligno, que \u00e9 um tipo de c\u00e2ncer de pele altamente maligno, agressivo e letal. A pesquisa pretende auxiliar os especialistas em c\u00e2nceres de pele na interpreta\u00e7\u00e3o das les\u00f5es cut\u00e2neas, agilizando o atendimento aos doentes, e assim poder beneficiar aqueles pacientes que necessitam do tratamento adequado para este tipo de doen\u00e7a.<\/p>\n<p>A pesquisa \u00e9 orientada pelo Prof. Dr. Marco Ant\u00f4nio Rodrigues Fernandes, docente do Departamento de Dermatologia e Radioterapia da Faculdade de Medicina da Unesp de Botucatu e dos cursos de Engenharia do UniSALESIANO de Ara\u00e7atuba, que tamb\u00e9m idealizou o projeto. Os trabalhos contam ainda com o suporte cl\u00ednico do Prof. Dr. Helio Amante Miot, m\u00e9dico dermatologista daquela Universidade. Al\u00e9m de Daniel, tamb\u00e9m participam dos trabalhos os estudantes Fl\u00e1vio Henrique da Silva e Matheus Ferreira Bonfim, ambos do curso de Engenharia da Computa\u00e7\u00e3o.<\/p>\n<p>O melanoma maligno (MM) caracteriza-se pelo seu comportamento ca\u00f3tico, sem padr\u00e3o definido e de dif\u00edcil diagn\u00f3stico, que normalmente se d\u00e1 pela Regra do ABCD, definida pela sua assimetria, apresentando bordas irregulares, colora\u00e7\u00e3o diferenciada e dimens\u00f5es dos di\u00e2metros. Na maioria dos casos, a confirma\u00e7\u00e3o da doen\u00e7a se d\u00e1 j\u00e1 em estado avan\u00e7ado e comprometido por met\u00e1stases em diversos \u00f3rg\u00e3os, inviabilizando o tratamento e provocando a morte do paciente. Conforme o Instituto Nacional do C\u00e2ncer (INCa), ainda para 2010 havia a previs\u00e3o de ocorr\u00eancia de 5.930 novos casos deste tipo de c\u00e2ncer no Brasil.<\/p>\n<p>Durante o evento, diversos especialistas, tais como f\u00edsicos, m\u00e9dicos e engenheiros apresentaram novas informa\u00e7\u00f5es e conhecimentos sobre as aplica\u00e7\u00f5es da Teoria dos Fractais, que vem se mostrando como importante ferramenta para a compreens\u00e3o dos fen\u00f4menos biol\u00f3gicos e org\u00e2nicos, auxiliando principalmente os profissionais em suas condutas cl\u00ednicas.<\/p>\n<p>Segundo o Prof. Marco Fernandes, eventos que discutem teorias cient\u00edficas que visem a auxiliar na compreens\u00e3o dos fen\u00f4menos tendem a fomentar pesquisas inovadoras e produtivas.<\/p>\n","protected":false},"excerpt":{"rendered":"<p>O acad\u00eamico Daniel Soares Lopes, do 6\u00ba Termo do curso de Engenharia da Computa\u00e7\u00e3o do Centro Universit\u00e1rio Cat\u00f3lico Salesiano Auxilium \u2013 UniSALESIANO de Ara\u00e7atuba, participou da IV Jornada de Aplica\u00e7\u00f5es M\u00e9dicas de Fractais, Caos e Complexidade, organizada pelo Hospital Estadual de Bauru. O evento foi realizado em 15 de outubro. Na oportunidade, ele apresentou a [&hellip;]<\/p>\n","protected":false},"author":7,"featured_media":6523,"comment_status":"open","ping_status":"open","sticky":false,"template":"","format":"standard","meta":{"footnotes":""},"categories":[6],"tags":[44],"class_list":["post-6522","post","type-post","status-publish","format-standard","has-post-thumbnail","hentry","category-engenharia","tag-engenharia-da-computacao"],"yoast_head":"<!-- This site is optimized with the Yoast SEO plugin v17.4 - https:\/\/yoast.com\/wordpress\/plugins\/seo\/ -->\n<title>Acad\u00eamico do UniSALESIANO ministra palestra em Jornada de Aplica\u00e7\u00f5es M\u00e9dicas - UniSALESIANO Ara\u00e7atuba\/SP<\/title>\n<meta name=\"robots\" content=\"index, follow, max-snippet:-1, max-image-preview:large, max-video-preview:-1\" \/>\n<link rel=\"canonical\" href=\"https:\/\/unisalesiano.com.br\/aracatuba\/academico-do-unisalesiano-ministra-palestra-em-jornada-de-aplicacoes-medicas\/\" \/>\n<meta property=\"og:locale\" content=\"pt_BR\" \/>\n<meta property=\"og:type\" content=\"article\" \/>\n<meta property=\"og:title\" content=\"Acad\u00eamico do UniSALESIANO ministra palestra em Jornada de Aplica\u00e7\u00f5es M\u00e9dicas - UniSALESIANO Ara\u00e7atuba\/SP\" \/>\n<meta property=\"og:description\" content=\"O acad\u00eamico Daniel Soares Lopes, do 6\u00ba Termo do curso de Engenharia da Computa\u00e7\u00e3o do Centro Universit\u00e1rio Cat\u00f3lico Salesiano Auxilium \u2013 UniSALESIANO de Ara\u00e7atuba, participou da IV Jornada de Aplica\u00e7\u00f5es M\u00e9dicas de Fractais, Caos e Complexidade, organizada pelo Hospital Estadual de Bauru. O evento foi realizado em 15 de outubro. Na oportunidade, ele apresentou a [&hellip;]\" \/>\n<meta property=\"og:url\" content=\"https:\/\/unisalesiano.com.br\/aracatuba\/academico-do-unisalesiano-ministra-palestra-em-jornada-de-aplicacoes-medicas\/\" \/>\n<meta property=\"og:site_name\" content=\"UniSALESIANO Ara\u00e7atuba\/SP\" \/>\n<meta property=\"article:published_time\" content=\"2011-11-26T18:45:29+00:00\" \/>\n<meta property=\"article:modified_time\" content=\"2018-11-23T18:46:56+00:00\" \/>\n<meta property=\"og:image\" content=\"https:\/\/unisalesiano.com.br\/aracatuba\/wp-content\/uploads\/2018\/11\/2011-11-24-1160-Acad\u00eamico-do-UniSALESIANO-ministra-palestra-em-Jornada-de-Aplica\u00e7\u00f5es-M\u00e9dicas.jpg\" \/>\n\t<meta property=\"og:image:width\" content=\"480\" \/>\n\t<meta property=\"og:image:height\" content=\"358\" \/>\n<meta name=\"twitter:card\" content=\"summary_large_image\" \/>\n<meta name=\"twitter:label1\" content=\"Escrito por\" \/>\n\t<meta name=\"twitter:data1\" content=\"Rosiane Cerverizzo\" \/>\n\t<meta name=\"twitter:label2\" content=\"Est. tempo de leitura\" \/>\n\t<meta name=\"twitter:data2\" content=\"2 minutos\" \/>\n<script type=\"application\/ld+json\" class=\"yoast-schema-graph\">{\"@context\":\"https:\/\/schema.org\",\"@graph\":[{\"@type\":\"WebSite\",\"@id\":\"https:\/\/unisalesiano.com.br\/aracatuba\/#website\",\"url\":\"https:\/\/unisalesiano.com.br\/aracatuba\/\",\"name\":\"UniSALESIANO Ara\\u00e7atuba\/SP\",\"description\":\"Centro Universit\\u00e1rio Cat\\u00f3lico Salesiano Auxilium\",\"potentialAction\":[{\"@type\":\"SearchAction\",\"target\":{\"@type\":\"EntryPoint\",\"urlTemplate\":\"https:\/\/unisalesiano.com.br\/aracatuba\/?s={search_term_string}\"},\"query-input\":\"required name=search_term_string\"}],\"inLanguage\":\"pt-BR\"},{\"@type\":\"ImageObject\",\"@id\":\"https:\/\/unisalesiano.com.br\/aracatuba\/academico-do-unisalesiano-ministra-palestra-em-jornada-de-aplicacoes-medicas\/#primaryimage\",\"inLanguage\":\"pt-BR\",\"url\":\"https:\/\/unisalesiano.com.br\/aracatuba\/wp-content\/uploads\/2018\/11\/2011-11-24-1160-Acad\\u00eamico-do-UniSALESIANO-ministra-palestra-em-Jornada-de-Aplica\\u00e7\\u00f5es-M\\u00e9dicas.jpg\",\"contentUrl\":\"https:\/\/unisalesiano.com.br\/aracatuba\/wp-content\/uploads\/2018\/11\/2011-11-24-1160-Acad\\u00eamico-do-UniSALESIANO-ministra-palestra-em-Jornada-de-Aplica\\u00e7\\u00f5es-M\\u00e9dicas.jpg\",\"width\":480,\"height\":358},{\"@type\":\"WebPage\",\"@id\":\"https:\/\/unisalesiano.com.br\/aracatuba\/academico-do-unisalesiano-ministra-palestra-em-jornada-de-aplicacoes-medicas\/#webpage\",\"url\":\"https:\/\/unisalesiano.com.br\/aracatuba\/academico-do-unisalesiano-ministra-palestra-em-jornada-de-aplicacoes-medicas\/\",\"name\":\"Acad\\u00eamico do UniSALESIANO ministra palestra em Jornada de Aplica\\u00e7\\u00f5es M\\u00e9dicas - UniSALESIANO Ara\\u00e7atuba\/SP\",\"isPartOf\":{\"@id\":\"https:\/\/unisalesiano.com.br\/aracatuba\/#website\"},\"primaryImageOfPage\":{\"@id\":\"https:\/\/unisalesiano.com.br\/aracatuba\/academico-do-unisalesiano-ministra-palestra-em-jornada-de-aplicacoes-medicas\/#primaryimage\"},\"datePublished\":\"2011-11-26T18:45:29+00:00\",\"dateModified\":\"2018-11-23T18:46:56+00:00\",\"author\":{\"@id\":\"https:\/\/unisalesiano.com.br\/aracatuba\/#\/schema\/person\/9b0bb7fe2888d8c52a9981cc9f499850\"},\"breadcrumb\":{\"@id\":\"https:\/\/unisalesiano.com.br\/aracatuba\/academico-do-unisalesiano-ministra-palestra-em-jornada-de-aplicacoes-medicas\/#breadcrumb\"},\"inLanguage\":\"pt-BR\",\"potentialAction\":[{\"@type\":\"ReadAction\",\"target\":[\"https:\/\/unisalesiano.com.br\/aracatuba\/academico-do-unisalesiano-ministra-palestra-em-jornada-de-aplicacoes-medicas\/\"]}]},{\"@type\":\"BreadcrumbList\",\"@id\":\"https:\/\/unisalesiano.com.br\/aracatuba\/academico-do-unisalesiano-ministra-palestra-em-jornada-de-aplicacoes-medicas\/#breadcrumb\",\"itemListElement\":[{\"@type\":\"ListItem\",\"position\":1,\"name\":\"In\\u00edcio\",\"item\":\"https:\/\/unisalesiano.com.br\/aracatuba\/\"},{\"@type\":\"ListItem\",\"position\":2,\"name\":\"Acad\\u00eamico do UniSALESIANO ministra palestra em Jornada de Aplica\\u00e7\\u00f5es M\\u00e9dicas\"}]},{\"@type\":\"Person\",\"@id\":\"https:\/\/unisalesiano.com.br\/aracatuba\/#\/schema\/person\/9b0bb7fe2888d8c52a9981cc9f499850\",\"name\":\"Rosiane Cerverizzo\",\"image\":{\"@type\":\"ImageObject\",\"@id\":\"https:\/\/unisalesiano.com.br\/aracatuba\/#personlogo\",\"inLanguage\":\"pt-BR\",\"url\":\"https:\/\/secure.gravatar.com\/avatar\/435d6972275f45fcd8db34d02c275aea169714405f437e6532d04aa71ef9cbe2?s=96&d=mm&r=g\",\"contentUrl\":\"https:\/\/secure.gravatar.com\/avatar\/435d6972275f45fcd8db34d02c275aea169714405f437e6532d04aa71ef9cbe2?s=96&d=mm&r=g\",\"caption\":\"Rosiane Cerverizzo\"},\"url\":\"https:\/\/unisalesiano.com.br\/aracatuba\/author\/rosi\/\"}]}<\/script>\n<!-- \/ Yoast SEO plugin. -->","yoast_head_json":{"title":"Acad\u00eamico do UniSALESIANO ministra palestra em Jornada de Aplica\u00e7\u00f5es M\u00e9dicas - UniSALESIANO Ara\u00e7atuba\/SP","robots":{"index":"index","follow":"follow","max-snippet":"max-snippet:-1","max-image-preview":"max-image-preview:large","max-video-preview":"max-video-preview:-1"},"canonical":"https:\/\/unisalesiano.com.br\/aracatuba\/academico-do-unisalesiano-ministra-palestra-em-jornada-de-aplicacoes-medicas\/","og_locale":"pt_BR","og_type":"article","og_title":"Acad\u00eamico do UniSALESIANO ministra palestra em Jornada de Aplica\u00e7\u00f5es M\u00e9dicas - UniSALESIANO Ara\u00e7atuba\/SP","og_description":"O acad\u00eamico Daniel Soares Lopes, do 6\u00ba Termo do curso de Engenharia da Computa\u00e7\u00e3o do Centro Universit\u00e1rio Cat\u00f3lico Salesiano Auxilium \u2013 UniSALESIANO de Ara\u00e7atuba, participou da IV Jornada de Aplica\u00e7\u00f5es M\u00e9dicas de Fractais, Caos e Complexidade, organizada pelo Hospital Estadual de Bauru. O evento foi realizado em 15 de outubro. Na oportunidade, ele apresentou a [&hellip;]","og_url":"https:\/\/unisalesiano.com.br\/aracatuba\/academico-do-unisalesiano-ministra-palestra-em-jornada-de-aplicacoes-medicas\/","og_site_name":"UniSALESIANO Ara\u00e7atuba\/SP","article_published_time":"2011-11-26T18:45:29+00:00","article_modified_time":"2018-11-23T18:46:56+00:00","og_image":[{"width":480,"height":358,"url":"https:\/\/unisalesiano.com.br\/aracatuba\/wp-content\/uploads\/2018\/11\/2011-11-24-1160-Acad\u00eamico-do-UniSALESIANO-ministra-palestra-em-Jornada-de-Aplica\u00e7\u00f5es-M\u00e9dicas.jpg","type":"image\/jpeg"}],"twitter_card":"summary_large_image","twitter_misc":{"Escrito por":"Rosiane Cerverizzo","Est. tempo de leitura":"2 minutos"},"schema":{"@context":"https:\/\/schema.org","@graph":[{"@type":"WebSite","@id":"https:\/\/unisalesiano.com.br\/aracatuba\/#website","url":"https:\/\/unisalesiano.com.br\/aracatuba\/","name":"UniSALESIANO Ara\u00e7atuba\/SP","description":"Centro Universit\u00e1rio Cat\u00f3lico Salesiano Auxilium","potentialAction":[{"@type":"SearchAction","target":{"@type":"EntryPoint","urlTemplate":"https:\/\/unisalesiano.com.br\/aracatuba\/?s={search_term_string}"},"query-input":"required name=search_term_string"}],"inLanguage":"pt-BR"},{"@type":"ImageObject","@id":"https:\/\/unisalesiano.com.br\/aracatuba\/academico-do-unisalesiano-ministra-palestra-em-jornada-de-aplicacoes-medicas\/#primaryimage","inLanguage":"pt-BR","url":"https:\/\/unisalesiano.com.br\/aracatuba\/wp-content\/uploads\/2018\/11\/2011-11-24-1160-Acad\u00eamico-do-UniSALESIANO-ministra-palestra-em-Jornada-de-Aplica\u00e7\u00f5es-M\u00e9dicas.jpg","contentUrl":"https:\/\/unisalesiano.com.br\/aracatuba\/wp-content\/uploads\/2018\/11\/2011-11-24-1160-Acad\u00eamico-do-UniSALESIANO-ministra-palestra-em-Jornada-de-Aplica\u00e7\u00f5es-M\u00e9dicas.jpg","width":480,"height":358},{"@type":"WebPage","@id":"https:\/\/unisalesiano.com.br\/aracatuba\/academico-do-unisalesiano-ministra-palestra-em-jornada-de-aplicacoes-medicas\/#webpage","url":"https:\/\/unisalesiano.com.br\/aracatuba\/academico-do-unisalesiano-ministra-palestra-em-jornada-de-aplicacoes-medicas\/","name":"Acad\u00eamico do UniSALESIANO ministra palestra em Jornada de Aplica\u00e7\u00f5es M\u00e9dicas - UniSALESIANO Ara\u00e7atuba\/SP","isPartOf":{"@id":"https:\/\/unisalesiano.com.br\/aracatuba\/#website"},"primaryImageOfPage":{"@id":"https:\/\/unisalesiano.com.br\/aracatuba\/academico-do-unisalesiano-ministra-palestra-em-jornada-de-aplicacoes-medicas\/#primaryimage"},"datePublished":"2011-11-26T18:45:29+00:00","dateModified":"2018-11-23T18:46:56+00:00","author":{"@id":"https:\/\/unisalesiano.com.br\/aracatuba\/#\/schema\/person\/9b0bb7fe2888d8c52a9981cc9f499850"},"breadcrumb":{"@id":"https:\/\/unisalesiano.com.br\/aracatuba\/academico-do-unisalesiano-ministra-palestra-em-jornada-de-aplicacoes-medicas\/#breadcrumb"},"inLanguage":"pt-BR","potentialAction":[{"@type":"ReadAction","target":["https:\/\/unisalesiano.com.br\/aracatuba\/academico-do-unisalesiano-ministra-palestra-em-jornada-de-aplicacoes-medicas\/"]}]},{"@type":"BreadcrumbList","@id":"https:\/\/unisalesiano.com.br\/aracatuba\/academico-do-unisalesiano-ministra-palestra-em-jornada-de-aplicacoes-medicas\/#breadcrumb","itemListElement":[{"@type":"ListItem","position":1,"name":"In\u00edcio","item":"https:\/\/unisalesiano.com.br\/aracatuba\/"},{"@type":"ListItem","position":2,"name":"Acad\u00eamico do UniSALESIANO ministra palestra em Jornada de Aplica\u00e7\u00f5es M\u00e9dicas"}]},{"@type":"Person","@id":"https:\/\/unisalesiano.com.br\/aracatuba\/#\/schema\/person\/9b0bb7fe2888d8c52a9981cc9f499850","name":"Rosiane Cerverizzo","image":{"@type":"ImageObject","@id":"https:\/\/unisalesiano.com.br\/aracatuba\/#personlogo","inLanguage":"pt-BR","url":"https:\/\/secure.gravatar.com\/avatar\/435d6972275f45fcd8db34d02c275aea169714405f437e6532d04aa71ef9cbe2?s=96&d=mm&r=g","contentUrl":"https:\/\/secure.gravatar.com\/avatar\/435d6972275f45fcd8db34d02c275aea169714405f437e6532d04aa71ef9cbe2?s=96&d=mm&r=g","caption":"Rosiane Cerverizzo"},"url":"https:\/\/unisalesiano.com.br\/aracatuba\/author\/rosi\/"}]}},"_links":{"self":[{"href":"https:\/\/unisalesiano.com.br\/aracatuba\/wp-json\/wp\/v2\/posts\/6522","targetHints":{"allow":["GET"]}}],"collection":[{"href":"https:\/\/unisalesiano.com.br\/aracatuba\/wp-json\/wp\/v2\/posts"}],"about":[{"href":"https:\/\/unisalesiano.com.br\/aracatuba\/wp-json\/wp\/v2\/types\/post"}],"author":[{"embeddable":true,"href":"https:\/\/unisalesiano.com.br\/aracatuba\/wp-json\/wp\/v2\/users\/7"}],"replies":[{"embeddable":true,"href":"https:\/\/unisalesiano.com.br\/aracatuba\/wp-json\/wp\/v2\/comments?post=6522"}],"version-history":[{"count":0,"href":"https:\/\/unisalesiano.com.br\/aracatuba\/wp-json\/wp\/v2\/posts\/6522\/revisions"}],"wp:featuredmedia":[{"embeddable":true,"href":"https:\/\/unisalesiano.com.br\/aracatuba\/wp-json\/wp\/v2\/media\/6523"}],"wp:attachment":[{"href":"https:\/\/unisalesiano.com.br\/aracatuba\/wp-json\/wp\/v2\/media?parent=6522"}],"wp:term":[{"taxonomy":"category","embeddable":true,"href":"https:\/\/unisalesiano.com.br\/aracatuba\/wp-json\/wp\/v2\/categories?post=6522"},{"taxonomy":"post_tag","embeddable":true,"href":"https:\/\/unisalesiano.com.br\/aracatuba\/wp-json\/wp\/v2\/tags?post=6522"}],"curies":[{"name":"wp","href":"https:\/\/api.w.org\/{rel}","templated":true}]}}