{"id":6049,"date":"2005-09-27T16:16:33","date_gmt":"2005-09-27T19:16:33","guid":{"rendered":"https:\/\/unisalesiano.com.br\/?p=6049"},"modified":"2019-06-26T10:55:09","modified_gmt":"2019-06-26T13:55:09","slug":"professores-das-fcs-iniciam-trabalho-com-indigenas","status":"publish","type":"post","link":"https:\/\/unisalesiano.com.br\/aracatuba\/professores-das-fcs-iniciam-trabalho-com-indigenas\/","title":{"rendered":"Professores das FCS iniciam trabalho com ind\u00edgenas"},"content":{"rendered":"<p>Professores das Faculdades Cat\u00f3licas Salesianas de Ara\u00e7atuba, integrantes do corpo docente do curso de Enfermagem, iniciaram nesta segunda-feira as visitas monitoradas \u00e0 reserva indigena Icatu, localizada no municipio de Bra\u00fana. A atividade faz parte de parceria estabelecida entre a Prefeitura daquela cidade e as FCS.<\/p>\n<p>Os trabalhos acontecer\u00e3o durante toda esta semana. Para isso, o prefeito daquele munic\u00edpio, Heitor Verdu, disponibilizou um \u00f4nibus para o transporte di\u00e1rio do pessoal envolvido no projeto. A primeira preocupa\u00e7\u00e3o dos professores \u00e9 conhecer a aldeia, os costumes dos indios e tamb\u00e9m avaliar os riscos a que se submetem os membros daquela popula\u00e7\u00e3o.<\/p>\n<p>A cada dia um determinado grupo de alunos tamb\u00e9m comparecer\u00e1 \u00e0 aldeia, envolvendo cerca de 200 participantes do projeto. &#8220;\u00c9 o inicio de um trabalho de sa\u00fade coletiva e epidemiol\u00f3gica que faremos com esta popula\u00e7\u00e3o e um momento \u00fanico para cada aluno sair da sala de aula e conhecer outra realidade, promover questionamentos e enriquecer seus conhecimentos&#8221;, comentou Cl\u00e1udia Cyrillo, coordenadora da \u00e1rea de Enfermagem das FCS.<\/p>\n<p>SEMANA DA SA\u00daDE NO BANCO DO BRASIL\u00a0&#8211; A coordena\u00e7\u00e3o de Enfermagem das Faculdades Cat\u00f3licas Salesianas de Ara\u00e7atuba foi convidada pela dire\u00e7\u00e3o do Banco do Brasil, da ag\u00eancia da Rua Marcilio Dias, para participar da Semana da Sa\u00fade que aquela institui\u00e7\u00e3o promover\u00e1 at\u00e9 a pr\u00f3xima sexta-feira. Os trabalhos dos alunos das FCS ser\u00e3o desenvolvidos no dia 2 de outubro, a partir das 12h.<\/p>\n<p>Os alunos v\u00e3o prestar atendimento para aferi\u00e7\u00e3o de press\u00e3o arterial e os riscos a que se submetem pessoas com problemas deste tipo, al\u00e9m de desenvolver um trabalho de orienta\u00e7\u00e3o sobre qualidade de vida.<\/p>\n","protected":false},"excerpt":{"rendered":"<p>Professores das Faculdades Cat\u00f3licas Salesianas de Ara\u00e7atuba, integrantes do corpo docente do curso de Enfermagem, iniciaram nesta segunda-feira as visitas monitoradas \u00e0 reserva indigena Icatu, localizada no municipio de Bra\u00fana. A atividade faz parte de parceria estabelecida entre a Prefeitura daquela cidade e as FCS. Os trabalhos acontecer\u00e3o durante toda esta semana. Para isso, o [&hellip;]<\/p>\n","protected":false},"author":1,"featured_media":6051,"comment_status":"open","ping_status":"open","sticky":false,"template":"","format":"standard","meta":{"footnotes":""},"categories":[5],"tags":[15],"class_list":["post-6049","post","type-post","status-publish","format-standard","has-post-thumbnail","hentry","category-saude","tag-enfermagem"],"yoast_head":"<!-- This site is optimized with the Yoast SEO plugin v17.4 - https:\/\/yoast.com\/wordpress\/plugins\/seo\/ -->\n<title>Professores das FCS iniciam trabalho com ind\u00edgenas - UniSALESIANO Ara\u00e7atuba\/SP<\/title>\n<meta name=\"robots\" content=\"index, follow, max-snippet:-1, max-image-preview:large, max-video-preview:-1\" \/>\n<link rel=\"canonical\" href=\"https:\/\/unisalesiano.com.br\/aracatuba\/professores-das-fcs-iniciam-trabalho-com-indigenas\/\" \/>\n<meta property=\"og:locale\" content=\"pt_BR\" \/>\n<meta property=\"og:type\" content=\"article\" \/>\n<meta property=\"og:title\" content=\"Professores das FCS iniciam trabalho com ind\u00edgenas - UniSALESIANO Ara\u00e7atuba\/SP\" \/>\n<meta property=\"og:description\" content=\"Professores das Faculdades Cat\u00f3licas Salesianas de Ara\u00e7atuba, integrantes do corpo docente do curso de Enfermagem, iniciaram nesta segunda-feira as visitas monitoradas \u00e0 reserva indigena Icatu, localizada no municipio de Bra\u00fana. A atividade faz parte de parceria estabelecida entre a Prefeitura daquela cidade e as FCS. Os trabalhos acontecer\u00e3o durante toda esta semana. Para isso, o [&hellip;]\" \/>\n<meta property=\"og:url\" content=\"https:\/\/unisalesiano.com.br\/aracatuba\/professores-das-fcs-iniciam-trabalho-com-indigenas\/\" \/>\n<meta property=\"og:site_name\" content=\"UniSALESIANO Ara\u00e7atuba\/SP\" \/>\n<meta property=\"article:published_time\" content=\"2005-09-27T19:16:33+00:00\" \/>\n<meta property=\"article:modified_time\" content=\"2019-06-26T13:55:09+00:00\" \/>\n<meta property=\"og:image\" content=\"https:\/\/unisalesiano.com.br\/aracatuba\/wp-content\/uploads\/2018\/11\/2005-09-27-106-Professores-das-FCS-iniciam-trabalho-com-ind\u00edgenas.jpg\" \/>\n\t<meta property=\"og:image:width\" content=\"480\" \/>\n\t<meta property=\"og:image:height\" content=\"360\" \/>\n<meta name=\"twitter:card\" content=\"summary_large_image\" \/>\n<meta name=\"twitter:label1\" content=\"Escrito por\" \/>\n\t<meta name=\"twitter:data1\" content=\"admin\" \/>\n\t<meta name=\"twitter:label2\" content=\"Est. tempo de leitura\" \/>\n\t<meta name=\"twitter:data2\" content=\"1 minuto\" \/>\n<script type=\"application\/ld+json\" class=\"yoast-schema-graph\">{\"@context\":\"https:\/\/schema.org\",\"@graph\":[{\"@type\":\"WebSite\",\"@id\":\"https:\/\/unisalesiano.com.br\/aracatuba\/#website\",\"url\":\"https:\/\/unisalesiano.com.br\/aracatuba\/\",\"name\":\"UniSALESIANO Ara\\u00e7atuba\/SP\",\"description\":\"Centro Universit\\u00e1rio Cat\\u00f3lico Salesiano Auxilium\",\"potentialAction\":[{\"@type\":\"SearchAction\",\"target\":{\"@type\":\"EntryPoint\",\"urlTemplate\":\"https:\/\/unisalesiano.com.br\/aracatuba\/?s={search_term_string}\"},\"query-input\":\"required name=search_term_string\"}],\"inLanguage\":\"pt-BR\"},{\"@type\":\"ImageObject\",\"@id\":\"https:\/\/unisalesiano.com.br\/aracatuba\/professores-das-fcs-iniciam-trabalho-com-indigenas\/#primaryimage\",\"inLanguage\":\"pt-BR\",\"url\":\"https:\/\/unisalesiano.com.br\/aracatuba\/wp-content\/uploads\/2018\/11\/2005-09-27-106-Professores-das-FCS-iniciam-trabalho-com-ind\\u00edgenas.jpg\",\"contentUrl\":\"https:\/\/unisalesiano.com.br\/aracatuba\/wp-content\/uploads\/2018\/11\/2005-09-27-106-Professores-das-FCS-iniciam-trabalho-com-ind\\u00edgenas.jpg\",\"width\":480,\"height\":360},{\"@type\":\"WebPage\",\"@id\":\"https:\/\/unisalesiano.com.br\/aracatuba\/professores-das-fcs-iniciam-trabalho-com-indigenas\/#webpage\",\"url\":\"https:\/\/unisalesiano.com.br\/aracatuba\/professores-das-fcs-iniciam-trabalho-com-indigenas\/\",\"name\":\"Professores das FCS iniciam trabalho com ind\\u00edgenas - UniSALESIANO Ara\\u00e7atuba\/SP\",\"isPartOf\":{\"@id\":\"https:\/\/unisalesiano.com.br\/aracatuba\/#website\"},\"primaryImageOfPage\":{\"@id\":\"https:\/\/unisalesiano.com.br\/aracatuba\/professores-das-fcs-iniciam-trabalho-com-indigenas\/#primaryimage\"},\"datePublished\":\"2005-09-27T19:16:33+00:00\",\"dateModified\":\"2019-06-26T13:55:09+00:00\",\"author\":{\"@id\":\"https:\/\/unisalesiano.com.br\/aracatuba\/#\/schema\/person\/afb1b2331f463570beda616f4cc14cc9\"},\"breadcrumb\":{\"@id\":\"https:\/\/unisalesiano.com.br\/aracatuba\/professores-das-fcs-iniciam-trabalho-com-indigenas\/#breadcrumb\"},\"inLanguage\":\"pt-BR\",\"potentialAction\":[{\"@type\":\"ReadAction\",\"target\":[\"https:\/\/unisalesiano.com.br\/aracatuba\/professores-das-fcs-iniciam-trabalho-com-indigenas\/\"]}]},{\"@type\":\"BreadcrumbList\",\"@id\":\"https:\/\/unisalesiano.com.br\/aracatuba\/professores-das-fcs-iniciam-trabalho-com-indigenas\/#breadcrumb\",\"itemListElement\":[{\"@type\":\"ListItem\",\"position\":1,\"name\":\"In\\u00edcio\",\"item\":\"https:\/\/unisalesiano.com.br\/aracatuba\/\"},{\"@type\":\"ListItem\",\"position\":2,\"name\":\"Professores das FCS iniciam trabalho com ind\\u00edgenas\"}]},{\"@type\":\"Person\",\"@id\":\"https:\/\/unisalesiano.com.br\/aracatuba\/#\/schema\/person\/afb1b2331f463570beda616f4cc14cc9\",\"name\":\"admin\",\"image\":{\"@type\":\"ImageObject\",\"@id\":\"https:\/\/unisalesiano.com.br\/aracatuba\/#personlogo\",\"inLanguage\":\"pt-BR\",\"url\":\"https:\/\/secure.gravatar.com\/avatar\/dfc5c63987fa9f19b5c366e55740b2a0ffac4aab41ba55c1bd96dbb85eb3a8ca?s=96&d=mm&r=g\",\"contentUrl\":\"https:\/\/secure.gravatar.com\/avatar\/dfc5c63987fa9f19b5c366e55740b2a0ffac4aab41ba55c1bd96dbb85eb3a8ca?s=96&d=mm&r=g\",\"caption\":\"admin\"},\"url\":\"https:\/\/unisalesiano.com.br\/aracatuba\/author\/admin\/\"}]}<\/script>\n<!-- \/ Yoast SEO plugin. -->","yoast_head_json":{"title":"Professores das FCS iniciam trabalho com ind\u00edgenas - UniSALESIANO Ara\u00e7atuba\/SP","robots":{"index":"index","follow":"follow","max-snippet":"max-snippet:-1","max-image-preview":"max-image-preview:large","max-video-preview":"max-video-preview:-1"},"canonical":"https:\/\/unisalesiano.com.br\/aracatuba\/professores-das-fcs-iniciam-trabalho-com-indigenas\/","og_locale":"pt_BR","og_type":"article","og_title":"Professores das FCS iniciam trabalho com ind\u00edgenas - UniSALESIANO Ara\u00e7atuba\/SP","og_description":"Professores das Faculdades Cat\u00f3licas Salesianas de Ara\u00e7atuba, integrantes do corpo docente do curso de Enfermagem, iniciaram nesta segunda-feira as visitas monitoradas \u00e0 reserva indigena Icatu, localizada no municipio de Bra\u00fana. A atividade faz parte de parceria estabelecida entre a Prefeitura daquela cidade e as FCS. Os trabalhos acontecer\u00e3o durante toda esta semana. Para isso, o [&hellip;]","og_url":"https:\/\/unisalesiano.com.br\/aracatuba\/professores-das-fcs-iniciam-trabalho-com-indigenas\/","og_site_name":"UniSALESIANO Ara\u00e7atuba\/SP","article_published_time":"2005-09-27T19:16:33+00:00","article_modified_time":"2019-06-26T13:55:09+00:00","og_image":[{"width":480,"height":360,"url":"https:\/\/unisalesiano.com.br\/aracatuba\/wp-content\/uploads\/2018\/11\/2005-09-27-106-Professores-das-FCS-iniciam-trabalho-com-ind\u00edgenas.jpg","type":"image\/jpeg"}],"twitter_card":"summary_large_image","twitter_misc":{"Escrito por":"admin","Est. tempo de leitura":"1 minuto"},"schema":{"@context":"https:\/\/schema.org","@graph":[{"@type":"WebSite","@id":"https:\/\/unisalesiano.com.br\/aracatuba\/#website","url":"https:\/\/unisalesiano.com.br\/aracatuba\/","name":"UniSALESIANO Ara\u00e7atuba\/SP","description":"Centro Universit\u00e1rio Cat\u00f3lico Salesiano Auxilium","potentialAction":[{"@type":"SearchAction","target":{"@type":"EntryPoint","urlTemplate":"https:\/\/unisalesiano.com.br\/aracatuba\/?s={search_term_string}"},"query-input":"required name=search_term_string"}],"inLanguage":"pt-BR"},{"@type":"ImageObject","@id":"https:\/\/unisalesiano.com.br\/aracatuba\/professores-das-fcs-iniciam-trabalho-com-indigenas\/#primaryimage","inLanguage":"pt-BR","url":"https:\/\/unisalesiano.com.br\/aracatuba\/wp-content\/uploads\/2018\/11\/2005-09-27-106-Professores-das-FCS-iniciam-trabalho-com-ind\u00edgenas.jpg","contentUrl":"https:\/\/unisalesiano.com.br\/aracatuba\/wp-content\/uploads\/2018\/11\/2005-09-27-106-Professores-das-FCS-iniciam-trabalho-com-ind\u00edgenas.jpg","width":480,"height":360},{"@type":"WebPage","@id":"https:\/\/unisalesiano.com.br\/aracatuba\/professores-das-fcs-iniciam-trabalho-com-indigenas\/#webpage","url":"https:\/\/unisalesiano.com.br\/aracatuba\/professores-das-fcs-iniciam-trabalho-com-indigenas\/","name":"Professores das FCS iniciam trabalho com ind\u00edgenas - UniSALESIANO Ara\u00e7atuba\/SP","isPartOf":{"@id":"https:\/\/unisalesiano.com.br\/aracatuba\/#website"},"primaryImageOfPage":{"@id":"https:\/\/unisalesiano.com.br\/aracatuba\/professores-das-fcs-iniciam-trabalho-com-indigenas\/#primaryimage"},"datePublished":"2005-09-27T19:16:33+00:00","dateModified":"2019-06-26T13:55:09+00:00","author":{"@id":"https:\/\/unisalesiano.com.br\/aracatuba\/#\/schema\/person\/afb1b2331f463570beda616f4cc14cc9"},"breadcrumb":{"@id":"https:\/\/unisalesiano.com.br\/aracatuba\/professores-das-fcs-iniciam-trabalho-com-indigenas\/#breadcrumb"},"inLanguage":"pt-BR","potentialAction":[{"@type":"ReadAction","target":["https:\/\/unisalesiano.com.br\/aracatuba\/professores-das-fcs-iniciam-trabalho-com-indigenas\/"]}]},{"@type":"BreadcrumbList","@id":"https:\/\/unisalesiano.com.br\/aracatuba\/professores-das-fcs-iniciam-trabalho-com-indigenas\/#breadcrumb","itemListElement":[{"@type":"ListItem","position":1,"name":"In\u00edcio","item":"https:\/\/unisalesiano.com.br\/aracatuba\/"},{"@type":"ListItem","position":2,"name":"Professores das FCS iniciam trabalho com ind\u00edgenas"}]},{"@type":"Person","@id":"https:\/\/unisalesiano.com.br\/aracatuba\/#\/schema\/person\/afb1b2331f463570beda616f4cc14cc9","name":"admin","image":{"@type":"ImageObject","@id":"https:\/\/unisalesiano.com.br\/aracatuba\/#personlogo","inLanguage":"pt-BR","url":"https:\/\/secure.gravatar.com\/avatar\/dfc5c63987fa9f19b5c366e55740b2a0ffac4aab41ba55c1bd96dbb85eb3a8ca?s=96&d=mm&r=g","contentUrl":"https:\/\/secure.gravatar.com\/avatar\/dfc5c63987fa9f19b5c366e55740b2a0ffac4aab41ba55c1bd96dbb85eb3a8ca?s=96&d=mm&r=g","caption":"admin"},"url":"https:\/\/unisalesiano.com.br\/aracatuba\/author\/admin\/"}]}},"_links":{"self":[{"href":"https:\/\/unisalesiano.com.br\/aracatuba\/wp-json\/wp\/v2\/posts\/6049","targetHints":{"allow":["GET"]}}],"collection":[{"href":"https:\/\/unisalesiano.com.br\/aracatuba\/wp-json\/wp\/v2\/posts"}],"about":[{"href":"https:\/\/unisalesiano.com.br\/aracatuba\/wp-json\/wp\/v2\/types\/post"}],"author":[{"embeddable":true,"href":"https:\/\/unisalesiano.com.br\/aracatuba\/wp-json\/wp\/v2\/users\/1"}],"replies":[{"embeddable":true,"href":"https:\/\/unisalesiano.com.br\/aracatuba\/wp-json\/wp\/v2\/comments?post=6049"}],"version-history":[{"count":0,"href":"https:\/\/unisalesiano.com.br\/aracatuba\/wp-json\/wp\/v2\/posts\/6049\/revisions"}],"wp:featuredmedia":[{"embeddable":true,"href":"https:\/\/unisalesiano.com.br\/aracatuba\/wp-json\/wp\/v2\/media\/6051"}],"wp:attachment":[{"href":"https:\/\/unisalesiano.com.br\/aracatuba\/wp-json\/wp\/v2\/media?parent=6049"}],"wp:term":[{"taxonomy":"category","embeddable":true,"href":"https:\/\/unisalesiano.com.br\/aracatuba\/wp-json\/wp\/v2\/categories?post=6049"},{"taxonomy":"post_tag","embeddable":true,"href":"https:\/\/unisalesiano.com.br\/aracatuba\/wp-json\/wp\/v2\/tags?post=6049"}],"curies":[{"name":"wp","href":"https:\/\/api.w.org\/{rel}","templated":true}]}}