{"id":6044,"date":"2005-09-26T16:13:39","date_gmt":"2005-09-26T19:13:39","guid":{"rendered":"https:\/\/unisalesiano.com.br\/?p=6044"},"modified":"2019-06-26T10:54:24","modified_gmt":"2019-06-26T13:54:24","slug":"fcs-prestaram-servicos-sociais-em-gincana-solidaria-do-sest-senat","status":"publish","type":"post","link":"https:\/\/unisalesiano.com.br\/aracatuba\/fcs-prestaram-servicos-sociais-em-gincana-solidaria-do-sest-senat\/","title":{"rendered":"FCS prestaram servi\u00e7os sociais em gincana solid\u00e1ria do Sest\/Senat"},"content":{"rendered":"<p>Alunos do Curso de Enfermagem das Faculdades Cat\u00f3licas Salesianas de Ara\u00e7atuba participaram neste domingo, 25, da Gincana Solid\u00e1ria promovida pela unidade local do Sest\/Senat.<\/p>\n<p>Na oportunidade, um dos grupos selecionados participou aferindo press\u00e3o, verificando pulsa\u00e7\u00e3o e desenvolvendo um trabalho de orienta\u00e7\u00e3o sobre preven\u00e7\u00e3o de sa\u00fade. Um segundo grupo de estudantes cuidou de informar a popula\u00e7\u00e3o sobre a import\u00e2ncia de lavar as m\u00e3os e um painel de fotos sobre o uso racional da \u00e1gua na promo\u00e7\u00e3o da sa\u00fade.<\/p>\n<p>As pessoas atendidas se mostravam impressionadas quando visualizavam os vermes que mais costumeiramente causam males e doen\u00e7as, como \u00e9 o caso do ascaris lumbricoides, mais conhecido como lombriga, do ancylostoma, ou seja, o amarel\u00e3o, e a taenia, a popular solit\u00e1ria.<\/p>\n<p>Al\u00e9m disso, foram apresentadas duas pe\u00e7as de teatro, uma enfocando a import\u00e2ncia da preserva\u00e7\u00e3o do ar atmosf\u00e9rico na qualidade de vida da popula\u00e7\u00e3o e outra, intitulada Um Minuto de Aten\u00e7\u00e3o, sobre conceitos de cidadania, respeito ao idoso e aos semelhantes. As apresenta\u00e7\u00f5es tinham por objetivo levar uma mensagem ao p\u00fablico, no sentido de que n\u00e3o se deve sucumbir \u00e0s trag\u00e9dias da vida, que s\u00f3 acontecem para mostrar a todos um caminho melhor.<\/p>\n<p>Por sua vez, alunos dos cursos de Engenharia das FCS, sob a supervis\u00e3o dos professores Nelson Hitoshi Takiy e Francisco de Souza, montaram um laborat\u00f3rio com 8 computadores para manuseio do p\u00fablico, inclusive com acesso \u00e0 internet, possibilitando a inclus\u00e3o digital dos presentes. Muitos jovens e crian\u00e7as compareceram ao estande para usufruir do atendimento e ficaram encantadas com o mundo da inform\u00e1tica.<\/p>\n<p>O evento do Sest\/Senat teve, ainda, pr\u00e1tica de esporte, lazer, cultura e recrea\u00e7\u00e3o com torneios de futebol, v\u00f4lei, nata\u00e7\u00e3o, escolinha de artes marciais, dan\u00e7as e teatro, al\u00e9m de apresenta\u00e7\u00f5es musicais e exposi\u00e7\u00f5es.<\/p>\n<p>Para participar, as pessoas deveriam levar um quilo de alimento n\u00e3o perec\u00edvel destinado \u00e0 campanha de erradica\u00e7\u00e3o da fome.<\/p>\n<p>Segundo a dire\u00e7\u00e3o da entidade, &#8220;a iniciativa \u00e9 uma demonstra\u00e7\u00e3o de est\u00edmulo \u00e0 conviv\u00eancia social, ao desenvolvimento do esp\u00edrito de competi\u00e7\u00e3o e de solidariedade ao pr\u00f3ximo, por meio da pr\u00e1tica de cidadania e engajamento social&#8221;.<\/p>\n<p>&nbsp;<\/p>\n","protected":false},"excerpt":{"rendered":"<p>Alunos do Curso de Enfermagem das Faculdades Cat\u00f3licas Salesianas de Ara\u00e7atuba participaram neste domingo, 25, da Gincana Solid\u00e1ria promovida pela unidade local do Sest\/Senat. Na oportunidade, um dos grupos selecionados participou aferindo press\u00e3o, verificando pulsa\u00e7\u00e3o e desenvolvendo um trabalho de orienta\u00e7\u00e3o sobre preven\u00e7\u00e3o de sa\u00fade. Um segundo grupo de estudantes cuidou de informar a popula\u00e7\u00e3o [&hellip;]<\/p>\n","protected":false},"author":1,"featured_media":6045,"comment_status":"open","ping_status":"open","sticky":false,"template":"","format":"standard","meta":{"footnotes":""},"categories":[5],"tags":[15],"class_list":["post-6044","post","type-post","status-publish","format-standard","has-post-thumbnail","hentry","category-saude","tag-enfermagem"],"yoast_head":"<!-- This site is optimized with the Yoast SEO plugin v17.4 - https:\/\/yoast.com\/wordpress\/plugins\/seo\/ -->\n<title>FCS prestaram servi\u00e7os sociais em gincana solid\u00e1ria do Sest\/Senat - UniSALESIANO Ara\u00e7atuba\/SP<\/title>\n<meta name=\"robots\" content=\"index, follow, max-snippet:-1, max-image-preview:large, max-video-preview:-1\" \/>\n<link rel=\"canonical\" href=\"https:\/\/unisalesiano.com.br\/aracatuba\/fcs-prestaram-servicos-sociais-em-gincana-solidaria-do-sest-senat\/\" \/>\n<meta property=\"og:locale\" content=\"pt_BR\" \/>\n<meta property=\"og:type\" content=\"article\" \/>\n<meta property=\"og:title\" content=\"FCS prestaram servi\u00e7os sociais em gincana solid\u00e1ria do Sest\/Senat - UniSALESIANO Ara\u00e7atuba\/SP\" \/>\n<meta property=\"og:description\" content=\"Alunos do Curso de Enfermagem das Faculdades Cat\u00f3licas Salesianas de Ara\u00e7atuba participaram neste domingo, 25, da Gincana Solid\u00e1ria promovida pela unidade local do Sest\/Senat. Na oportunidade, um dos grupos selecionados participou aferindo press\u00e3o, verificando pulsa\u00e7\u00e3o e desenvolvendo um trabalho de orienta\u00e7\u00e3o sobre preven\u00e7\u00e3o de sa\u00fade. Um segundo grupo de estudantes cuidou de informar a popula\u00e7\u00e3o [&hellip;]\" \/>\n<meta property=\"og:url\" content=\"https:\/\/unisalesiano.com.br\/aracatuba\/fcs-prestaram-servicos-sociais-em-gincana-solidaria-do-sest-senat\/\" \/>\n<meta property=\"og:site_name\" content=\"UniSALESIANO Ara\u00e7atuba\/SP\" \/>\n<meta property=\"article:published_time\" content=\"2005-09-26T19:13:39+00:00\" \/>\n<meta property=\"article:modified_time\" content=\"2019-06-26T13:54:24+00:00\" \/>\n<meta property=\"og:image\" content=\"https:\/\/unisalesiano.com.br\/aracatuba\/wp-content\/uploads\/2018\/11\/2005-09-26-105-FCS-prestaram-servi\u00e7os-sociais-em.jpg\" \/>\n\t<meta property=\"og:image:width\" content=\"480\" \/>\n\t<meta property=\"og:image:height\" content=\"360\" \/>\n<meta name=\"twitter:card\" content=\"summary_large_image\" \/>\n<meta name=\"twitter:label1\" content=\"Escrito por\" \/>\n\t<meta name=\"twitter:data1\" content=\"admin\" \/>\n\t<meta name=\"twitter:label2\" content=\"Est. tempo de leitura\" \/>\n\t<meta name=\"twitter:data2\" content=\"2 minutos\" \/>\n<script type=\"application\/ld+json\" class=\"yoast-schema-graph\">{\"@context\":\"https:\/\/schema.org\",\"@graph\":[{\"@type\":\"WebSite\",\"@id\":\"https:\/\/unisalesiano.com.br\/aracatuba\/#website\",\"url\":\"https:\/\/unisalesiano.com.br\/aracatuba\/\",\"name\":\"UniSALESIANO Ara\\u00e7atuba\/SP\",\"description\":\"Centro Universit\\u00e1rio Cat\\u00f3lico Salesiano Auxilium\",\"potentialAction\":[{\"@type\":\"SearchAction\",\"target\":{\"@type\":\"EntryPoint\",\"urlTemplate\":\"https:\/\/unisalesiano.com.br\/aracatuba\/?s={search_term_string}\"},\"query-input\":\"required name=search_term_string\"}],\"inLanguage\":\"pt-BR\"},{\"@type\":\"ImageObject\",\"@id\":\"https:\/\/unisalesiano.com.br\/aracatuba\/fcs-prestaram-servicos-sociais-em-gincana-solidaria-do-sest-senat\/#primaryimage\",\"inLanguage\":\"pt-BR\",\"url\":\"https:\/\/unisalesiano.com.br\/aracatuba\/wp-content\/uploads\/2018\/11\/2005-09-26-105-FCS-prestaram-servi\\u00e7os-sociais-em.jpg\",\"contentUrl\":\"https:\/\/unisalesiano.com.br\/aracatuba\/wp-content\/uploads\/2018\/11\/2005-09-26-105-FCS-prestaram-servi\\u00e7os-sociais-em.jpg\",\"width\":480,\"height\":360},{\"@type\":\"WebPage\",\"@id\":\"https:\/\/unisalesiano.com.br\/aracatuba\/fcs-prestaram-servicos-sociais-em-gincana-solidaria-do-sest-senat\/#webpage\",\"url\":\"https:\/\/unisalesiano.com.br\/aracatuba\/fcs-prestaram-servicos-sociais-em-gincana-solidaria-do-sest-senat\/\",\"name\":\"FCS prestaram servi\\u00e7os sociais em gincana solid\\u00e1ria do Sest\/Senat - UniSALESIANO Ara\\u00e7atuba\/SP\",\"isPartOf\":{\"@id\":\"https:\/\/unisalesiano.com.br\/aracatuba\/#website\"},\"primaryImageOfPage\":{\"@id\":\"https:\/\/unisalesiano.com.br\/aracatuba\/fcs-prestaram-servicos-sociais-em-gincana-solidaria-do-sest-senat\/#primaryimage\"},\"datePublished\":\"2005-09-26T19:13:39+00:00\",\"dateModified\":\"2019-06-26T13:54:24+00:00\",\"author\":{\"@id\":\"https:\/\/unisalesiano.com.br\/aracatuba\/#\/schema\/person\/afb1b2331f463570beda616f4cc14cc9\"},\"breadcrumb\":{\"@id\":\"https:\/\/unisalesiano.com.br\/aracatuba\/fcs-prestaram-servicos-sociais-em-gincana-solidaria-do-sest-senat\/#breadcrumb\"},\"inLanguage\":\"pt-BR\",\"potentialAction\":[{\"@type\":\"ReadAction\",\"target\":[\"https:\/\/unisalesiano.com.br\/aracatuba\/fcs-prestaram-servicos-sociais-em-gincana-solidaria-do-sest-senat\/\"]}]},{\"@type\":\"BreadcrumbList\",\"@id\":\"https:\/\/unisalesiano.com.br\/aracatuba\/fcs-prestaram-servicos-sociais-em-gincana-solidaria-do-sest-senat\/#breadcrumb\",\"itemListElement\":[{\"@type\":\"ListItem\",\"position\":1,\"name\":\"In\\u00edcio\",\"item\":\"https:\/\/unisalesiano.com.br\/aracatuba\/\"},{\"@type\":\"ListItem\",\"position\":2,\"name\":\"FCS prestaram servi\\u00e7os sociais em gincana solid\\u00e1ria do Sest\/Senat\"}]},{\"@type\":\"Person\",\"@id\":\"https:\/\/unisalesiano.com.br\/aracatuba\/#\/schema\/person\/afb1b2331f463570beda616f4cc14cc9\",\"name\":\"admin\",\"image\":{\"@type\":\"ImageObject\",\"@id\":\"https:\/\/unisalesiano.com.br\/aracatuba\/#personlogo\",\"inLanguage\":\"pt-BR\",\"url\":\"https:\/\/secure.gravatar.com\/avatar\/dfc5c63987fa9f19b5c366e55740b2a0ffac4aab41ba55c1bd96dbb85eb3a8ca?s=96&d=mm&r=g\",\"contentUrl\":\"https:\/\/secure.gravatar.com\/avatar\/dfc5c63987fa9f19b5c366e55740b2a0ffac4aab41ba55c1bd96dbb85eb3a8ca?s=96&d=mm&r=g\",\"caption\":\"admin\"},\"url\":\"https:\/\/unisalesiano.com.br\/aracatuba\/author\/admin\/\"}]}<\/script>\n<!-- \/ Yoast SEO plugin. -->","yoast_head_json":{"title":"FCS prestaram servi\u00e7os sociais em gincana solid\u00e1ria do Sest\/Senat - UniSALESIANO Ara\u00e7atuba\/SP","robots":{"index":"index","follow":"follow","max-snippet":"max-snippet:-1","max-image-preview":"max-image-preview:large","max-video-preview":"max-video-preview:-1"},"canonical":"https:\/\/unisalesiano.com.br\/aracatuba\/fcs-prestaram-servicos-sociais-em-gincana-solidaria-do-sest-senat\/","og_locale":"pt_BR","og_type":"article","og_title":"FCS prestaram servi\u00e7os sociais em gincana solid\u00e1ria do Sest\/Senat - UniSALESIANO Ara\u00e7atuba\/SP","og_description":"Alunos do Curso de Enfermagem das Faculdades Cat\u00f3licas Salesianas de Ara\u00e7atuba participaram neste domingo, 25, da Gincana Solid\u00e1ria promovida pela unidade local do Sest\/Senat. Na oportunidade, um dos grupos selecionados participou aferindo press\u00e3o, verificando pulsa\u00e7\u00e3o e desenvolvendo um trabalho de orienta\u00e7\u00e3o sobre preven\u00e7\u00e3o de sa\u00fade. Um segundo grupo de estudantes cuidou de informar a popula\u00e7\u00e3o [&hellip;]","og_url":"https:\/\/unisalesiano.com.br\/aracatuba\/fcs-prestaram-servicos-sociais-em-gincana-solidaria-do-sest-senat\/","og_site_name":"UniSALESIANO Ara\u00e7atuba\/SP","article_published_time":"2005-09-26T19:13:39+00:00","article_modified_time":"2019-06-26T13:54:24+00:00","og_image":[{"width":480,"height":360,"url":"https:\/\/unisalesiano.com.br\/aracatuba\/wp-content\/uploads\/2018\/11\/2005-09-26-105-FCS-prestaram-servi\u00e7os-sociais-em.jpg","type":"image\/jpeg"}],"twitter_card":"summary_large_image","twitter_misc":{"Escrito por":"admin","Est. tempo de leitura":"2 minutos"},"schema":{"@context":"https:\/\/schema.org","@graph":[{"@type":"WebSite","@id":"https:\/\/unisalesiano.com.br\/aracatuba\/#website","url":"https:\/\/unisalesiano.com.br\/aracatuba\/","name":"UniSALESIANO Ara\u00e7atuba\/SP","description":"Centro Universit\u00e1rio Cat\u00f3lico Salesiano Auxilium","potentialAction":[{"@type":"SearchAction","target":{"@type":"EntryPoint","urlTemplate":"https:\/\/unisalesiano.com.br\/aracatuba\/?s={search_term_string}"},"query-input":"required name=search_term_string"}],"inLanguage":"pt-BR"},{"@type":"ImageObject","@id":"https:\/\/unisalesiano.com.br\/aracatuba\/fcs-prestaram-servicos-sociais-em-gincana-solidaria-do-sest-senat\/#primaryimage","inLanguage":"pt-BR","url":"https:\/\/unisalesiano.com.br\/aracatuba\/wp-content\/uploads\/2018\/11\/2005-09-26-105-FCS-prestaram-servi\u00e7os-sociais-em.jpg","contentUrl":"https:\/\/unisalesiano.com.br\/aracatuba\/wp-content\/uploads\/2018\/11\/2005-09-26-105-FCS-prestaram-servi\u00e7os-sociais-em.jpg","width":480,"height":360},{"@type":"WebPage","@id":"https:\/\/unisalesiano.com.br\/aracatuba\/fcs-prestaram-servicos-sociais-em-gincana-solidaria-do-sest-senat\/#webpage","url":"https:\/\/unisalesiano.com.br\/aracatuba\/fcs-prestaram-servicos-sociais-em-gincana-solidaria-do-sest-senat\/","name":"FCS prestaram servi\u00e7os sociais em gincana solid\u00e1ria do Sest\/Senat - UniSALESIANO Ara\u00e7atuba\/SP","isPartOf":{"@id":"https:\/\/unisalesiano.com.br\/aracatuba\/#website"},"primaryImageOfPage":{"@id":"https:\/\/unisalesiano.com.br\/aracatuba\/fcs-prestaram-servicos-sociais-em-gincana-solidaria-do-sest-senat\/#primaryimage"},"datePublished":"2005-09-26T19:13:39+00:00","dateModified":"2019-06-26T13:54:24+00:00","author":{"@id":"https:\/\/unisalesiano.com.br\/aracatuba\/#\/schema\/person\/afb1b2331f463570beda616f4cc14cc9"},"breadcrumb":{"@id":"https:\/\/unisalesiano.com.br\/aracatuba\/fcs-prestaram-servicos-sociais-em-gincana-solidaria-do-sest-senat\/#breadcrumb"},"inLanguage":"pt-BR","potentialAction":[{"@type":"ReadAction","target":["https:\/\/unisalesiano.com.br\/aracatuba\/fcs-prestaram-servicos-sociais-em-gincana-solidaria-do-sest-senat\/"]}]},{"@type":"BreadcrumbList","@id":"https:\/\/unisalesiano.com.br\/aracatuba\/fcs-prestaram-servicos-sociais-em-gincana-solidaria-do-sest-senat\/#breadcrumb","itemListElement":[{"@type":"ListItem","position":1,"name":"In\u00edcio","item":"https:\/\/unisalesiano.com.br\/aracatuba\/"},{"@type":"ListItem","position":2,"name":"FCS prestaram servi\u00e7os sociais em gincana solid\u00e1ria do Sest\/Senat"}]},{"@type":"Person","@id":"https:\/\/unisalesiano.com.br\/aracatuba\/#\/schema\/person\/afb1b2331f463570beda616f4cc14cc9","name":"admin","image":{"@type":"ImageObject","@id":"https:\/\/unisalesiano.com.br\/aracatuba\/#personlogo","inLanguage":"pt-BR","url":"https:\/\/secure.gravatar.com\/avatar\/dfc5c63987fa9f19b5c366e55740b2a0ffac4aab41ba55c1bd96dbb85eb3a8ca?s=96&d=mm&r=g","contentUrl":"https:\/\/secure.gravatar.com\/avatar\/dfc5c63987fa9f19b5c366e55740b2a0ffac4aab41ba55c1bd96dbb85eb3a8ca?s=96&d=mm&r=g","caption":"admin"},"url":"https:\/\/unisalesiano.com.br\/aracatuba\/author\/admin\/"}]}},"_links":{"self":[{"href":"https:\/\/unisalesiano.com.br\/aracatuba\/wp-json\/wp\/v2\/posts\/6044","targetHints":{"allow":["GET"]}}],"collection":[{"href":"https:\/\/unisalesiano.com.br\/aracatuba\/wp-json\/wp\/v2\/posts"}],"about":[{"href":"https:\/\/unisalesiano.com.br\/aracatuba\/wp-json\/wp\/v2\/types\/post"}],"author":[{"embeddable":true,"href":"https:\/\/unisalesiano.com.br\/aracatuba\/wp-json\/wp\/v2\/users\/1"}],"replies":[{"embeddable":true,"href":"https:\/\/unisalesiano.com.br\/aracatuba\/wp-json\/wp\/v2\/comments?post=6044"}],"version-history":[{"count":0,"href":"https:\/\/unisalesiano.com.br\/aracatuba\/wp-json\/wp\/v2\/posts\/6044\/revisions"}],"wp:featuredmedia":[{"embeddable":true,"href":"https:\/\/unisalesiano.com.br\/aracatuba\/wp-json\/wp\/v2\/media\/6045"}],"wp:attachment":[{"href":"https:\/\/unisalesiano.com.br\/aracatuba\/wp-json\/wp\/v2\/media?parent=6044"}],"wp:term":[{"taxonomy":"category","embeddable":true,"href":"https:\/\/unisalesiano.com.br\/aracatuba\/wp-json\/wp\/v2\/categories?post=6044"},{"taxonomy":"post_tag","embeddable":true,"href":"https:\/\/unisalesiano.com.br\/aracatuba\/wp-json\/wp\/v2\/tags?post=6044"}],"curies":[{"name":"wp","href":"https:\/\/api.w.org\/{rel}","templated":true}]}}