{"id":6030,"date":"2005-09-23T16:08:12","date_gmt":"2005-09-23T19:08:12","guid":{"rendered":"https:\/\/unisalesiano.com.br\/?p=6030"},"modified":"2018-11-08T16:09:09","modified_gmt":"2018-11-08T18:09:09","slug":"aluna-das-fcs-conquista-medalha-em-campeonato-estadual-de-karate","status":"publish","type":"post","link":"https:\/\/unisalesiano.com.br\/aracatuba\/aluna-das-fcs-conquista-medalha-em-campeonato-estadual-de-karate\/","title":{"rendered":"Aluna das FCS conquista medalha em campeonato estadual de karat\u00ea"},"content":{"rendered":"<p>Cl\u00e1udia Souza Carvalho, aluna do 4\u00ba termo do Curso de Fisioterapia, das Faculdades Cat\u00f3licas Salesianas, acaba de conquistar uma medalha de prata no Campeonato Paulista de Karat\u00ea. A vit\u00f3ria foi obtida no dia 18 de setembro, em S\u00e3o Paulo, no Clube Esp\u00e9ria, pr\u00f3ximo ao Terminal Tiet\u00ea. O certame, de car\u00e1ter oficial, \u00e9 promovido anualmente pela Federa\u00e7\u00e3o Paulista de Karat\u00ea.<\/p>\n<p>Cl\u00e1udia concorreu com 21 atletas, integrantes de 7 equipes. O pr\u00eamio foi obtido na modalidade intitulada kata, que \u00e9 a simula\u00e7\u00e3o de uma luta com um advers\u00e1rio imagin\u00e1rio. O evento re\u00fane os melhores atletas do Estado de S\u00e3o Paulo numa competi\u00e7\u00e3o que \u00e9 classificat\u00f3ria para o Campeonato Brasileiro, que neste ano acontecer\u00e1 na cidade de Bel\u00e9m, Estado do Par\u00e1.<\/p>\n<p>Esta \u00e9 a segunda premia\u00e7\u00e3o estadual que Cl\u00e1udia obteve neste ano. A primeira foi uma medalha de bronze conquistada na modalidade shiai-kumit\u00ea por equipe &#8211; que \u00e9 um tipo de luta por pontos com dois minutos de dura\u00e7\u00e3o -, no Clube da Portuguesa de Desportos, em junho, na capital paulista. Agora, a atleta se prepara para participar, em outubro pr\u00f3ximo, dos Jogos Abertos do Interior do Estado de S\u00e3o Paulo.<\/p>\n<p>&#8220;Este foi o campeonato mais importante de que participei e obter esta vit\u00f3ria significa que conquistei um marco em minhas atividades como karateca&#8221;, disse Cl\u00e1udia, que fez parte da equipe universit\u00e1ria das FCS.<\/p>\n<p>Para F\u00e1bio Hisatugo, professor de Educa\u00e7\u00e3o F\u00edsica, aluno de Fisioterapia da Institui\u00e7\u00e3o e t\u00e9cnico das equipes das FCS e da Sele\u00e7\u00e3o Paulista de Karat\u00ea, a conquista de Cl\u00e1udia representa um grande feito por ser uma competi\u00e7\u00e3o de alt\u00edssimo n\u00edvel, uma vez que o Campeonato Paulista \u00e9 o mais disputado do Brasil. &#8220;Isso \u00e9 o reflexo do trabalho que est\u00e1 sendo desenvolvido junto \u00e0 equipe universit\u00e1ria, que em t\u00e3o pouco tempo de treinamentos j\u00e1 alcan\u00e7ou um n\u00edvel t\u00e9cnico de excelente qualidade&#8221;, comentou.<\/p>\n<p>F\u00e1bio vai acompanhar e comandar a equipe estadual a Bel\u00e9m durante a realiza\u00e7\u00e3o dos Jogos do Campeonato Brasileiro. Ricardo Soares de Almeida, coordenador do Departamento de Esportes das FCS, disse que as atividades que F\u00e1bio vem desenvolvendo na \u00e1rea junto \u00e0s Faculdades est\u00e1 surpreendendo n\u00e3o s\u00f3 a ele como tamb\u00e9m \u00e0 Dire\u00e7\u00e3o. &#8220;Esse trabalho, iniciado em mar\u00e7o deste ano, j\u00e1 est\u00e1 colhendo expressivos resultados em competi\u00e7\u00f5es regionais, vindo a obter agora o de maior express\u00e3o, que foi a conquista de Cl\u00e1udia no Campeonato Estadual&#8221;, declarou.<\/p>\n<p>O coordenador lembra que do ano passado at\u00e9 agora os atletas representantes das FCS j\u00e1 obtiveram 9 medalhas naquele certame. Ricardo informou que todas as aulas e atividades de jud\u00f4, karat\u00ea e jiu-jitsu s\u00e3o abertas a todos os alunos da Institui\u00e7\u00e3o. Para participar, o interessado deve procurar a coordena\u00e7\u00e3o nos hor\u00e1rios de treino, que acontecem de segunda a quinta-feira, das 14h \u00e0s 17h.<\/p>\n<p>&nbsp;<\/p>\n","protected":false},"excerpt":{"rendered":"<p>Cl\u00e1udia Souza Carvalho, aluna do 4\u00ba termo do Curso de Fisioterapia, das Faculdades Cat\u00f3licas Salesianas, acaba de conquistar uma medalha de prata no Campeonato Paulista de Karat\u00ea. A vit\u00f3ria foi obtida no dia 18 de setembro, em S\u00e3o Paulo, no Clube Esp\u00e9ria, pr\u00f3ximo ao Terminal Tiet\u00ea. O certame, de car\u00e1ter oficial, \u00e9 promovido anualmente pela [&hellip;]<\/p>\n","protected":false},"author":1,"featured_media":6032,"comment_status":"open","ping_status":"open","sticky":false,"template":"","format":"standard","meta":{"footnotes":""},"categories":[5],"tags":[17],"class_list":["post-6030","post","type-post","status-publish","format-standard","has-post-thumbnail","hentry","category-saude","tag-fisioterapia"],"yoast_head":"<!-- This site is optimized with the Yoast SEO plugin v17.4 - https:\/\/yoast.com\/wordpress\/plugins\/seo\/ -->\n<title>Aluna das FCS conquista medalha em campeonato estadual de karat\u00ea - UniSALESIANO Ara\u00e7atuba\/SP<\/title>\n<meta name=\"robots\" content=\"index, follow, max-snippet:-1, max-image-preview:large, max-video-preview:-1\" \/>\n<link rel=\"canonical\" href=\"https:\/\/unisalesiano.com.br\/aracatuba\/aluna-das-fcs-conquista-medalha-em-campeonato-estadual-de-karate\/\" \/>\n<meta property=\"og:locale\" content=\"pt_BR\" \/>\n<meta property=\"og:type\" content=\"article\" \/>\n<meta property=\"og:title\" content=\"Aluna das FCS conquista medalha em campeonato estadual de karat\u00ea - UniSALESIANO Ara\u00e7atuba\/SP\" \/>\n<meta property=\"og:description\" content=\"Cl\u00e1udia Souza Carvalho, aluna do 4\u00ba termo do Curso de Fisioterapia, das Faculdades Cat\u00f3licas Salesianas, acaba de conquistar uma medalha de prata no Campeonato Paulista de Karat\u00ea. A vit\u00f3ria foi obtida no dia 18 de setembro, em S\u00e3o Paulo, no Clube Esp\u00e9ria, pr\u00f3ximo ao Terminal Tiet\u00ea. O certame, de car\u00e1ter oficial, \u00e9 promovido anualmente pela [&hellip;]\" \/>\n<meta property=\"og:url\" content=\"https:\/\/unisalesiano.com.br\/aracatuba\/aluna-das-fcs-conquista-medalha-em-campeonato-estadual-de-karate\/\" \/>\n<meta property=\"og:site_name\" content=\"UniSALESIANO Ara\u00e7atuba\/SP\" \/>\n<meta property=\"article:published_time\" content=\"2005-09-23T19:08:12+00:00\" \/>\n<meta property=\"article:modified_time\" content=\"2018-11-08T18:09:09+00:00\" \/>\n<meta property=\"og:image\" content=\"https:\/\/unisalesiano.com.br\/aracatuba\/wp-content\/uploads\/2018\/11\/2005-09-23-103-Aluna-das-FCS-conquista-medalha-em.jpg\" \/>\n\t<meta property=\"og:image:width\" content=\"480\" \/>\n\t<meta property=\"og:image:height\" content=\"324\" \/>\n<meta name=\"twitter:card\" content=\"summary_large_image\" \/>\n<meta name=\"twitter:label1\" content=\"Escrito por\" \/>\n\t<meta name=\"twitter:data1\" content=\"admin\" \/>\n\t<meta name=\"twitter:label2\" content=\"Est. tempo de leitura\" \/>\n\t<meta name=\"twitter:data2\" content=\"2 minutos\" \/>\n<script type=\"application\/ld+json\" class=\"yoast-schema-graph\">{\"@context\":\"https:\/\/schema.org\",\"@graph\":[{\"@type\":\"WebSite\",\"@id\":\"https:\/\/unisalesiano.com.br\/aracatuba\/#website\",\"url\":\"https:\/\/unisalesiano.com.br\/aracatuba\/\",\"name\":\"UniSALESIANO Ara\\u00e7atuba\/SP\",\"description\":\"Centro Universit\\u00e1rio Cat\\u00f3lico Salesiano Auxilium\",\"potentialAction\":[{\"@type\":\"SearchAction\",\"target\":{\"@type\":\"EntryPoint\",\"urlTemplate\":\"https:\/\/unisalesiano.com.br\/aracatuba\/?s={search_term_string}\"},\"query-input\":\"required name=search_term_string\"}],\"inLanguage\":\"pt-BR\"},{\"@type\":\"ImageObject\",\"@id\":\"https:\/\/unisalesiano.com.br\/aracatuba\/aluna-das-fcs-conquista-medalha-em-campeonato-estadual-de-karate\/#primaryimage\",\"inLanguage\":\"pt-BR\",\"url\":\"https:\/\/unisalesiano.com.br\/aracatuba\/wp-content\/uploads\/2018\/11\/2005-09-23-103-Aluna-das-FCS-conquista-medalha-em.jpg\",\"contentUrl\":\"https:\/\/unisalesiano.com.br\/aracatuba\/wp-content\/uploads\/2018\/11\/2005-09-23-103-Aluna-das-FCS-conquista-medalha-em.jpg\",\"width\":480,\"height\":324},{\"@type\":\"WebPage\",\"@id\":\"https:\/\/unisalesiano.com.br\/aracatuba\/aluna-das-fcs-conquista-medalha-em-campeonato-estadual-de-karate\/#webpage\",\"url\":\"https:\/\/unisalesiano.com.br\/aracatuba\/aluna-das-fcs-conquista-medalha-em-campeonato-estadual-de-karate\/\",\"name\":\"Aluna das FCS conquista medalha em campeonato estadual de karat\\u00ea - UniSALESIANO Ara\\u00e7atuba\/SP\",\"isPartOf\":{\"@id\":\"https:\/\/unisalesiano.com.br\/aracatuba\/#website\"},\"primaryImageOfPage\":{\"@id\":\"https:\/\/unisalesiano.com.br\/aracatuba\/aluna-das-fcs-conquista-medalha-em-campeonato-estadual-de-karate\/#primaryimage\"},\"datePublished\":\"2005-09-23T19:08:12+00:00\",\"dateModified\":\"2018-11-08T18:09:09+00:00\",\"author\":{\"@id\":\"https:\/\/unisalesiano.com.br\/aracatuba\/#\/schema\/person\/afb1b2331f463570beda616f4cc14cc9\"},\"breadcrumb\":{\"@id\":\"https:\/\/unisalesiano.com.br\/aracatuba\/aluna-das-fcs-conquista-medalha-em-campeonato-estadual-de-karate\/#breadcrumb\"},\"inLanguage\":\"pt-BR\",\"potentialAction\":[{\"@type\":\"ReadAction\",\"target\":[\"https:\/\/unisalesiano.com.br\/aracatuba\/aluna-das-fcs-conquista-medalha-em-campeonato-estadual-de-karate\/\"]}]},{\"@type\":\"BreadcrumbList\",\"@id\":\"https:\/\/unisalesiano.com.br\/aracatuba\/aluna-das-fcs-conquista-medalha-em-campeonato-estadual-de-karate\/#breadcrumb\",\"itemListElement\":[{\"@type\":\"ListItem\",\"position\":1,\"name\":\"In\\u00edcio\",\"item\":\"https:\/\/unisalesiano.com.br\/aracatuba\/\"},{\"@type\":\"ListItem\",\"position\":2,\"name\":\"Aluna das FCS conquista medalha em campeonato estadual de karat\\u00ea\"}]},{\"@type\":\"Person\",\"@id\":\"https:\/\/unisalesiano.com.br\/aracatuba\/#\/schema\/person\/afb1b2331f463570beda616f4cc14cc9\",\"name\":\"admin\",\"image\":{\"@type\":\"ImageObject\",\"@id\":\"https:\/\/unisalesiano.com.br\/aracatuba\/#personlogo\",\"inLanguage\":\"pt-BR\",\"url\":\"https:\/\/secure.gravatar.com\/avatar\/dfc5c63987fa9f19b5c366e55740b2a0ffac4aab41ba55c1bd96dbb85eb3a8ca?s=96&d=mm&r=g\",\"contentUrl\":\"https:\/\/secure.gravatar.com\/avatar\/dfc5c63987fa9f19b5c366e55740b2a0ffac4aab41ba55c1bd96dbb85eb3a8ca?s=96&d=mm&r=g\",\"caption\":\"admin\"},\"url\":\"https:\/\/unisalesiano.com.br\/aracatuba\/author\/admin\/\"}]}<\/script>\n<!-- \/ Yoast SEO plugin. -->","yoast_head_json":{"title":"Aluna das FCS conquista medalha em campeonato estadual de karat\u00ea - UniSALESIANO Ara\u00e7atuba\/SP","robots":{"index":"index","follow":"follow","max-snippet":"max-snippet:-1","max-image-preview":"max-image-preview:large","max-video-preview":"max-video-preview:-1"},"canonical":"https:\/\/unisalesiano.com.br\/aracatuba\/aluna-das-fcs-conquista-medalha-em-campeonato-estadual-de-karate\/","og_locale":"pt_BR","og_type":"article","og_title":"Aluna das FCS conquista medalha em campeonato estadual de karat\u00ea - UniSALESIANO Ara\u00e7atuba\/SP","og_description":"Cl\u00e1udia Souza Carvalho, aluna do 4\u00ba termo do Curso de Fisioterapia, das Faculdades Cat\u00f3licas Salesianas, acaba de conquistar uma medalha de prata no Campeonato Paulista de Karat\u00ea. A vit\u00f3ria foi obtida no dia 18 de setembro, em S\u00e3o Paulo, no Clube Esp\u00e9ria, pr\u00f3ximo ao Terminal Tiet\u00ea. O certame, de car\u00e1ter oficial, \u00e9 promovido anualmente pela [&hellip;]","og_url":"https:\/\/unisalesiano.com.br\/aracatuba\/aluna-das-fcs-conquista-medalha-em-campeonato-estadual-de-karate\/","og_site_name":"UniSALESIANO Ara\u00e7atuba\/SP","article_published_time":"2005-09-23T19:08:12+00:00","article_modified_time":"2018-11-08T18:09:09+00:00","og_image":[{"width":480,"height":324,"url":"https:\/\/unisalesiano.com.br\/aracatuba\/wp-content\/uploads\/2018\/11\/2005-09-23-103-Aluna-das-FCS-conquista-medalha-em.jpg","type":"image\/jpeg"}],"twitter_card":"summary_large_image","twitter_misc":{"Escrito por":"admin","Est. tempo de leitura":"2 minutos"},"schema":{"@context":"https:\/\/schema.org","@graph":[{"@type":"WebSite","@id":"https:\/\/unisalesiano.com.br\/aracatuba\/#website","url":"https:\/\/unisalesiano.com.br\/aracatuba\/","name":"UniSALESIANO Ara\u00e7atuba\/SP","description":"Centro Universit\u00e1rio Cat\u00f3lico Salesiano Auxilium","potentialAction":[{"@type":"SearchAction","target":{"@type":"EntryPoint","urlTemplate":"https:\/\/unisalesiano.com.br\/aracatuba\/?s={search_term_string}"},"query-input":"required name=search_term_string"}],"inLanguage":"pt-BR"},{"@type":"ImageObject","@id":"https:\/\/unisalesiano.com.br\/aracatuba\/aluna-das-fcs-conquista-medalha-em-campeonato-estadual-de-karate\/#primaryimage","inLanguage":"pt-BR","url":"https:\/\/unisalesiano.com.br\/aracatuba\/wp-content\/uploads\/2018\/11\/2005-09-23-103-Aluna-das-FCS-conquista-medalha-em.jpg","contentUrl":"https:\/\/unisalesiano.com.br\/aracatuba\/wp-content\/uploads\/2018\/11\/2005-09-23-103-Aluna-das-FCS-conquista-medalha-em.jpg","width":480,"height":324},{"@type":"WebPage","@id":"https:\/\/unisalesiano.com.br\/aracatuba\/aluna-das-fcs-conquista-medalha-em-campeonato-estadual-de-karate\/#webpage","url":"https:\/\/unisalesiano.com.br\/aracatuba\/aluna-das-fcs-conquista-medalha-em-campeonato-estadual-de-karate\/","name":"Aluna das FCS conquista medalha em campeonato estadual de karat\u00ea - UniSALESIANO Ara\u00e7atuba\/SP","isPartOf":{"@id":"https:\/\/unisalesiano.com.br\/aracatuba\/#website"},"primaryImageOfPage":{"@id":"https:\/\/unisalesiano.com.br\/aracatuba\/aluna-das-fcs-conquista-medalha-em-campeonato-estadual-de-karate\/#primaryimage"},"datePublished":"2005-09-23T19:08:12+00:00","dateModified":"2018-11-08T18:09:09+00:00","author":{"@id":"https:\/\/unisalesiano.com.br\/aracatuba\/#\/schema\/person\/afb1b2331f463570beda616f4cc14cc9"},"breadcrumb":{"@id":"https:\/\/unisalesiano.com.br\/aracatuba\/aluna-das-fcs-conquista-medalha-em-campeonato-estadual-de-karate\/#breadcrumb"},"inLanguage":"pt-BR","potentialAction":[{"@type":"ReadAction","target":["https:\/\/unisalesiano.com.br\/aracatuba\/aluna-das-fcs-conquista-medalha-em-campeonato-estadual-de-karate\/"]}]},{"@type":"BreadcrumbList","@id":"https:\/\/unisalesiano.com.br\/aracatuba\/aluna-das-fcs-conquista-medalha-em-campeonato-estadual-de-karate\/#breadcrumb","itemListElement":[{"@type":"ListItem","position":1,"name":"In\u00edcio","item":"https:\/\/unisalesiano.com.br\/aracatuba\/"},{"@type":"ListItem","position":2,"name":"Aluna das FCS conquista medalha em campeonato estadual de karat\u00ea"}]},{"@type":"Person","@id":"https:\/\/unisalesiano.com.br\/aracatuba\/#\/schema\/person\/afb1b2331f463570beda616f4cc14cc9","name":"admin","image":{"@type":"ImageObject","@id":"https:\/\/unisalesiano.com.br\/aracatuba\/#personlogo","inLanguage":"pt-BR","url":"https:\/\/secure.gravatar.com\/avatar\/dfc5c63987fa9f19b5c366e55740b2a0ffac4aab41ba55c1bd96dbb85eb3a8ca?s=96&d=mm&r=g","contentUrl":"https:\/\/secure.gravatar.com\/avatar\/dfc5c63987fa9f19b5c366e55740b2a0ffac4aab41ba55c1bd96dbb85eb3a8ca?s=96&d=mm&r=g","caption":"admin"},"url":"https:\/\/unisalesiano.com.br\/aracatuba\/author\/admin\/"}]}},"_links":{"self":[{"href":"https:\/\/unisalesiano.com.br\/aracatuba\/wp-json\/wp\/v2\/posts\/6030","targetHints":{"allow":["GET"]}}],"collection":[{"href":"https:\/\/unisalesiano.com.br\/aracatuba\/wp-json\/wp\/v2\/posts"}],"about":[{"href":"https:\/\/unisalesiano.com.br\/aracatuba\/wp-json\/wp\/v2\/types\/post"}],"author":[{"embeddable":true,"href":"https:\/\/unisalesiano.com.br\/aracatuba\/wp-json\/wp\/v2\/users\/1"}],"replies":[{"embeddable":true,"href":"https:\/\/unisalesiano.com.br\/aracatuba\/wp-json\/wp\/v2\/comments?post=6030"}],"version-history":[{"count":0,"href":"https:\/\/unisalesiano.com.br\/aracatuba\/wp-json\/wp\/v2\/posts\/6030\/revisions"}],"wp:featuredmedia":[{"embeddable":true,"href":"https:\/\/unisalesiano.com.br\/aracatuba\/wp-json\/wp\/v2\/media\/6032"}],"wp:attachment":[{"href":"https:\/\/unisalesiano.com.br\/aracatuba\/wp-json\/wp\/v2\/media?parent=6030"}],"wp:term":[{"taxonomy":"category","embeddable":true,"href":"https:\/\/unisalesiano.com.br\/aracatuba\/wp-json\/wp\/v2\/categories?post=6030"},{"taxonomy":"post_tag","embeddable":true,"href":"https:\/\/unisalesiano.com.br\/aracatuba\/wp-json\/wp\/v2\/tags?post=6030"}],"curies":[{"name":"wp","href":"https:\/\/api.w.org\/{rel}","templated":true}]}}