{"id":6016,"date":"2005-09-15T16:01:56","date_gmt":"2005-09-15T19:01:56","guid":{"rendered":"https:\/\/unisalesiano.com.br\/?p=6016"},"modified":"2018-11-08T16:02:49","modified_gmt":"2018-11-08T18:02:49","slug":"enfermagem-das-fcs-visita-brauna-e-inicia-atendimento-a-indigenas","status":"publish","type":"post","link":"https:\/\/unisalesiano.com.br\/aracatuba\/enfermagem-das-fcs-visita-brauna-e-inicia-atendimento-a-indigenas\/","title":{"rendered":"Enfermagem das FCS visita Bra\u00fana e inicia atendimento a ind\u00edgenas"},"content":{"rendered":"<p>Professores do Curso de Enfermagem das Faculdades Cat\u00f3licas Salesianas de Ara\u00e7atuba visitaram nesta segunda-feira a reserva ind\u00edgena Icatu, que se localiza no munic\u00edpio de Bra\u00fana. O objetivo era conhecer a realidade dos membros da tribo e iniciar um trabalho de presta\u00e7\u00e3o de servi\u00e7os relacionados \u00e0 \u00e1rea de sa\u00fade, trabalhando principalmente com a quest\u00e3o da preven\u00e7\u00e3o.<\/p>\n<p>A coordena\u00e7\u00e3o da \u00e1rea informou que a viagem j\u00e1 \u00e9 um reflexo da parceria que as FCS v\u00e3o manter com a Prefeitura daquele munic\u00edpio. O prefeito da cidade, Heitor Verdu, acompanhou os visitantes e ajudou a levantar informa\u00e7\u00f5es sobre os ind\u00edgenas. Ele demonstrou entusiasmo com a id\u00e9ia de firmar a parceria e poder, desta forma, abrir um campo novo de atua\u00e7\u00e3o, bem como ajudar a popula\u00e7\u00e3o.<\/p>\n<p>&#8220;A principal finalidade desta visita \u00e9 trabalhar a interdisciplinariedade na forma\u00e7\u00e3o de nossos alunos, tendo por objetivo tra\u00e7ar um quadro s\u00f3cio-cultural da comunidade ind\u00edgena da reserva e levantar um perfil epidemiol\u00f3gico para podermos estabelecer um plano de a\u00e7\u00e3o. Os trabalhos ter\u00e3o prosseguimento com os alunos na reserva.&#8221;, declara Cl\u00e1udia Cyrillo, coordenadora do curso.<\/p>\n<p>Ainda segundo Cl\u00e1udia, foi importante conhecer a reserva ind\u00edgena pois assim os alunos ter\u00e3o a chance de conhecer outras culturas e aplicar os ensinamentos que obt\u00eam no sexto termo, quando mant\u00eam contato com a disciplina \u00b4Sa\u00fade Ind\u00edgena\u00b4. Ela lembrou que a Miss\u00e3o Salesiana tem uma rica hist\u00f3ria de trabalhos feitos em comunidades ind\u00edgenas, citando que o pr\u00f3prio Pe. Luigi Favero, Diretor Geral das FCS, quando veio da It\u00e1lia para o Brasil iniciou sua atua\u00e7\u00e3o nesse campo, ainda em Mato Grosso.<\/p>\n<p>Segundo a professora Marcelle Barros, o importante neste trabalho \u00e9 a responsabilidade social que ele enseja, pois o enfermeiro deve se interessar por conhecer a diversidade cultural do mundo que o cerca, bem como identificar suas necessidades e potencialidades para poder atuar junto \u00e0s comunidades de maneira participativa e comprometida com a promo\u00e7\u00e3o de sa\u00fade.<\/p>\n<p>Por sua vez, a professora Gislene Marcelino lembrou que o objetivo da epidemiologia \u00e9 permitir que se conhe\u00e7a bem a situa\u00e7\u00e3o da sa\u00fade da popula\u00e7\u00e3o ind\u00edgena e fazer o diagn\u00f3stico apropriado. &#8220;A enfermagem das Faculdades Cat\u00f3licas Salesianas de Ara\u00e7atuba Ara\u00e7atuba \u00e9 um curso que, ao visar a forma\u00e7\u00e3o human\u00edstica com responsabilidade social, deseja proporcionar aos seus alunos uma forma\u00e7\u00e3o diferenciada, que atenda \u00e0s necessidades cient\u00edficas do mundo moderno e busque a excel\u00eancia educacional&#8221;, conclui.<\/p>\n<p>Fazem parte do grupo de trabalho que atua neste projeto os professores Marcelle Barros, respons\u00e1vel pela disciplina de Sa\u00fade Coletiva; Gislene Marcelino (Epidemiologia); e Ricardo Silva Tannus (Sociologia Aplicada \u00e0 Sa\u00fade e Antropologia). A coordena\u00e7\u00e3o \u00e9 feita pela professora Cl\u00e1udia Cyrillo, cordenadora do Curso de Enfermagem.<\/p>\n<p>O grupo passar\u00e1 por um treinamento a ser desenvolvido pela Funda\u00e7\u00e3o Nacioanl de Sa\u00fade (FUNASA), em que os participantes v\u00e3o obter novos conhecimentos sobre a pr\u00e1tica do trabalho com comunidades ind\u00edgenas.<\/p>\n<p>&nbsp;<\/p>\n","protected":false},"excerpt":{"rendered":"<p>Professores do Curso de Enfermagem das Faculdades Cat\u00f3licas Salesianas de Ara\u00e7atuba visitaram nesta segunda-feira a reserva ind\u00edgena Icatu, que se localiza no munic\u00edpio de Bra\u00fana. O objetivo era conhecer a realidade dos membros da tribo e iniciar um trabalho de presta\u00e7\u00e3o de servi\u00e7os relacionados \u00e0 \u00e1rea de sa\u00fade, trabalhando principalmente com a quest\u00e3o da preven\u00e7\u00e3o. [&hellip;]<\/p>\n","protected":false},"author":1,"featured_media":6017,"comment_status":"open","ping_status":"open","sticky":false,"template":"","format":"standard","meta":{"footnotes":""},"categories":[5],"tags":[15],"class_list":["post-6016","post","type-post","status-publish","format-standard","has-post-thumbnail","hentry","category-saude","tag-enfermagem"],"yoast_head":"<!-- This site is optimized with the Yoast SEO plugin v17.4 - https:\/\/yoast.com\/wordpress\/plugins\/seo\/ -->\n<title>Enfermagem das FCS visita Bra\u00fana e inicia atendimento a ind\u00edgenas - UniSALESIANO Ara\u00e7atuba\/SP<\/title>\n<meta name=\"robots\" content=\"index, follow, max-snippet:-1, max-image-preview:large, max-video-preview:-1\" \/>\n<link rel=\"canonical\" href=\"https:\/\/unisalesiano.com.br\/aracatuba\/enfermagem-das-fcs-visita-brauna-e-inicia-atendimento-a-indigenas\/\" \/>\n<meta property=\"og:locale\" content=\"pt_BR\" \/>\n<meta property=\"og:type\" content=\"article\" \/>\n<meta property=\"og:title\" content=\"Enfermagem das FCS visita Bra\u00fana e inicia atendimento a ind\u00edgenas - UniSALESIANO Ara\u00e7atuba\/SP\" \/>\n<meta property=\"og:description\" content=\"Professores do Curso de Enfermagem das Faculdades Cat\u00f3licas Salesianas de Ara\u00e7atuba visitaram nesta segunda-feira a reserva ind\u00edgena Icatu, que se localiza no munic\u00edpio de Bra\u00fana. O objetivo era conhecer a realidade dos membros da tribo e iniciar um trabalho de presta\u00e7\u00e3o de servi\u00e7os relacionados \u00e0 \u00e1rea de sa\u00fade, trabalhando principalmente com a quest\u00e3o da preven\u00e7\u00e3o. [&hellip;]\" \/>\n<meta property=\"og:url\" content=\"https:\/\/unisalesiano.com.br\/aracatuba\/enfermagem-das-fcs-visita-brauna-e-inicia-atendimento-a-indigenas\/\" \/>\n<meta property=\"og:site_name\" content=\"UniSALESIANO Ara\u00e7atuba\/SP\" \/>\n<meta property=\"article:published_time\" content=\"2005-09-15T19:01:56+00:00\" \/>\n<meta property=\"article:modified_time\" content=\"2018-11-08T18:02:49+00:00\" \/>\n<meta property=\"og:image\" content=\"https:\/\/unisalesiano.com.br\/aracatuba\/wp-content\/uploads\/2018\/11\/2005-09-15-98-Enfermagem-das-FCS-visita-Bra\u00fana.jpg\" \/>\n\t<meta property=\"og:image:width\" content=\"480\" \/>\n\t<meta property=\"og:image:height\" content=\"360\" \/>\n<meta name=\"twitter:card\" content=\"summary_large_image\" \/>\n<meta name=\"twitter:label1\" content=\"Escrito por\" \/>\n\t<meta name=\"twitter:data1\" content=\"admin\" \/>\n\t<meta name=\"twitter:label2\" content=\"Est. tempo de leitura\" \/>\n\t<meta name=\"twitter:data2\" content=\"3 minutos\" \/>\n<script type=\"application\/ld+json\" class=\"yoast-schema-graph\">{\"@context\":\"https:\/\/schema.org\",\"@graph\":[{\"@type\":\"WebSite\",\"@id\":\"https:\/\/unisalesiano.com.br\/aracatuba\/#website\",\"url\":\"https:\/\/unisalesiano.com.br\/aracatuba\/\",\"name\":\"UniSALESIANO Ara\\u00e7atuba\/SP\",\"description\":\"Centro Universit\\u00e1rio Cat\\u00f3lico Salesiano Auxilium\",\"potentialAction\":[{\"@type\":\"SearchAction\",\"target\":{\"@type\":\"EntryPoint\",\"urlTemplate\":\"https:\/\/unisalesiano.com.br\/aracatuba\/?s={search_term_string}\"},\"query-input\":\"required name=search_term_string\"}],\"inLanguage\":\"pt-BR\"},{\"@type\":\"ImageObject\",\"@id\":\"https:\/\/unisalesiano.com.br\/aracatuba\/enfermagem-das-fcs-visita-brauna-e-inicia-atendimento-a-indigenas\/#primaryimage\",\"inLanguage\":\"pt-BR\",\"url\":\"https:\/\/unisalesiano.com.br\/aracatuba\/wp-content\/uploads\/2018\/11\/2005-09-15-98-Enfermagem-das-FCS-visita-Bra\\u00fana.jpg\",\"contentUrl\":\"https:\/\/unisalesiano.com.br\/aracatuba\/wp-content\/uploads\/2018\/11\/2005-09-15-98-Enfermagem-das-FCS-visita-Bra\\u00fana.jpg\",\"width\":480,\"height\":360},{\"@type\":\"WebPage\",\"@id\":\"https:\/\/unisalesiano.com.br\/aracatuba\/enfermagem-das-fcs-visita-brauna-e-inicia-atendimento-a-indigenas\/#webpage\",\"url\":\"https:\/\/unisalesiano.com.br\/aracatuba\/enfermagem-das-fcs-visita-brauna-e-inicia-atendimento-a-indigenas\/\",\"name\":\"Enfermagem das FCS visita Bra\\u00fana e inicia atendimento a ind\\u00edgenas - UniSALESIANO Ara\\u00e7atuba\/SP\",\"isPartOf\":{\"@id\":\"https:\/\/unisalesiano.com.br\/aracatuba\/#website\"},\"primaryImageOfPage\":{\"@id\":\"https:\/\/unisalesiano.com.br\/aracatuba\/enfermagem-das-fcs-visita-brauna-e-inicia-atendimento-a-indigenas\/#primaryimage\"},\"datePublished\":\"2005-09-15T19:01:56+00:00\",\"dateModified\":\"2018-11-08T18:02:49+00:00\",\"author\":{\"@id\":\"https:\/\/unisalesiano.com.br\/aracatuba\/#\/schema\/person\/afb1b2331f463570beda616f4cc14cc9\"},\"breadcrumb\":{\"@id\":\"https:\/\/unisalesiano.com.br\/aracatuba\/enfermagem-das-fcs-visita-brauna-e-inicia-atendimento-a-indigenas\/#breadcrumb\"},\"inLanguage\":\"pt-BR\",\"potentialAction\":[{\"@type\":\"ReadAction\",\"target\":[\"https:\/\/unisalesiano.com.br\/aracatuba\/enfermagem-das-fcs-visita-brauna-e-inicia-atendimento-a-indigenas\/\"]}]},{\"@type\":\"BreadcrumbList\",\"@id\":\"https:\/\/unisalesiano.com.br\/aracatuba\/enfermagem-das-fcs-visita-brauna-e-inicia-atendimento-a-indigenas\/#breadcrumb\",\"itemListElement\":[{\"@type\":\"ListItem\",\"position\":1,\"name\":\"In\\u00edcio\",\"item\":\"https:\/\/unisalesiano.com.br\/aracatuba\/\"},{\"@type\":\"ListItem\",\"position\":2,\"name\":\"Enfermagem das FCS visita Bra\\u00fana e inicia atendimento a ind\\u00edgenas\"}]},{\"@type\":\"Person\",\"@id\":\"https:\/\/unisalesiano.com.br\/aracatuba\/#\/schema\/person\/afb1b2331f463570beda616f4cc14cc9\",\"name\":\"admin\",\"image\":{\"@type\":\"ImageObject\",\"@id\":\"https:\/\/unisalesiano.com.br\/aracatuba\/#personlogo\",\"inLanguage\":\"pt-BR\",\"url\":\"https:\/\/secure.gravatar.com\/avatar\/dfc5c63987fa9f19b5c366e55740b2a0ffac4aab41ba55c1bd96dbb85eb3a8ca?s=96&d=mm&r=g\",\"contentUrl\":\"https:\/\/secure.gravatar.com\/avatar\/dfc5c63987fa9f19b5c366e55740b2a0ffac4aab41ba55c1bd96dbb85eb3a8ca?s=96&d=mm&r=g\",\"caption\":\"admin\"},\"url\":\"https:\/\/unisalesiano.com.br\/aracatuba\/author\/admin\/\"}]}<\/script>\n<!-- \/ Yoast SEO plugin. -->","yoast_head_json":{"title":"Enfermagem das FCS visita Bra\u00fana e inicia atendimento a ind\u00edgenas - UniSALESIANO Ara\u00e7atuba\/SP","robots":{"index":"index","follow":"follow","max-snippet":"max-snippet:-1","max-image-preview":"max-image-preview:large","max-video-preview":"max-video-preview:-1"},"canonical":"https:\/\/unisalesiano.com.br\/aracatuba\/enfermagem-das-fcs-visita-brauna-e-inicia-atendimento-a-indigenas\/","og_locale":"pt_BR","og_type":"article","og_title":"Enfermagem das FCS visita Bra\u00fana e inicia atendimento a ind\u00edgenas - UniSALESIANO Ara\u00e7atuba\/SP","og_description":"Professores do Curso de Enfermagem das Faculdades Cat\u00f3licas Salesianas de Ara\u00e7atuba visitaram nesta segunda-feira a reserva ind\u00edgena Icatu, que se localiza no munic\u00edpio de Bra\u00fana. O objetivo era conhecer a realidade dos membros da tribo e iniciar um trabalho de presta\u00e7\u00e3o de servi\u00e7os relacionados \u00e0 \u00e1rea de sa\u00fade, trabalhando principalmente com a quest\u00e3o da preven\u00e7\u00e3o. [&hellip;]","og_url":"https:\/\/unisalesiano.com.br\/aracatuba\/enfermagem-das-fcs-visita-brauna-e-inicia-atendimento-a-indigenas\/","og_site_name":"UniSALESIANO Ara\u00e7atuba\/SP","article_published_time":"2005-09-15T19:01:56+00:00","article_modified_time":"2018-11-08T18:02:49+00:00","og_image":[{"width":480,"height":360,"url":"https:\/\/unisalesiano.com.br\/aracatuba\/wp-content\/uploads\/2018\/11\/2005-09-15-98-Enfermagem-das-FCS-visita-Bra\u00fana.jpg","type":"image\/jpeg"}],"twitter_card":"summary_large_image","twitter_misc":{"Escrito por":"admin","Est. tempo de leitura":"3 minutos"},"schema":{"@context":"https:\/\/schema.org","@graph":[{"@type":"WebSite","@id":"https:\/\/unisalesiano.com.br\/aracatuba\/#website","url":"https:\/\/unisalesiano.com.br\/aracatuba\/","name":"UniSALESIANO Ara\u00e7atuba\/SP","description":"Centro Universit\u00e1rio Cat\u00f3lico Salesiano Auxilium","potentialAction":[{"@type":"SearchAction","target":{"@type":"EntryPoint","urlTemplate":"https:\/\/unisalesiano.com.br\/aracatuba\/?s={search_term_string}"},"query-input":"required name=search_term_string"}],"inLanguage":"pt-BR"},{"@type":"ImageObject","@id":"https:\/\/unisalesiano.com.br\/aracatuba\/enfermagem-das-fcs-visita-brauna-e-inicia-atendimento-a-indigenas\/#primaryimage","inLanguage":"pt-BR","url":"https:\/\/unisalesiano.com.br\/aracatuba\/wp-content\/uploads\/2018\/11\/2005-09-15-98-Enfermagem-das-FCS-visita-Bra\u00fana.jpg","contentUrl":"https:\/\/unisalesiano.com.br\/aracatuba\/wp-content\/uploads\/2018\/11\/2005-09-15-98-Enfermagem-das-FCS-visita-Bra\u00fana.jpg","width":480,"height":360},{"@type":"WebPage","@id":"https:\/\/unisalesiano.com.br\/aracatuba\/enfermagem-das-fcs-visita-brauna-e-inicia-atendimento-a-indigenas\/#webpage","url":"https:\/\/unisalesiano.com.br\/aracatuba\/enfermagem-das-fcs-visita-brauna-e-inicia-atendimento-a-indigenas\/","name":"Enfermagem das FCS visita Bra\u00fana e inicia atendimento a ind\u00edgenas - UniSALESIANO Ara\u00e7atuba\/SP","isPartOf":{"@id":"https:\/\/unisalesiano.com.br\/aracatuba\/#website"},"primaryImageOfPage":{"@id":"https:\/\/unisalesiano.com.br\/aracatuba\/enfermagem-das-fcs-visita-brauna-e-inicia-atendimento-a-indigenas\/#primaryimage"},"datePublished":"2005-09-15T19:01:56+00:00","dateModified":"2018-11-08T18:02:49+00:00","author":{"@id":"https:\/\/unisalesiano.com.br\/aracatuba\/#\/schema\/person\/afb1b2331f463570beda616f4cc14cc9"},"breadcrumb":{"@id":"https:\/\/unisalesiano.com.br\/aracatuba\/enfermagem-das-fcs-visita-brauna-e-inicia-atendimento-a-indigenas\/#breadcrumb"},"inLanguage":"pt-BR","potentialAction":[{"@type":"ReadAction","target":["https:\/\/unisalesiano.com.br\/aracatuba\/enfermagem-das-fcs-visita-brauna-e-inicia-atendimento-a-indigenas\/"]}]},{"@type":"BreadcrumbList","@id":"https:\/\/unisalesiano.com.br\/aracatuba\/enfermagem-das-fcs-visita-brauna-e-inicia-atendimento-a-indigenas\/#breadcrumb","itemListElement":[{"@type":"ListItem","position":1,"name":"In\u00edcio","item":"https:\/\/unisalesiano.com.br\/aracatuba\/"},{"@type":"ListItem","position":2,"name":"Enfermagem das FCS visita Bra\u00fana e inicia atendimento a ind\u00edgenas"}]},{"@type":"Person","@id":"https:\/\/unisalesiano.com.br\/aracatuba\/#\/schema\/person\/afb1b2331f463570beda616f4cc14cc9","name":"admin","image":{"@type":"ImageObject","@id":"https:\/\/unisalesiano.com.br\/aracatuba\/#personlogo","inLanguage":"pt-BR","url":"https:\/\/secure.gravatar.com\/avatar\/dfc5c63987fa9f19b5c366e55740b2a0ffac4aab41ba55c1bd96dbb85eb3a8ca?s=96&d=mm&r=g","contentUrl":"https:\/\/secure.gravatar.com\/avatar\/dfc5c63987fa9f19b5c366e55740b2a0ffac4aab41ba55c1bd96dbb85eb3a8ca?s=96&d=mm&r=g","caption":"admin"},"url":"https:\/\/unisalesiano.com.br\/aracatuba\/author\/admin\/"}]}},"_links":{"self":[{"href":"https:\/\/unisalesiano.com.br\/aracatuba\/wp-json\/wp\/v2\/posts\/6016","targetHints":{"allow":["GET"]}}],"collection":[{"href":"https:\/\/unisalesiano.com.br\/aracatuba\/wp-json\/wp\/v2\/posts"}],"about":[{"href":"https:\/\/unisalesiano.com.br\/aracatuba\/wp-json\/wp\/v2\/types\/post"}],"author":[{"embeddable":true,"href":"https:\/\/unisalesiano.com.br\/aracatuba\/wp-json\/wp\/v2\/users\/1"}],"replies":[{"embeddable":true,"href":"https:\/\/unisalesiano.com.br\/aracatuba\/wp-json\/wp\/v2\/comments?post=6016"}],"version-history":[{"count":0,"href":"https:\/\/unisalesiano.com.br\/aracatuba\/wp-json\/wp\/v2\/posts\/6016\/revisions"}],"wp:featuredmedia":[{"embeddable":true,"href":"https:\/\/unisalesiano.com.br\/aracatuba\/wp-json\/wp\/v2\/media\/6017"}],"wp:attachment":[{"href":"https:\/\/unisalesiano.com.br\/aracatuba\/wp-json\/wp\/v2\/media?parent=6016"}],"wp:term":[{"taxonomy":"category","embeddable":true,"href":"https:\/\/unisalesiano.com.br\/aracatuba\/wp-json\/wp\/v2\/categories?post=6016"},{"taxonomy":"post_tag","embeddable":true,"href":"https:\/\/unisalesiano.com.br\/aracatuba\/wp-json\/wp\/v2\/tags?post=6016"}],"curies":[{"name":"wp","href":"https:\/\/api.w.org\/{rel}","templated":true}]}}