{"id":5951,"date":"2005-08-17T15:10:04","date_gmt":"2005-08-17T18:10:04","guid":{"rendered":"https:\/\/unisalesiano.com.br\/?p=5951"},"modified":"2019-06-26T10:42:22","modified_gmt":"2019-06-26T13:42:22","slug":"enfermagem-das-fcs-participa-da-campanha-de-vacinacao","status":"publish","type":"post","link":"https:\/\/unisalesiano.com.br\/aracatuba\/enfermagem-das-fcs-participa-da-campanha-de-vacinacao\/","title":{"rendered":"Enfermagem das FCS participa da Campanha de Vacina\u00e7\u00e3o"},"content":{"rendered":"<p>As Faculdades Cat\u00f3licas Salesianas de Ara\u00e7atuba est\u00e3o integrando o grupo de entidades que colaboram para a realiza\u00e7\u00e3o de mais uma etapa da Campanha de Vacina\u00e7\u00e3o contra a Paralisia Infantil. A iniciativa \u00e9 da Prefeitura Municipal, atrav\u00e9s da Secretaria de Sa\u00fade e Higiene P\u00fablica.<\/p>\n<p>A participa\u00e7\u00e3o se d\u00e1 por meio do trabalho que os alunos do 2\u00ba Termo do Curso de Enfermagem est\u00e3o desenvolvendo no Cal\u00e7ad\u00e3o da Marechal Deodoro desde o dia 15 e com t\u00e9rmino previsto para este dia 19.<\/p>\n<p>Cinq\u00fcenta estudantes divididos em seis grupos informam a popula\u00e7\u00e3o em locais estrat\u00e9gicos do Cal\u00e7ad\u00e3o: Lojas Riachuelo, Bradesco, esquina com a Rua Princesa Isabel, Oriental Cal\u00e7ados, Belas Artes e Multishop. O trabalho \u00e9 realizado entre 9h e 11h.<\/p>\n<p>Esta a\u00e7\u00e3o integra, tamb\u00e9m, as atividades das disciplinas de Epidemiologia e Sa\u00fade Coletiva do Curso de Enfermagem e conta com a supervis\u00e3o das docentes respons\u00e1veis pelas \u00e1reas. O objetivo \u00e9 o de sensibilizar principalmente os senhores pais para que levem seus filhos com idade at\u00e9 5 anos para a vacina\u00e7\u00e3o que ocorrer\u00e1 durante todo o pr\u00f3ximo s\u00e1bado, dia 20.<\/p>\n<p>Segundo Cl\u00e1udia Ciryllo, coordenadora do Curso de Enfermagem das FCS, &#8220;atividades como esta s\u00e3o de extrema import\u00e2ncia para a forma\u00e7\u00e3o dos nossos futuros profissionais, pois assim estaremos atuando na dire\u00e7\u00e3o dos objetivos educacionais propostos pela Institui\u00e7\u00e3o&#8221;, comentou.<\/p>\n<p>Segundo ela, oportunidades como esta fazem parte do cont\u00ednuo esfor\u00e7o feito no sentido de dotar os alunos de grande capacidade t\u00e9cnica.<\/p>\n<p>Cl\u00e1udia Ciryllo destacou tamb\u00e9m que, paralelamente, existe a preocupa\u00e7\u00e3o de despertar nos alunos o sentimento de que eles t\u00eam um compromisso permanente com a sociedade, devendo estar sempre presentes nos eventos de interesse da comunidade.<\/p>\n","protected":false},"excerpt":{"rendered":"<p>As Faculdades Cat\u00f3licas Salesianas de Ara\u00e7atuba est\u00e3o integrando o grupo de entidades que colaboram para a realiza\u00e7\u00e3o de mais uma etapa da Campanha de Vacina\u00e7\u00e3o contra a Paralisia Infantil. A iniciativa \u00e9 da Prefeitura Municipal, atrav\u00e9s da Secretaria de Sa\u00fade e Higiene P\u00fablica. A participa\u00e7\u00e3o se d\u00e1 por meio do trabalho que os alunos do [&hellip;]<\/p>\n","protected":false},"author":1,"featured_media":5953,"comment_status":"open","ping_status":"open","sticky":false,"template":"","format":"standard","meta":{"footnotes":""},"categories":[5],"tags":[15],"class_list":["post-5951","post","type-post","status-publish","format-standard","has-post-thumbnail","hentry","category-saude","tag-enfermagem"],"yoast_head":"<!-- This site is optimized with the Yoast SEO plugin v17.4 - https:\/\/yoast.com\/wordpress\/plugins\/seo\/ -->\n<title>Enfermagem das FCS participa da Campanha de Vacina\u00e7\u00e3o - UniSALESIANO Ara\u00e7atuba\/SP<\/title>\n<meta name=\"robots\" content=\"index, follow, max-snippet:-1, max-image-preview:large, max-video-preview:-1\" \/>\n<link rel=\"canonical\" href=\"https:\/\/unisalesiano.com.br\/aracatuba\/enfermagem-das-fcs-participa-da-campanha-de-vacinacao\/\" \/>\n<meta property=\"og:locale\" content=\"pt_BR\" \/>\n<meta property=\"og:type\" content=\"article\" \/>\n<meta property=\"og:title\" content=\"Enfermagem das FCS participa da Campanha de Vacina\u00e7\u00e3o - UniSALESIANO Ara\u00e7atuba\/SP\" \/>\n<meta property=\"og:description\" content=\"As Faculdades Cat\u00f3licas Salesianas de Ara\u00e7atuba est\u00e3o integrando o grupo de entidades que colaboram para a realiza\u00e7\u00e3o de mais uma etapa da Campanha de Vacina\u00e7\u00e3o contra a Paralisia Infantil. A iniciativa \u00e9 da Prefeitura Municipal, atrav\u00e9s da Secretaria de Sa\u00fade e Higiene P\u00fablica. A participa\u00e7\u00e3o se d\u00e1 por meio do trabalho que os alunos do [&hellip;]\" \/>\n<meta property=\"og:url\" content=\"https:\/\/unisalesiano.com.br\/aracatuba\/enfermagem-das-fcs-participa-da-campanha-de-vacinacao\/\" \/>\n<meta property=\"og:site_name\" content=\"UniSALESIANO Ara\u00e7atuba\/SP\" \/>\n<meta property=\"article:published_time\" content=\"2005-08-17T18:10:04+00:00\" \/>\n<meta property=\"article:modified_time\" content=\"2019-06-26T13:42:22+00:00\" \/>\n<meta property=\"og:image\" content=\"https:\/\/unisalesiano.com.br\/aracatuba\/wp-content\/uploads\/2005\/08\/2005-08-17-82-Enfermagem-das-FCS-participa-da-Campanha-de-Vacina\u00e7\u00e3o.png\" \/>\n\t<meta property=\"og:image:width\" content=\"480\" \/>\n\t<meta property=\"og:image:height\" content=\"360\" \/>\n<meta name=\"twitter:card\" content=\"summary_large_image\" \/>\n<meta name=\"twitter:label1\" content=\"Escrito por\" \/>\n\t<meta name=\"twitter:data1\" content=\"admin\" \/>\n\t<meta name=\"twitter:label2\" content=\"Est. tempo de leitura\" \/>\n\t<meta name=\"twitter:data2\" content=\"2 minutos\" \/>\n<script type=\"application\/ld+json\" class=\"yoast-schema-graph\">{\"@context\":\"https:\/\/schema.org\",\"@graph\":[{\"@type\":\"WebSite\",\"@id\":\"https:\/\/unisalesiano.com.br\/aracatuba\/#website\",\"url\":\"https:\/\/unisalesiano.com.br\/aracatuba\/\",\"name\":\"UniSALESIANO Ara\\u00e7atuba\/SP\",\"description\":\"Centro Universit\\u00e1rio Cat\\u00f3lico Salesiano Auxilium\",\"potentialAction\":[{\"@type\":\"SearchAction\",\"target\":{\"@type\":\"EntryPoint\",\"urlTemplate\":\"https:\/\/unisalesiano.com.br\/aracatuba\/?s={search_term_string}\"},\"query-input\":\"required name=search_term_string\"}],\"inLanguage\":\"pt-BR\"},{\"@type\":\"ImageObject\",\"@id\":\"https:\/\/unisalesiano.com.br\/aracatuba\/enfermagem-das-fcs-participa-da-campanha-de-vacinacao\/#primaryimage\",\"inLanguage\":\"pt-BR\",\"url\":\"https:\/\/unisalesiano.com.br\/aracatuba\/wp-content\/uploads\/2005\/08\/2005-08-17-82-Enfermagem-das-FCS-participa-da-Campanha-de-Vacina\\u00e7\\u00e3o.png\",\"contentUrl\":\"https:\/\/unisalesiano.com.br\/aracatuba\/wp-content\/uploads\/2005\/08\/2005-08-17-82-Enfermagem-das-FCS-participa-da-Campanha-de-Vacina\\u00e7\\u00e3o.png\",\"width\":480,\"height\":360},{\"@type\":\"WebPage\",\"@id\":\"https:\/\/unisalesiano.com.br\/aracatuba\/enfermagem-das-fcs-participa-da-campanha-de-vacinacao\/#webpage\",\"url\":\"https:\/\/unisalesiano.com.br\/aracatuba\/enfermagem-das-fcs-participa-da-campanha-de-vacinacao\/\",\"name\":\"Enfermagem das FCS participa da Campanha de Vacina\\u00e7\\u00e3o - UniSALESIANO Ara\\u00e7atuba\/SP\",\"isPartOf\":{\"@id\":\"https:\/\/unisalesiano.com.br\/aracatuba\/#website\"},\"primaryImageOfPage\":{\"@id\":\"https:\/\/unisalesiano.com.br\/aracatuba\/enfermagem-das-fcs-participa-da-campanha-de-vacinacao\/#primaryimage\"},\"datePublished\":\"2005-08-17T18:10:04+00:00\",\"dateModified\":\"2019-06-26T13:42:22+00:00\",\"author\":{\"@id\":\"https:\/\/unisalesiano.com.br\/aracatuba\/#\/schema\/person\/afb1b2331f463570beda616f4cc14cc9\"},\"breadcrumb\":{\"@id\":\"https:\/\/unisalesiano.com.br\/aracatuba\/enfermagem-das-fcs-participa-da-campanha-de-vacinacao\/#breadcrumb\"},\"inLanguage\":\"pt-BR\",\"potentialAction\":[{\"@type\":\"ReadAction\",\"target\":[\"https:\/\/unisalesiano.com.br\/aracatuba\/enfermagem-das-fcs-participa-da-campanha-de-vacinacao\/\"]}]},{\"@type\":\"BreadcrumbList\",\"@id\":\"https:\/\/unisalesiano.com.br\/aracatuba\/enfermagem-das-fcs-participa-da-campanha-de-vacinacao\/#breadcrumb\",\"itemListElement\":[{\"@type\":\"ListItem\",\"position\":1,\"name\":\"In\\u00edcio\",\"item\":\"https:\/\/unisalesiano.com.br\/aracatuba\/\"},{\"@type\":\"ListItem\",\"position\":2,\"name\":\"Enfermagem das FCS participa da Campanha de Vacina\\u00e7\\u00e3o\"}]},{\"@type\":\"Person\",\"@id\":\"https:\/\/unisalesiano.com.br\/aracatuba\/#\/schema\/person\/afb1b2331f463570beda616f4cc14cc9\",\"name\":\"admin\",\"image\":{\"@type\":\"ImageObject\",\"@id\":\"https:\/\/unisalesiano.com.br\/aracatuba\/#personlogo\",\"inLanguage\":\"pt-BR\",\"url\":\"https:\/\/secure.gravatar.com\/avatar\/dfc5c63987fa9f19b5c366e55740b2a0ffac4aab41ba55c1bd96dbb85eb3a8ca?s=96&d=mm&r=g\",\"contentUrl\":\"https:\/\/secure.gravatar.com\/avatar\/dfc5c63987fa9f19b5c366e55740b2a0ffac4aab41ba55c1bd96dbb85eb3a8ca?s=96&d=mm&r=g\",\"caption\":\"admin\"},\"url\":\"https:\/\/unisalesiano.com.br\/aracatuba\/author\/admin\/\"}]}<\/script>\n<!-- \/ Yoast SEO plugin. -->","yoast_head_json":{"title":"Enfermagem das FCS participa da Campanha de Vacina\u00e7\u00e3o - UniSALESIANO Ara\u00e7atuba\/SP","robots":{"index":"index","follow":"follow","max-snippet":"max-snippet:-1","max-image-preview":"max-image-preview:large","max-video-preview":"max-video-preview:-1"},"canonical":"https:\/\/unisalesiano.com.br\/aracatuba\/enfermagem-das-fcs-participa-da-campanha-de-vacinacao\/","og_locale":"pt_BR","og_type":"article","og_title":"Enfermagem das FCS participa da Campanha de Vacina\u00e7\u00e3o - UniSALESIANO Ara\u00e7atuba\/SP","og_description":"As Faculdades Cat\u00f3licas Salesianas de Ara\u00e7atuba est\u00e3o integrando o grupo de entidades que colaboram para a realiza\u00e7\u00e3o de mais uma etapa da Campanha de Vacina\u00e7\u00e3o contra a Paralisia Infantil. A iniciativa \u00e9 da Prefeitura Municipal, atrav\u00e9s da Secretaria de Sa\u00fade e Higiene P\u00fablica. A participa\u00e7\u00e3o se d\u00e1 por meio do trabalho que os alunos do [&hellip;]","og_url":"https:\/\/unisalesiano.com.br\/aracatuba\/enfermagem-das-fcs-participa-da-campanha-de-vacinacao\/","og_site_name":"UniSALESIANO Ara\u00e7atuba\/SP","article_published_time":"2005-08-17T18:10:04+00:00","article_modified_time":"2019-06-26T13:42:22+00:00","og_image":[{"width":480,"height":360,"url":"https:\/\/unisalesiano.com.br\/aracatuba\/wp-content\/uploads\/2005\/08\/2005-08-17-82-Enfermagem-das-FCS-participa-da-Campanha-de-Vacina\u00e7\u00e3o.png","type":"image\/png"}],"twitter_card":"summary_large_image","twitter_misc":{"Escrito por":"admin","Est. tempo de leitura":"2 minutos"},"schema":{"@context":"https:\/\/schema.org","@graph":[{"@type":"WebSite","@id":"https:\/\/unisalesiano.com.br\/aracatuba\/#website","url":"https:\/\/unisalesiano.com.br\/aracatuba\/","name":"UniSALESIANO Ara\u00e7atuba\/SP","description":"Centro Universit\u00e1rio Cat\u00f3lico Salesiano Auxilium","potentialAction":[{"@type":"SearchAction","target":{"@type":"EntryPoint","urlTemplate":"https:\/\/unisalesiano.com.br\/aracatuba\/?s={search_term_string}"},"query-input":"required name=search_term_string"}],"inLanguage":"pt-BR"},{"@type":"ImageObject","@id":"https:\/\/unisalesiano.com.br\/aracatuba\/enfermagem-das-fcs-participa-da-campanha-de-vacinacao\/#primaryimage","inLanguage":"pt-BR","url":"https:\/\/unisalesiano.com.br\/aracatuba\/wp-content\/uploads\/2005\/08\/2005-08-17-82-Enfermagem-das-FCS-participa-da-Campanha-de-Vacina\u00e7\u00e3o.png","contentUrl":"https:\/\/unisalesiano.com.br\/aracatuba\/wp-content\/uploads\/2005\/08\/2005-08-17-82-Enfermagem-das-FCS-participa-da-Campanha-de-Vacina\u00e7\u00e3o.png","width":480,"height":360},{"@type":"WebPage","@id":"https:\/\/unisalesiano.com.br\/aracatuba\/enfermagem-das-fcs-participa-da-campanha-de-vacinacao\/#webpage","url":"https:\/\/unisalesiano.com.br\/aracatuba\/enfermagem-das-fcs-participa-da-campanha-de-vacinacao\/","name":"Enfermagem das FCS participa da Campanha de Vacina\u00e7\u00e3o - UniSALESIANO Ara\u00e7atuba\/SP","isPartOf":{"@id":"https:\/\/unisalesiano.com.br\/aracatuba\/#website"},"primaryImageOfPage":{"@id":"https:\/\/unisalesiano.com.br\/aracatuba\/enfermagem-das-fcs-participa-da-campanha-de-vacinacao\/#primaryimage"},"datePublished":"2005-08-17T18:10:04+00:00","dateModified":"2019-06-26T13:42:22+00:00","author":{"@id":"https:\/\/unisalesiano.com.br\/aracatuba\/#\/schema\/person\/afb1b2331f463570beda616f4cc14cc9"},"breadcrumb":{"@id":"https:\/\/unisalesiano.com.br\/aracatuba\/enfermagem-das-fcs-participa-da-campanha-de-vacinacao\/#breadcrumb"},"inLanguage":"pt-BR","potentialAction":[{"@type":"ReadAction","target":["https:\/\/unisalesiano.com.br\/aracatuba\/enfermagem-das-fcs-participa-da-campanha-de-vacinacao\/"]}]},{"@type":"BreadcrumbList","@id":"https:\/\/unisalesiano.com.br\/aracatuba\/enfermagem-das-fcs-participa-da-campanha-de-vacinacao\/#breadcrumb","itemListElement":[{"@type":"ListItem","position":1,"name":"In\u00edcio","item":"https:\/\/unisalesiano.com.br\/aracatuba\/"},{"@type":"ListItem","position":2,"name":"Enfermagem das FCS participa da Campanha de Vacina\u00e7\u00e3o"}]},{"@type":"Person","@id":"https:\/\/unisalesiano.com.br\/aracatuba\/#\/schema\/person\/afb1b2331f463570beda616f4cc14cc9","name":"admin","image":{"@type":"ImageObject","@id":"https:\/\/unisalesiano.com.br\/aracatuba\/#personlogo","inLanguage":"pt-BR","url":"https:\/\/secure.gravatar.com\/avatar\/dfc5c63987fa9f19b5c366e55740b2a0ffac4aab41ba55c1bd96dbb85eb3a8ca?s=96&d=mm&r=g","contentUrl":"https:\/\/secure.gravatar.com\/avatar\/dfc5c63987fa9f19b5c366e55740b2a0ffac4aab41ba55c1bd96dbb85eb3a8ca?s=96&d=mm&r=g","caption":"admin"},"url":"https:\/\/unisalesiano.com.br\/aracatuba\/author\/admin\/"}]}},"_links":{"self":[{"href":"https:\/\/unisalesiano.com.br\/aracatuba\/wp-json\/wp\/v2\/posts\/5951","targetHints":{"allow":["GET"]}}],"collection":[{"href":"https:\/\/unisalesiano.com.br\/aracatuba\/wp-json\/wp\/v2\/posts"}],"about":[{"href":"https:\/\/unisalesiano.com.br\/aracatuba\/wp-json\/wp\/v2\/types\/post"}],"author":[{"embeddable":true,"href":"https:\/\/unisalesiano.com.br\/aracatuba\/wp-json\/wp\/v2\/users\/1"}],"replies":[{"embeddable":true,"href":"https:\/\/unisalesiano.com.br\/aracatuba\/wp-json\/wp\/v2\/comments?post=5951"}],"version-history":[{"count":0,"href":"https:\/\/unisalesiano.com.br\/aracatuba\/wp-json\/wp\/v2\/posts\/5951\/revisions"}],"wp:featuredmedia":[{"embeddable":true,"href":"https:\/\/unisalesiano.com.br\/aracatuba\/wp-json\/wp\/v2\/media\/5953"}],"wp:attachment":[{"href":"https:\/\/unisalesiano.com.br\/aracatuba\/wp-json\/wp\/v2\/media?parent=5951"}],"wp:term":[{"taxonomy":"category","embeddable":true,"href":"https:\/\/unisalesiano.com.br\/aracatuba\/wp-json\/wp\/v2\/categories?post=5951"},{"taxonomy":"post_tag","embeddable":true,"href":"https:\/\/unisalesiano.com.br\/aracatuba\/wp-json\/wp\/v2\/tags?post=5951"}],"curies":[{"name":"wp","href":"https:\/\/api.w.org\/{rel}","templated":true}]}}