{"id":5853,"date":"2005-07-04T16:02:39","date_gmt":"2005-07-04T19:02:39","guid":{"rendered":"https:\/\/unisalesiano.com.br\/?p=5853"},"modified":"2018-11-07T16:03:50","modified_gmt":"2018-11-07T18:03:50","slug":"projeto-teia-do-saber-realizou-cafe-cultural-para-os-participantes","status":"publish","type":"post","link":"https:\/\/unisalesiano.com.br\/aracatuba\/projeto-teia-do-saber-realizou-cafe-cultural-para-os-participantes\/","title":{"rendered":"Projeto \u00b4Teia do Saber\u00b4 realizou caf\u00e9 cultural para os participantes"},"content":{"rendered":"<p>O Projeto \u00b4Teia do Saber\u00b4, que vem sendo realizado em parceria entre as Faculdades Cat\u00f3licas Salesianas de Ara\u00e7atuba e as Diretorias Regionais de Ensino local e de Birigui, teve neste s\u00e1bado, dia 2, na Unidade III da Institui\u00e7\u00e3o, uma atra\u00e7\u00e3o diferente: um caf\u00e9 cultural oferecido para todos os integrantes do Programa.<\/p>\n<p>A atra\u00e7\u00e3o, prevista no calend\u00e1rio escolar, tem por objetivo buscar uma maior socializa\u00e7\u00e3o e integra\u00e7\u00e3o entre os partipantes de todas as turmas. E a proposta foi plenamente alcan\u00e7ada porque, al\u00e9m de artistas convidados para abrilhantar o evento, os pr\u00f3prios alunos tamb\u00e9m se esmeraram para mostrar e exibir seus talentos.<\/p>\n<p>Durante o evento houve declama\u00e7\u00e3o de poesias, esquete de teatro e exibi\u00e7\u00e3o dos m\u00fasicos Cid Mazzini, apresentando can\u00e7\u00f5es italianas, inglesas e latino-americanas, e Reizinho, que animou a manh\u00e3 com m\u00fasica country.<\/p>\n<p>Segundo o Prof. H\u00e9lio Consolaro, que coordenou o show e \u00e9 um dos docentes do Projeto \u00b4Teia do Saber\u00b4, outros momentos culturais semelhantes ser\u00e3o realizados durante o proximo semestre. &#8220;A id\u00e9ia \u00e9 estimular as pessoas para que se apresentem e contribuam, de maneira descontra\u00edda, para um melhor relacionamento entre todos. Isso garante, tamb\u00e9m, que os trabalhos docentes em sala de aula se desenvolvam de modo muito mais proveitoso e produtivo&#8221;, concluiu.<\/p>\n","protected":false},"excerpt":{"rendered":"<p>O Projeto \u00b4Teia do Saber\u00b4, que vem sendo realizado em parceria entre as Faculdades Cat\u00f3licas Salesianas de Ara\u00e7atuba e as Diretorias Regionais de Ensino local e de Birigui, teve neste s\u00e1bado, dia 2, na Unidade III da Institui\u00e7\u00e3o, uma atra\u00e7\u00e3o diferente: um caf\u00e9 cultural oferecido para todos os integrantes do Programa. A atra\u00e7\u00e3o, prevista no [&hellip;]<\/p>\n","protected":false},"author":1,"featured_media":5855,"comment_status":"open","ping_status":"open","sticky":false,"template":"","format":"standard","meta":{"footnotes":""},"categories":[11],"tags":[191],"class_list":["post-5853","post","type-post","status-publish","format-standard","has-post-thumbnail","hentry","category-institucional","tag-teia-do-saber"],"yoast_head":"<!-- This site is optimized with the Yoast SEO plugin v17.4 - https:\/\/yoast.com\/wordpress\/plugins\/seo\/ -->\n<title>Projeto \u00b4Teia do Saber\u00b4 realizou caf\u00e9 cultural para os participantes - UniSALESIANO Ara\u00e7atuba\/SP<\/title>\n<meta name=\"robots\" content=\"index, follow, max-snippet:-1, max-image-preview:large, max-video-preview:-1\" \/>\n<link rel=\"canonical\" href=\"https:\/\/unisalesiano.com.br\/aracatuba\/projeto-teia-do-saber-realizou-cafe-cultural-para-os-participantes\/\" \/>\n<meta property=\"og:locale\" content=\"pt_BR\" \/>\n<meta property=\"og:type\" content=\"article\" \/>\n<meta property=\"og:title\" content=\"Projeto \u00b4Teia do Saber\u00b4 realizou caf\u00e9 cultural para os participantes - UniSALESIANO Ara\u00e7atuba\/SP\" \/>\n<meta property=\"og:description\" content=\"O Projeto \u00b4Teia do Saber\u00b4, que vem sendo realizado em parceria entre as Faculdades Cat\u00f3licas Salesianas de Ara\u00e7atuba e as Diretorias Regionais de Ensino local e de Birigui, teve neste s\u00e1bado, dia 2, na Unidade III da Institui\u00e7\u00e3o, uma atra\u00e7\u00e3o diferente: um caf\u00e9 cultural oferecido para todos os integrantes do Programa. A atra\u00e7\u00e3o, prevista no [&hellip;]\" \/>\n<meta property=\"og:url\" content=\"https:\/\/unisalesiano.com.br\/aracatuba\/projeto-teia-do-saber-realizou-cafe-cultural-para-os-participantes\/\" \/>\n<meta property=\"og:site_name\" content=\"UniSALESIANO Ara\u00e7atuba\/SP\" \/>\n<meta property=\"article:published_time\" content=\"2005-07-04T19:02:39+00:00\" \/>\n<meta property=\"article:modified_time\" content=\"2018-11-07T18:03:50+00:00\" \/>\n<meta property=\"og:image\" content=\"https:\/\/unisalesiano.com.br\/aracatuba\/wp-content\/uploads\/2018\/11\/2005-07-04-66-Projeto-\u00b4Teia-do-Saber\u00b4-realizou-caf\u00e9-cultural-para-os-participantes.png\" \/>\n\t<meta property=\"og:image:width\" content=\"480\" \/>\n\t<meta property=\"og:image:height\" content=\"360\" \/>\n<meta name=\"twitter:card\" content=\"summary_large_image\" \/>\n<meta name=\"twitter:label1\" content=\"Escrito por\" \/>\n\t<meta name=\"twitter:data1\" content=\"admin\" \/>\n\t<meta name=\"twitter:label2\" content=\"Est. tempo de leitura\" \/>\n\t<meta name=\"twitter:data2\" content=\"1 minuto\" \/>\n<script type=\"application\/ld+json\" class=\"yoast-schema-graph\">{\"@context\":\"https:\/\/schema.org\",\"@graph\":[{\"@type\":\"WebSite\",\"@id\":\"https:\/\/unisalesiano.com.br\/aracatuba\/#website\",\"url\":\"https:\/\/unisalesiano.com.br\/aracatuba\/\",\"name\":\"UniSALESIANO Ara\\u00e7atuba\/SP\",\"description\":\"Centro Universit\\u00e1rio Cat\\u00f3lico Salesiano Auxilium\",\"potentialAction\":[{\"@type\":\"SearchAction\",\"target\":{\"@type\":\"EntryPoint\",\"urlTemplate\":\"https:\/\/unisalesiano.com.br\/aracatuba\/?s={search_term_string}\"},\"query-input\":\"required name=search_term_string\"}],\"inLanguage\":\"pt-BR\"},{\"@type\":\"ImageObject\",\"@id\":\"https:\/\/unisalesiano.com.br\/aracatuba\/projeto-teia-do-saber-realizou-cafe-cultural-para-os-participantes\/#primaryimage\",\"inLanguage\":\"pt-BR\",\"url\":\"https:\/\/unisalesiano.com.br\/aracatuba\/wp-content\/uploads\/2018\/11\/2005-07-04-66-Projeto-\\u00b4Teia-do-Saber\\u00b4-realizou-caf\\u00e9-cultural-para-os-participantes.png\",\"contentUrl\":\"https:\/\/unisalesiano.com.br\/aracatuba\/wp-content\/uploads\/2018\/11\/2005-07-04-66-Projeto-\\u00b4Teia-do-Saber\\u00b4-realizou-caf\\u00e9-cultural-para-os-participantes.png\",\"width\":480,\"height\":360},{\"@type\":\"WebPage\",\"@id\":\"https:\/\/unisalesiano.com.br\/aracatuba\/projeto-teia-do-saber-realizou-cafe-cultural-para-os-participantes\/#webpage\",\"url\":\"https:\/\/unisalesiano.com.br\/aracatuba\/projeto-teia-do-saber-realizou-cafe-cultural-para-os-participantes\/\",\"name\":\"Projeto \\u00b4Teia do Saber\\u00b4 realizou caf\\u00e9 cultural para os participantes - UniSALESIANO Ara\\u00e7atuba\/SP\",\"isPartOf\":{\"@id\":\"https:\/\/unisalesiano.com.br\/aracatuba\/#website\"},\"primaryImageOfPage\":{\"@id\":\"https:\/\/unisalesiano.com.br\/aracatuba\/projeto-teia-do-saber-realizou-cafe-cultural-para-os-participantes\/#primaryimage\"},\"datePublished\":\"2005-07-04T19:02:39+00:00\",\"dateModified\":\"2018-11-07T18:03:50+00:00\",\"author\":{\"@id\":\"https:\/\/unisalesiano.com.br\/aracatuba\/#\/schema\/person\/afb1b2331f463570beda616f4cc14cc9\"},\"breadcrumb\":{\"@id\":\"https:\/\/unisalesiano.com.br\/aracatuba\/projeto-teia-do-saber-realizou-cafe-cultural-para-os-participantes\/#breadcrumb\"},\"inLanguage\":\"pt-BR\",\"potentialAction\":[{\"@type\":\"ReadAction\",\"target\":[\"https:\/\/unisalesiano.com.br\/aracatuba\/projeto-teia-do-saber-realizou-cafe-cultural-para-os-participantes\/\"]}]},{\"@type\":\"BreadcrumbList\",\"@id\":\"https:\/\/unisalesiano.com.br\/aracatuba\/projeto-teia-do-saber-realizou-cafe-cultural-para-os-participantes\/#breadcrumb\",\"itemListElement\":[{\"@type\":\"ListItem\",\"position\":1,\"name\":\"In\\u00edcio\",\"item\":\"https:\/\/unisalesiano.com.br\/aracatuba\/\"},{\"@type\":\"ListItem\",\"position\":2,\"name\":\"Projeto \\u00b4Teia do Saber\\u00b4 realizou caf\\u00e9 cultural para os participantes\"}]},{\"@type\":\"Person\",\"@id\":\"https:\/\/unisalesiano.com.br\/aracatuba\/#\/schema\/person\/afb1b2331f463570beda616f4cc14cc9\",\"name\":\"admin\",\"image\":{\"@type\":\"ImageObject\",\"@id\":\"https:\/\/unisalesiano.com.br\/aracatuba\/#personlogo\",\"inLanguage\":\"pt-BR\",\"url\":\"https:\/\/secure.gravatar.com\/avatar\/dfc5c63987fa9f19b5c366e55740b2a0ffac4aab41ba55c1bd96dbb85eb3a8ca?s=96&d=mm&r=g\",\"contentUrl\":\"https:\/\/secure.gravatar.com\/avatar\/dfc5c63987fa9f19b5c366e55740b2a0ffac4aab41ba55c1bd96dbb85eb3a8ca?s=96&d=mm&r=g\",\"caption\":\"admin\"},\"url\":\"https:\/\/unisalesiano.com.br\/aracatuba\/author\/admin\/\"}]}<\/script>\n<!-- \/ Yoast SEO plugin. -->","yoast_head_json":{"title":"Projeto \u00b4Teia do Saber\u00b4 realizou caf\u00e9 cultural para os participantes - UniSALESIANO Ara\u00e7atuba\/SP","robots":{"index":"index","follow":"follow","max-snippet":"max-snippet:-1","max-image-preview":"max-image-preview:large","max-video-preview":"max-video-preview:-1"},"canonical":"https:\/\/unisalesiano.com.br\/aracatuba\/projeto-teia-do-saber-realizou-cafe-cultural-para-os-participantes\/","og_locale":"pt_BR","og_type":"article","og_title":"Projeto \u00b4Teia do Saber\u00b4 realizou caf\u00e9 cultural para os participantes - UniSALESIANO Ara\u00e7atuba\/SP","og_description":"O Projeto \u00b4Teia do Saber\u00b4, que vem sendo realizado em parceria entre as Faculdades Cat\u00f3licas Salesianas de Ara\u00e7atuba e as Diretorias Regionais de Ensino local e de Birigui, teve neste s\u00e1bado, dia 2, na Unidade III da Institui\u00e7\u00e3o, uma atra\u00e7\u00e3o diferente: um caf\u00e9 cultural oferecido para todos os integrantes do Programa. A atra\u00e7\u00e3o, prevista no [&hellip;]","og_url":"https:\/\/unisalesiano.com.br\/aracatuba\/projeto-teia-do-saber-realizou-cafe-cultural-para-os-participantes\/","og_site_name":"UniSALESIANO Ara\u00e7atuba\/SP","article_published_time":"2005-07-04T19:02:39+00:00","article_modified_time":"2018-11-07T18:03:50+00:00","og_image":[{"width":480,"height":360,"url":"https:\/\/unisalesiano.com.br\/aracatuba\/wp-content\/uploads\/2018\/11\/2005-07-04-66-Projeto-\u00b4Teia-do-Saber\u00b4-realizou-caf\u00e9-cultural-para-os-participantes.png","type":"image\/png"}],"twitter_card":"summary_large_image","twitter_misc":{"Escrito por":"admin","Est. tempo de leitura":"1 minuto"},"schema":{"@context":"https:\/\/schema.org","@graph":[{"@type":"WebSite","@id":"https:\/\/unisalesiano.com.br\/aracatuba\/#website","url":"https:\/\/unisalesiano.com.br\/aracatuba\/","name":"UniSALESIANO Ara\u00e7atuba\/SP","description":"Centro Universit\u00e1rio Cat\u00f3lico Salesiano Auxilium","potentialAction":[{"@type":"SearchAction","target":{"@type":"EntryPoint","urlTemplate":"https:\/\/unisalesiano.com.br\/aracatuba\/?s={search_term_string}"},"query-input":"required name=search_term_string"}],"inLanguage":"pt-BR"},{"@type":"ImageObject","@id":"https:\/\/unisalesiano.com.br\/aracatuba\/projeto-teia-do-saber-realizou-cafe-cultural-para-os-participantes\/#primaryimage","inLanguage":"pt-BR","url":"https:\/\/unisalesiano.com.br\/aracatuba\/wp-content\/uploads\/2018\/11\/2005-07-04-66-Projeto-\u00b4Teia-do-Saber\u00b4-realizou-caf\u00e9-cultural-para-os-participantes.png","contentUrl":"https:\/\/unisalesiano.com.br\/aracatuba\/wp-content\/uploads\/2018\/11\/2005-07-04-66-Projeto-\u00b4Teia-do-Saber\u00b4-realizou-caf\u00e9-cultural-para-os-participantes.png","width":480,"height":360},{"@type":"WebPage","@id":"https:\/\/unisalesiano.com.br\/aracatuba\/projeto-teia-do-saber-realizou-cafe-cultural-para-os-participantes\/#webpage","url":"https:\/\/unisalesiano.com.br\/aracatuba\/projeto-teia-do-saber-realizou-cafe-cultural-para-os-participantes\/","name":"Projeto \u00b4Teia do Saber\u00b4 realizou caf\u00e9 cultural para os participantes - UniSALESIANO Ara\u00e7atuba\/SP","isPartOf":{"@id":"https:\/\/unisalesiano.com.br\/aracatuba\/#website"},"primaryImageOfPage":{"@id":"https:\/\/unisalesiano.com.br\/aracatuba\/projeto-teia-do-saber-realizou-cafe-cultural-para-os-participantes\/#primaryimage"},"datePublished":"2005-07-04T19:02:39+00:00","dateModified":"2018-11-07T18:03:50+00:00","author":{"@id":"https:\/\/unisalesiano.com.br\/aracatuba\/#\/schema\/person\/afb1b2331f463570beda616f4cc14cc9"},"breadcrumb":{"@id":"https:\/\/unisalesiano.com.br\/aracatuba\/projeto-teia-do-saber-realizou-cafe-cultural-para-os-participantes\/#breadcrumb"},"inLanguage":"pt-BR","potentialAction":[{"@type":"ReadAction","target":["https:\/\/unisalesiano.com.br\/aracatuba\/projeto-teia-do-saber-realizou-cafe-cultural-para-os-participantes\/"]}]},{"@type":"BreadcrumbList","@id":"https:\/\/unisalesiano.com.br\/aracatuba\/projeto-teia-do-saber-realizou-cafe-cultural-para-os-participantes\/#breadcrumb","itemListElement":[{"@type":"ListItem","position":1,"name":"In\u00edcio","item":"https:\/\/unisalesiano.com.br\/aracatuba\/"},{"@type":"ListItem","position":2,"name":"Projeto \u00b4Teia do Saber\u00b4 realizou caf\u00e9 cultural para os participantes"}]},{"@type":"Person","@id":"https:\/\/unisalesiano.com.br\/aracatuba\/#\/schema\/person\/afb1b2331f463570beda616f4cc14cc9","name":"admin","image":{"@type":"ImageObject","@id":"https:\/\/unisalesiano.com.br\/aracatuba\/#personlogo","inLanguage":"pt-BR","url":"https:\/\/secure.gravatar.com\/avatar\/dfc5c63987fa9f19b5c366e55740b2a0ffac4aab41ba55c1bd96dbb85eb3a8ca?s=96&d=mm&r=g","contentUrl":"https:\/\/secure.gravatar.com\/avatar\/dfc5c63987fa9f19b5c366e55740b2a0ffac4aab41ba55c1bd96dbb85eb3a8ca?s=96&d=mm&r=g","caption":"admin"},"url":"https:\/\/unisalesiano.com.br\/aracatuba\/author\/admin\/"}]}},"_links":{"self":[{"href":"https:\/\/unisalesiano.com.br\/aracatuba\/wp-json\/wp\/v2\/posts\/5853","targetHints":{"allow":["GET"]}}],"collection":[{"href":"https:\/\/unisalesiano.com.br\/aracatuba\/wp-json\/wp\/v2\/posts"}],"about":[{"href":"https:\/\/unisalesiano.com.br\/aracatuba\/wp-json\/wp\/v2\/types\/post"}],"author":[{"embeddable":true,"href":"https:\/\/unisalesiano.com.br\/aracatuba\/wp-json\/wp\/v2\/users\/1"}],"replies":[{"embeddable":true,"href":"https:\/\/unisalesiano.com.br\/aracatuba\/wp-json\/wp\/v2\/comments?post=5853"}],"version-history":[{"count":0,"href":"https:\/\/unisalesiano.com.br\/aracatuba\/wp-json\/wp\/v2\/posts\/5853\/revisions"}],"wp:featuredmedia":[{"embeddable":true,"href":"https:\/\/unisalesiano.com.br\/aracatuba\/wp-json\/wp\/v2\/media\/5855"}],"wp:attachment":[{"href":"https:\/\/unisalesiano.com.br\/aracatuba\/wp-json\/wp\/v2\/media?parent=5853"}],"wp:term":[{"taxonomy":"category","embeddable":true,"href":"https:\/\/unisalesiano.com.br\/aracatuba\/wp-json\/wp\/v2\/categories?post=5853"},{"taxonomy":"post_tag","embeddable":true,"href":"https:\/\/unisalesiano.com.br\/aracatuba\/wp-json\/wp\/v2\/tags?post=5853"}],"curies":[{"name":"wp","href":"https:\/\/api.w.org\/{rel}","templated":true}]}}