{"id":5850,"date":"2005-07-04T16:01:09","date_gmt":"2005-07-04T19:01:09","guid":{"rendered":"https:\/\/unisalesiano.com.br\/?p=5850"},"modified":"2018-11-07T16:02:04","modified_gmt":"2018-11-07T18:02:04","slug":"grupo-coreografico-da-una-da-show-em-espetaculo-na-unip","status":"publish","type":"post","link":"https:\/\/unisalesiano.com.br\/aracatuba\/grupo-coreografico-da-una-da-show-em-espetaculo-na-unip\/","title":{"rendered":"Grupo Coreogr\u00e1fico da UNA d\u00e1 show em espet\u00e1culo na Unip"},"content":{"rendered":"<p>O Grupo de Coreografia da Universidade Aberta da Melhor Idade (UNA), Departamento das Faculdades Cat\u00f3licas Salesianas, participou no s\u00e1bado, dia 2, do Festival de Dan\u00e7as promovido pela Academia Anamaria Ballet. A exibi\u00e7\u00e3o foi feita no teatro da Unip, localizado na Av. Bagua\u00e7u.<\/p>\n<p>O evento reuniu n\u00fameros art\u00edsticos de bal\u00e9, jazz e dan\u00e7a do ventre, a cargo de alunos da pr\u00f3pria academia e de outros grupos convidados. O Grupo de Coreografia da UNA apresentou a dan\u00e7a Imperium, em estilo livre, dando um verdadeiro show de complet\u00eancia, simpatia e criatividade.<\/p>\n<p>As integrantes do corpo de dan\u00e7a se caracterizaram com vestimentas \u00e0 Luis XV, utilizando para isso um figurino completo composto de peruca, jabor, luvas, leques de plumas, fraque e macac\u00e3o com lycra. As roupas e adere\u00e7os mostram o modo de se vestir das pessoas que viveram h\u00e1 mais de dois s\u00e9culos na Fran\u00e7a e em outros pa\u00edses da Europa, criando impressionantes efeitos e visuais em cena. O trabalho coreogr\u00e1fico foi exbido pela TV-I, do SBT, em seu telejornal desta segunda-feira, no in\u00edcio da tarde.<\/p>\n<p>O coordenador do trabalho, Marcelo Corr\u00eaa, tamb\u00e9m instrutor de dan\u00e7as na UNA, informou que o grupo de Coreografia conta atualmente com 14 participantes e que cinco novos alunos est\u00e3o se inscrevendo. Todos t\u00eam idade igual ou acima de 60 anos. Segundo ele, as participa\u00e7\u00f5es nos ensaios e em apresenta\u00e7\u00f5es p\u00fablicas t\u00eam contribu\u00eddo para garantir \u00e0s pessoas momentos de arte, encatamento e lazer. &#8220;Elas ficam muito felizes e emocionadas, perguntando o tempo todo onde vai ser a pr\u00f3xima exibi\u00e7\u00e3o&#8221;, comenta.<\/p>\n<p>H\u00e1 pouco menos de um m\u00eas, exibindo o mesmo n\u00famero, eles obtiveram a segunda coloca\u00e7\u00e3o durante a participa\u00e7\u00e3o nos JORIs, Jogos Regionais do Idoso, realizados na cidade de Dracena, s\u00f3 perdendo para os anfitri\u00f5es da casa que se esmeraram para produzir um belo espet\u00e1culo.<\/p>\n<p>Tanto Marcelo quanto os diretores da UNA acreditam que atividades semelhantes garantem o bem-estar das pessoas e mant\u00eam o astral delas sempre elevado. Por isso, a Institui\u00e7\u00e3o deseja investir nesse trabalho e oferecer a outros interessados a oportunidade de participa\u00e7\u00e3o no Grupo de Coreografia.<\/p>\n<p>A diretora da academia promotora do evento, Anamaria Guaranha, ao falar do espet\u00e1culo, elogiou o trablho desenvolvido pela UNA e convidou as pessoas para que visitassem e conhecessem a Institui\u00e7\u00e3o, que atua com projetos sociais em benef\u00edcio de integrantes da Terceira Idade.<\/p>\n<p>Os trabalhos com a produ\u00e7\u00e3o do mencionado visual v\u00eam sendo feitos em parceria com a Prefeitura Municipal, atrav\u00e9s de suas Secretarias da A\u00e7\u00e3o Social e Esportes, al\u00e9m do Fundo Social de Solidariedade.<\/p>\n","protected":false},"excerpt":{"rendered":"<p>O Grupo de Coreografia da Universidade Aberta da Melhor Idade (UNA), Departamento das Faculdades Cat\u00f3licas Salesianas, participou no s\u00e1bado, dia 2, do Festival de Dan\u00e7as promovido pela Academia Anamaria Ballet. A exibi\u00e7\u00e3o foi feita no teatro da Unip, localizado na Av. Bagua\u00e7u. O evento reuniu n\u00fameros art\u00edsticos de bal\u00e9, jazz e dan\u00e7a do ventre, a [&hellip;]<\/p>\n","protected":false},"author":1,"featured_media":5851,"comment_status":"open","ping_status":"open","sticky":false,"template":"","format":"standard","meta":{"footnotes":""},"categories":[11],"tags":[48],"class_list":["post-5850","post","type-post","status-publish","format-standard","has-post-thumbnail","hentry","category-institucional","tag-una"],"yoast_head":"<!-- This site is optimized with the Yoast SEO plugin v17.4 - https:\/\/yoast.com\/wordpress\/plugins\/seo\/ -->\n<title>Grupo Coreogr\u00e1fico da UNA d\u00e1 show em espet\u00e1culo na Unip - UniSALESIANO Ara\u00e7atuba\/SP<\/title>\n<meta name=\"robots\" content=\"index, follow, max-snippet:-1, max-image-preview:large, max-video-preview:-1\" \/>\n<link rel=\"canonical\" href=\"https:\/\/unisalesiano.com.br\/aracatuba\/grupo-coreografico-da-una-da-show-em-espetaculo-na-unip\/\" \/>\n<meta property=\"og:locale\" content=\"pt_BR\" \/>\n<meta property=\"og:type\" content=\"article\" \/>\n<meta property=\"og:title\" content=\"Grupo Coreogr\u00e1fico da UNA d\u00e1 show em espet\u00e1culo na Unip - UniSALESIANO Ara\u00e7atuba\/SP\" \/>\n<meta property=\"og:description\" content=\"O Grupo de Coreografia da Universidade Aberta da Melhor Idade (UNA), Departamento das Faculdades Cat\u00f3licas Salesianas, participou no s\u00e1bado, dia 2, do Festival de Dan\u00e7as promovido pela Academia Anamaria Ballet. A exibi\u00e7\u00e3o foi feita no teatro da Unip, localizado na Av. Bagua\u00e7u. O evento reuniu n\u00fameros art\u00edsticos de bal\u00e9, jazz e dan\u00e7a do ventre, a [&hellip;]\" \/>\n<meta property=\"og:url\" content=\"https:\/\/unisalesiano.com.br\/aracatuba\/grupo-coreografico-da-una-da-show-em-espetaculo-na-unip\/\" \/>\n<meta property=\"og:site_name\" content=\"UniSALESIANO Ara\u00e7atuba\/SP\" \/>\n<meta property=\"article:published_time\" content=\"2005-07-04T19:01:09+00:00\" \/>\n<meta property=\"article:modified_time\" content=\"2018-11-07T18:02:04+00:00\" \/>\n<meta property=\"og:image\" content=\"https:\/\/unisalesiano.com.br\/aracatuba\/wp-content\/uploads\/2018\/11\/2005-07-04-65-Grupo-Coreogr\u00e1fico-da-UNA-d\u00e1-show-em-espet\u00e1culo-na-Unip.png\" \/>\n\t<meta property=\"og:image:width\" content=\"480\" \/>\n\t<meta property=\"og:image:height\" content=\"360\" \/>\n<meta name=\"twitter:card\" content=\"summary_large_image\" \/>\n<meta name=\"twitter:label1\" content=\"Escrito por\" \/>\n\t<meta name=\"twitter:data1\" content=\"admin\" \/>\n\t<meta name=\"twitter:label2\" content=\"Est. tempo de leitura\" \/>\n\t<meta name=\"twitter:data2\" content=\"2 minutos\" \/>\n<script type=\"application\/ld+json\" class=\"yoast-schema-graph\">{\"@context\":\"https:\/\/schema.org\",\"@graph\":[{\"@type\":\"WebSite\",\"@id\":\"https:\/\/unisalesiano.com.br\/aracatuba\/#website\",\"url\":\"https:\/\/unisalesiano.com.br\/aracatuba\/\",\"name\":\"UniSALESIANO Ara\\u00e7atuba\/SP\",\"description\":\"Centro Universit\\u00e1rio Cat\\u00f3lico Salesiano Auxilium\",\"potentialAction\":[{\"@type\":\"SearchAction\",\"target\":{\"@type\":\"EntryPoint\",\"urlTemplate\":\"https:\/\/unisalesiano.com.br\/aracatuba\/?s={search_term_string}\"},\"query-input\":\"required name=search_term_string\"}],\"inLanguage\":\"pt-BR\"},{\"@type\":\"ImageObject\",\"@id\":\"https:\/\/unisalesiano.com.br\/aracatuba\/grupo-coreografico-da-una-da-show-em-espetaculo-na-unip\/#primaryimage\",\"inLanguage\":\"pt-BR\",\"url\":\"https:\/\/unisalesiano.com.br\/aracatuba\/wp-content\/uploads\/2018\/11\/2005-07-04-65-Grupo-Coreogr\\u00e1fico-da-UNA-d\\u00e1-show-em-espet\\u00e1culo-na-Unip.png\",\"contentUrl\":\"https:\/\/unisalesiano.com.br\/aracatuba\/wp-content\/uploads\/2018\/11\/2005-07-04-65-Grupo-Coreogr\\u00e1fico-da-UNA-d\\u00e1-show-em-espet\\u00e1culo-na-Unip.png\",\"width\":480,\"height\":360},{\"@type\":\"WebPage\",\"@id\":\"https:\/\/unisalesiano.com.br\/aracatuba\/grupo-coreografico-da-una-da-show-em-espetaculo-na-unip\/#webpage\",\"url\":\"https:\/\/unisalesiano.com.br\/aracatuba\/grupo-coreografico-da-una-da-show-em-espetaculo-na-unip\/\",\"name\":\"Grupo Coreogr\\u00e1fico da UNA d\\u00e1 show em espet\\u00e1culo na Unip - UniSALESIANO Ara\\u00e7atuba\/SP\",\"isPartOf\":{\"@id\":\"https:\/\/unisalesiano.com.br\/aracatuba\/#website\"},\"primaryImageOfPage\":{\"@id\":\"https:\/\/unisalesiano.com.br\/aracatuba\/grupo-coreografico-da-una-da-show-em-espetaculo-na-unip\/#primaryimage\"},\"datePublished\":\"2005-07-04T19:01:09+00:00\",\"dateModified\":\"2018-11-07T18:02:04+00:00\",\"author\":{\"@id\":\"https:\/\/unisalesiano.com.br\/aracatuba\/#\/schema\/person\/afb1b2331f463570beda616f4cc14cc9\"},\"breadcrumb\":{\"@id\":\"https:\/\/unisalesiano.com.br\/aracatuba\/grupo-coreografico-da-una-da-show-em-espetaculo-na-unip\/#breadcrumb\"},\"inLanguage\":\"pt-BR\",\"potentialAction\":[{\"@type\":\"ReadAction\",\"target\":[\"https:\/\/unisalesiano.com.br\/aracatuba\/grupo-coreografico-da-una-da-show-em-espetaculo-na-unip\/\"]}]},{\"@type\":\"BreadcrumbList\",\"@id\":\"https:\/\/unisalesiano.com.br\/aracatuba\/grupo-coreografico-da-una-da-show-em-espetaculo-na-unip\/#breadcrumb\",\"itemListElement\":[{\"@type\":\"ListItem\",\"position\":1,\"name\":\"In\\u00edcio\",\"item\":\"https:\/\/unisalesiano.com.br\/aracatuba\/\"},{\"@type\":\"ListItem\",\"position\":2,\"name\":\"Grupo Coreogr\\u00e1fico da UNA d\\u00e1 show em espet\\u00e1culo na Unip\"}]},{\"@type\":\"Person\",\"@id\":\"https:\/\/unisalesiano.com.br\/aracatuba\/#\/schema\/person\/afb1b2331f463570beda616f4cc14cc9\",\"name\":\"admin\",\"image\":{\"@type\":\"ImageObject\",\"@id\":\"https:\/\/unisalesiano.com.br\/aracatuba\/#personlogo\",\"inLanguage\":\"pt-BR\",\"url\":\"https:\/\/secure.gravatar.com\/avatar\/dfc5c63987fa9f19b5c366e55740b2a0ffac4aab41ba55c1bd96dbb85eb3a8ca?s=96&d=mm&r=g\",\"contentUrl\":\"https:\/\/secure.gravatar.com\/avatar\/dfc5c63987fa9f19b5c366e55740b2a0ffac4aab41ba55c1bd96dbb85eb3a8ca?s=96&d=mm&r=g\",\"caption\":\"admin\"},\"url\":\"https:\/\/unisalesiano.com.br\/aracatuba\/author\/admin\/\"}]}<\/script>\n<!-- \/ Yoast SEO plugin. -->","yoast_head_json":{"title":"Grupo Coreogr\u00e1fico da UNA d\u00e1 show em espet\u00e1culo na Unip - UniSALESIANO Ara\u00e7atuba\/SP","robots":{"index":"index","follow":"follow","max-snippet":"max-snippet:-1","max-image-preview":"max-image-preview:large","max-video-preview":"max-video-preview:-1"},"canonical":"https:\/\/unisalesiano.com.br\/aracatuba\/grupo-coreografico-da-una-da-show-em-espetaculo-na-unip\/","og_locale":"pt_BR","og_type":"article","og_title":"Grupo Coreogr\u00e1fico da UNA d\u00e1 show em espet\u00e1culo na Unip - UniSALESIANO Ara\u00e7atuba\/SP","og_description":"O Grupo de Coreografia da Universidade Aberta da Melhor Idade (UNA), Departamento das Faculdades Cat\u00f3licas Salesianas, participou no s\u00e1bado, dia 2, do Festival de Dan\u00e7as promovido pela Academia Anamaria Ballet. A exibi\u00e7\u00e3o foi feita no teatro da Unip, localizado na Av. Bagua\u00e7u. O evento reuniu n\u00fameros art\u00edsticos de bal\u00e9, jazz e dan\u00e7a do ventre, a [&hellip;]","og_url":"https:\/\/unisalesiano.com.br\/aracatuba\/grupo-coreografico-da-una-da-show-em-espetaculo-na-unip\/","og_site_name":"UniSALESIANO Ara\u00e7atuba\/SP","article_published_time":"2005-07-04T19:01:09+00:00","article_modified_time":"2018-11-07T18:02:04+00:00","og_image":[{"width":480,"height":360,"url":"https:\/\/unisalesiano.com.br\/aracatuba\/wp-content\/uploads\/2018\/11\/2005-07-04-65-Grupo-Coreogr\u00e1fico-da-UNA-d\u00e1-show-em-espet\u00e1culo-na-Unip.png","type":"image\/png"}],"twitter_card":"summary_large_image","twitter_misc":{"Escrito por":"admin","Est. tempo de leitura":"2 minutos"},"schema":{"@context":"https:\/\/schema.org","@graph":[{"@type":"WebSite","@id":"https:\/\/unisalesiano.com.br\/aracatuba\/#website","url":"https:\/\/unisalesiano.com.br\/aracatuba\/","name":"UniSALESIANO Ara\u00e7atuba\/SP","description":"Centro Universit\u00e1rio Cat\u00f3lico Salesiano Auxilium","potentialAction":[{"@type":"SearchAction","target":{"@type":"EntryPoint","urlTemplate":"https:\/\/unisalesiano.com.br\/aracatuba\/?s={search_term_string}"},"query-input":"required name=search_term_string"}],"inLanguage":"pt-BR"},{"@type":"ImageObject","@id":"https:\/\/unisalesiano.com.br\/aracatuba\/grupo-coreografico-da-una-da-show-em-espetaculo-na-unip\/#primaryimage","inLanguage":"pt-BR","url":"https:\/\/unisalesiano.com.br\/aracatuba\/wp-content\/uploads\/2018\/11\/2005-07-04-65-Grupo-Coreogr\u00e1fico-da-UNA-d\u00e1-show-em-espet\u00e1culo-na-Unip.png","contentUrl":"https:\/\/unisalesiano.com.br\/aracatuba\/wp-content\/uploads\/2018\/11\/2005-07-04-65-Grupo-Coreogr\u00e1fico-da-UNA-d\u00e1-show-em-espet\u00e1culo-na-Unip.png","width":480,"height":360},{"@type":"WebPage","@id":"https:\/\/unisalesiano.com.br\/aracatuba\/grupo-coreografico-da-una-da-show-em-espetaculo-na-unip\/#webpage","url":"https:\/\/unisalesiano.com.br\/aracatuba\/grupo-coreografico-da-una-da-show-em-espetaculo-na-unip\/","name":"Grupo Coreogr\u00e1fico da UNA d\u00e1 show em espet\u00e1culo na Unip - UniSALESIANO Ara\u00e7atuba\/SP","isPartOf":{"@id":"https:\/\/unisalesiano.com.br\/aracatuba\/#website"},"primaryImageOfPage":{"@id":"https:\/\/unisalesiano.com.br\/aracatuba\/grupo-coreografico-da-una-da-show-em-espetaculo-na-unip\/#primaryimage"},"datePublished":"2005-07-04T19:01:09+00:00","dateModified":"2018-11-07T18:02:04+00:00","author":{"@id":"https:\/\/unisalesiano.com.br\/aracatuba\/#\/schema\/person\/afb1b2331f463570beda616f4cc14cc9"},"breadcrumb":{"@id":"https:\/\/unisalesiano.com.br\/aracatuba\/grupo-coreografico-da-una-da-show-em-espetaculo-na-unip\/#breadcrumb"},"inLanguage":"pt-BR","potentialAction":[{"@type":"ReadAction","target":["https:\/\/unisalesiano.com.br\/aracatuba\/grupo-coreografico-da-una-da-show-em-espetaculo-na-unip\/"]}]},{"@type":"BreadcrumbList","@id":"https:\/\/unisalesiano.com.br\/aracatuba\/grupo-coreografico-da-una-da-show-em-espetaculo-na-unip\/#breadcrumb","itemListElement":[{"@type":"ListItem","position":1,"name":"In\u00edcio","item":"https:\/\/unisalesiano.com.br\/aracatuba\/"},{"@type":"ListItem","position":2,"name":"Grupo Coreogr\u00e1fico da UNA d\u00e1 show em espet\u00e1culo na Unip"}]},{"@type":"Person","@id":"https:\/\/unisalesiano.com.br\/aracatuba\/#\/schema\/person\/afb1b2331f463570beda616f4cc14cc9","name":"admin","image":{"@type":"ImageObject","@id":"https:\/\/unisalesiano.com.br\/aracatuba\/#personlogo","inLanguage":"pt-BR","url":"https:\/\/secure.gravatar.com\/avatar\/dfc5c63987fa9f19b5c366e55740b2a0ffac4aab41ba55c1bd96dbb85eb3a8ca?s=96&d=mm&r=g","contentUrl":"https:\/\/secure.gravatar.com\/avatar\/dfc5c63987fa9f19b5c366e55740b2a0ffac4aab41ba55c1bd96dbb85eb3a8ca?s=96&d=mm&r=g","caption":"admin"},"url":"https:\/\/unisalesiano.com.br\/aracatuba\/author\/admin\/"}]}},"_links":{"self":[{"href":"https:\/\/unisalesiano.com.br\/aracatuba\/wp-json\/wp\/v2\/posts\/5850","targetHints":{"allow":["GET"]}}],"collection":[{"href":"https:\/\/unisalesiano.com.br\/aracatuba\/wp-json\/wp\/v2\/posts"}],"about":[{"href":"https:\/\/unisalesiano.com.br\/aracatuba\/wp-json\/wp\/v2\/types\/post"}],"author":[{"embeddable":true,"href":"https:\/\/unisalesiano.com.br\/aracatuba\/wp-json\/wp\/v2\/users\/1"}],"replies":[{"embeddable":true,"href":"https:\/\/unisalesiano.com.br\/aracatuba\/wp-json\/wp\/v2\/comments?post=5850"}],"version-history":[{"count":0,"href":"https:\/\/unisalesiano.com.br\/aracatuba\/wp-json\/wp\/v2\/posts\/5850\/revisions"}],"wp:featuredmedia":[{"embeddable":true,"href":"https:\/\/unisalesiano.com.br\/aracatuba\/wp-json\/wp\/v2\/media\/5851"}],"wp:attachment":[{"href":"https:\/\/unisalesiano.com.br\/aracatuba\/wp-json\/wp\/v2\/media?parent=5850"}],"wp:term":[{"taxonomy":"category","embeddable":true,"href":"https:\/\/unisalesiano.com.br\/aracatuba\/wp-json\/wp\/v2\/categories?post=5850"},{"taxonomy":"post_tag","embeddable":true,"href":"https:\/\/unisalesiano.com.br\/aracatuba\/wp-json\/wp\/v2\/tags?post=5850"}],"curies":[{"name":"wp","href":"https:\/\/api.w.org\/{rel}","templated":true}]}}