{"id":5702,"date":"2005-11-18T16:06:12","date_gmt":"2005-11-18T18:06:12","guid":{"rendered":"https:\/\/unisalesiano.com.br\/?p=5702"},"modified":"2018-11-06T16:10:45","modified_gmt":"2018-11-06T18:10:45","slug":"enfermagem-das-fcs-vai-contribuir-em-evento-do-i-e","status":"publish","type":"post","link":"https:\/\/unisalesiano.com.br\/aracatuba\/enfermagem-das-fcs-vai-contribuir-em-evento-do-i-e\/","title":{"rendered":"Enfermagem das FCS vai contribuir em evento do I.E."},"content":{"rendered":"<p>Os alunos do 1\u00ba Termo do curso de Enfermagem mantido pelas Faculdades Cat\u00f3licas Salesianas de Ara\u00e7atuba v\u00e3o participar, neste dia 18, segunda-feira, \u00e0s 13h, de um projeto desenvolvido pelo Instituto de Educa\u00e7\u00e3o &#8220;Manoel Bento da Cruz&#8221;, uma das mais antigas e tradicionais escolas p\u00fablicas estaduais da cidade.<\/p>\n<p>Os trabalhos ser\u00e3o conduzidos pela docente respons\u00e1vel pela disciplina de Sa\u00fade Ambiental, Gislene Marcelino.<\/p>\n<p>Professores e estudantes daquele educand\u00e1rio organizaram o Programa \u00b4Sa\u00fade Ambiental: Degrada\u00e7\u00e3o do Solo com Influ\u00eancia na Fauna\u00b4, com o objetivo de desenvolver junto \u00e0 popula\u00e7\u00e3o uma maior conscientiza\u00e7\u00e3o quanto \u00e0s quest\u00f5es ligadas ao meio ambiente.<\/p>\n<p>Para a coordenadora do curso de Enfermagem, Cl\u00e1udia Cristina Cyrillo Pereira de Melo, \u00e9 importante que os alunos das FCS participem dos trabalhos realizados no evento, pois assim eles ter\u00e3o a oportunidade de desenvolver, na pr\u00e1tica, os conhecimentos obtidos durante as aulas da disciplina de Sa\u00fade Ambiental.<\/p>\n<p>&#8220;As experi\u00eancias que podem ser trocadas entre nossos alunos e os estudantes do 2\u00ba do I.E. tamb\u00e9m s\u00e3o fundamentais, tendo em vista principalmente as discuss\u00f5es e debates permanentes da sociedade sobre a conserva\u00e7\u00e3o e preserva\u00e7\u00e3o do meio ambiente&#8221;, afirmou.<\/p>\n<p>Cl\u00e1udia lembrou, ainda, que o enfermeiro \u00e9 um profissional formado para trabalhar tamb\u00e9m com esses assuntos, exercendo, por exemplo, as fun\u00e7\u00f5es de um orientador. &#8220;Isso \u00e9 uma realidade, porque sabemos que os problemas que se abatem sobre o meio ambiente interferem diretamente na sa\u00fade do ser humano e na qualidade de vida das pessoas&#8221;, concluiu.<\/p>\n","protected":false},"excerpt":{"rendered":"<p>Os alunos do 1\u00ba Termo do curso de Enfermagem mantido pelas Faculdades Cat\u00f3licas Salesianas de Ara\u00e7atuba v\u00e3o participar, neste dia 18, segunda-feira, \u00e0s 13h, de um projeto desenvolvido pelo Instituto de Educa\u00e7\u00e3o &#8220;Manoel Bento da Cruz&#8221;, uma das mais antigas e tradicionais escolas p\u00fablicas estaduais da cidade. Os trabalhos ser\u00e3o conduzidos pela docente respons\u00e1vel pela [&hellip;]<\/p>\n","protected":false},"author":1,"featured_media":0,"comment_status":"open","ping_status":"open","sticky":false,"template":"","format":"standard","meta":{"footnotes":""},"categories":[5],"tags":[15],"class_list":["post-5702","post","type-post","status-publish","format-standard","hentry","category-saude","tag-enfermagem"],"yoast_head":"<!-- This site is optimized with the Yoast SEO plugin v17.4 - https:\/\/yoast.com\/wordpress\/plugins\/seo\/ -->\n<title>Enfermagem das FCS vai contribuir em evento do I.E. - UniSALESIANO Ara\u00e7atuba\/SP<\/title>\n<meta name=\"robots\" content=\"index, follow, max-snippet:-1, max-image-preview:large, max-video-preview:-1\" \/>\n<link rel=\"canonical\" href=\"https:\/\/unisalesiano.com.br\/aracatuba\/enfermagem-das-fcs-vai-contribuir-em-evento-do-i-e\/\" \/>\n<meta property=\"og:locale\" content=\"pt_BR\" \/>\n<meta property=\"og:type\" content=\"article\" \/>\n<meta property=\"og:title\" content=\"Enfermagem das FCS vai contribuir em evento do I.E. - UniSALESIANO Ara\u00e7atuba\/SP\" \/>\n<meta property=\"og:description\" content=\"Os alunos do 1\u00ba Termo do curso de Enfermagem mantido pelas Faculdades Cat\u00f3licas Salesianas de Ara\u00e7atuba v\u00e3o participar, neste dia 18, segunda-feira, \u00e0s 13h, de um projeto desenvolvido pelo Instituto de Educa\u00e7\u00e3o &#8220;Manoel Bento da Cruz&#8221;, uma das mais antigas e tradicionais escolas p\u00fablicas estaduais da cidade. Os trabalhos ser\u00e3o conduzidos pela docente respons\u00e1vel pela [&hellip;]\" \/>\n<meta property=\"og:url\" content=\"https:\/\/unisalesiano.com.br\/aracatuba\/enfermagem-das-fcs-vai-contribuir-em-evento-do-i-e\/\" \/>\n<meta property=\"og:site_name\" content=\"UniSALESIANO Ara\u00e7atuba\/SP\" \/>\n<meta property=\"article:published_time\" content=\"2005-11-18T18:06:12+00:00\" \/>\n<meta property=\"article:modified_time\" content=\"2018-11-06T18:10:45+00:00\" \/>\n<meta name=\"twitter:card\" content=\"summary_large_image\" \/>\n<meta name=\"twitter:label1\" content=\"Escrito por\" \/>\n\t<meta name=\"twitter:data1\" content=\"admin\" \/>\n\t<meta name=\"twitter:label2\" content=\"Est. tempo de leitura\" \/>\n\t<meta name=\"twitter:data2\" content=\"1 minuto\" \/>\n<script type=\"application\/ld+json\" class=\"yoast-schema-graph\">{\"@context\":\"https:\/\/schema.org\",\"@graph\":[{\"@type\":\"WebSite\",\"@id\":\"https:\/\/unisalesiano.com.br\/aracatuba\/#website\",\"url\":\"https:\/\/unisalesiano.com.br\/aracatuba\/\",\"name\":\"UniSALESIANO Ara\\u00e7atuba\/SP\",\"description\":\"Centro Universit\\u00e1rio Cat\\u00f3lico Salesiano Auxilium\",\"potentialAction\":[{\"@type\":\"SearchAction\",\"target\":{\"@type\":\"EntryPoint\",\"urlTemplate\":\"https:\/\/unisalesiano.com.br\/aracatuba\/?s={search_term_string}\"},\"query-input\":\"required name=search_term_string\"}],\"inLanguage\":\"pt-BR\"},{\"@type\":\"WebPage\",\"@id\":\"https:\/\/unisalesiano.com.br\/aracatuba\/enfermagem-das-fcs-vai-contribuir-em-evento-do-i-e\/#webpage\",\"url\":\"https:\/\/unisalesiano.com.br\/aracatuba\/enfermagem-das-fcs-vai-contribuir-em-evento-do-i-e\/\",\"name\":\"Enfermagem das FCS vai contribuir em evento do I.E. - UniSALESIANO Ara\\u00e7atuba\/SP\",\"isPartOf\":{\"@id\":\"https:\/\/unisalesiano.com.br\/aracatuba\/#website\"},\"datePublished\":\"2005-11-18T18:06:12+00:00\",\"dateModified\":\"2018-11-06T18:10:45+00:00\",\"author\":{\"@id\":\"https:\/\/unisalesiano.com.br\/aracatuba\/#\/schema\/person\/afb1b2331f463570beda616f4cc14cc9\"},\"breadcrumb\":{\"@id\":\"https:\/\/unisalesiano.com.br\/aracatuba\/enfermagem-das-fcs-vai-contribuir-em-evento-do-i-e\/#breadcrumb\"},\"inLanguage\":\"pt-BR\",\"potentialAction\":[{\"@type\":\"ReadAction\",\"target\":[\"https:\/\/unisalesiano.com.br\/aracatuba\/enfermagem-das-fcs-vai-contribuir-em-evento-do-i-e\/\"]}]},{\"@type\":\"BreadcrumbList\",\"@id\":\"https:\/\/unisalesiano.com.br\/aracatuba\/enfermagem-das-fcs-vai-contribuir-em-evento-do-i-e\/#breadcrumb\",\"itemListElement\":[{\"@type\":\"ListItem\",\"position\":1,\"name\":\"In\\u00edcio\",\"item\":\"https:\/\/unisalesiano.com.br\/aracatuba\/\"},{\"@type\":\"ListItem\",\"position\":2,\"name\":\"Enfermagem das FCS vai contribuir em evento do I.E.\"}]},{\"@type\":\"Person\",\"@id\":\"https:\/\/unisalesiano.com.br\/aracatuba\/#\/schema\/person\/afb1b2331f463570beda616f4cc14cc9\",\"name\":\"admin\",\"image\":{\"@type\":\"ImageObject\",\"@id\":\"https:\/\/unisalesiano.com.br\/aracatuba\/#personlogo\",\"inLanguage\":\"pt-BR\",\"url\":\"https:\/\/secure.gravatar.com\/avatar\/dfc5c63987fa9f19b5c366e55740b2a0ffac4aab41ba55c1bd96dbb85eb3a8ca?s=96&d=mm&r=g\",\"contentUrl\":\"https:\/\/secure.gravatar.com\/avatar\/dfc5c63987fa9f19b5c366e55740b2a0ffac4aab41ba55c1bd96dbb85eb3a8ca?s=96&d=mm&r=g\",\"caption\":\"admin\"},\"url\":\"https:\/\/unisalesiano.com.br\/aracatuba\/author\/admin\/\"}]}<\/script>\n<!-- \/ Yoast SEO plugin. -->","yoast_head_json":{"title":"Enfermagem das FCS vai contribuir em evento do I.E. - UniSALESIANO Ara\u00e7atuba\/SP","robots":{"index":"index","follow":"follow","max-snippet":"max-snippet:-1","max-image-preview":"max-image-preview:large","max-video-preview":"max-video-preview:-1"},"canonical":"https:\/\/unisalesiano.com.br\/aracatuba\/enfermagem-das-fcs-vai-contribuir-em-evento-do-i-e\/","og_locale":"pt_BR","og_type":"article","og_title":"Enfermagem das FCS vai contribuir em evento do I.E. - UniSALESIANO Ara\u00e7atuba\/SP","og_description":"Os alunos do 1\u00ba Termo do curso de Enfermagem mantido pelas Faculdades Cat\u00f3licas Salesianas de Ara\u00e7atuba v\u00e3o participar, neste dia 18, segunda-feira, \u00e0s 13h, de um projeto desenvolvido pelo Instituto de Educa\u00e7\u00e3o &#8220;Manoel Bento da Cruz&#8221;, uma das mais antigas e tradicionais escolas p\u00fablicas estaduais da cidade. Os trabalhos ser\u00e3o conduzidos pela docente respons\u00e1vel pela [&hellip;]","og_url":"https:\/\/unisalesiano.com.br\/aracatuba\/enfermagem-das-fcs-vai-contribuir-em-evento-do-i-e\/","og_site_name":"UniSALESIANO Ara\u00e7atuba\/SP","article_published_time":"2005-11-18T18:06:12+00:00","article_modified_time":"2018-11-06T18:10:45+00:00","twitter_card":"summary_large_image","twitter_misc":{"Escrito por":"admin","Est. tempo de leitura":"1 minuto"},"schema":{"@context":"https:\/\/schema.org","@graph":[{"@type":"WebSite","@id":"https:\/\/unisalesiano.com.br\/aracatuba\/#website","url":"https:\/\/unisalesiano.com.br\/aracatuba\/","name":"UniSALESIANO Ara\u00e7atuba\/SP","description":"Centro Universit\u00e1rio Cat\u00f3lico Salesiano Auxilium","potentialAction":[{"@type":"SearchAction","target":{"@type":"EntryPoint","urlTemplate":"https:\/\/unisalesiano.com.br\/aracatuba\/?s={search_term_string}"},"query-input":"required name=search_term_string"}],"inLanguage":"pt-BR"},{"@type":"WebPage","@id":"https:\/\/unisalesiano.com.br\/aracatuba\/enfermagem-das-fcs-vai-contribuir-em-evento-do-i-e\/#webpage","url":"https:\/\/unisalesiano.com.br\/aracatuba\/enfermagem-das-fcs-vai-contribuir-em-evento-do-i-e\/","name":"Enfermagem das FCS vai contribuir em evento do I.E. - UniSALESIANO Ara\u00e7atuba\/SP","isPartOf":{"@id":"https:\/\/unisalesiano.com.br\/aracatuba\/#website"},"datePublished":"2005-11-18T18:06:12+00:00","dateModified":"2018-11-06T18:10:45+00:00","author":{"@id":"https:\/\/unisalesiano.com.br\/aracatuba\/#\/schema\/person\/afb1b2331f463570beda616f4cc14cc9"},"breadcrumb":{"@id":"https:\/\/unisalesiano.com.br\/aracatuba\/enfermagem-das-fcs-vai-contribuir-em-evento-do-i-e\/#breadcrumb"},"inLanguage":"pt-BR","potentialAction":[{"@type":"ReadAction","target":["https:\/\/unisalesiano.com.br\/aracatuba\/enfermagem-das-fcs-vai-contribuir-em-evento-do-i-e\/"]}]},{"@type":"BreadcrumbList","@id":"https:\/\/unisalesiano.com.br\/aracatuba\/enfermagem-das-fcs-vai-contribuir-em-evento-do-i-e\/#breadcrumb","itemListElement":[{"@type":"ListItem","position":1,"name":"In\u00edcio","item":"https:\/\/unisalesiano.com.br\/aracatuba\/"},{"@type":"ListItem","position":2,"name":"Enfermagem das FCS vai contribuir em evento do I.E."}]},{"@type":"Person","@id":"https:\/\/unisalesiano.com.br\/aracatuba\/#\/schema\/person\/afb1b2331f463570beda616f4cc14cc9","name":"admin","image":{"@type":"ImageObject","@id":"https:\/\/unisalesiano.com.br\/aracatuba\/#personlogo","inLanguage":"pt-BR","url":"https:\/\/secure.gravatar.com\/avatar\/dfc5c63987fa9f19b5c366e55740b2a0ffac4aab41ba55c1bd96dbb85eb3a8ca?s=96&d=mm&r=g","contentUrl":"https:\/\/secure.gravatar.com\/avatar\/dfc5c63987fa9f19b5c366e55740b2a0ffac4aab41ba55c1bd96dbb85eb3a8ca?s=96&d=mm&r=g","caption":"admin"},"url":"https:\/\/unisalesiano.com.br\/aracatuba\/author\/admin\/"}]}},"_links":{"self":[{"href":"https:\/\/unisalesiano.com.br\/aracatuba\/wp-json\/wp\/v2\/posts\/5702","targetHints":{"allow":["GET"]}}],"collection":[{"href":"https:\/\/unisalesiano.com.br\/aracatuba\/wp-json\/wp\/v2\/posts"}],"about":[{"href":"https:\/\/unisalesiano.com.br\/aracatuba\/wp-json\/wp\/v2\/types\/post"}],"author":[{"embeddable":true,"href":"https:\/\/unisalesiano.com.br\/aracatuba\/wp-json\/wp\/v2\/users\/1"}],"replies":[{"embeddable":true,"href":"https:\/\/unisalesiano.com.br\/aracatuba\/wp-json\/wp\/v2\/comments?post=5702"}],"version-history":[{"count":0,"href":"https:\/\/unisalesiano.com.br\/aracatuba\/wp-json\/wp\/v2\/posts\/5702\/revisions"}],"wp:attachment":[{"href":"https:\/\/unisalesiano.com.br\/aracatuba\/wp-json\/wp\/v2\/media?parent=5702"}],"wp:term":[{"taxonomy":"category","embeddable":true,"href":"https:\/\/unisalesiano.com.br\/aracatuba\/wp-json\/wp\/v2\/categories?post=5702"},{"taxonomy":"post_tag","embeddable":true,"href":"https:\/\/unisalesiano.com.br\/aracatuba\/wp-json\/wp\/v2\/tags?post=5702"}],"curies":[{"name":"wp","href":"https:\/\/api.w.org\/{rel}","templated":true}]}}