{"id":52672,"date":"2026-09-03T08:37:14","date_gmt":"2026-09-03T11:37:14","guid":{"rendered":"https:\/\/unisalesiano.com.br\/aracatuba\/?p=52672"},"modified":"2026-09-03T10:41:58","modified_gmt":"2026-09-03T13:41:58","slug":"camara-aprova-concessao-de-terreno-por-20-anos-para-ampliar-acoes-sociais-salesianas-em-aracatuba","status":"publish","type":"post","link":"https:\/\/unisalesiano.com.br\/aracatuba\/camara-aprova-concessao-de-terreno-por-20-anos-para-ampliar-acoes-sociais-salesianas-em-aracatuba\/","title":{"rendered":"Miss\u00e3o Salesiana tem prazos restabelecidos para uso de \u00e1rea no \u00c1gua Branca III"},"content":{"rendered":"<p>A C\u00e2mara Municipal de Ara\u00e7atuba aprovou, por unanimidade, o projeto de lei que restabelece os prazos para lavratura de escritura p\u00fablica, in\u00edcio e conclus\u00e3o das obras em uma \u00e1rea localizada no bairro \u00c1gua Branca III, cuja concess\u00e3o foi autorizada \u00e0 Miss\u00e3o Salesiana de Mato Grosso &#8211; mantenedora do UniSALESIANO, por meio da Lei Municipal n\u00ba 7.301\/2010. A vota\u00e7\u00e3o ocorreu durante a 27\u00aa sess\u00e3o ordin\u00e1ria do ano, realizada na segunda-feira (31).<\/p>\n<p>Com os prazos restabelecidos, a Institui\u00e7\u00e3o ter\u00e1 a concess\u00e3o do im\u00f3vel pelo per\u00edodo de 20 anos, contado a partir da lavratura da escritura p\u00fablica. Para entrar em vigor, a nova lei depende da san\u00e7\u00e3o do prefeito Lucas Zanatta e posterior publica\u00e7\u00e3o. A \u00e1rea possui aproximadamente 2,6 mil metros quadrados e est\u00e1 localizada na Rua Aristides Torres, esquina com a Rua Maria Josefa Martinez Martinelli.<\/p>\n<p>O novo projeto permite \u00e0 Miss\u00e3o Salesiana avan\u00e7ar nos projetos e a\u00e7\u00f5es sociais destinados \u00e0 popula\u00e7\u00e3o do \u00c1gua Branca III e adjac\u00eancias, especialmente crian\u00e7as e adolescentes.<\/p>\n<p>Para o<strong> Diretor da Presen\u00e7a Salesiana em Ara\u00e7atuba, Pe. Paulo Vendrame<\/strong>, a aprova\u00e7\u00e3o representa um importante passo para fortalecer a miss\u00e3o desenvolvida junto \u00e0 comunidade. \u201cA presen\u00e7a salesiana tem como ess\u00eancia estar ao lado dos jovens, especialmente daqueles que mais necessitam de oportunidades, acolhimento e acompanhamento. A renova\u00e7\u00e3o desse per\u00edodo nos permite olhar para o futuro e pensar em novas possibilidades para ampliar esse trabalho, sempre com o prop\u00f3sito de contribuir para a forma\u00e7\u00e3o integral das crian\u00e7as e dos adolescentes e para o fortalecimento de suas fam\u00edlias\u201d, ressaltou.<\/p>\n<p><strong>QUERMESSE<\/strong><\/p>\n<p>Com a garantia da concess\u00e3o por mais 20 anos, a pr\u00f3xima etapa ser\u00e1 a implanta\u00e7\u00e3o da infraestrutura definitiva no terreno. O investimento ser\u00e1 realizado com recursos arrecadados durante a Quermesse do UniSALESIANO, promovida em maio deste ano. Para o <strong>Pr\u00f3-Reitor de Ensino, Pesquisa e P\u00f3s-Gradua\u00e7\u00e3o do UniSALESIANO, Prof. Dr. Andr\u00e9 Ornellas<\/strong>, a aprova\u00e7\u00e3o da lei cria as condi\u00e7\u00f5es necess\u00e1rias para que os recursos arrecadados sejam revertidos em benef\u00edcio da comunidade.<\/p>\n<p>\u201cA renova\u00e7\u00e3o da concess\u00e3o nos d\u00e1 a seguran\u00e7a necess\u00e1ria para avan\u00e7armos na estrutura\u00e7\u00e3o desse espa\u00e7o. A infraestrutura ser\u00e1 constru\u00edda com recursos arrecadados na Quermesse do UniSALESIANO, fruto da solidariedade de toda a comunidade acad\u00eamica e da popula\u00e7\u00e3o que participou do evento. \u00c9 muito significativo ver esse gesto coletivo se transformar em um espa\u00e7o permanente de acolhimento, educa\u00e7\u00e3o e oportunidades para as crian\u00e7as e os jovens do \u00c1gua Branca III\u201d, afirmou.<\/p>\n<p><strong>SOCIAL<\/strong><\/p>\n<p>O territ\u00f3rio j\u00e1 recebe a atua\u00e7\u00e3o do Orat\u00f3rio Dom Bosco, projeto social salesiano que atende prioritariamente crian\u00e7as, adolescentes e jovens em situa\u00e7\u00e3o de vulnerabilidade social do \u00c1gua Branca III e de bairros pr\u00f3ximos. Inspirado no trabalho de <strong>S\u00e3o Jo\u00e3o Bosco<\/strong> e em seu Sistema Preventivo, fundamentado nos pilares raz\u00e3o, religi\u00e3o e amor, o Orat\u00f3rio desenvolve a\u00e7\u00f5es que buscam proporcionar forma\u00e7\u00e3o, conviv\u00eancia, acolhimento e novas perspectivas \u00e0s crian\u00e7as, aos adolescentes e \u00e0s suas fam\u00edlias.<\/p>\n<p>Todos os s\u00e1bados, das 14h30 \u00e0s 17h, volunt\u00e1rios do UniSALESIANO e da comunidade salesiana local conduzem atividades recreativas, culturais, esportivas, formativas e religiosas no espa\u00e7o da <strong>Par\u00f3quia S\u00e3o Francisco e Santa Clara<\/strong>. Entre as atividades oferecidas est\u00e3o escolinha de futebol, recrea\u00e7\u00e3o, dan\u00e7a, jiu-jitsu, viol\u00e3o, pintura em tecido e xadrez. Por meio delas, s\u00e3o trabalhados aspectos como autoestima, disciplina, criatividade, concentra\u00e7\u00e3o, respeito, racioc\u00ednio, autocontrole e senso de pertencimento.<\/p>\n<p>A atua\u00e7\u00e3o n\u00e3o se restringe \u00e0s crian\u00e7as e aos adolescentes. As fam\u00edlias tamb\u00e9m s\u00e3o acompanhadas de perto, por meio de entrevistas peri\u00f3dicas e contato frequente, possibilitando a identifica\u00e7\u00e3o de necessidades e o encaminhamento para servi\u00e7os de orienta\u00e7\u00e3o e prote\u00e7\u00e3o social.<\/p>\n<p>Os resultados desse trabalho tamb\u00e9m podem ser percebidos na trajet\u00f3ria dos jovens atendidos. Ao longo dos anos, dezenas deles j\u00e1 foram inseridos no mercado de trabalho como aprendizes, enquanto outros chegaram ao Ensino Superior por meio de bolsas integrais de gradua\u00e7\u00e3o.<\/p>\n<p><strong>VOLUNT\u00c1RIOS<\/strong><\/p>\n<p>O trabalho do Orat\u00f3rio Dom Bosco \u00e9 sustentado por uma rede de volunt\u00e1rios formada por padres, professores universit\u00e1rios, casais da par\u00f3quia, acad\u00eamicos volunt\u00e1rios, leigos e seminaristas que se dedicam \u00e0 organiza\u00e7\u00e3o e \u00e0 realiza\u00e7\u00e3o das diferentes atividades. Ao longo do ano, o projeto tamb\u00e9m promove a\u00e7\u00f5es que mobilizam as fam\u00edlias e a comunidade, como a festa do <strong>Dia das Crian\u00e7as e de Nossa Senhora Aparecida<\/strong>, aberta aos moradores da regi\u00e3o, e o <strong>Natal Solid\u00e1rio<\/strong>.<\/p>\n<p>Para Pe. Paulo Vendrame, a perspectiva \u00e9 de que, com a concess\u00e3o e a futura infraestrutura, a presen\u00e7a salesiana no \u00c1gua Branca III possa ser fortalecida e alcan\u00e7ar ainda mais crian\u00e7as, adolescentes e fam\u00edlias. \u201cDom Bosco acreditava profundamente nos jovens e na capacidade de cada um deles de construir uma hist\u00f3ria diferente quando encontra quem o acolha, oriente e ofere\u00e7a oportunidades. \u00c9 isso que queremos continuar fazendo em Ara\u00e7atuba: estar presentes e criar condi\u00e7\u00f5es para que essas crian\u00e7as e jovens possam sonhar e construir o pr\u00f3prio futuro\u201d, finalizou.<\/p>\n","protected":false},"excerpt":{"rendered":"<p>A C\u00e2mara Municipal de Ara\u00e7atuba aprovou, por unanimidade, o projeto de lei que restabelece os prazos para lavratura de escritura p\u00fablica, in\u00edcio e conclus\u00e3o das obras em uma \u00e1rea localizada no bairro \u00c1gua Branca III, cuja concess\u00e3o foi autorizada \u00e0 Miss\u00e3o Salesiana de Mato Grosso &#8211; mantenedora do UniSALESIANO, por meio da Lei Municipal n\u00ba [&hellip;]<\/p>\n","protected":false},"author":3,"featured_media":52674,"comment_status":"open","ping_status":"open","sticky":false,"template":"","format":"standard","meta":{"footnotes":""},"categories":[11,10,9],"tags":[103,29,1414,16],"class_list":["post-52672","post","type-post","status-publish","format-standard","has-post-thumbnail","hentry","category-institucional","category-pastoral","category-reitoria","tag-aracatuba","tag-oratorio-dom-bosco","tag-social","tag-unisalesiano"],"yoast_head":"<!-- This site is optimized with the Yoast SEO plugin v17.4 - https:\/\/yoast.com\/wordpress\/plugins\/seo\/ -->\n<title>Miss\u00e3o Salesiana tem prazos restabelecidos para uso de \u00e1rea no \u00c1gua Branca III - UniSALESIANO Ara\u00e7atuba\/SP<\/title>\n<meta name=\"robots\" content=\"index, follow, max-snippet:-1, max-image-preview:large, max-video-preview:-1\" \/>\n<link rel=\"canonical\" href=\"https:\/\/unisalesiano.com.br\/aracatuba\/camara-aprova-concessao-de-terreno-por-20-anos-para-ampliar-acoes-sociais-salesianas-em-aracatuba\/\" \/>\n<meta property=\"og:locale\" content=\"pt_BR\" \/>\n<meta property=\"og:type\" content=\"article\" \/>\n<meta property=\"og:title\" content=\"Miss\u00e3o Salesiana tem prazos restabelecidos para uso de \u00e1rea no \u00c1gua Branca III - UniSALESIANO Ara\u00e7atuba\/SP\" \/>\n<meta property=\"og:description\" content=\"A C\u00e2mara Municipal de Ara\u00e7atuba aprovou, por unanimidade, o projeto de lei que restabelece os prazos para lavratura de escritura p\u00fablica, in\u00edcio e conclus\u00e3o das obras em uma \u00e1rea localizada no bairro \u00c1gua Branca III, cuja concess\u00e3o foi autorizada \u00e0 Miss\u00e3o Salesiana de Mato Grosso &#8211; mantenedora do UniSALESIANO, por meio da Lei Municipal n\u00ba [&hellip;]\" \/>\n<meta property=\"og:url\" content=\"https:\/\/unisalesiano.com.br\/aracatuba\/camara-aprova-concessao-de-terreno-por-20-anos-para-ampliar-acoes-sociais-salesianas-em-aracatuba\/\" \/>\n<meta property=\"og:site_name\" content=\"UniSALESIANO Ara\u00e7atuba\/SP\" \/>\n<meta property=\"article:published_time\" content=\"2026-09-03T11:37:14+00:00\" \/>\n<meta property=\"article:modified_time\" content=\"2026-09-03T13:41:58+00:00\" \/>\n<meta property=\"og:image\" content=\"https:\/\/unisalesiano.com.br\/aracatuba\/wp-content\/uploads\/2026\/09\/WhatsApp-Image-2017-12-16-at-12.34.36-2.jpeg\" \/>\n\t<meta property=\"og:image:width\" content=\"1024\" \/>\n\t<meta property=\"og:image:height\" content=\"768\" \/>\n<meta name=\"twitter:card\" content=\"summary_large_image\" \/>\n<meta name=\"twitter:label1\" content=\"Escrito por\" \/>\n\t<meta name=\"twitter:data1\" content=\"Monique Bueno\" \/>\n\t<meta name=\"twitter:label2\" content=\"Est. tempo de leitura\" \/>\n\t<meta name=\"twitter:data2\" content=\"4 minutos\" \/>\n<script type=\"application\/ld+json\" class=\"yoast-schema-graph\">{\"@context\":\"https:\/\/schema.org\",\"@graph\":[{\"@type\":\"WebSite\",\"@id\":\"https:\/\/unisalesiano.com.br\/aracatuba\/#website\",\"url\":\"https:\/\/unisalesiano.com.br\/aracatuba\/\",\"name\":\"UniSALESIANO Ara\\u00e7atuba\/SP\",\"description\":\"Centro Universit\\u00e1rio Cat\\u00f3lico Salesiano Auxilium\",\"potentialAction\":[{\"@type\":\"SearchAction\",\"target\":{\"@type\":\"EntryPoint\",\"urlTemplate\":\"https:\/\/unisalesiano.com.br\/aracatuba\/?s={search_term_string}\"},\"query-input\":\"required name=search_term_string\"}],\"inLanguage\":\"pt-BR\"},{\"@type\":\"ImageObject\",\"@id\":\"https:\/\/unisalesiano.com.br\/aracatuba\/camara-aprova-concessao-de-terreno-por-20-anos-para-ampliar-acoes-sociais-salesianas-em-aracatuba\/#primaryimage\",\"inLanguage\":\"pt-BR\",\"url\":\"https:\/\/unisalesiano.com.br\/aracatuba\/wp-content\/uploads\/2026\/09\/WhatsApp-Image-2017-12-16-at-12.34.36-2.jpeg\",\"contentUrl\":\"https:\/\/unisalesiano.com.br\/aracatuba\/wp-content\/uploads\/2026\/09\/WhatsApp-Image-2017-12-16-at-12.34.36-2.jpeg\",\"width\":1024,\"height\":768},{\"@type\":\"WebPage\",\"@id\":\"https:\/\/unisalesiano.com.br\/aracatuba\/camara-aprova-concessao-de-terreno-por-20-anos-para-ampliar-acoes-sociais-salesianas-em-aracatuba\/#webpage\",\"url\":\"https:\/\/unisalesiano.com.br\/aracatuba\/camara-aprova-concessao-de-terreno-por-20-anos-para-ampliar-acoes-sociais-salesianas-em-aracatuba\/\",\"name\":\"Miss\\u00e3o Salesiana tem prazos restabelecidos para uso de \\u00e1rea no \\u00c1gua Branca III - UniSALESIANO Ara\\u00e7atuba\/SP\",\"isPartOf\":{\"@id\":\"https:\/\/unisalesiano.com.br\/aracatuba\/#website\"},\"primaryImageOfPage\":{\"@id\":\"https:\/\/unisalesiano.com.br\/aracatuba\/camara-aprova-concessao-de-terreno-por-20-anos-para-ampliar-acoes-sociais-salesianas-em-aracatuba\/#primaryimage\"},\"datePublished\":\"2026-09-03T11:37:14+00:00\",\"dateModified\":\"2026-09-03T13:41:58+00:00\",\"author\":{\"@id\":\"https:\/\/unisalesiano.com.br\/aracatuba\/#\/schema\/person\/964caaa63bddcf301b320e385db5203a\"},\"breadcrumb\":{\"@id\":\"https:\/\/unisalesiano.com.br\/aracatuba\/camara-aprova-concessao-de-terreno-por-20-anos-para-ampliar-acoes-sociais-salesianas-em-aracatuba\/#breadcrumb\"},\"inLanguage\":\"pt-BR\",\"potentialAction\":[{\"@type\":\"ReadAction\",\"target\":[\"https:\/\/unisalesiano.com.br\/aracatuba\/camara-aprova-concessao-de-terreno-por-20-anos-para-ampliar-acoes-sociais-salesianas-em-aracatuba\/\"]}]},{\"@type\":\"BreadcrumbList\",\"@id\":\"https:\/\/unisalesiano.com.br\/aracatuba\/camara-aprova-concessao-de-terreno-por-20-anos-para-ampliar-acoes-sociais-salesianas-em-aracatuba\/#breadcrumb\",\"itemListElement\":[{\"@type\":\"ListItem\",\"position\":1,\"name\":\"In\\u00edcio\",\"item\":\"https:\/\/unisalesiano.com.br\/aracatuba\/\"},{\"@type\":\"ListItem\",\"position\":2,\"name\":\"Miss\\u00e3o Salesiana tem prazos restabelecidos para uso de \\u00e1rea no \\u00c1gua Branca III\"}]},{\"@type\":\"Person\",\"@id\":\"https:\/\/unisalesiano.com.br\/aracatuba\/#\/schema\/person\/964caaa63bddcf301b320e385db5203a\",\"name\":\"Monique Bueno\",\"image\":{\"@type\":\"ImageObject\",\"@id\":\"https:\/\/unisalesiano.com.br\/aracatuba\/#personlogo\",\"inLanguage\":\"pt-BR\",\"url\":\"https:\/\/secure.gravatar.com\/avatar\/1680078f9a9fb86c36e76e0928e948cfd68a43bbc313c1bad27d1e48b49b308d?s=96&d=mm&r=g\",\"contentUrl\":\"https:\/\/secure.gravatar.com\/avatar\/1680078f9a9fb86c36e76e0928e948cfd68a43bbc313c1bad27d1e48b49b308d?s=96&d=mm&r=g\",\"caption\":\"Monique Bueno\"},\"url\":\"https:\/\/unisalesiano.com.br\/aracatuba\/author\/monique\/\"}]}<\/script>\n<!-- \/ Yoast SEO plugin. -->","yoast_head_json":{"title":"Miss\u00e3o Salesiana tem prazos restabelecidos para uso de \u00e1rea no \u00c1gua Branca III - UniSALESIANO Ara\u00e7atuba\/SP","robots":{"index":"index","follow":"follow","max-snippet":"max-snippet:-1","max-image-preview":"max-image-preview:large","max-video-preview":"max-video-preview:-1"},"canonical":"https:\/\/unisalesiano.com.br\/aracatuba\/camara-aprova-concessao-de-terreno-por-20-anos-para-ampliar-acoes-sociais-salesianas-em-aracatuba\/","og_locale":"pt_BR","og_type":"article","og_title":"Miss\u00e3o Salesiana tem prazos restabelecidos para uso de \u00e1rea no \u00c1gua Branca III - UniSALESIANO Ara\u00e7atuba\/SP","og_description":"A C\u00e2mara Municipal de Ara\u00e7atuba aprovou, por unanimidade, o projeto de lei que restabelece os prazos para lavratura de escritura p\u00fablica, in\u00edcio e conclus\u00e3o das obras em uma \u00e1rea localizada no bairro \u00c1gua Branca III, cuja concess\u00e3o foi autorizada \u00e0 Miss\u00e3o Salesiana de Mato Grosso &#8211; mantenedora do UniSALESIANO, por meio da Lei Municipal n\u00ba [&hellip;]","og_url":"https:\/\/unisalesiano.com.br\/aracatuba\/camara-aprova-concessao-de-terreno-por-20-anos-para-ampliar-acoes-sociais-salesianas-em-aracatuba\/","og_site_name":"UniSALESIANO Ara\u00e7atuba\/SP","article_published_time":"2026-09-03T11:37:14+00:00","article_modified_time":"2026-09-03T13:41:58+00:00","og_image":[{"width":1024,"height":768,"url":"https:\/\/unisalesiano.com.br\/aracatuba\/wp-content\/uploads\/2026\/09\/WhatsApp-Image-2017-12-16-at-12.34.36-2.jpeg","type":"image\/jpeg"}],"twitter_card":"summary_large_image","twitter_misc":{"Escrito por":"Monique Bueno","Est. tempo de leitura":"4 minutos"},"schema":{"@context":"https:\/\/schema.org","@graph":[{"@type":"WebSite","@id":"https:\/\/unisalesiano.com.br\/aracatuba\/#website","url":"https:\/\/unisalesiano.com.br\/aracatuba\/","name":"UniSALESIANO Ara\u00e7atuba\/SP","description":"Centro Universit\u00e1rio Cat\u00f3lico Salesiano Auxilium","potentialAction":[{"@type":"SearchAction","target":{"@type":"EntryPoint","urlTemplate":"https:\/\/unisalesiano.com.br\/aracatuba\/?s={search_term_string}"},"query-input":"required name=search_term_string"}],"inLanguage":"pt-BR"},{"@type":"ImageObject","@id":"https:\/\/unisalesiano.com.br\/aracatuba\/camara-aprova-concessao-de-terreno-por-20-anos-para-ampliar-acoes-sociais-salesianas-em-aracatuba\/#primaryimage","inLanguage":"pt-BR","url":"https:\/\/unisalesiano.com.br\/aracatuba\/wp-content\/uploads\/2026\/09\/WhatsApp-Image-2017-12-16-at-12.34.36-2.jpeg","contentUrl":"https:\/\/unisalesiano.com.br\/aracatuba\/wp-content\/uploads\/2026\/09\/WhatsApp-Image-2017-12-16-at-12.34.36-2.jpeg","width":1024,"height":768},{"@type":"WebPage","@id":"https:\/\/unisalesiano.com.br\/aracatuba\/camara-aprova-concessao-de-terreno-por-20-anos-para-ampliar-acoes-sociais-salesianas-em-aracatuba\/#webpage","url":"https:\/\/unisalesiano.com.br\/aracatuba\/camara-aprova-concessao-de-terreno-por-20-anos-para-ampliar-acoes-sociais-salesianas-em-aracatuba\/","name":"Miss\u00e3o Salesiana tem prazos restabelecidos para uso de \u00e1rea no \u00c1gua Branca III - UniSALESIANO Ara\u00e7atuba\/SP","isPartOf":{"@id":"https:\/\/unisalesiano.com.br\/aracatuba\/#website"},"primaryImageOfPage":{"@id":"https:\/\/unisalesiano.com.br\/aracatuba\/camara-aprova-concessao-de-terreno-por-20-anos-para-ampliar-acoes-sociais-salesianas-em-aracatuba\/#primaryimage"},"datePublished":"2026-09-03T11:37:14+00:00","dateModified":"2026-09-03T13:41:58+00:00","author":{"@id":"https:\/\/unisalesiano.com.br\/aracatuba\/#\/schema\/person\/964caaa63bddcf301b320e385db5203a"},"breadcrumb":{"@id":"https:\/\/unisalesiano.com.br\/aracatuba\/camara-aprova-concessao-de-terreno-por-20-anos-para-ampliar-acoes-sociais-salesianas-em-aracatuba\/#breadcrumb"},"inLanguage":"pt-BR","potentialAction":[{"@type":"ReadAction","target":["https:\/\/unisalesiano.com.br\/aracatuba\/camara-aprova-concessao-de-terreno-por-20-anos-para-ampliar-acoes-sociais-salesianas-em-aracatuba\/"]}]},{"@type":"BreadcrumbList","@id":"https:\/\/unisalesiano.com.br\/aracatuba\/camara-aprova-concessao-de-terreno-por-20-anos-para-ampliar-acoes-sociais-salesianas-em-aracatuba\/#breadcrumb","itemListElement":[{"@type":"ListItem","position":1,"name":"In\u00edcio","item":"https:\/\/unisalesiano.com.br\/aracatuba\/"},{"@type":"ListItem","position":2,"name":"Miss\u00e3o Salesiana tem prazos restabelecidos para uso de \u00e1rea no \u00c1gua Branca III"}]},{"@type":"Person","@id":"https:\/\/unisalesiano.com.br\/aracatuba\/#\/schema\/person\/964caaa63bddcf301b320e385db5203a","name":"Monique Bueno","image":{"@type":"ImageObject","@id":"https:\/\/unisalesiano.com.br\/aracatuba\/#personlogo","inLanguage":"pt-BR","url":"https:\/\/secure.gravatar.com\/avatar\/1680078f9a9fb86c36e76e0928e948cfd68a43bbc313c1bad27d1e48b49b308d?s=96&d=mm&r=g","contentUrl":"https:\/\/secure.gravatar.com\/avatar\/1680078f9a9fb86c36e76e0928e948cfd68a43bbc313c1bad27d1e48b49b308d?s=96&d=mm&r=g","caption":"Monique Bueno"},"url":"https:\/\/unisalesiano.com.br\/aracatuba\/author\/monique\/"}]}},"_links":{"self":[{"href":"https:\/\/unisalesiano.com.br\/aracatuba\/wp-json\/wp\/v2\/posts\/52672","targetHints":{"allow":["GET"]}}],"collection":[{"href":"https:\/\/unisalesiano.com.br\/aracatuba\/wp-json\/wp\/v2\/posts"}],"about":[{"href":"https:\/\/unisalesiano.com.br\/aracatuba\/wp-json\/wp\/v2\/types\/post"}],"author":[{"embeddable":true,"href":"https:\/\/unisalesiano.com.br\/aracatuba\/wp-json\/wp\/v2\/users\/3"}],"replies":[{"embeddable":true,"href":"https:\/\/unisalesiano.com.br\/aracatuba\/wp-json\/wp\/v2\/comments?post=52672"}],"version-history":[{"count":0,"href":"https:\/\/unisalesiano.com.br\/aracatuba\/wp-json\/wp\/v2\/posts\/52672\/revisions"}],"wp:featuredmedia":[{"embeddable":true,"href":"https:\/\/unisalesiano.com.br\/aracatuba\/wp-json\/wp\/v2\/media\/52674"}],"wp:attachment":[{"href":"https:\/\/unisalesiano.com.br\/aracatuba\/wp-json\/wp\/v2\/media?parent=52672"}],"wp:term":[{"taxonomy":"category","embeddable":true,"href":"https:\/\/unisalesiano.com.br\/aracatuba\/wp-json\/wp\/v2\/categories?post=52672"},{"taxonomy":"post_tag","embeddable":true,"href":"https:\/\/unisalesiano.com.br\/aracatuba\/wp-json\/wp\/v2\/tags?post=52672"}],"curies":[{"name":"wp","href":"https:\/\/api.w.org\/{rel}","templated":true}]}}