{"id":52653,"date":"2026-09-01T11:40:21","date_gmt":"2026-09-01T14:40:21","guid":{"rendered":"https:\/\/unisalesiano.com.br\/aracatuba\/?p=52653"},"modified":"2026-09-01T11:49:14","modified_gmt":"2026-09-01T14:49:14","slug":"celebracao-em-honra-a-sao-joao-bosco-encerra-programacao-especial-de-agosto-no-unisalesiano","status":"publish","type":"post","link":"https:\/\/unisalesiano.com.br\/aracatuba\/celebracao-em-honra-a-sao-joao-bosco-encerra-programacao-especial-de-agosto-no-unisalesiano\/","title":{"rendered":"Celebra\u00e7\u00e3o em honra a S\u00e3o Jo\u00e3o Bosco encerra programa\u00e7\u00e3o especial de agosto"},"content":{"rendered":"<p>O UniSALESIANO realizou, na tarde de sexta-feira (28), uma <strong>Celebra\u00e7\u00e3o da Palavra em mem\u00f3ria a S\u00e3o Jo\u00e3o Bosco<\/strong>, encerrando as atividades promovidas ao longo do m\u00eas de agosto em homenagem ao fundador da Congrega\u00e7\u00e3o Salesiana. O encontro, realizado no Centro de Conviv\u00eancia, reuniu colaboradores da Institui\u00e7\u00e3o e foi conduzido pelo <strong>Pr\u00f3-Reitor de Pastoral, Pe. Paulo J\u00e1como.<\/strong><\/p>\n<p>Promovido pela<strong> Pastoral Universit\u00e1ria e pelo Departamento de Recursos Humanos<\/strong>, o momento tamb\u00e9m recordou o nascimento de Dom Bosco, celebrado em 16 de agosto, e proporcionou uma reflex\u00e3o sobre a presen\u00e7a de seus ensinamentos no cotidiano da comunidade acad\u00eamica.<\/p>\n<p>Durante a celebra\u00e7\u00e3o, Pe. Paulo destacou que a miss\u00e3o educativa salesiana ultrapassa os espa\u00e7os da sala de aula e envolve todos os profissionais que atuam na Institui\u00e7\u00e3o. \u201cTodos n\u00f3s somos educadores dentro desta Universidade. Os nossos jovens, quando v\u00eam para c\u00e1, precisam encontrar um ambiente de paz, de acolhida e onde se sintam bem\u201d, afirmou.<\/p>\n<p>Segundo o Pr\u00f3-Reitor de Pastoral, muitos estudantes conciliam trabalho e estudos e enfrentam rotinas intensas, al\u00e9m de diferentes realidades pessoais e familiares. Por isso, ressaltou, a Universidade deve oferecer n\u00e3o apenas uma forma\u00e7\u00e3o acad\u00eamica de qualidade, mas tamb\u00e9m um ambiente marcado pela compreens\u00e3o, pelo carinho e pela proximidade.<\/p>\n<p>\u201cA gente tem que ter paci\u00eancia, carinho e compreens\u00e3o, porque cada jovem vem com sua hist\u00f3ria, com suas dificuldades, e eles precisam ser bem acolhidos\u201d, pontuou Pe. Paulo. Para ele, essa acolhida se manifesta na estrutura oferecida aos acad\u00eamicos, nos espa\u00e7os de conviv\u00eancia e, principalmente, nas rela\u00e7\u00f5es humanas. \u201cO principal \u00e9 o nosso sorriso: o sorriso que aproxima, que faz com que eles se sintam bem. Esse \u00e9 o segredo da pedagogia salesiana.\u201d<\/p>\n<p><strong>PEDIDOS<\/strong><\/p>\n<p>Outro momento significativo da celebra\u00e7\u00e3o foi dedicado \u00e0s inten\u00e7\u00f5es de ora\u00e7\u00e3o depositadas pelos colaboradores durante a Peregrina\u00e7\u00e3o da Imagem de Dom Bosco, realizada ao longo de agosto pelos diferentes setores do UniSALESIANO.<\/p>\n<p>Os pedidos foram reunidos e colocados junto ao incenso utilizado na celebra\u00e7\u00e3o. Pe. Paulo explicou o significado do gesto, relacionando a fuma\u00e7a que sobe ao c\u00e9u \u00e0s ora\u00e7\u00f5es apresentadas pela comunidade. \u201cQue esses pedidos tamb\u00e9m sejam acolhidos por Deus e subam at\u00e9 o c\u00e9u como essa fuma\u00e7a do incenso que vai para o alto\u201d, desejou.<\/p>\n<p>A programa\u00e7\u00e3o foi encerrada com a b\u00ean\u00e7\u00e3o aos colaboradores e ao trabalho desenvolvido na Institui\u00e7\u00e3o. O encontro concluiu com uma homenagem aos aniversariantes dos meses de maio, junho, julho e agosto, refor\u00e7ando o sentimento de pertencimento \u00e0 comunidade educativa.<\/p>\n","protected":false},"excerpt":{"rendered":"<p>O UniSALESIANO realizou, na tarde de sexta-feira (28), uma Celebra\u00e7\u00e3o da Palavra em mem\u00f3ria a S\u00e3o Jo\u00e3o Bosco, encerrando as atividades promovidas ao longo do m\u00eas de agosto em homenagem ao fundador da Congrega\u00e7\u00e3o Salesiana. O encontro, realizado no Centro de Conviv\u00eancia, reuniu colaboradores da Institui\u00e7\u00e3o e foi conduzido pelo Pr\u00f3-Reitor de Pastoral, Pe. Paulo [&hellip;]<\/p>\n","protected":false},"author":3,"featured_media":52654,"comment_status":"open","ping_status":"open","sticky":false,"template":"","format":"standard","meta":{"footnotes":""},"categories":[11,10,9],"tags":[103,92,23,16],"class_list":["post-52653","post","type-post","status-publish","format-standard","has-post-thumbnail","hentry","category-institucional","category-pastoral","category-reitoria","tag-aracatuba","tag-dom-bosco","tag-pastoral","tag-unisalesiano"],"yoast_head":"<!-- This site is optimized with the Yoast SEO plugin v17.4 - https:\/\/yoast.com\/wordpress\/plugins\/seo\/ -->\n<title>Celebra\u00e7\u00e3o em honra a S\u00e3o Jo\u00e3o Bosco encerra programa\u00e7\u00e3o especial de agosto - UniSALESIANO Ara\u00e7atuba\/SP<\/title>\n<meta name=\"robots\" content=\"index, follow, max-snippet:-1, max-image-preview:large, max-video-preview:-1\" \/>\n<link rel=\"canonical\" href=\"https:\/\/unisalesiano.com.br\/aracatuba\/celebracao-em-honra-a-sao-joao-bosco-encerra-programacao-especial-de-agosto-no-unisalesiano\/\" \/>\n<meta property=\"og:locale\" content=\"pt_BR\" \/>\n<meta property=\"og:type\" content=\"article\" \/>\n<meta property=\"og:title\" content=\"Celebra\u00e7\u00e3o em honra a S\u00e3o Jo\u00e3o Bosco encerra programa\u00e7\u00e3o especial de agosto - UniSALESIANO Ara\u00e7atuba\/SP\" \/>\n<meta property=\"og:description\" content=\"O UniSALESIANO realizou, na tarde de sexta-feira (28), uma Celebra\u00e7\u00e3o da Palavra em mem\u00f3ria a S\u00e3o Jo\u00e3o Bosco, encerrando as atividades promovidas ao longo do m\u00eas de agosto em homenagem ao fundador da Congrega\u00e7\u00e3o Salesiana. O encontro, realizado no Centro de Conviv\u00eancia, reuniu colaboradores da Institui\u00e7\u00e3o e foi conduzido pelo Pr\u00f3-Reitor de Pastoral, Pe. Paulo [&hellip;]\" \/>\n<meta property=\"og:url\" content=\"https:\/\/unisalesiano.com.br\/aracatuba\/celebracao-em-honra-a-sao-joao-bosco-encerra-programacao-especial-de-agosto-no-unisalesiano\/\" \/>\n<meta property=\"og:site_name\" content=\"UniSALESIANO Ara\u00e7atuba\/SP\" \/>\n<meta property=\"article:published_time\" content=\"2026-09-01T14:40:21+00:00\" \/>\n<meta property=\"article:modified_time\" content=\"2026-09-01T14:49:14+00:00\" \/>\n<meta property=\"og:image\" content=\"https:\/\/unisalesiano.com.br\/aracatuba\/wp-content\/uploads\/2026\/09\/WhatsApp-Image-2026-09-01-at-09.07.04-3.jpeg\" \/>\n\t<meta property=\"og:image:width\" content=\"1600\" \/>\n\t<meta property=\"og:image:height\" content=\"1066\" \/>\n<meta name=\"twitter:card\" content=\"summary_large_image\" \/>\n<meta name=\"twitter:label1\" content=\"Escrito por\" \/>\n\t<meta name=\"twitter:data1\" content=\"Monique Bueno\" \/>\n\t<meta name=\"twitter:label2\" content=\"Est. tempo de leitura\" \/>\n\t<meta name=\"twitter:data2\" content=\"2 minutos\" \/>\n<script type=\"application\/ld+json\" class=\"yoast-schema-graph\">{\"@context\":\"https:\/\/schema.org\",\"@graph\":[{\"@type\":\"WebSite\",\"@id\":\"https:\/\/unisalesiano.com.br\/aracatuba\/#website\",\"url\":\"https:\/\/unisalesiano.com.br\/aracatuba\/\",\"name\":\"UniSALESIANO Ara\\u00e7atuba\/SP\",\"description\":\"Centro Universit\\u00e1rio Cat\\u00f3lico Salesiano Auxilium\",\"potentialAction\":[{\"@type\":\"SearchAction\",\"target\":{\"@type\":\"EntryPoint\",\"urlTemplate\":\"https:\/\/unisalesiano.com.br\/aracatuba\/?s={search_term_string}\"},\"query-input\":\"required name=search_term_string\"}],\"inLanguage\":\"pt-BR\"},{\"@type\":\"ImageObject\",\"@id\":\"https:\/\/unisalesiano.com.br\/aracatuba\/celebracao-em-honra-a-sao-joao-bosco-encerra-programacao-especial-de-agosto-no-unisalesiano\/#primaryimage\",\"inLanguage\":\"pt-BR\",\"url\":\"https:\/\/unisalesiano.com.br\/aracatuba\/wp-content\/uploads\/2026\/09\/WhatsApp-Image-2026-09-01-at-09.07.04-3.jpeg\",\"contentUrl\":\"https:\/\/unisalesiano.com.br\/aracatuba\/wp-content\/uploads\/2026\/09\/WhatsApp-Image-2026-09-01-at-09.07.04-3.jpeg\",\"width\":1600,\"height\":1066},{\"@type\":\"WebPage\",\"@id\":\"https:\/\/unisalesiano.com.br\/aracatuba\/celebracao-em-honra-a-sao-joao-bosco-encerra-programacao-especial-de-agosto-no-unisalesiano\/#webpage\",\"url\":\"https:\/\/unisalesiano.com.br\/aracatuba\/celebracao-em-honra-a-sao-joao-bosco-encerra-programacao-especial-de-agosto-no-unisalesiano\/\",\"name\":\"Celebra\\u00e7\\u00e3o em honra a S\\u00e3o Jo\\u00e3o Bosco encerra programa\\u00e7\\u00e3o especial de agosto - UniSALESIANO Ara\\u00e7atuba\/SP\",\"isPartOf\":{\"@id\":\"https:\/\/unisalesiano.com.br\/aracatuba\/#website\"},\"primaryImageOfPage\":{\"@id\":\"https:\/\/unisalesiano.com.br\/aracatuba\/celebracao-em-honra-a-sao-joao-bosco-encerra-programacao-especial-de-agosto-no-unisalesiano\/#primaryimage\"},\"datePublished\":\"2026-09-01T14:40:21+00:00\",\"dateModified\":\"2026-09-01T14:49:14+00:00\",\"author\":{\"@id\":\"https:\/\/unisalesiano.com.br\/aracatuba\/#\/schema\/person\/964caaa63bddcf301b320e385db5203a\"},\"breadcrumb\":{\"@id\":\"https:\/\/unisalesiano.com.br\/aracatuba\/celebracao-em-honra-a-sao-joao-bosco-encerra-programacao-especial-de-agosto-no-unisalesiano\/#breadcrumb\"},\"inLanguage\":\"pt-BR\",\"potentialAction\":[{\"@type\":\"ReadAction\",\"target\":[\"https:\/\/unisalesiano.com.br\/aracatuba\/celebracao-em-honra-a-sao-joao-bosco-encerra-programacao-especial-de-agosto-no-unisalesiano\/\"]}]},{\"@type\":\"BreadcrumbList\",\"@id\":\"https:\/\/unisalesiano.com.br\/aracatuba\/celebracao-em-honra-a-sao-joao-bosco-encerra-programacao-especial-de-agosto-no-unisalesiano\/#breadcrumb\",\"itemListElement\":[{\"@type\":\"ListItem\",\"position\":1,\"name\":\"In\\u00edcio\",\"item\":\"https:\/\/unisalesiano.com.br\/aracatuba\/\"},{\"@type\":\"ListItem\",\"position\":2,\"name\":\"Celebra\\u00e7\\u00e3o em honra a S\\u00e3o Jo\\u00e3o Bosco encerra programa\\u00e7\\u00e3o especial de agosto\"}]},{\"@type\":\"Person\",\"@id\":\"https:\/\/unisalesiano.com.br\/aracatuba\/#\/schema\/person\/964caaa63bddcf301b320e385db5203a\",\"name\":\"Monique Bueno\",\"image\":{\"@type\":\"ImageObject\",\"@id\":\"https:\/\/unisalesiano.com.br\/aracatuba\/#personlogo\",\"inLanguage\":\"pt-BR\",\"url\":\"https:\/\/secure.gravatar.com\/avatar\/1680078f9a9fb86c36e76e0928e948cfd68a43bbc313c1bad27d1e48b49b308d?s=96&d=mm&r=g\",\"contentUrl\":\"https:\/\/secure.gravatar.com\/avatar\/1680078f9a9fb86c36e76e0928e948cfd68a43bbc313c1bad27d1e48b49b308d?s=96&d=mm&r=g\",\"caption\":\"Monique Bueno\"},\"url\":\"https:\/\/unisalesiano.com.br\/aracatuba\/author\/monique\/\"}]}<\/script>\n<!-- \/ Yoast SEO plugin. -->","yoast_head_json":{"title":"Celebra\u00e7\u00e3o em honra a S\u00e3o Jo\u00e3o Bosco encerra programa\u00e7\u00e3o especial de agosto - UniSALESIANO Ara\u00e7atuba\/SP","robots":{"index":"index","follow":"follow","max-snippet":"max-snippet:-1","max-image-preview":"max-image-preview:large","max-video-preview":"max-video-preview:-1"},"canonical":"https:\/\/unisalesiano.com.br\/aracatuba\/celebracao-em-honra-a-sao-joao-bosco-encerra-programacao-especial-de-agosto-no-unisalesiano\/","og_locale":"pt_BR","og_type":"article","og_title":"Celebra\u00e7\u00e3o em honra a S\u00e3o Jo\u00e3o Bosco encerra programa\u00e7\u00e3o especial de agosto - UniSALESIANO Ara\u00e7atuba\/SP","og_description":"O UniSALESIANO realizou, na tarde de sexta-feira (28), uma Celebra\u00e7\u00e3o da Palavra em mem\u00f3ria a S\u00e3o Jo\u00e3o Bosco, encerrando as atividades promovidas ao longo do m\u00eas de agosto em homenagem ao fundador da Congrega\u00e7\u00e3o Salesiana. O encontro, realizado no Centro de Conviv\u00eancia, reuniu colaboradores da Institui\u00e7\u00e3o e foi conduzido pelo Pr\u00f3-Reitor de Pastoral, Pe. Paulo [&hellip;]","og_url":"https:\/\/unisalesiano.com.br\/aracatuba\/celebracao-em-honra-a-sao-joao-bosco-encerra-programacao-especial-de-agosto-no-unisalesiano\/","og_site_name":"UniSALESIANO Ara\u00e7atuba\/SP","article_published_time":"2026-09-01T14:40:21+00:00","article_modified_time":"2026-09-01T14:49:14+00:00","og_image":[{"width":1600,"height":1066,"url":"https:\/\/unisalesiano.com.br\/aracatuba\/wp-content\/uploads\/2026\/09\/WhatsApp-Image-2026-09-01-at-09.07.04-3.jpeg","type":"image\/jpeg"}],"twitter_card":"summary_large_image","twitter_misc":{"Escrito por":"Monique Bueno","Est. tempo de leitura":"2 minutos"},"schema":{"@context":"https:\/\/schema.org","@graph":[{"@type":"WebSite","@id":"https:\/\/unisalesiano.com.br\/aracatuba\/#website","url":"https:\/\/unisalesiano.com.br\/aracatuba\/","name":"UniSALESIANO Ara\u00e7atuba\/SP","description":"Centro Universit\u00e1rio Cat\u00f3lico Salesiano Auxilium","potentialAction":[{"@type":"SearchAction","target":{"@type":"EntryPoint","urlTemplate":"https:\/\/unisalesiano.com.br\/aracatuba\/?s={search_term_string}"},"query-input":"required name=search_term_string"}],"inLanguage":"pt-BR"},{"@type":"ImageObject","@id":"https:\/\/unisalesiano.com.br\/aracatuba\/celebracao-em-honra-a-sao-joao-bosco-encerra-programacao-especial-de-agosto-no-unisalesiano\/#primaryimage","inLanguage":"pt-BR","url":"https:\/\/unisalesiano.com.br\/aracatuba\/wp-content\/uploads\/2026\/09\/WhatsApp-Image-2026-09-01-at-09.07.04-3.jpeg","contentUrl":"https:\/\/unisalesiano.com.br\/aracatuba\/wp-content\/uploads\/2026\/09\/WhatsApp-Image-2026-09-01-at-09.07.04-3.jpeg","width":1600,"height":1066},{"@type":"WebPage","@id":"https:\/\/unisalesiano.com.br\/aracatuba\/celebracao-em-honra-a-sao-joao-bosco-encerra-programacao-especial-de-agosto-no-unisalesiano\/#webpage","url":"https:\/\/unisalesiano.com.br\/aracatuba\/celebracao-em-honra-a-sao-joao-bosco-encerra-programacao-especial-de-agosto-no-unisalesiano\/","name":"Celebra\u00e7\u00e3o em honra a S\u00e3o Jo\u00e3o Bosco encerra programa\u00e7\u00e3o especial de agosto - UniSALESIANO Ara\u00e7atuba\/SP","isPartOf":{"@id":"https:\/\/unisalesiano.com.br\/aracatuba\/#website"},"primaryImageOfPage":{"@id":"https:\/\/unisalesiano.com.br\/aracatuba\/celebracao-em-honra-a-sao-joao-bosco-encerra-programacao-especial-de-agosto-no-unisalesiano\/#primaryimage"},"datePublished":"2026-09-01T14:40:21+00:00","dateModified":"2026-09-01T14:49:14+00:00","author":{"@id":"https:\/\/unisalesiano.com.br\/aracatuba\/#\/schema\/person\/964caaa63bddcf301b320e385db5203a"},"breadcrumb":{"@id":"https:\/\/unisalesiano.com.br\/aracatuba\/celebracao-em-honra-a-sao-joao-bosco-encerra-programacao-especial-de-agosto-no-unisalesiano\/#breadcrumb"},"inLanguage":"pt-BR","potentialAction":[{"@type":"ReadAction","target":["https:\/\/unisalesiano.com.br\/aracatuba\/celebracao-em-honra-a-sao-joao-bosco-encerra-programacao-especial-de-agosto-no-unisalesiano\/"]}]},{"@type":"BreadcrumbList","@id":"https:\/\/unisalesiano.com.br\/aracatuba\/celebracao-em-honra-a-sao-joao-bosco-encerra-programacao-especial-de-agosto-no-unisalesiano\/#breadcrumb","itemListElement":[{"@type":"ListItem","position":1,"name":"In\u00edcio","item":"https:\/\/unisalesiano.com.br\/aracatuba\/"},{"@type":"ListItem","position":2,"name":"Celebra\u00e7\u00e3o em honra a S\u00e3o Jo\u00e3o Bosco encerra programa\u00e7\u00e3o especial de agosto"}]},{"@type":"Person","@id":"https:\/\/unisalesiano.com.br\/aracatuba\/#\/schema\/person\/964caaa63bddcf301b320e385db5203a","name":"Monique Bueno","image":{"@type":"ImageObject","@id":"https:\/\/unisalesiano.com.br\/aracatuba\/#personlogo","inLanguage":"pt-BR","url":"https:\/\/secure.gravatar.com\/avatar\/1680078f9a9fb86c36e76e0928e948cfd68a43bbc313c1bad27d1e48b49b308d?s=96&d=mm&r=g","contentUrl":"https:\/\/secure.gravatar.com\/avatar\/1680078f9a9fb86c36e76e0928e948cfd68a43bbc313c1bad27d1e48b49b308d?s=96&d=mm&r=g","caption":"Monique Bueno"},"url":"https:\/\/unisalesiano.com.br\/aracatuba\/author\/monique\/"}]}},"_links":{"self":[{"href":"https:\/\/unisalesiano.com.br\/aracatuba\/wp-json\/wp\/v2\/posts\/52653","targetHints":{"allow":["GET"]}}],"collection":[{"href":"https:\/\/unisalesiano.com.br\/aracatuba\/wp-json\/wp\/v2\/posts"}],"about":[{"href":"https:\/\/unisalesiano.com.br\/aracatuba\/wp-json\/wp\/v2\/types\/post"}],"author":[{"embeddable":true,"href":"https:\/\/unisalesiano.com.br\/aracatuba\/wp-json\/wp\/v2\/users\/3"}],"replies":[{"embeddable":true,"href":"https:\/\/unisalesiano.com.br\/aracatuba\/wp-json\/wp\/v2\/comments?post=52653"}],"version-history":[{"count":0,"href":"https:\/\/unisalesiano.com.br\/aracatuba\/wp-json\/wp\/v2\/posts\/52653\/revisions"}],"wp:featuredmedia":[{"embeddable":true,"href":"https:\/\/unisalesiano.com.br\/aracatuba\/wp-json\/wp\/v2\/media\/52654"}],"wp:attachment":[{"href":"https:\/\/unisalesiano.com.br\/aracatuba\/wp-json\/wp\/v2\/media?parent=52653"}],"wp:term":[{"taxonomy":"category","embeddable":true,"href":"https:\/\/unisalesiano.com.br\/aracatuba\/wp-json\/wp\/v2\/categories?post=52653"},{"taxonomy":"post_tag","embeddable":true,"href":"https:\/\/unisalesiano.com.br\/aracatuba\/wp-json\/wp\/v2\/tags?post=52653"}],"curies":[{"name":"wp","href":"https:\/\/api.w.org\/{rel}","templated":true}]}}