{"id":51249,"date":"2026-04-30T11:11:38","date_gmt":"2026-04-30T14:11:38","guid":{"rendered":"https:\/\/unisalesiano.com.br\/aracatuba\/?p=51249"},"modified":"2026-04-30T11:11:38","modified_gmt":"2026-04-30T14:11:38","slug":"unisalesiano-retoma-tradicional-quermesse-universitaria-2026-com-programacao-especial","status":"publish","type":"post","link":"https:\/\/unisalesiano.com.br\/aracatuba\/unisalesiano-retoma-tradicional-quermesse-universitaria-2026-com-programacao-especial\/","title":{"rendered":"UniSALESIANO retoma tradicional Quermesse Universit\u00e1ria\/2026 com programa\u00e7\u00e3o especial"},"content":{"rendered":"<p>Depois de sete anos, o UniSALESIANO retorna com uma de suas celebra\u00e7\u00f5es mais tradicionais: a <strong>Quermesse Universit\u00e1ria<\/strong>. Criado em 2008, o evento retorna em 2026 mantendo o formato que marcou gera\u00e7\u00f5es.<\/p>\n<p>A programa\u00e7\u00e3o come\u00e7a na sexta-feira, 22 de maio, a partir das 18h30, com a prociss\u00e3o em homenagem a <strong>Nossa Senhora Auxiliadora, padroeira da Institui\u00e7\u00e3o<\/strong> e elemento central que d\u00e1 origem \u00e0 festa. Na sequ\u00eancia, o p\u00fablico poder\u00e1 acompanhar a tradicional<strong> Quadrilha Universit\u00e1ria,<\/strong> considerada uma das maiores do pa\u00eds, reunindo mais de 150 casais. A noite segue com um show de cerca de tr\u00eas horas de dura\u00e7\u00e3o, com as duplas <strong>Pedro Sanchez &amp; Thiago e Matheus &amp; Turelli<\/strong>, junto com o projeto <strong>Violada 360.<\/strong><\/p>\n<p>No s\u00e1bado, 23 de maio, os port\u00f5es tamb\u00e9m ser\u00e3o abertos \u00e0s 18h30. A programa\u00e7\u00e3o contar\u00e1 com abertura de violada sertaneja e, em seguida, show da dupla <strong>Open Farra,<\/strong> garantindo a continuidade da programa\u00e7\u00e3o musical voltada ao p\u00fablico.<\/p>\n<p><strong>ORAT\u00d3RIO<\/strong><\/p>\n<p>Al\u00e9m das atra\u00e7\u00f5es, a quermesse contar\u00e1 com 13 barracas de comidas t\u00edpicas e bebidas, organizadas pelos cursos Universit\u00e1rios da Institui\u00e7\u00e3o, refor\u00e7ando o envolvimento da comunidade acad\u00eamica. Toda a arrecada\u00e7\u00e3o ser\u00e1 destinada integralmente ao projeto social do <strong>Orat\u00f3rio Dom Bosco<\/strong>, localizado no bairro \u00c1gua Branca.<\/p>\n<p>O evento tamb\u00e9m oferecer\u00e1 \u00e1rea voltada para crian\u00e7as, ambiente familiar e estrutura adequada de banheiros. O estacionamento ser\u00e1 gratuito, por\u00e9m com vagas limitadas, e a orienta\u00e7\u00e3o \u00e9 que o p\u00fablico chegue com anteced\u00eancia.<\/p>\n<p>O <strong>Pr\u00f3-Reitor de Ensino, Pesquisa e P\u00f3s-Gradua\u00e7\u00e3o do UniSALESIANO, Prof. Dr. Andr\u00e9 Ornellas<\/strong>, afirmou que a quermesse \u00e9 uma tradi\u00e7\u00e3o que fortalece o v\u00ednculo entre a Institui\u00e7\u00e3o, os alunos e a comunidade. \u201c\u00c9 um espa\u00e7o de conviv\u00eancia, cultura e tamb\u00e9m de solidariedade, j\u00e1 que toda a arrecada\u00e7\u00e3o \u00e9 destinada a projetos sociais\u201d, afirmou.<\/p>\n<p>Por sua vez, o <strong>Magn\u00edfico Reitor do UniSALESIANO, Pe. Paulo Vendrame,<\/strong> ressaltou que a retomada da quermesse ap\u00f3s esse per\u00edodo \u00e9 motivo de entusiasmo. \u201c\u00c9 uma oportunidade de reunir fam\u00edlias, celebrar a f\u00e9 e promover a\u00e7\u00f5es concretas de apoio a quem mais precisa, mantendo viva a ess\u00eancia salesiana\u201d, frisou.<\/p>\n<p><strong>INGRESSOS<\/strong><\/p>\n<p>Os ingressos j\u00e1 est\u00e3o dispon\u00edveis pela plataforma Guich\u00ea Web &#8211; <strong><em>https:\/\/www.guicheweb.com.br\/quermesse-unisalesiano-2026_52076<\/em><\/strong> &#8211; com op\u00e7\u00e3o de ingresso solid\u00e1rio mediante a doa\u00e7\u00e3o de 1 kg de alimento. No primeiro lote, at\u00e9 14 de maio, o valor \u00e9 de R$ 30; no segundo lote, de 15 a 21 de maio, passa a R$ 40; e, no dia do evento, ser\u00e1 de R$ 50. Crian\u00e7as de at\u00e9 11 anos t\u00eam entrada gratuita. A expectativa \u00e9 reunir a comunidade acad\u00eamica e o p\u00fablico da regi\u00e3o em um ambiente de celebra\u00e7\u00e3o, tradi\u00e7\u00e3o e solidariedade.<\/p>\n","protected":false},"excerpt":{"rendered":"<p>Depois de sete anos, o UniSALESIANO retorna com uma de suas celebra\u00e7\u00f5es mais tradicionais: a Quermesse Universit\u00e1ria. Criado em 2008, o evento retorna em 2026 mantendo o formato que marcou gera\u00e7\u00f5es. A programa\u00e7\u00e3o come\u00e7a na sexta-feira, 22 de maio, a partir das 18h30, com a prociss\u00e3o em homenagem a Nossa Senhora Auxiliadora, padroeira da Institui\u00e7\u00e3o [&hellip;]<\/p>\n","protected":false},"author":3,"featured_media":51250,"comment_status":"open","ping_status":"open","sticky":false,"template":"","format":"standard","meta":{"footnotes":""},"categories":[11,10,9],"tags":[103,304,36,1739,16],"class_list":["post-51249","post","type-post","status-publish","format-standard","has-post-thumbnail","hentry","category-institucional","category-pastoral","category-reitoria","tag-aracatuba","tag-oratorio","tag-quermesse","tag-tradicao","tag-unisalesiano"],"yoast_head":"<!-- This site is optimized with the Yoast SEO plugin v17.4 - https:\/\/yoast.com\/wordpress\/plugins\/seo\/ -->\n<title>UniSALESIANO retoma tradicional Quermesse Universit\u00e1ria\/2026 com programa\u00e7\u00e3o especial - UniSALESIANO Ara\u00e7atuba\/SP<\/title>\n<meta name=\"robots\" content=\"index, follow, max-snippet:-1, max-image-preview:large, max-video-preview:-1\" \/>\n<link rel=\"canonical\" href=\"https:\/\/unisalesiano.com.br\/aracatuba\/unisalesiano-retoma-tradicional-quermesse-universitaria-2026-com-programacao-especial\/\" \/>\n<meta property=\"og:locale\" content=\"pt_BR\" \/>\n<meta property=\"og:type\" content=\"article\" \/>\n<meta property=\"og:title\" content=\"UniSALESIANO retoma tradicional Quermesse Universit\u00e1ria\/2026 com programa\u00e7\u00e3o especial - UniSALESIANO Ara\u00e7atuba\/SP\" \/>\n<meta property=\"og:description\" content=\"Depois de sete anos, o UniSALESIANO retorna com uma de suas celebra\u00e7\u00f5es mais tradicionais: a Quermesse Universit\u00e1ria. Criado em 2008, o evento retorna em 2026 mantendo o formato que marcou gera\u00e7\u00f5es. A programa\u00e7\u00e3o come\u00e7a na sexta-feira, 22 de maio, a partir das 18h30, com a prociss\u00e3o em homenagem a Nossa Senhora Auxiliadora, padroeira da Institui\u00e7\u00e3o [&hellip;]\" \/>\n<meta property=\"og:url\" content=\"https:\/\/unisalesiano.com.br\/aracatuba\/unisalesiano-retoma-tradicional-quermesse-universitaria-2026-com-programacao-especial\/\" \/>\n<meta property=\"og:site_name\" content=\"UniSALESIANO Ara\u00e7atuba\/SP\" \/>\n<meta property=\"article:published_time\" content=\"2026-04-30T14:11:38+00:00\" \/>\n<meta property=\"og:image\" content=\"https:\/\/unisalesiano.com.br\/aracatuba\/wp-content\/uploads\/2026\/04\/FRAME-QUERMESSE-1920x1080-1.png\" \/>\n\t<meta property=\"og:image:width\" content=\"1920\" \/>\n\t<meta property=\"og:image:height\" content=\"1080\" \/>\n<meta name=\"twitter:card\" content=\"summary_large_image\" \/>\n<meta name=\"twitter:label1\" content=\"Escrito por\" \/>\n\t<meta name=\"twitter:data1\" content=\"Monique Bueno\" \/>\n\t<meta name=\"twitter:label2\" content=\"Est. tempo de leitura\" \/>\n\t<meta name=\"twitter:data2\" content=\"2 minutos\" \/>\n<script type=\"application\/ld+json\" class=\"yoast-schema-graph\">{\"@context\":\"https:\/\/schema.org\",\"@graph\":[{\"@type\":\"WebSite\",\"@id\":\"https:\/\/unisalesiano.com.br\/aracatuba\/#website\",\"url\":\"https:\/\/unisalesiano.com.br\/aracatuba\/\",\"name\":\"UniSALESIANO Ara\\u00e7atuba\/SP\",\"description\":\"Centro Universit\\u00e1rio Cat\\u00f3lico Salesiano Auxilium\",\"potentialAction\":[{\"@type\":\"SearchAction\",\"target\":{\"@type\":\"EntryPoint\",\"urlTemplate\":\"https:\/\/unisalesiano.com.br\/aracatuba\/?s={search_term_string}\"},\"query-input\":\"required name=search_term_string\"}],\"inLanguage\":\"pt-BR\"},{\"@type\":\"ImageObject\",\"@id\":\"https:\/\/unisalesiano.com.br\/aracatuba\/unisalesiano-retoma-tradicional-quermesse-universitaria-2026-com-programacao-especial\/#primaryimage\",\"inLanguage\":\"pt-BR\",\"url\":\"https:\/\/unisalesiano.com.br\/aracatuba\/wp-content\/uploads\/2026\/04\/FRAME-QUERMESSE-1920x1080-1.png\",\"contentUrl\":\"https:\/\/unisalesiano.com.br\/aracatuba\/wp-content\/uploads\/2026\/04\/FRAME-QUERMESSE-1920x1080-1.png\",\"width\":1920,\"height\":1080},{\"@type\":\"WebPage\",\"@id\":\"https:\/\/unisalesiano.com.br\/aracatuba\/unisalesiano-retoma-tradicional-quermesse-universitaria-2026-com-programacao-especial\/#webpage\",\"url\":\"https:\/\/unisalesiano.com.br\/aracatuba\/unisalesiano-retoma-tradicional-quermesse-universitaria-2026-com-programacao-especial\/\",\"name\":\"UniSALESIANO retoma tradicional Quermesse Universit\\u00e1ria\/2026 com programa\\u00e7\\u00e3o especial - UniSALESIANO Ara\\u00e7atuba\/SP\",\"isPartOf\":{\"@id\":\"https:\/\/unisalesiano.com.br\/aracatuba\/#website\"},\"primaryImageOfPage\":{\"@id\":\"https:\/\/unisalesiano.com.br\/aracatuba\/unisalesiano-retoma-tradicional-quermesse-universitaria-2026-com-programacao-especial\/#primaryimage\"},\"datePublished\":\"2026-04-30T14:11:38+00:00\",\"dateModified\":\"2026-04-30T14:11:38+00:00\",\"author\":{\"@id\":\"https:\/\/unisalesiano.com.br\/aracatuba\/#\/schema\/person\/964caaa63bddcf301b320e385db5203a\"},\"breadcrumb\":{\"@id\":\"https:\/\/unisalesiano.com.br\/aracatuba\/unisalesiano-retoma-tradicional-quermesse-universitaria-2026-com-programacao-especial\/#breadcrumb\"},\"inLanguage\":\"pt-BR\",\"potentialAction\":[{\"@type\":\"ReadAction\",\"target\":[\"https:\/\/unisalesiano.com.br\/aracatuba\/unisalesiano-retoma-tradicional-quermesse-universitaria-2026-com-programacao-especial\/\"]}]},{\"@type\":\"BreadcrumbList\",\"@id\":\"https:\/\/unisalesiano.com.br\/aracatuba\/unisalesiano-retoma-tradicional-quermesse-universitaria-2026-com-programacao-especial\/#breadcrumb\",\"itemListElement\":[{\"@type\":\"ListItem\",\"position\":1,\"name\":\"In\\u00edcio\",\"item\":\"https:\/\/unisalesiano.com.br\/aracatuba\/\"},{\"@type\":\"ListItem\",\"position\":2,\"name\":\"UniSALESIANO retoma tradicional Quermesse Universit\\u00e1ria\/2026 com programa\\u00e7\\u00e3o especial\"}]},{\"@type\":\"Person\",\"@id\":\"https:\/\/unisalesiano.com.br\/aracatuba\/#\/schema\/person\/964caaa63bddcf301b320e385db5203a\",\"name\":\"Monique Bueno\",\"image\":{\"@type\":\"ImageObject\",\"@id\":\"https:\/\/unisalesiano.com.br\/aracatuba\/#personlogo\",\"inLanguage\":\"pt-BR\",\"url\":\"https:\/\/secure.gravatar.com\/avatar\/1680078f9a9fb86c36e76e0928e948cfd68a43bbc313c1bad27d1e48b49b308d?s=96&d=mm&r=g\",\"contentUrl\":\"https:\/\/secure.gravatar.com\/avatar\/1680078f9a9fb86c36e76e0928e948cfd68a43bbc313c1bad27d1e48b49b308d?s=96&d=mm&r=g\",\"caption\":\"Monique Bueno\"},\"url\":\"https:\/\/unisalesiano.com.br\/aracatuba\/author\/monique\/\"}]}<\/script>\n<!-- \/ Yoast SEO plugin. -->","yoast_head_json":{"title":"UniSALESIANO retoma tradicional Quermesse Universit\u00e1ria\/2026 com programa\u00e7\u00e3o especial - UniSALESIANO Ara\u00e7atuba\/SP","robots":{"index":"index","follow":"follow","max-snippet":"max-snippet:-1","max-image-preview":"max-image-preview:large","max-video-preview":"max-video-preview:-1"},"canonical":"https:\/\/unisalesiano.com.br\/aracatuba\/unisalesiano-retoma-tradicional-quermesse-universitaria-2026-com-programacao-especial\/","og_locale":"pt_BR","og_type":"article","og_title":"UniSALESIANO retoma tradicional Quermesse Universit\u00e1ria\/2026 com programa\u00e7\u00e3o especial - UniSALESIANO Ara\u00e7atuba\/SP","og_description":"Depois de sete anos, o UniSALESIANO retorna com uma de suas celebra\u00e7\u00f5es mais tradicionais: a Quermesse Universit\u00e1ria. Criado em 2008, o evento retorna em 2026 mantendo o formato que marcou gera\u00e7\u00f5es. A programa\u00e7\u00e3o come\u00e7a na sexta-feira, 22 de maio, a partir das 18h30, com a prociss\u00e3o em homenagem a Nossa Senhora Auxiliadora, padroeira da Institui\u00e7\u00e3o [&hellip;]","og_url":"https:\/\/unisalesiano.com.br\/aracatuba\/unisalesiano-retoma-tradicional-quermesse-universitaria-2026-com-programacao-especial\/","og_site_name":"UniSALESIANO Ara\u00e7atuba\/SP","article_published_time":"2026-04-30T14:11:38+00:00","og_image":[{"width":1920,"height":1080,"url":"https:\/\/unisalesiano.com.br\/aracatuba\/wp-content\/uploads\/2026\/04\/FRAME-QUERMESSE-1920x1080-1.png","type":"image\/png"}],"twitter_card":"summary_large_image","twitter_misc":{"Escrito por":"Monique Bueno","Est. tempo de leitura":"2 minutos"},"schema":{"@context":"https:\/\/schema.org","@graph":[{"@type":"WebSite","@id":"https:\/\/unisalesiano.com.br\/aracatuba\/#website","url":"https:\/\/unisalesiano.com.br\/aracatuba\/","name":"UniSALESIANO Ara\u00e7atuba\/SP","description":"Centro Universit\u00e1rio Cat\u00f3lico Salesiano Auxilium","potentialAction":[{"@type":"SearchAction","target":{"@type":"EntryPoint","urlTemplate":"https:\/\/unisalesiano.com.br\/aracatuba\/?s={search_term_string}"},"query-input":"required name=search_term_string"}],"inLanguage":"pt-BR"},{"@type":"ImageObject","@id":"https:\/\/unisalesiano.com.br\/aracatuba\/unisalesiano-retoma-tradicional-quermesse-universitaria-2026-com-programacao-especial\/#primaryimage","inLanguage":"pt-BR","url":"https:\/\/unisalesiano.com.br\/aracatuba\/wp-content\/uploads\/2026\/04\/FRAME-QUERMESSE-1920x1080-1.png","contentUrl":"https:\/\/unisalesiano.com.br\/aracatuba\/wp-content\/uploads\/2026\/04\/FRAME-QUERMESSE-1920x1080-1.png","width":1920,"height":1080},{"@type":"WebPage","@id":"https:\/\/unisalesiano.com.br\/aracatuba\/unisalesiano-retoma-tradicional-quermesse-universitaria-2026-com-programacao-especial\/#webpage","url":"https:\/\/unisalesiano.com.br\/aracatuba\/unisalesiano-retoma-tradicional-quermesse-universitaria-2026-com-programacao-especial\/","name":"UniSALESIANO retoma tradicional Quermesse Universit\u00e1ria\/2026 com programa\u00e7\u00e3o especial - UniSALESIANO Ara\u00e7atuba\/SP","isPartOf":{"@id":"https:\/\/unisalesiano.com.br\/aracatuba\/#website"},"primaryImageOfPage":{"@id":"https:\/\/unisalesiano.com.br\/aracatuba\/unisalesiano-retoma-tradicional-quermesse-universitaria-2026-com-programacao-especial\/#primaryimage"},"datePublished":"2026-04-30T14:11:38+00:00","dateModified":"2026-04-30T14:11:38+00:00","author":{"@id":"https:\/\/unisalesiano.com.br\/aracatuba\/#\/schema\/person\/964caaa63bddcf301b320e385db5203a"},"breadcrumb":{"@id":"https:\/\/unisalesiano.com.br\/aracatuba\/unisalesiano-retoma-tradicional-quermesse-universitaria-2026-com-programacao-especial\/#breadcrumb"},"inLanguage":"pt-BR","potentialAction":[{"@type":"ReadAction","target":["https:\/\/unisalesiano.com.br\/aracatuba\/unisalesiano-retoma-tradicional-quermesse-universitaria-2026-com-programacao-especial\/"]}]},{"@type":"BreadcrumbList","@id":"https:\/\/unisalesiano.com.br\/aracatuba\/unisalesiano-retoma-tradicional-quermesse-universitaria-2026-com-programacao-especial\/#breadcrumb","itemListElement":[{"@type":"ListItem","position":1,"name":"In\u00edcio","item":"https:\/\/unisalesiano.com.br\/aracatuba\/"},{"@type":"ListItem","position":2,"name":"UniSALESIANO retoma tradicional Quermesse Universit\u00e1ria\/2026 com programa\u00e7\u00e3o especial"}]},{"@type":"Person","@id":"https:\/\/unisalesiano.com.br\/aracatuba\/#\/schema\/person\/964caaa63bddcf301b320e385db5203a","name":"Monique Bueno","image":{"@type":"ImageObject","@id":"https:\/\/unisalesiano.com.br\/aracatuba\/#personlogo","inLanguage":"pt-BR","url":"https:\/\/secure.gravatar.com\/avatar\/1680078f9a9fb86c36e76e0928e948cfd68a43bbc313c1bad27d1e48b49b308d?s=96&d=mm&r=g","contentUrl":"https:\/\/secure.gravatar.com\/avatar\/1680078f9a9fb86c36e76e0928e948cfd68a43bbc313c1bad27d1e48b49b308d?s=96&d=mm&r=g","caption":"Monique Bueno"},"url":"https:\/\/unisalesiano.com.br\/aracatuba\/author\/monique\/"}]}},"_links":{"self":[{"href":"https:\/\/unisalesiano.com.br\/aracatuba\/wp-json\/wp\/v2\/posts\/51249","targetHints":{"allow":["GET"]}}],"collection":[{"href":"https:\/\/unisalesiano.com.br\/aracatuba\/wp-json\/wp\/v2\/posts"}],"about":[{"href":"https:\/\/unisalesiano.com.br\/aracatuba\/wp-json\/wp\/v2\/types\/post"}],"author":[{"embeddable":true,"href":"https:\/\/unisalesiano.com.br\/aracatuba\/wp-json\/wp\/v2\/users\/3"}],"replies":[{"embeddable":true,"href":"https:\/\/unisalesiano.com.br\/aracatuba\/wp-json\/wp\/v2\/comments?post=51249"}],"version-history":[{"count":0,"href":"https:\/\/unisalesiano.com.br\/aracatuba\/wp-json\/wp\/v2\/posts\/51249\/revisions"}],"wp:featuredmedia":[{"embeddable":true,"href":"https:\/\/unisalesiano.com.br\/aracatuba\/wp-json\/wp\/v2\/media\/51250"}],"wp:attachment":[{"href":"https:\/\/unisalesiano.com.br\/aracatuba\/wp-json\/wp\/v2\/media?parent=51249"}],"wp:term":[{"taxonomy":"category","embeddable":true,"href":"https:\/\/unisalesiano.com.br\/aracatuba\/wp-json\/wp\/v2\/categories?post=51249"},{"taxonomy":"post_tag","embeddable":true,"href":"https:\/\/unisalesiano.com.br\/aracatuba\/wp-json\/wp\/v2\/tags?post=51249"}],"curies":[{"name":"wp","href":"https:\/\/api.w.org\/{rel}","templated":true}]}}