{"id":51230,"date":"2026-04-28T10:06:36","date_gmt":"2026-04-28T13:06:36","guid":{"rendered":"https:\/\/unisalesiano.com.br\/aracatuba\/?p=51230"},"modified":"2026-04-28T10:06:36","modified_gmt":"2026-04-28T13:06:36","slug":"formacao-no-unisalesiano-reflete-sobre-o-tempo-e-valoriza-a-historia-institucional","status":"publish","type":"post","link":"https:\/\/unisalesiano.com.br\/aracatuba\/formacao-no-unisalesiano-reflete-sobre-o-tempo-e-valoriza-a-historia-institucional\/","title":{"rendered":"Forma\u00e7\u00e3o no UniSALESIANO reflete sobre o tempo e valoriza a hist\u00f3ria institucional"},"content":{"rendered":"<p>A <strong>Pastoral Universit\u00e1ria e o Departamento de Recursos Humanos do UniSALESIANO<\/strong> promoveram, na tarde do dia 27 de abril, um momento formativo voltado aos colaboradores, realizado no audit\u00f3rio do Centro de Conviv\u00eancia. O encontro foi conduzido pelo <strong>Reitor, Pe. Paulo Vendrame<\/strong>, e reuniu funcion\u00e1rios de diferentes setores em um momento de reflex\u00e3o, integra\u00e7\u00e3o e fortalecimento da identidade salesiana.<\/p>\n<p>Ao dar as boas-vindas, o Reitor destacou a import\u00e2ncia dos encontros peri\u00f3dicos, realizados a cada dois meses, como oportunidade de forma\u00e7\u00e3o e tamb\u00e9m de acolhida aos novos colaboradores. \u201c\u00c9 um projeto que nos permite crescer juntos, conhecendo melhor a institui\u00e7\u00e3o e, assim, fazer parte dela de maneira mais profunda\u201d, afirmou.<\/p>\n<p><strong>TEMPO<\/strong><\/p>\n<p>Durante a forma\u00e7\u00e3o, o tema central abordado foi o tempo. Em sua fala, Pe. Paulo convidou os participantes a refletirem sobre o tempo como elemento essencial da vida humana. \u201cCada um de n\u00f3s \u00e9, essencialmente, tempo. Nossa hist\u00f3ria \u00e9 marcada por ele, desde o nascimento at\u00e9 o ocaso da vida\u201d, destacou.<\/p>\n<p>O Reitor explicou que a trajet\u00f3ria de cada pessoa \u00e9 constru\u00edda a partir de experi\u00eancias vividas ao longo do tempo, ressaltando que cada fase da vida possui sua import\u00e2ncia. \u201cO nosso tempo \u00e9 o hoje. O passado n\u00e3o volta, e \u00e9 no presente que somos chamados a agir e a fazer o bem\u201d, salientou.<\/p>\n<p>Outro ponto abordado foi a valoriza\u00e7\u00e3o da mem\u00f3ria salesiana. Pe. Paulo relembrou a trajet\u00f3ria da presen\u00e7a dos Salesianos na regi\u00e3o, iniciada no final do s\u00e9culo 19, com a funda\u00e7\u00e3o da Miss\u00e3o Salesiana de Mato Grosso e a posterior expans\u00e3o para o oeste paulista, incluindo a cidade de Ara\u00e7atuba em 1949.<\/p>\n<p><strong>MEMORIAL<\/strong><\/p>\n<p>O Reitor tamb\u00e9m destacou a inaugura\u00e7\u00e3o de um <strong>memorial<\/strong> em Campo Grande (MS), marcada para o dia 14 de maio, que celebrar\u00e1 os 130 anos da presen\u00e7a salesiana da mantenedora do UniSALESIANO. O espa\u00e7o reunir\u00e1 elementos hist\u00f3ricos da atua\u00e7\u00e3o mission\u00e1ria, educativa e religiosa dos Salesianos ao longo das d\u00e9cadas.<\/p>\n<p>Para Pe. Paulo, conhecer essa trajet\u00f3ria \u00e9 fundamental para fortalecer o pertencimento. \u201cS\u00f3 valorizamos aquilo que conhecemos. \u00c9 preciso transformar o conhecimento em atitude e vivenciar, no dia a dia, os valores que sustentam a nossa miss\u00e3o\u201d, afirmou. A programa\u00e7\u00e3o foi encerrada com a tradicional homenagem aos aniversariantes, seguida de um momento de confraterniza\u00e7\u00e3o entre os colaboradores.<\/p>\n","protected":false},"excerpt":{"rendered":"<p>A Pastoral Universit\u00e1ria e o Departamento de Recursos Humanos do UniSALESIANO promoveram, na tarde do dia 27 de abril, um momento formativo voltado aos colaboradores, realizado no audit\u00f3rio do Centro de Conviv\u00eancia. O encontro foi conduzido pelo Reitor, Pe. Paulo Vendrame, e reuniu funcion\u00e1rios de diferentes setores em um momento de reflex\u00e3o, integra\u00e7\u00e3o e fortalecimento [&hellip;]<\/p>\n","protected":false},"author":3,"featured_media":51231,"comment_status":"open","ping_status":"open","sticky":false,"template":"","format":"standard","meta":{"footnotes":""},"categories":[11,10,9],"tags":[103,1915,34,16],"class_list":["post-51230","post","type-post","status-publish","format-standard","has-post-thumbnail","hentry","category-institucional","category-pastoral","category-reitoria","tag-aracatuba","tag-formacao-dos-colaboradores","tag-pastoral-universitaria","tag-unisalesiano"],"yoast_head":"<!-- This site is optimized with the Yoast SEO plugin v17.4 - https:\/\/yoast.com\/wordpress\/plugins\/seo\/ -->\n<title>Forma\u00e7\u00e3o no UniSALESIANO reflete sobre o tempo e valoriza a hist\u00f3ria institucional - UniSALESIANO Ara\u00e7atuba\/SP<\/title>\n<meta name=\"robots\" content=\"index, follow, max-snippet:-1, max-image-preview:large, max-video-preview:-1\" \/>\n<link rel=\"canonical\" href=\"https:\/\/unisalesiano.com.br\/aracatuba\/formacao-no-unisalesiano-reflete-sobre-o-tempo-e-valoriza-a-historia-institucional\/\" \/>\n<meta property=\"og:locale\" content=\"pt_BR\" \/>\n<meta property=\"og:type\" content=\"article\" \/>\n<meta property=\"og:title\" content=\"Forma\u00e7\u00e3o no UniSALESIANO reflete sobre o tempo e valoriza a hist\u00f3ria institucional - UniSALESIANO Ara\u00e7atuba\/SP\" \/>\n<meta property=\"og:description\" content=\"A Pastoral Universit\u00e1ria e o Departamento de Recursos Humanos do UniSALESIANO promoveram, na tarde do dia 27 de abril, um momento formativo voltado aos colaboradores, realizado no audit\u00f3rio do Centro de Conviv\u00eancia. O encontro foi conduzido pelo Reitor, Pe. Paulo Vendrame, e reuniu funcion\u00e1rios de diferentes setores em um momento de reflex\u00e3o, integra\u00e7\u00e3o e fortalecimento [&hellip;]\" \/>\n<meta property=\"og:url\" content=\"https:\/\/unisalesiano.com.br\/aracatuba\/formacao-no-unisalesiano-reflete-sobre-o-tempo-e-valoriza-a-historia-institucional\/\" \/>\n<meta property=\"og:site_name\" content=\"UniSALESIANO Ara\u00e7atuba\/SP\" \/>\n<meta property=\"article:published_time\" content=\"2026-04-28T13:06:36+00:00\" \/>\n<meta property=\"og:image\" content=\"https:\/\/unisalesiano.com.br\/aracatuba\/wp-content\/uploads\/2026\/04\/WhatsApp-Image-2026-04-28-at-10.04.15-1.jpeg\" \/>\n\t<meta property=\"og:image:width\" content=\"1600\" \/>\n\t<meta property=\"og:image:height\" content=\"900\" \/>\n<meta name=\"twitter:card\" content=\"summary_large_image\" \/>\n<meta name=\"twitter:label1\" content=\"Escrito por\" \/>\n\t<meta name=\"twitter:data1\" content=\"Monique Bueno\" \/>\n\t<meta name=\"twitter:label2\" content=\"Est. tempo de leitura\" \/>\n\t<meta name=\"twitter:data2\" content=\"2 minutos\" \/>\n<script type=\"application\/ld+json\" class=\"yoast-schema-graph\">{\"@context\":\"https:\/\/schema.org\",\"@graph\":[{\"@type\":\"WebSite\",\"@id\":\"https:\/\/unisalesiano.com.br\/aracatuba\/#website\",\"url\":\"https:\/\/unisalesiano.com.br\/aracatuba\/\",\"name\":\"UniSALESIANO Ara\\u00e7atuba\/SP\",\"description\":\"Centro Universit\\u00e1rio Cat\\u00f3lico Salesiano Auxilium\",\"potentialAction\":[{\"@type\":\"SearchAction\",\"target\":{\"@type\":\"EntryPoint\",\"urlTemplate\":\"https:\/\/unisalesiano.com.br\/aracatuba\/?s={search_term_string}\"},\"query-input\":\"required name=search_term_string\"}],\"inLanguage\":\"pt-BR\"},{\"@type\":\"ImageObject\",\"@id\":\"https:\/\/unisalesiano.com.br\/aracatuba\/formacao-no-unisalesiano-reflete-sobre-o-tempo-e-valoriza-a-historia-institucional\/#primaryimage\",\"inLanguage\":\"pt-BR\",\"url\":\"https:\/\/unisalesiano.com.br\/aracatuba\/wp-content\/uploads\/2026\/04\/WhatsApp-Image-2026-04-28-at-10.04.15-1.jpeg\",\"contentUrl\":\"https:\/\/unisalesiano.com.br\/aracatuba\/wp-content\/uploads\/2026\/04\/WhatsApp-Image-2026-04-28-at-10.04.15-1.jpeg\",\"width\":1600,\"height\":900},{\"@type\":\"WebPage\",\"@id\":\"https:\/\/unisalesiano.com.br\/aracatuba\/formacao-no-unisalesiano-reflete-sobre-o-tempo-e-valoriza-a-historia-institucional\/#webpage\",\"url\":\"https:\/\/unisalesiano.com.br\/aracatuba\/formacao-no-unisalesiano-reflete-sobre-o-tempo-e-valoriza-a-historia-institucional\/\",\"name\":\"Forma\\u00e7\\u00e3o no UniSALESIANO reflete sobre o tempo e valoriza a hist\\u00f3ria institucional - UniSALESIANO Ara\\u00e7atuba\/SP\",\"isPartOf\":{\"@id\":\"https:\/\/unisalesiano.com.br\/aracatuba\/#website\"},\"primaryImageOfPage\":{\"@id\":\"https:\/\/unisalesiano.com.br\/aracatuba\/formacao-no-unisalesiano-reflete-sobre-o-tempo-e-valoriza-a-historia-institucional\/#primaryimage\"},\"datePublished\":\"2026-04-28T13:06:36+00:00\",\"dateModified\":\"2026-04-28T13:06:36+00:00\",\"author\":{\"@id\":\"https:\/\/unisalesiano.com.br\/aracatuba\/#\/schema\/person\/964caaa63bddcf301b320e385db5203a\"},\"breadcrumb\":{\"@id\":\"https:\/\/unisalesiano.com.br\/aracatuba\/formacao-no-unisalesiano-reflete-sobre-o-tempo-e-valoriza-a-historia-institucional\/#breadcrumb\"},\"inLanguage\":\"pt-BR\",\"potentialAction\":[{\"@type\":\"ReadAction\",\"target\":[\"https:\/\/unisalesiano.com.br\/aracatuba\/formacao-no-unisalesiano-reflete-sobre-o-tempo-e-valoriza-a-historia-institucional\/\"]}]},{\"@type\":\"BreadcrumbList\",\"@id\":\"https:\/\/unisalesiano.com.br\/aracatuba\/formacao-no-unisalesiano-reflete-sobre-o-tempo-e-valoriza-a-historia-institucional\/#breadcrumb\",\"itemListElement\":[{\"@type\":\"ListItem\",\"position\":1,\"name\":\"In\\u00edcio\",\"item\":\"https:\/\/unisalesiano.com.br\/aracatuba\/\"},{\"@type\":\"ListItem\",\"position\":2,\"name\":\"Forma\\u00e7\\u00e3o no UniSALESIANO reflete sobre o tempo e valoriza a hist\\u00f3ria institucional\"}]},{\"@type\":\"Person\",\"@id\":\"https:\/\/unisalesiano.com.br\/aracatuba\/#\/schema\/person\/964caaa63bddcf301b320e385db5203a\",\"name\":\"Monique Bueno\",\"image\":{\"@type\":\"ImageObject\",\"@id\":\"https:\/\/unisalesiano.com.br\/aracatuba\/#personlogo\",\"inLanguage\":\"pt-BR\",\"url\":\"https:\/\/secure.gravatar.com\/avatar\/1680078f9a9fb86c36e76e0928e948cfd68a43bbc313c1bad27d1e48b49b308d?s=96&d=mm&r=g\",\"contentUrl\":\"https:\/\/secure.gravatar.com\/avatar\/1680078f9a9fb86c36e76e0928e948cfd68a43bbc313c1bad27d1e48b49b308d?s=96&d=mm&r=g\",\"caption\":\"Monique Bueno\"},\"url\":\"https:\/\/unisalesiano.com.br\/aracatuba\/author\/monique\/\"}]}<\/script>\n<!-- \/ Yoast SEO plugin. -->","yoast_head_json":{"title":"Forma\u00e7\u00e3o no UniSALESIANO reflete sobre o tempo e valoriza a hist\u00f3ria institucional - UniSALESIANO Ara\u00e7atuba\/SP","robots":{"index":"index","follow":"follow","max-snippet":"max-snippet:-1","max-image-preview":"max-image-preview:large","max-video-preview":"max-video-preview:-1"},"canonical":"https:\/\/unisalesiano.com.br\/aracatuba\/formacao-no-unisalesiano-reflete-sobre-o-tempo-e-valoriza-a-historia-institucional\/","og_locale":"pt_BR","og_type":"article","og_title":"Forma\u00e7\u00e3o no UniSALESIANO reflete sobre o tempo e valoriza a hist\u00f3ria institucional - UniSALESIANO Ara\u00e7atuba\/SP","og_description":"A Pastoral Universit\u00e1ria e o Departamento de Recursos Humanos do UniSALESIANO promoveram, na tarde do dia 27 de abril, um momento formativo voltado aos colaboradores, realizado no audit\u00f3rio do Centro de Conviv\u00eancia. O encontro foi conduzido pelo Reitor, Pe. Paulo Vendrame, e reuniu funcion\u00e1rios de diferentes setores em um momento de reflex\u00e3o, integra\u00e7\u00e3o e fortalecimento [&hellip;]","og_url":"https:\/\/unisalesiano.com.br\/aracatuba\/formacao-no-unisalesiano-reflete-sobre-o-tempo-e-valoriza-a-historia-institucional\/","og_site_name":"UniSALESIANO Ara\u00e7atuba\/SP","article_published_time":"2026-04-28T13:06:36+00:00","og_image":[{"width":1600,"height":900,"url":"https:\/\/unisalesiano.com.br\/aracatuba\/wp-content\/uploads\/2026\/04\/WhatsApp-Image-2026-04-28-at-10.04.15-1.jpeg","type":"image\/jpeg"}],"twitter_card":"summary_large_image","twitter_misc":{"Escrito por":"Monique Bueno","Est. tempo de leitura":"2 minutos"},"schema":{"@context":"https:\/\/schema.org","@graph":[{"@type":"WebSite","@id":"https:\/\/unisalesiano.com.br\/aracatuba\/#website","url":"https:\/\/unisalesiano.com.br\/aracatuba\/","name":"UniSALESIANO Ara\u00e7atuba\/SP","description":"Centro Universit\u00e1rio Cat\u00f3lico Salesiano Auxilium","potentialAction":[{"@type":"SearchAction","target":{"@type":"EntryPoint","urlTemplate":"https:\/\/unisalesiano.com.br\/aracatuba\/?s={search_term_string}"},"query-input":"required name=search_term_string"}],"inLanguage":"pt-BR"},{"@type":"ImageObject","@id":"https:\/\/unisalesiano.com.br\/aracatuba\/formacao-no-unisalesiano-reflete-sobre-o-tempo-e-valoriza-a-historia-institucional\/#primaryimage","inLanguage":"pt-BR","url":"https:\/\/unisalesiano.com.br\/aracatuba\/wp-content\/uploads\/2026\/04\/WhatsApp-Image-2026-04-28-at-10.04.15-1.jpeg","contentUrl":"https:\/\/unisalesiano.com.br\/aracatuba\/wp-content\/uploads\/2026\/04\/WhatsApp-Image-2026-04-28-at-10.04.15-1.jpeg","width":1600,"height":900},{"@type":"WebPage","@id":"https:\/\/unisalesiano.com.br\/aracatuba\/formacao-no-unisalesiano-reflete-sobre-o-tempo-e-valoriza-a-historia-institucional\/#webpage","url":"https:\/\/unisalesiano.com.br\/aracatuba\/formacao-no-unisalesiano-reflete-sobre-o-tempo-e-valoriza-a-historia-institucional\/","name":"Forma\u00e7\u00e3o no UniSALESIANO reflete sobre o tempo e valoriza a hist\u00f3ria institucional - UniSALESIANO Ara\u00e7atuba\/SP","isPartOf":{"@id":"https:\/\/unisalesiano.com.br\/aracatuba\/#website"},"primaryImageOfPage":{"@id":"https:\/\/unisalesiano.com.br\/aracatuba\/formacao-no-unisalesiano-reflete-sobre-o-tempo-e-valoriza-a-historia-institucional\/#primaryimage"},"datePublished":"2026-04-28T13:06:36+00:00","dateModified":"2026-04-28T13:06:36+00:00","author":{"@id":"https:\/\/unisalesiano.com.br\/aracatuba\/#\/schema\/person\/964caaa63bddcf301b320e385db5203a"},"breadcrumb":{"@id":"https:\/\/unisalesiano.com.br\/aracatuba\/formacao-no-unisalesiano-reflete-sobre-o-tempo-e-valoriza-a-historia-institucional\/#breadcrumb"},"inLanguage":"pt-BR","potentialAction":[{"@type":"ReadAction","target":["https:\/\/unisalesiano.com.br\/aracatuba\/formacao-no-unisalesiano-reflete-sobre-o-tempo-e-valoriza-a-historia-institucional\/"]}]},{"@type":"BreadcrumbList","@id":"https:\/\/unisalesiano.com.br\/aracatuba\/formacao-no-unisalesiano-reflete-sobre-o-tempo-e-valoriza-a-historia-institucional\/#breadcrumb","itemListElement":[{"@type":"ListItem","position":1,"name":"In\u00edcio","item":"https:\/\/unisalesiano.com.br\/aracatuba\/"},{"@type":"ListItem","position":2,"name":"Forma\u00e7\u00e3o no UniSALESIANO reflete sobre o tempo e valoriza a hist\u00f3ria institucional"}]},{"@type":"Person","@id":"https:\/\/unisalesiano.com.br\/aracatuba\/#\/schema\/person\/964caaa63bddcf301b320e385db5203a","name":"Monique Bueno","image":{"@type":"ImageObject","@id":"https:\/\/unisalesiano.com.br\/aracatuba\/#personlogo","inLanguage":"pt-BR","url":"https:\/\/secure.gravatar.com\/avatar\/1680078f9a9fb86c36e76e0928e948cfd68a43bbc313c1bad27d1e48b49b308d?s=96&d=mm&r=g","contentUrl":"https:\/\/secure.gravatar.com\/avatar\/1680078f9a9fb86c36e76e0928e948cfd68a43bbc313c1bad27d1e48b49b308d?s=96&d=mm&r=g","caption":"Monique Bueno"},"url":"https:\/\/unisalesiano.com.br\/aracatuba\/author\/monique\/"}]}},"_links":{"self":[{"href":"https:\/\/unisalesiano.com.br\/aracatuba\/wp-json\/wp\/v2\/posts\/51230","targetHints":{"allow":["GET"]}}],"collection":[{"href":"https:\/\/unisalesiano.com.br\/aracatuba\/wp-json\/wp\/v2\/posts"}],"about":[{"href":"https:\/\/unisalesiano.com.br\/aracatuba\/wp-json\/wp\/v2\/types\/post"}],"author":[{"embeddable":true,"href":"https:\/\/unisalesiano.com.br\/aracatuba\/wp-json\/wp\/v2\/users\/3"}],"replies":[{"embeddable":true,"href":"https:\/\/unisalesiano.com.br\/aracatuba\/wp-json\/wp\/v2\/comments?post=51230"}],"version-history":[{"count":0,"href":"https:\/\/unisalesiano.com.br\/aracatuba\/wp-json\/wp\/v2\/posts\/51230\/revisions"}],"wp:featuredmedia":[{"embeddable":true,"href":"https:\/\/unisalesiano.com.br\/aracatuba\/wp-json\/wp\/v2\/media\/51231"}],"wp:attachment":[{"href":"https:\/\/unisalesiano.com.br\/aracatuba\/wp-json\/wp\/v2\/media?parent=51230"}],"wp:term":[{"taxonomy":"category","embeddable":true,"href":"https:\/\/unisalesiano.com.br\/aracatuba\/wp-json\/wp\/v2\/categories?post=51230"},{"taxonomy":"post_tag","embeddable":true,"href":"https:\/\/unisalesiano.com.br\/aracatuba\/wp-json\/wp\/v2\/tags?post=51230"}],"curies":[{"name":"wp","href":"https:\/\/api.w.org\/{rel}","templated":true}]}}