{"id":49525,"date":"2025-12-05T11:05:08","date_gmt":"2025-12-05T14:05:08","guid":{"rendered":"https:\/\/unisalesiano.com.br\/aracatuba\/?p=49525"},"modified":"2025-12-05T11:05:08","modified_gmt":"2025-12-05T14:05:08","slug":"alunos-de-arquitetura-apresentam-trabalhos-inspirados-nos-mobiles-de-alexander-calder","status":"publish","type":"post","link":"https:\/\/unisalesiano.com.br\/aracatuba\/alunos-de-arquitetura-apresentam-trabalhos-inspirados-nos-mobiles-de-alexander-calder\/","title":{"rendered":"Alunos de Arquitetura apresentam trabalhos inspirados nos m\u00f3biles de Alexander Calder"},"content":{"rendered":"<p>Os alunos do <strong>Curso de Arquitetura e Urbanismo do UniSALESIANO<\/strong> apresentaram os trabalhos desenvolvidos na disciplina Pl\u00e1stica e Materiais Expressivos I, ministrada pelo professor <strong>Francis Martins<\/strong>, no dia 26 de novembro.<\/p>\n<p>As produ\u00e7\u00f5es tiveram como inspira\u00e7\u00e3o a obra do artista norte-americano, <strong>Alexander Calder<\/strong>, refer\u00eancia mundial por reinventar a escultura ao criar os c\u00e9lebres m\u00f3biles, pe\u00e7as em equil\u00edbrio din\u00e2mico que transformaram a rela\u00e7\u00e3o entre arte, espa\u00e7o e movimento.<\/p>\n<p>Introduzidos por Calder na d\u00e9cada de 1930, os m\u00f3biles constitu\u00edram um marco na arte moderna por incorporarem o movimento como elemento estruturante. Suspensas no ar, as composi\u00e7\u00f5es reagem \u00e0s correntes de vento e \u00e0s mudan\u00e7as do ambiente, criando formas que se renovam continuamente. \u201cA leveza, o ritmo e o refinado equil\u00edbrio visual dessas esculturas influenciaram gera\u00e7\u00f5es de artistas, al\u00e9m de dialogarem profundamente com conceitos explorados na arquitetura contempor\u00e2nea\u201d, afirmou Francis.<\/p>\n<p><strong>SENSIBILIDADE<\/strong><\/p>\n<p>Na forma\u00e7\u00e3o em Arquitetura e Urbanismo, o estudo das obras de Calder estimula a compreens\u00e3o de princ\u00edpios fundamentais como equil\u00edbrio, distribui\u00e7\u00e3o de peso, tens\u00f5es estruturais e a rela\u00e7\u00e3o entre forma e fun\u00e7\u00e3o. \u201cA experi\u00eancia pr\u00e1tica com diferentes materiais possibilita aos acad\u00eamicos explorar texturas, resist\u00eancias e comportamentos variados, ampliando o olhar investigativo e a sensibilidade projetual\u201d, lembrou o docente.<\/p>\n<p>A proposta da disciplina, segundo o professor, foi justamente incentivar esse mergulho criativo por meio da experimenta\u00e7\u00e3o com cores, formas org\u00e2nicas e composi\u00e7\u00f5es tridimensionais. \u201cA pr\u00e1tica art\u00edstica se consolidou como um espa\u00e7o de desenvolvimento do repert\u00f3rio visual, da percep\u00e7\u00e3o espacial e da autonomia criativa dos futuros arquitetos\u201d.<\/p>\n<p>Durante a apresenta\u00e7\u00e3o, foi poss\u00edvel observar interpreta\u00e7\u00f5es autorais das t\u00e9cnicas de Calder, revelando como cada aluno assimilou e ressignificou os conceitos estudados. Os trabalhos refor\u00e7aram a import\u00e2ncia da arte como ferramenta formativa indispens\u00e1vel, capaz de integrar est\u00e9tica, t\u00e9cnica e express\u00e3o pessoal no processo de projetar.<\/p>\n<p>De acordo com o <strong>Coordenador do Curso de Arquitetura e Urbanismo, Prof. Giuliano Pincerato<\/strong>, ao aproximar os alunos das m\u00faltiplas possibilidades art\u00edsticas, o curso fortalece habilidades essenciais para a cria\u00e7\u00e3o de solu\u00e7\u00f5es inovadoras, sens\u00edveis e conectadas ao espa\u00e7o habitado.<\/p>\n","protected":false},"excerpt":{"rendered":"<p>Os alunos do Curso de Arquitetura e Urbanismo do UniSALESIANO apresentaram os trabalhos desenvolvidos na disciplina Pl\u00e1stica e Materiais Expressivos I, ministrada pelo professor Francis Martins, no dia 26 de novembro. As produ\u00e7\u00f5es tiveram como inspira\u00e7\u00e3o a obra do artista norte-americano, Alexander Calder, refer\u00eancia mundial por reinventar a escultura ao criar os c\u00e9lebres m\u00f3biles, pe\u00e7as [&hellip;]<\/p>\n","protected":false},"author":3,"featured_media":49526,"comment_status":"open","ping_status":"open","sticky":false,"template":"","format":"standard","meta":{"footnotes":""},"categories":[11,9,8],"tags":[103,40,1393,16],"class_list":["post-49525","post","type-post","status-publish","format-standard","has-post-thumbnail","hentry","category-institucional","category-reitoria","category-sociais","tag-aracatuba","tag-arquitetura","tag-artes","tag-unisalesiano"],"yoast_head":"<!-- This site is optimized with the Yoast SEO plugin v17.4 - https:\/\/yoast.com\/wordpress\/plugins\/seo\/ -->\n<title>Alunos de Arquitetura apresentam trabalhos inspirados nos m\u00f3biles de Alexander Calder - UniSALESIANO Ara\u00e7atuba\/SP<\/title>\n<meta name=\"robots\" content=\"index, follow, max-snippet:-1, max-image-preview:large, max-video-preview:-1\" \/>\n<link rel=\"canonical\" href=\"https:\/\/unisalesiano.com.br\/aracatuba\/alunos-de-arquitetura-apresentam-trabalhos-inspirados-nos-mobiles-de-alexander-calder\/\" \/>\n<meta property=\"og:locale\" content=\"pt_BR\" \/>\n<meta property=\"og:type\" content=\"article\" \/>\n<meta property=\"og:title\" content=\"Alunos de Arquitetura apresentam trabalhos inspirados nos m\u00f3biles de Alexander Calder - UniSALESIANO Ara\u00e7atuba\/SP\" \/>\n<meta property=\"og:description\" content=\"Os alunos do Curso de Arquitetura e Urbanismo do UniSALESIANO apresentaram os trabalhos desenvolvidos na disciplina Pl\u00e1stica e Materiais Expressivos I, ministrada pelo professor Francis Martins, no dia 26 de novembro. As produ\u00e7\u00f5es tiveram como inspira\u00e7\u00e3o a obra do artista norte-americano, Alexander Calder, refer\u00eancia mundial por reinventar a escultura ao criar os c\u00e9lebres m\u00f3biles, pe\u00e7as [&hellip;]\" \/>\n<meta property=\"og:url\" content=\"https:\/\/unisalesiano.com.br\/aracatuba\/alunos-de-arquitetura-apresentam-trabalhos-inspirados-nos-mobiles-de-alexander-calder\/\" \/>\n<meta property=\"og:site_name\" content=\"UniSALESIANO Ara\u00e7atuba\/SP\" \/>\n<meta property=\"article:published_time\" content=\"2025-12-05T14:05:08+00:00\" \/>\n<meta property=\"og:image\" content=\"https:\/\/unisalesiano.com.br\/aracatuba\/wp-content\/uploads\/2025\/12\/WhatsApp-Image-2025-11-27-at-10.59.39-1.jpeg\" \/>\n\t<meta property=\"og:image:width\" content=\"1200\" \/>\n\t<meta property=\"og:image:height\" content=\"1040\" \/>\n<meta name=\"twitter:card\" content=\"summary_large_image\" \/>\n<meta name=\"twitter:label1\" content=\"Escrito por\" \/>\n\t<meta name=\"twitter:data1\" content=\"Monique Bueno\" \/>\n\t<meta name=\"twitter:label2\" content=\"Est. tempo de leitura\" \/>\n\t<meta name=\"twitter:data2\" content=\"2 minutos\" \/>\n<script type=\"application\/ld+json\" class=\"yoast-schema-graph\">{\"@context\":\"https:\/\/schema.org\",\"@graph\":[{\"@type\":\"WebSite\",\"@id\":\"https:\/\/unisalesiano.com.br\/aracatuba\/#website\",\"url\":\"https:\/\/unisalesiano.com.br\/aracatuba\/\",\"name\":\"UniSALESIANO Ara\\u00e7atuba\/SP\",\"description\":\"Centro Universit\\u00e1rio Cat\\u00f3lico Salesiano Auxilium\",\"potentialAction\":[{\"@type\":\"SearchAction\",\"target\":{\"@type\":\"EntryPoint\",\"urlTemplate\":\"https:\/\/unisalesiano.com.br\/aracatuba\/?s={search_term_string}\"},\"query-input\":\"required name=search_term_string\"}],\"inLanguage\":\"pt-BR\"},{\"@type\":\"ImageObject\",\"@id\":\"https:\/\/unisalesiano.com.br\/aracatuba\/alunos-de-arquitetura-apresentam-trabalhos-inspirados-nos-mobiles-de-alexander-calder\/#primaryimage\",\"inLanguage\":\"pt-BR\",\"url\":\"https:\/\/unisalesiano.com.br\/aracatuba\/wp-content\/uploads\/2025\/12\/WhatsApp-Image-2025-11-27-at-10.59.39-1.jpeg\",\"contentUrl\":\"https:\/\/unisalesiano.com.br\/aracatuba\/wp-content\/uploads\/2025\/12\/WhatsApp-Image-2025-11-27-at-10.59.39-1.jpeg\",\"width\":1200,\"height\":1040},{\"@type\":\"WebPage\",\"@id\":\"https:\/\/unisalesiano.com.br\/aracatuba\/alunos-de-arquitetura-apresentam-trabalhos-inspirados-nos-mobiles-de-alexander-calder\/#webpage\",\"url\":\"https:\/\/unisalesiano.com.br\/aracatuba\/alunos-de-arquitetura-apresentam-trabalhos-inspirados-nos-mobiles-de-alexander-calder\/\",\"name\":\"Alunos de Arquitetura apresentam trabalhos inspirados nos m\\u00f3biles de Alexander Calder - UniSALESIANO Ara\\u00e7atuba\/SP\",\"isPartOf\":{\"@id\":\"https:\/\/unisalesiano.com.br\/aracatuba\/#website\"},\"primaryImageOfPage\":{\"@id\":\"https:\/\/unisalesiano.com.br\/aracatuba\/alunos-de-arquitetura-apresentam-trabalhos-inspirados-nos-mobiles-de-alexander-calder\/#primaryimage\"},\"datePublished\":\"2025-12-05T14:05:08+00:00\",\"dateModified\":\"2025-12-05T14:05:08+00:00\",\"author\":{\"@id\":\"https:\/\/unisalesiano.com.br\/aracatuba\/#\/schema\/person\/964caaa63bddcf301b320e385db5203a\"},\"breadcrumb\":{\"@id\":\"https:\/\/unisalesiano.com.br\/aracatuba\/alunos-de-arquitetura-apresentam-trabalhos-inspirados-nos-mobiles-de-alexander-calder\/#breadcrumb\"},\"inLanguage\":\"pt-BR\",\"potentialAction\":[{\"@type\":\"ReadAction\",\"target\":[\"https:\/\/unisalesiano.com.br\/aracatuba\/alunos-de-arquitetura-apresentam-trabalhos-inspirados-nos-mobiles-de-alexander-calder\/\"]}]},{\"@type\":\"BreadcrumbList\",\"@id\":\"https:\/\/unisalesiano.com.br\/aracatuba\/alunos-de-arquitetura-apresentam-trabalhos-inspirados-nos-mobiles-de-alexander-calder\/#breadcrumb\",\"itemListElement\":[{\"@type\":\"ListItem\",\"position\":1,\"name\":\"In\\u00edcio\",\"item\":\"https:\/\/unisalesiano.com.br\/aracatuba\/\"},{\"@type\":\"ListItem\",\"position\":2,\"name\":\"Alunos de Arquitetura apresentam trabalhos inspirados nos m\\u00f3biles de Alexander Calder\"}]},{\"@type\":\"Person\",\"@id\":\"https:\/\/unisalesiano.com.br\/aracatuba\/#\/schema\/person\/964caaa63bddcf301b320e385db5203a\",\"name\":\"Monique Bueno\",\"image\":{\"@type\":\"ImageObject\",\"@id\":\"https:\/\/unisalesiano.com.br\/aracatuba\/#personlogo\",\"inLanguage\":\"pt-BR\",\"url\":\"https:\/\/secure.gravatar.com\/avatar\/1680078f9a9fb86c36e76e0928e948cfd68a43bbc313c1bad27d1e48b49b308d?s=96&d=mm&r=g\",\"contentUrl\":\"https:\/\/secure.gravatar.com\/avatar\/1680078f9a9fb86c36e76e0928e948cfd68a43bbc313c1bad27d1e48b49b308d?s=96&d=mm&r=g\",\"caption\":\"Monique Bueno\"},\"url\":\"https:\/\/unisalesiano.com.br\/aracatuba\/author\/monique\/\"}]}<\/script>\n<!-- \/ Yoast SEO plugin. -->","yoast_head_json":{"title":"Alunos de Arquitetura apresentam trabalhos inspirados nos m\u00f3biles de Alexander Calder - UniSALESIANO Ara\u00e7atuba\/SP","robots":{"index":"index","follow":"follow","max-snippet":"max-snippet:-1","max-image-preview":"max-image-preview:large","max-video-preview":"max-video-preview:-1"},"canonical":"https:\/\/unisalesiano.com.br\/aracatuba\/alunos-de-arquitetura-apresentam-trabalhos-inspirados-nos-mobiles-de-alexander-calder\/","og_locale":"pt_BR","og_type":"article","og_title":"Alunos de Arquitetura apresentam trabalhos inspirados nos m\u00f3biles de Alexander Calder - UniSALESIANO Ara\u00e7atuba\/SP","og_description":"Os alunos do Curso de Arquitetura e Urbanismo do UniSALESIANO apresentaram os trabalhos desenvolvidos na disciplina Pl\u00e1stica e Materiais Expressivos I, ministrada pelo professor Francis Martins, no dia 26 de novembro. As produ\u00e7\u00f5es tiveram como inspira\u00e7\u00e3o a obra do artista norte-americano, Alexander Calder, refer\u00eancia mundial por reinventar a escultura ao criar os c\u00e9lebres m\u00f3biles, pe\u00e7as [&hellip;]","og_url":"https:\/\/unisalesiano.com.br\/aracatuba\/alunos-de-arquitetura-apresentam-trabalhos-inspirados-nos-mobiles-de-alexander-calder\/","og_site_name":"UniSALESIANO Ara\u00e7atuba\/SP","article_published_time":"2025-12-05T14:05:08+00:00","og_image":[{"width":1200,"height":1040,"url":"https:\/\/unisalesiano.com.br\/aracatuba\/wp-content\/uploads\/2025\/12\/WhatsApp-Image-2025-11-27-at-10.59.39-1.jpeg","type":"image\/jpeg"}],"twitter_card":"summary_large_image","twitter_misc":{"Escrito por":"Monique Bueno","Est. tempo de leitura":"2 minutos"},"schema":{"@context":"https:\/\/schema.org","@graph":[{"@type":"WebSite","@id":"https:\/\/unisalesiano.com.br\/aracatuba\/#website","url":"https:\/\/unisalesiano.com.br\/aracatuba\/","name":"UniSALESIANO Ara\u00e7atuba\/SP","description":"Centro Universit\u00e1rio Cat\u00f3lico Salesiano Auxilium","potentialAction":[{"@type":"SearchAction","target":{"@type":"EntryPoint","urlTemplate":"https:\/\/unisalesiano.com.br\/aracatuba\/?s={search_term_string}"},"query-input":"required name=search_term_string"}],"inLanguage":"pt-BR"},{"@type":"ImageObject","@id":"https:\/\/unisalesiano.com.br\/aracatuba\/alunos-de-arquitetura-apresentam-trabalhos-inspirados-nos-mobiles-de-alexander-calder\/#primaryimage","inLanguage":"pt-BR","url":"https:\/\/unisalesiano.com.br\/aracatuba\/wp-content\/uploads\/2025\/12\/WhatsApp-Image-2025-11-27-at-10.59.39-1.jpeg","contentUrl":"https:\/\/unisalesiano.com.br\/aracatuba\/wp-content\/uploads\/2025\/12\/WhatsApp-Image-2025-11-27-at-10.59.39-1.jpeg","width":1200,"height":1040},{"@type":"WebPage","@id":"https:\/\/unisalesiano.com.br\/aracatuba\/alunos-de-arquitetura-apresentam-trabalhos-inspirados-nos-mobiles-de-alexander-calder\/#webpage","url":"https:\/\/unisalesiano.com.br\/aracatuba\/alunos-de-arquitetura-apresentam-trabalhos-inspirados-nos-mobiles-de-alexander-calder\/","name":"Alunos de Arquitetura apresentam trabalhos inspirados nos m\u00f3biles de Alexander Calder - UniSALESIANO Ara\u00e7atuba\/SP","isPartOf":{"@id":"https:\/\/unisalesiano.com.br\/aracatuba\/#website"},"primaryImageOfPage":{"@id":"https:\/\/unisalesiano.com.br\/aracatuba\/alunos-de-arquitetura-apresentam-trabalhos-inspirados-nos-mobiles-de-alexander-calder\/#primaryimage"},"datePublished":"2025-12-05T14:05:08+00:00","dateModified":"2025-12-05T14:05:08+00:00","author":{"@id":"https:\/\/unisalesiano.com.br\/aracatuba\/#\/schema\/person\/964caaa63bddcf301b320e385db5203a"},"breadcrumb":{"@id":"https:\/\/unisalesiano.com.br\/aracatuba\/alunos-de-arquitetura-apresentam-trabalhos-inspirados-nos-mobiles-de-alexander-calder\/#breadcrumb"},"inLanguage":"pt-BR","potentialAction":[{"@type":"ReadAction","target":["https:\/\/unisalesiano.com.br\/aracatuba\/alunos-de-arquitetura-apresentam-trabalhos-inspirados-nos-mobiles-de-alexander-calder\/"]}]},{"@type":"BreadcrumbList","@id":"https:\/\/unisalesiano.com.br\/aracatuba\/alunos-de-arquitetura-apresentam-trabalhos-inspirados-nos-mobiles-de-alexander-calder\/#breadcrumb","itemListElement":[{"@type":"ListItem","position":1,"name":"In\u00edcio","item":"https:\/\/unisalesiano.com.br\/aracatuba\/"},{"@type":"ListItem","position":2,"name":"Alunos de Arquitetura apresentam trabalhos inspirados nos m\u00f3biles de Alexander Calder"}]},{"@type":"Person","@id":"https:\/\/unisalesiano.com.br\/aracatuba\/#\/schema\/person\/964caaa63bddcf301b320e385db5203a","name":"Monique Bueno","image":{"@type":"ImageObject","@id":"https:\/\/unisalesiano.com.br\/aracatuba\/#personlogo","inLanguage":"pt-BR","url":"https:\/\/secure.gravatar.com\/avatar\/1680078f9a9fb86c36e76e0928e948cfd68a43bbc313c1bad27d1e48b49b308d?s=96&d=mm&r=g","contentUrl":"https:\/\/secure.gravatar.com\/avatar\/1680078f9a9fb86c36e76e0928e948cfd68a43bbc313c1bad27d1e48b49b308d?s=96&d=mm&r=g","caption":"Monique Bueno"},"url":"https:\/\/unisalesiano.com.br\/aracatuba\/author\/monique\/"}]}},"_links":{"self":[{"href":"https:\/\/unisalesiano.com.br\/aracatuba\/wp-json\/wp\/v2\/posts\/49525","targetHints":{"allow":["GET"]}}],"collection":[{"href":"https:\/\/unisalesiano.com.br\/aracatuba\/wp-json\/wp\/v2\/posts"}],"about":[{"href":"https:\/\/unisalesiano.com.br\/aracatuba\/wp-json\/wp\/v2\/types\/post"}],"author":[{"embeddable":true,"href":"https:\/\/unisalesiano.com.br\/aracatuba\/wp-json\/wp\/v2\/users\/3"}],"replies":[{"embeddable":true,"href":"https:\/\/unisalesiano.com.br\/aracatuba\/wp-json\/wp\/v2\/comments?post=49525"}],"version-history":[{"count":0,"href":"https:\/\/unisalesiano.com.br\/aracatuba\/wp-json\/wp\/v2\/posts\/49525\/revisions"}],"wp:featuredmedia":[{"embeddable":true,"href":"https:\/\/unisalesiano.com.br\/aracatuba\/wp-json\/wp\/v2\/media\/49526"}],"wp:attachment":[{"href":"https:\/\/unisalesiano.com.br\/aracatuba\/wp-json\/wp\/v2\/media?parent=49525"}],"wp:term":[{"taxonomy":"category","embeddable":true,"href":"https:\/\/unisalesiano.com.br\/aracatuba\/wp-json\/wp\/v2\/categories?post=49525"},{"taxonomy":"post_tag","embeddable":true,"href":"https:\/\/unisalesiano.com.br\/aracatuba\/wp-json\/wp\/v2\/tags?post=49525"}],"curies":[{"name":"wp","href":"https:\/\/api.w.org\/{rel}","templated":true}]}}