{"id":49274,"date":"2025-11-17T10:26:45","date_gmt":"2025-11-17T13:26:45","guid":{"rendered":"https:\/\/unisalesiano.com.br\/aracatuba\/?p=49274"},"modified":"2025-11-17T15:18:56","modified_gmt":"2025-11-17T18:18:56","slug":"de-arquiteto-para-arquiteto-inspira-alunos-com-visao-pratica-de-carreira-e-mercado","status":"publish","type":"post","link":"https:\/\/unisalesiano.com.br\/aracatuba\/de-arquiteto-para-arquiteto-inspira-alunos-com-visao-pratica-de-carreira-e-mercado\/","title":{"rendered":"\u201cDe Arquiteto para Arquiteto\u201d inspira alunos com vis\u00e3o pr\u00e1tica de carreira e mercado"},"content":{"rendered":"<p>O <strong>Curso de Arquitetura e Urbanismo do UniSALESIANO<\/strong> promoveu, no dia 12 de novembro, uma noite de aprendizado e troca profissional. O arquiteto e empreendedor, <strong>Bruno Brandini,<\/strong> foi recebido para ministrar a palestra <strong>\u201cDe arquiteto para Arquiteto\u201d<\/strong>, em um convite que partiu da coordena\u00e7\u00e3o, representada pelo <strong>Prof. Giuliano Pincerato<\/strong>, aliado \u00e0 proximidade do palestrante com o <strong>Prof. Rog\u00e9rio Ramiro<\/strong> e ao interesse das alunas do 4\u00ba termo, que solicitaram sua presen\u00e7a para enriquecer a forma\u00e7\u00e3o da turma.<\/p>\n<p>Antes da apresenta\u00e7\u00e3o principal, os acad\u00eamicos participaram de uma palestra de acolhimento conduzida pela arquiteta,<strong> Helo\u00edsa Maltarolo<\/strong>, coordenadora regional do <strong>CAU-SP \u2013 Escrit\u00f3rio de S\u00e3o Jos\u00e9 do Rio Preto<\/strong>. A presen\u00e7a de Helo\u00edsa foi articulada pela coordena\u00e7\u00e3o e confirmada ap\u00f3s ela saber da possibilidade da vinda de Bruno ao c\u00e2mpus.<\/p>\n<p>Sua participa\u00e7\u00e3o teve como objetivo oferecer um panorama institucional e profissional, al\u00e9m de trazer um feedback importante sobre o exerc\u00edcio da arquitetura e o papel do Conselho de Arquitetura e Urbanismo na forma\u00e7\u00e3o e atua\u00e7\u00e3o dos futuros profissionais.<\/p>\n<p>Na sequ\u00eancia, Bruno conduziu uma conversa franca e direta sobre os bastidores da profiss\u00e3o e os desafios reais enfrentados por quem inicia na \u00e1rea. Abordou temas como gest\u00e3o, posicionamento de marca, precifica\u00e7\u00e3o, organiza\u00e7\u00e3o de processos, rela\u00e7\u00e3o com clientes e a constru\u00e7\u00e3o de autoridade no mercado \u2014 especialmente no segmento de alto padr\u00e3o, onde atua.<\/p>\n<p><strong>CASA<\/strong><\/p>\n<p>Segundo o palestrante, a recep\u00e7\u00e3o calorosa fez do encontro um momento marcante. \u201cFui recebido de forma extremamente acolhedora. O ambiente era leve, respeitoso e cheio de energia positiva. Senti uma curiosidade genu\u00edna sobre o meu caminho como arquiteto e empreendedor, o que enriqueceu muito a conversa. Me senti realmente parte da casa\u201d, afirmou.<\/p>\n<p>Bruno destacou, ainda, a import\u00e2ncia de preparar futuros arquitetos n\u00e3o apenas para o lado criativo da profiss\u00e3o, mas tamb\u00e9m para a dimens\u00e3o estrat\u00e9gica do trabalho. \u201cCompartilhei aquilo que eu gostaria de ter ouvido no in\u00edcio da minha carreira. A arquitetura exige resili\u00eancia, vis\u00e3o de futuro, compet\u00eancias de gest\u00e3o e muito posicionamento. Meu objetivo foi mostrar caminhos mais claros e evitar erros comuns nessa trajet\u00f3ria\u201d, explicou.<\/p>\n<p>Ele tamb\u00e9m elogiou o engajamento dos participantes e a estrutura oferecida pelo UniSALESIANO. \u201cA qualidade das perguntas e o entusiasmo dos alunos mostram que a institui\u00e7\u00e3o est\u00e1 formando profissionais conscientes e alinhados \u00e0s transforma\u00e7\u00f5es do mercado\u201d, destacou.<\/p>\n<p><img loading=\"lazy\" decoding=\"async\" class=\"aligncenter wp-image-49279\" src=\"https:\/\/unisalesiano.com.br\/aracatuba\/wp-content\/uploads\/2025\/11\/Captura-de-tela-2025-11-17-101142.jpg\" alt=\"\" width=\"682\" height=\"500\" srcset=\"https:\/\/unisalesiano.com.br\/aracatuba\/wp-content\/uploads\/2025\/11\/Captura-de-tela-2025-11-17-101142.jpg 961w, https:\/\/unisalesiano.com.br\/aracatuba\/wp-content\/uploads\/2025\/11\/Captura-de-tela-2025-11-17-101142-300x220.jpg 300w, https:\/\/unisalesiano.com.br\/aracatuba\/wp-content\/uploads\/2025\/11\/Captura-de-tela-2025-11-17-101142-768x563.jpg 768w\" sizes=\"auto, (max-width: 682px) 100vw, 682px\" \/> <img loading=\"lazy\" decoding=\"async\" class=\"aligncenter wp-image-49280\" src=\"https:\/\/unisalesiano.com.br\/aracatuba\/wp-content\/uploads\/2025\/11\/Captura-de-tela-2025-11-17-101159.jpg\" alt=\"\" width=\"712\" height=\"500\" srcset=\"https:\/\/unisalesiano.com.br\/aracatuba\/wp-content\/uploads\/2025\/11\/Captura-de-tela-2025-11-17-101159.jpg 843w, https:\/\/unisalesiano.com.br\/aracatuba\/wp-content\/uploads\/2025\/11\/Captura-de-tela-2025-11-17-101159-300x211.jpg 300w, https:\/\/unisalesiano.com.br\/aracatuba\/wp-content\/uploads\/2025\/11\/Captura-de-tela-2025-11-17-101159-768x539.jpg 768w\" sizes=\"auto, (max-width: 712px) 100vw, 712px\" \/><\/p>\n","protected":false},"excerpt":{"rendered":"<p>O Curso de Arquitetura e Urbanismo do UniSALESIANO promoveu, no dia 12 de novembro, uma noite de aprendizado e troca profissional. O arquiteto e empreendedor, Bruno Brandini, foi recebido para ministrar a palestra \u201cDe arquiteto para Arquiteto\u201d, em um convite que partiu da coordena\u00e7\u00e3o, representada pelo Prof. Giuliano Pincerato, aliado \u00e0 proximidade do palestrante com [&hellip;]<\/p>\n","protected":false},"author":3,"featured_media":49278,"comment_status":"open","ping_status":"open","sticky":false,"template":"","format":"standard","meta":{"footnotes":""},"categories":[11,9,8],"tags":[103,40,844,1471,16],"class_list":["post-49274","post","type-post","status-publish","format-standard","has-post-thumbnail","hentry","category-institucional","category-reitoria","category-sociais","tag-aracatuba","tag-arquitetura","tag-crea-sp","tag-mercado-de-trabalho","tag-unisalesiano"],"yoast_head":"<!-- This site is optimized with the Yoast SEO plugin v17.4 - https:\/\/yoast.com\/wordpress\/plugins\/seo\/ -->\n<title>\u201cDe Arquiteto para Arquiteto\u201d inspira alunos com vis\u00e3o pr\u00e1tica de carreira e mercado - UniSALESIANO Ara\u00e7atuba\/SP<\/title>\n<meta name=\"robots\" content=\"index, follow, max-snippet:-1, max-image-preview:large, max-video-preview:-1\" \/>\n<link rel=\"canonical\" href=\"https:\/\/unisalesiano.com.br\/aracatuba\/de-arquiteto-para-arquiteto-inspira-alunos-com-visao-pratica-de-carreira-e-mercado\/\" \/>\n<meta property=\"og:locale\" content=\"pt_BR\" \/>\n<meta property=\"og:type\" content=\"article\" \/>\n<meta property=\"og:title\" content=\"\u201cDe Arquiteto para Arquiteto\u201d inspira alunos com vis\u00e3o pr\u00e1tica de carreira e mercado - UniSALESIANO Ara\u00e7atuba\/SP\" \/>\n<meta property=\"og:description\" content=\"O Curso de Arquitetura e Urbanismo do UniSALESIANO promoveu, no dia 12 de novembro, uma noite de aprendizado e troca profissional. O arquiteto e empreendedor, Bruno Brandini, foi recebido para ministrar a palestra \u201cDe arquiteto para Arquiteto\u201d, em um convite que partiu da coordena\u00e7\u00e3o, representada pelo Prof. Giuliano Pincerato, aliado \u00e0 proximidade do palestrante com [&hellip;]\" \/>\n<meta property=\"og:url\" content=\"https:\/\/unisalesiano.com.br\/aracatuba\/de-arquiteto-para-arquiteto-inspira-alunos-com-visao-pratica-de-carreira-e-mercado\/\" \/>\n<meta property=\"og:site_name\" content=\"UniSALESIANO Ara\u00e7atuba\/SP\" \/>\n<meta property=\"article:published_time\" content=\"2025-11-17T13:26:45+00:00\" \/>\n<meta property=\"article:modified_time\" content=\"2025-11-17T18:18:56+00:00\" \/>\n<meta property=\"og:image\" content=\"https:\/\/unisalesiano.com.br\/aracatuba\/wp-content\/uploads\/2025\/11\/Captura-de-tela-2025-11-17-101107.jpg\" \/>\n\t<meta property=\"og:image:width\" content=\"995\" \/>\n\t<meta property=\"og:image:height\" content=\"688\" \/>\n<meta name=\"twitter:card\" content=\"summary_large_image\" \/>\n<meta name=\"twitter:label1\" content=\"Escrito por\" \/>\n\t<meta name=\"twitter:data1\" content=\"Monique Bueno\" \/>\n\t<meta name=\"twitter:label2\" content=\"Est. tempo de leitura\" \/>\n\t<meta name=\"twitter:data2\" content=\"2 minutos\" \/>\n<script type=\"application\/ld+json\" class=\"yoast-schema-graph\">{\"@context\":\"https:\/\/schema.org\",\"@graph\":[{\"@type\":\"WebSite\",\"@id\":\"https:\/\/unisalesiano.com.br\/aracatuba\/#website\",\"url\":\"https:\/\/unisalesiano.com.br\/aracatuba\/\",\"name\":\"UniSALESIANO Ara\\u00e7atuba\/SP\",\"description\":\"Centro Universit\\u00e1rio Cat\\u00f3lico Salesiano Auxilium\",\"potentialAction\":[{\"@type\":\"SearchAction\",\"target\":{\"@type\":\"EntryPoint\",\"urlTemplate\":\"https:\/\/unisalesiano.com.br\/aracatuba\/?s={search_term_string}\"},\"query-input\":\"required name=search_term_string\"}],\"inLanguage\":\"pt-BR\"},{\"@type\":\"ImageObject\",\"@id\":\"https:\/\/unisalesiano.com.br\/aracatuba\/de-arquiteto-para-arquiteto-inspira-alunos-com-visao-pratica-de-carreira-e-mercado\/#primaryimage\",\"inLanguage\":\"pt-BR\",\"url\":\"https:\/\/unisalesiano.com.br\/aracatuba\/wp-content\/uploads\/2025\/11\/Captura-de-tela-2025-11-17-101107.jpg\",\"contentUrl\":\"https:\/\/unisalesiano.com.br\/aracatuba\/wp-content\/uploads\/2025\/11\/Captura-de-tela-2025-11-17-101107.jpg\",\"width\":995,\"height\":688},{\"@type\":\"WebPage\",\"@id\":\"https:\/\/unisalesiano.com.br\/aracatuba\/de-arquiteto-para-arquiteto-inspira-alunos-com-visao-pratica-de-carreira-e-mercado\/#webpage\",\"url\":\"https:\/\/unisalesiano.com.br\/aracatuba\/de-arquiteto-para-arquiteto-inspira-alunos-com-visao-pratica-de-carreira-e-mercado\/\",\"name\":\"\\u201cDe Arquiteto para Arquiteto\\u201d inspira alunos com vis\\u00e3o pr\\u00e1tica de carreira e mercado - UniSALESIANO Ara\\u00e7atuba\/SP\",\"isPartOf\":{\"@id\":\"https:\/\/unisalesiano.com.br\/aracatuba\/#website\"},\"primaryImageOfPage\":{\"@id\":\"https:\/\/unisalesiano.com.br\/aracatuba\/de-arquiteto-para-arquiteto-inspira-alunos-com-visao-pratica-de-carreira-e-mercado\/#primaryimage\"},\"datePublished\":\"2025-11-17T13:26:45+00:00\",\"dateModified\":\"2025-11-17T18:18:56+00:00\",\"author\":{\"@id\":\"https:\/\/unisalesiano.com.br\/aracatuba\/#\/schema\/person\/964caaa63bddcf301b320e385db5203a\"},\"breadcrumb\":{\"@id\":\"https:\/\/unisalesiano.com.br\/aracatuba\/de-arquiteto-para-arquiteto-inspira-alunos-com-visao-pratica-de-carreira-e-mercado\/#breadcrumb\"},\"inLanguage\":\"pt-BR\",\"potentialAction\":[{\"@type\":\"ReadAction\",\"target\":[\"https:\/\/unisalesiano.com.br\/aracatuba\/de-arquiteto-para-arquiteto-inspira-alunos-com-visao-pratica-de-carreira-e-mercado\/\"]}]},{\"@type\":\"BreadcrumbList\",\"@id\":\"https:\/\/unisalesiano.com.br\/aracatuba\/de-arquiteto-para-arquiteto-inspira-alunos-com-visao-pratica-de-carreira-e-mercado\/#breadcrumb\",\"itemListElement\":[{\"@type\":\"ListItem\",\"position\":1,\"name\":\"In\\u00edcio\",\"item\":\"https:\/\/unisalesiano.com.br\/aracatuba\/\"},{\"@type\":\"ListItem\",\"position\":2,\"name\":\"\\u201cDe Arquiteto para Arquiteto\\u201d inspira alunos com vis\\u00e3o pr\\u00e1tica de carreira e mercado\"}]},{\"@type\":\"Person\",\"@id\":\"https:\/\/unisalesiano.com.br\/aracatuba\/#\/schema\/person\/964caaa63bddcf301b320e385db5203a\",\"name\":\"Monique Bueno\",\"image\":{\"@type\":\"ImageObject\",\"@id\":\"https:\/\/unisalesiano.com.br\/aracatuba\/#personlogo\",\"inLanguage\":\"pt-BR\",\"url\":\"https:\/\/secure.gravatar.com\/avatar\/1680078f9a9fb86c36e76e0928e948cfd68a43bbc313c1bad27d1e48b49b308d?s=96&d=mm&r=g\",\"contentUrl\":\"https:\/\/secure.gravatar.com\/avatar\/1680078f9a9fb86c36e76e0928e948cfd68a43bbc313c1bad27d1e48b49b308d?s=96&d=mm&r=g\",\"caption\":\"Monique Bueno\"},\"url\":\"https:\/\/unisalesiano.com.br\/aracatuba\/author\/monique\/\"}]}<\/script>\n<!-- \/ Yoast SEO plugin. -->","yoast_head_json":{"title":"\u201cDe Arquiteto para Arquiteto\u201d inspira alunos com vis\u00e3o pr\u00e1tica de carreira e mercado - UniSALESIANO Ara\u00e7atuba\/SP","robots":{"index":"index","follow":"follow","max-snippet":"max-snippet:-1","max-image-preview":"max-image-preview:large","max-video-preview":"max-video-preview:-1"},"canonical":"https:\/\/unisalesiano.com.br\/aracatuba\/de-arquiteto-para-arquiteto-inspira-alunos-com-visao-pratica-de-carreira-e-mercado\/","og_locale":"pt_BR","og_type":"article","og_title":"\u201cDe Arquiteto para Arquiteto\u201d inspira alunos com vis\u00e3o pr\u00e1tica de carreira e mercado - UniSALESIANO Ara\u00e7atuba\/SP","og_description":"O Curso de Arquitetura e Urbanismo do UniSALESIANO promoveu, no dia 12 de novembro, uma noite de aprendizado e troca profissional. O arquiteto e empreendedor, Bruno Brandini, foi recebido para ministrar a palestra \u201cDe arquiteto para Arquiteto\u201d, em um convite que partiu da coordena\u00e7\u00e3o, representada pelo Prof. Giuliano Pincerato, aliado \u00e0 proximidade do palestrante com [&hellip;]","og_url":"https:\/\/unisalesiano.com.br\/aracatuba\/de-arquiteto-para-arquiteto-inspira-alunos-com-visao-pratica-de-carreira-e-mercado\/","og_site_name":"UniSALESIANO Ara\u00e7atuba\/SP","article_published_time":"2025-11-17T13:26:45+00:00","article_modified_time":"2025-11-17T18:18:56+00:00","og_image":[{"width":995,"height":688,"url":"https:\/\/unisalesiano.com.br\/aracatuba\/wp-content\/uploads\/2025\/11\/Captura-de-tela-2025-11-17-101107.jpg","type":"image\/jpeg"}],"twitter_card":"summary_large_image","twitter_misc":{"Escrito por":"Monique Bueno","Est. tempo de leitura":"2 minutos"},"schema":{"@context":"https:\/\/schema.org","@graph":[{"@type":"WebSite","@id":"https:\/\/unisalesiano.com.br\/aracatuba\/#website","url":"https:\/\/unisalesiano.com.br\/aracatuba\/","name":"UniSALESIANO Ara\u00e7atuba\/SP","description":"Centro Universit\u00e1rio Cat\u00f3lico Salesiano Auxilium","potentialAction":[{"@type":"SearchAction","target":{"@type":"EntryPoint","urlTemplate":"https:\/\/unisalesiano.com.br\/aracatuba\/?s={search_term_string}"},"query-input":"required name=search_term_string"}],"inLanguage":"pt-BR"},{"@type":"ImageObject","@id":"https:\/\/unisalesiano.com.br\/aracatuba\/de-arquiteto-para-arquiteto-inspira-alunos-com-visao-pratica-de-carreira-e-mercado\/#primaryimage","inLanguage":"pt-BR","url":"https:\/\/unisalesiano.com.br\/aracatuba\/wp-content\/uploads\/2025\/11\/Captura-de-tela-2025-11-17-101107.jpg","contentUrl":"https:\/\/unisalesiano.com.br\/aracatuba\/wp-content\/uploads\/2025\/11\/Captura-de-tela-2025-11-17-101107.jpg","width":995,"height":688},{"@type":"WebPage","@id":"https:\/\/unisalesiano.com.br\/aracatuba\/de-arquiteto-para-arquiteto-inspira-alunos-com-visao-pratica-de-carreira-e-mercado\/#webpage","url":"https:\/\/unisalesiano.com.br\/aracatuba\/de-arquiteto-para-arquiteto-inspira-alunos-com-visao-pratica-de-carreira-e-mercado\/","name":"\u201cDe Arquiteto para Arquiteto\u201d inspira alunos com vis\u00e3o pr\u00e1tica de carreira e mercado - UniSALESIANO Ara\u00e7atuba\/SP","isPartOf":{"@id":"https:\/\/unisalesiano.com.br\/aracatuba\/#website"},"primaryImageOfPage":{"@id":"https:\/\/unisalesiano.com.br\/aracatuba\/de-arquiteto-para-arquiteto-inspira-alunos-com-visao-pratica-de-carreira-e-mercado\/#primaryimage"},"datePublished":"2025-11-17T13:26:45+00:00","dateModified":"2025-11-17T18:18:56+00:00","author":{"@id":"https:\/\/unisalesiano.com.br\/aracatuba\/#\/schema\/person\/964caaa63bddcf301b320e385db5203a"},"breadcrumb":{"@id":"https:\/\/unisalesiano.com.br\/aracatuba\/de-arquiteto-para-arquiteto-inspira-alunos-com-visao-pratica-de-carreira-e-mercado\/#breadcrumb"},"inLanguage":"pt-BR","potentialAction":[{"@type":"ReadAction","target":["https:\/\/unisalesiano.com.br\/aracatuba\/de-arquiteto-para-arquiteto-inspira-alunos-com-visao-pratica-de-carreira-e-mercado\/"]}]},{"@type":"BreadcrumbList","@id":"https:\/\/unisalesiano.com.br\/aracatuba\/de-arquiteto-para-arquiteto-inspira-alunos-com-visao-pratica-de-carreira-e-mercado\/#breadcrumb","itemListElement":[{"@type":"ListItem","position":1,"name":"In\u00edcio","item":"https:\/\/unisalesiano.com.br\/aracatuba\/"},{"@type":"ListItem","position":2,"name":"\u201cDe Arquiteto para Arquiteto\u201d inspira alunos com vis\u00e3o pr\u00e1tica de carreira e mercado"}]},{"@type":"Person","@id":"https:\/\/unisalesiano.com.br\/aracatuba\/#\/schema\/person\/964caaa63bddcf301b320e385db5203a","name":"Monique Bueno","image":{"@type":"ImageObject","@id":"https:\/\/unisalesiano.com.br\/aracatuba\/#personlogo","inLanguage":"pt-BR","url":"https:\/\/secure.gravatar.com\/avatar\/1680078f9a9fb86c36e76e0928e948cfd68a43bbc313c1bad27d1e48b49b308d?s=96&d=mm&r=g","contentUrl":"https:\/\/secure.gravatar.com\/avatar\/1680078f9a9fb86c36e76e0928e948cfd68a43bbc313c1bad27d1e48b49b308d?s=96&d=mm&r=g","caption":"Monique Bueno"},"url":"https:\/\/unisalesiano.com.br\/aracatuba\/author\/monique\/"}]}},"_links":{"self":[{"href":"https:\/\/unisalesiano.com.br\/aracatuba\/wp-json\/wp\/v2\/posts\/49274","targetHints":{"allow":["GET"]}}],"collection":[{"href":"https:\/\/unisalesiano.com.br\/aracatuba\/wp-json\/wp\/v2\/posts"}],"about":[{"href":"https:\/\/unisalesiano.com.br\/aracatuba\/wp-json\/wp\/v2\/types\/post"}],"author":[{"embeddable":true,"href":"https:\/\/unisalesiano.com.br\/aracatuba\/wp-json\/wp\/v2\/users\/3"}],"replies":[{"embeddable":true,"href":"https:\/\/unisalesiano.com.br\/aracatuba\/wp-json\/wp\/v2\/comments?post=49274"}],"version-history":[{"count":0,"href":"https:\/\/unisalesiano.com.br\/aracatuba\/wp-json\/wp\/v2\/posts\/49274\/revisions"}],"wp:featuredmedia":[{"embeddable":true,"href":"https:\/\/unisalesiano.com.br\/aracatuba\/wp-json\/wp\/v2\/media\/49278"}],"wp:attachment":[{"href":"https:\/\/unisalesiano.com.br\/aracatuba\/wp-json\/wp\/v2\/media?parent=49274"}],"wp:term":[{"taxonomy":"category","embeddable":true,"href":"https:\/\/unisalesiano.com.br\/aracatuba\/wp-json\/wp\/v2\/categories?post=49274"},{"taxonomy":"post_tag","embeddable":true,"href":"https:\/\/unisalesiano.com.br\/aracatuba\/wp-json\/wp\/v2\/tags?post=49274"}],"curies":[{"name":"wp","href":"https:\/\/api.w.org\/{rel}","templated":true}]}}