{"id":49149,"date":"2025-11-06T15:00:04","date_gmt":"2025-11-06T18:00:04","guid":{"rendered":"https:\/\/unisalesiano.com.br\/aracatuba\/?p=49149"},"modified":"2025-11-06T15:00:04","modified_gmt":"2025-11-06T18:00:04","slug":"bispo-abencoa-novos-sinos-em-celebracao-aos-130-anos-da-morte-de-dom-luiz-lasagna","status":"publish","type":"post","link":"https:\/\/unisalesiano.com.br\/aracatuba\/bispo-abencoa-novos-sinos-em-celebracao-aos-130-anos-da-morte-de-dom-luiz-lasagna\/","title":{"rendered":"Bispo aben\u00e7oa novos sinos em celebra\u00e7\u00e3o aos 130 anos da morte de Dom Luiz Lasagna"},"content":{"rendered":"<p>O Col\u00e9gio Salesiano <strong>\u201cDom Luiz Lasagna\u201d<\/strong> celebrou, nesta quinta-feira, dia 6 de novembro, os 130 anos da morte de seu patrono, <strong>Dom Luiz Lasagna<\/strong> \u2014 bispo italiano respons\u00e1vel por iniciar as obras salesianas no Brasil, Uruguai e Paraguai.<\/p>\n<p>A programa\u00e7\u00e3o especial come\u00e7ou na quarta-feira, dia 5, com a celebra\u00e7\u00e3o do <strong>Sacramento da Crisma<\/strong>, na Capela S\u00e3o Domingos S\u00e1vio. A cerim\u00f4nia foi presidida pelo bispo diocesano de Ara\u00e7atuba, <strong>Dom S\u00e9rgio Krzywy<\/strong>, e contou com a presen\u00e7a do <strong>Diretor do Col\u00e9gio Salesiano e Reitor do UniSALESIANO, Pe. Paulo Fernando Vendrame<\/strong>; do <strong>chanceler em\u00e9rito do UniSALESIANO, Pe. Gild\u00e1sio Mendes<\/strong>; e do <strong>Pr\u00f3-Reitor de Pastoral do UniSALESIANO, Pe. Paulo Eduardo J\u00e1como<\/strong>.<\/p>\n<p>A <strong>Coordenadora do Curso de Fisioterapia do UniSALESIANO, Prof\u00aa. Carla Komatsu<\/strong>, foi uma das crismandas. Ela contou, emocionada, ter realizado o sonho de poder completar sua forma\u00e7\u00e3o crist\u00e3. \u201cMe sinto honrada de ter participado da crisma e da ben\u00e7\u00e3o dos novos sinos\u201d, frisou.<\/p>\n<p>Ao final da celebra\u00e7\u00e3o, Dom S\u00e9rgio aben\u00e7oou quatro novos sinos de bronze que ir\u00e3o compor o Campan\u00e1rio comemorativo pelos 50 anos da constru\u00e7\u00e3o da capela S\u00e3o Domingos S\u00e1vio.<\/p>\n<p><strong>INAUGURA\u00c7\u00c3O<\/strong><\/p>\n<p>O <strong>Reitor do UniSALESIANO, Pe. Paulo Vendrame<\/strong>, destacou que os quatro sinos de bronze, cada um dedicado ao seu respectivo patrono, ser\u00e3o inaugurados no novo Campan\u00e1rio, na noite de 24 de dezembro de 2025. A data marcar\u00e1 o in\u00edcio das celebra\u00e7\u00f5es do <strong>Jubileu de Ouro da Capela S\u00e3o Domingos S\u00e1vio<\/strong>, cuja constru\u00e7\u00e3o come\u00e7ou em dezembro de 1976 e foi conclu\u00edda em mar\u00e7o de 1978, fruto do empenho conjunto da comunidade crist\u00e3 e dos salesianos de Ara\u00e7atuba.<\/p>\n<p>Pe. Paulo lembrou ainda que, durante a celebra\u00e7\u00e3o eucar\u00edstica, o bispo Dom S\u00e9rgio conferiu o sacramento da Crisma aos jovens que se prepararam ao longo dos encontros de catequese realizados tanto no Col\u00e9gio Salesiano quanto no UniSALESIANO.<\/p>\n<p>\u201cO bispo manifestou gratid\u00e3o aos catequistas pelo acompanhamento dedicado e destacou que os crismandos agora assumem plenamente o compromisso de seu batismo, recebendo a for\u00e7a e os dons do Esp\u00edrito Santo para viverem como membros ativos da Igreja\u201d, completou.<\/p>\n<p><strong>DOM LASAGNA<\/strong><\/p>\n<p>Em 14 de julho de 1883, sete sacerdotes salesianos desembarcaram no Brasil sob a coordena\u00e7\u00e3o do inspetor Pe. Luiz Lasagna. Instalaram-se inicialmente em Niter\u00f3i (RJ), no atual Col\u00e9gio Santa Rosa, primeira escola salesiana do pa\u00eds. O gesto marcou o in\u00edcio da presen\u00e7a salesiana em territ\u00f3rio brasileiro.<\/p>\n<p>Mais tarde, em 18 de junho de 1894, Dom Lasagna liderou o primeiro grupo de mission\u00e1rios salesianos rumo a Cuiab\u00e1 (MT), onde fundou a Miss\u00e3o Salesiana de Mato Grosso, atendendo ao pedido insistente do ent\u00e3o bispo de Cuiab\u00e1, Dom Carlos D\u2019Amour.<\/p>\n<p>A presen\u00e7a salesiana em Ara\u00e7atuba teve in\u00edcio em 1949, com o prop\u00f3sito de expandir o trabalho de Dom Bosco. Naquele mesmo ano, Dom Luiz Lasagna foi escolhido como patrono da miss\u00e3o local, em reconhecimento ao seu papel pioneiro na evangeliza\u00e7\u00e3o e educa\u00e7\u00e3o salesiana no Centro-Oeste do pa\u00eds.<\/p>\n<p>Atualmente, os salesianos mant\u00e9m em Ara\u00e7atuba o <strong>Col\u00e9gio Salesiano, a Zatti Sa\u00fade, a Par\u00f3quia S\u00e3o Francisco e Santa Clara, o Orat\u00f3rio e o UniSALESIANO<\/strong>, que continuam a propagar os ideais de dedica\u00e7\u00e3o \u00e0 juventude e servi\u00e7o aos mais necessitados.<\/p>\n","protected":false},"excerpt":{"rendered":"<p>O Col\u00e9gio Salesiano \u201cDom Luiz Lasagna\u201d celebrou, nesta quinta-feira, dia 6 de novembro, os 130 anos da morte de seu patrono, Dom Luiz Lasagna \u2014 bispo italiano respons\u00e1vel por iniciar as obras salesianas no Brasil, Uruguai e Paraguai. A programa\u00e7\u00e3o especial come\u00e7ou na quarta-feira, dia 5, com a celebra\u00e7\u00e3o do Sacramento da Crisma, na Capela [&hellip;]<\/p>\n","protected":false},"author":3,"featured_media":49150,"comment_status":"open","ping_status":"open","sticky":false,"template":"","format":"standard","meta":{"footnotes":""},"categories":[11,10,9],"tags":[103,1869,133,91,16],"class_list":["post-49149","post","type-post","status-publish","format-standard","has-post-thumbnail","hentry","category-institucional","category-pastoral","category-reitoria","tag-aracatuba","tag-bencao-dos-sinos","tag-colegio-salesiano","tag-crisma","tag-unisalesiano"],"yoast_head":"<!-- This site is optimized with the Yoast SEO plugin v17.4 - https:\/\/yoast.com\/wordpress\/plugins\/seo\/ -->\n<title>Bispo aben\u00e7oa novos sinos em celebra\u00e7\u00e3o aos 130 anos da morte de Dom Luiz Lasagna - UniSALESIANO Ara\u00e7atuba\/SP<\/title>\n<meta name=\"robots\" content=\"index, follow, max-snippet:-1, max-image-preview:large, max-video-preview:-1\" \/>\n<link rel=\"canonical\" href=\"https:\/\/unisalesiano.com.br\/aracatuba\/bispo-abencoa-novos-sinos-em-celebracao-aos-130-anos-da-morte-de-dom-luiz-lasagna\/\" \/>\n<meta property=\"og:locale\" content=\"pt_BR\" \/>\n<meta property=\"og:type\" content=\"article\" \/>\n<meta property=\"og:title\" content=\"Bispo aben\u00e7oa novos sinos em celebra\u00e7\u00e3o aos 130 anos da morte de Dom Luiz Lasagna - UniSALESIANO Ara\u00e7atuba\/SP\" \/>\n<meta property=\"og:description\" content=\"O Col\u00e9gio Salesiano \u201cDom Luiz Lasagna\u201d celebrou, nesta quinta-feira, dia 6 de novembro, os 130 anos da morte de seu patrono, Dom Luiz Lasagna \u2014 bispo italiano respons\u00e1vel por iniciar as obras salesianas no Brasil, Uruguai e Paraguai. A programa\u00e7\u00e3o especial come\u00e7ou na quarta-feira, dia 5, com a celebra\u00e7\u00e3o do Sacramento da Crisma, na Capela [&hellip;]\" \/>\n<meta property=\"og:url\" content=\"https:\/\/unisalesiano.com.br\/aracatuba\/bispo-abencoa-novos-sinos-em-celebracao-aos-130-anos-da-morte-de-dom-luiz-lasagna\/\" \/>\n<meta property=\"og:site_name\" content=\"UniSALESIANO Ara\u00e7atuba\/SP\" \/>\n<meta property=\"article:published_time\" content=\"2025-11-06T18:00:04+00:00\" \/>\n<meta property=\"og:image\" content=\"https:\/\/unisalesiano.com.br\/aracatuba\/wp-content\/uploads\/2025\/11\/WhatsApp-Image-2025-11-06-at-10.36.18.jpeg\" \/>\n\t<meta property=\"og:image:width\" content=\"1280\" \/>\n\t<meta property=\"og:image:height\" content=\"853\" \/>\n<meta name=\"twitter:card\" content=\"summary_large_image\" \/>\n<meta name=\"twitter:label1\" content=\"Escrito por\" \/>\n\t<meta name=\"twitter:data1\" content=\"Monique Bueno\" \/>\n\t<meta name=\"twitter:label2\" content=\"Est. tempo de leitura\" \/>\n\t<meta name=\"twitter:data2\" content=\"3 minutos\" \/>\n<script type=\"application\/ld+json\" class=\"yoast-schema-graph\">{\"@context\":\"https:\/\/schema.org\",\"@graph\":[{\"@type\":\"WebSite\",\"@id\":\"https:\/\/unisalesiano.com.br\/aracatuba\/#website\",\"url\":\"https:\/\/unisalesiano.com.br\/aracatuba\/\",\"name\":\"UniSALESIANO Ara\\u00e7atuba\/SP\",\"description\":\"Centro Universit\\u00e1rio Cat\\u00f3lico Salesiano Auxilium\",\"potentialAction\":[{\"@type\":\"SearchAction\",\"target\":{\"@type\":\"EntryPoint\",\"urlTemplate\":\"https:\/\/unisalesiano.com.br\/aracatuba\/?s={search_term_string}\"},\"query-input\":\"required name=search_term_string\"}],\"inLanguage\":\"pt-BR\"},{\"@type\":\"ImageObject\",\"@id\":\"https:\/\/unisalesiano.com.br\/aracatuba\/bispo-abencoa-novos-sinos-em-celebracao-aos-130-anos-da-morte-de-dom-luiz-lasagna\/#primaryimage\",\"inLanguage\":\"pt-BR\",\"url\":\"https:\/\/unisalesiano.com.br\/aracatuba\/wp-content\/uploads\/2025\/11\/WhatsApp-Image-2025-11-06-at-10.36.18.jpeg\",\"contentUrl\":\"https:\/\/unisalesiano.com.br\/aracatuba\/wp-content\/uploads\/2025\/11\/WhatsApp-Image-2025-11-06-at-10.36.18.jpeg\",\"width\":1280,\"height\":853},{\"@type\":\"WebPage\",\"@id\":\"https:\/\/unisalesiano.com.br\/aracatuba\/bispo-abencoa-novos-sinos-em-celebracao-aos-130-anos-da-morte-de-dom-luiz-lasagna\/#webpage\",\"url\":\"https:\/\/unisalesiano.com.br\/aracatuba\/bispo-abencoa-novos-sinos-em-celebracao-aos-130-anos-da-morte-de-dom-luiz-lasagna\/\",\"name\":\"Bispo aben\\u00e7oa novos sinos em celebra\\u00e7\\u00e3o aos 130 anos da morte de Dom Luiz Lasagna - UniSALESIANO Ara\\u00e7atuba\/SP\",\"isPartOf\":{\"@id\":\"https:\/\/unisalesiano.com.br\/aracatuba\/#website\"},\"primaryImageOfPage\":{\"@id\":\"https:\/\/unisalesiano.com.br\/aracatuba\/bispo-abencoa-novos-sinos-em-celebracao-aos-130-anos-da-morte-de-dom-luiz-lasagna\/#primaryimage\"},\"datePublished\":\"2025-11-06T18:00:04+00:00\",\"dateModified\":\"2025-11-06T18:00:04+00:00\",\"author\":{\"@id\":\"https:\/\/unisalesiano.com.br\/aracatuba\/#\/schema\/person\/964caaa63bddcf301b320e385db5203a\"},\"breadcrumb\":{\"@id\":\"https:\/\/unisalesiano.com.br\/aracatuba\/bispo-abencoa-novos-sinos-em-celebracao-aos-130-anos-da-morte-de-dom-luiz-lasagna\/#breadcrumb\"},\"inLanguage\":\"pt-BR\",\"potentialAction\":[{\"@type\":\"ReadAction\",\"target\":[\"https:\/\/unisalesiano.com.br\/aracatuba\/bispo-abencoa-novos-sinos-em-celebracao-aos-130-anos-da-morte-de-dom-luiz-lasagna\/\"]}]},{\"@type\":\"BreadcrumbList\",\"@id\":\"https:\/\/unisalesiano.com.br\/aracatuba\/bispo-abencoa-novos-sinos-em-celebracao-aos-130-anos-da-morte-de-dom-luiz-lasagna\/#breadcrumb\",\"itemListElement\":[{\"@type\":\"ListItem\",\"position\":1,\"name\":\"In\\u00edcio\",\"item\":\"https:\/\/unisalesiano.com.br\/aracatuba\/\"},{\"@type\":\"ListItem\",\"position\":2,\"name\":\"Bispo aben\\u00e7oa novos sinos em celebra\\u00e7\\u00e3o aos 130 anos da morte de Dom Luiz Lasagna\"}]},{\"@type\":\"Person\",\"@id\":\"https:\/\/unisalesiano.com.br\/aracatuba\/#\/schema\/person\/964caaa63bddcf301b320e385db5203a\",\"name\":\"Monique Bueno\",\"image\":{\"@type\":\"ImageObject\",\"@id\":\"https:\/\/unisalesiano.com.br\/aracatuba\/#personlogo\",\"inLanguage\":\"pt-BR\",\"url\":\"https:\/\/secure.gravatar.com\/avatar\/1680078f9a9fb86c36e76e0928e948cfd68a43bbc313c1bad27d1e48b49b308d?s=96&d=mm&r=g\",\"contentUrl\":\"https:\/\/secure.gravatar.com\/avatar\/1680078f9a9fb86c36e76e0928e948cfd68a43bbc313c1bad27d1e48b49b308d?s=96&d=mm&r=g\",\"caption\":\"Monique Bueno\"},\"url\":\"https:\/\/unisalesiano.com.br\/aracatuba\/author\/monique\/\"}]}<\/script>\n<!-- \/ Yoast SEO plugin. -->","yoast_head_json":{"title":"Bispo aben\u00e7oa novos sinos em celebra\u00e7\u00e3o aos 130 anos da morte de Dom Luiz Lasagna - UniSALESIANO Ara\u00e7atuba\/SP","robots":{"index":"index","follow":"follow","max-snippet":"max-snippet:-1","max-image-preview":"max-image-preview:large","max-video-preview":"max-video-preview:-1"},"canonical":"https:\/\/unisalesiano.com.br\/aracatuba\/bispo-abencoa-novos-sinos-em-celebracao-aos-130-anos-da-morte-de-dom-luiz-lasagna\/","og_locale":"pt_BR","og_type":"article","og_title":"Bispo aben\u00e7oa novos sinos em celebra\u00e7\u00e3o aos 130 anos da morte de Dom Luiz Lasagna - UniSALESIANO Ara\u00e7atuba\/SP","og_description":"O Col\u00e9gio Salesiano \u201cDom Luiz Lasagna\u201d celebrou, nesta quinta-feira, dia 6 de novembro, os 130 anos da morte de seu patrono, Dom Luiz Lasagna \u2014 bispo italiano respons\u00e1vel por iniciar as obras salesianas no Brasil, Uruguai e Paraguai. A programa\u00e7\u00e3o especial come\u00e7ou na quarta-feira, dia 5, com a celebra\u00e7\u00e3o do Sacramento da Crisma, na Capela [&hellip;]","og_url":"https:\/\/unisalesiano.com.br\/aracatuba\/bispo-abencoa-novos-sinos-em-celebracao-aos-130-anos-da-morte-de-dom-luiz-lasagna\/","og_site_name":"UniSALESIANO Ara\u00e7atuba\/SP","article_published_time":"2025-11-06T18:00:04+00:00","og_image":[{"width":1280,"height":853,"url":"https:\/\/unisalesiano.com.br\/aracatuba\/wp-content\/uploads\/2025\/11\/WhatsApp-Image-2025-11-06-at-10.36.18.jpeg","type":"image\/jpeg"}],"twitter_card":"summary_large_image","twitter_misc":{"Escrito por":"Monique Bueno","Est. tempo de leitura":"3 minutos"},"schema":{"@context":"https:\/\/schema.org","@graph":[{"@type":"WebSite","@id":"https:\/\/unisalesiano.com.br\/aracatuba\/#website","url":"https:\/\/unisalesiano.com.br\/aracatuba\/","name":"UniSALESIANO Ara\u00e7atuba\/SP","description":"Centro Universit\u00e1rio Cat\u00f3lico Salesiano Auxilium","potentialAction":[{"@type":"SearchAction","target":{"@type":"EntryPoint","urlTemplate":"https:\/\/unisalesiano.com.br\/aracatuba\/?s={search_term_string}"},"query-input":"required name=search_term_string"}],"inLanguage":"pt-BR"},{"@type":"ImageObject","@id":"https:\/\/unisalesiano.com.br\/aracatuba\/bispo-abencoa-novos-sinos-em-celebracao-aos-130-anos-da-morte-de-dom-luiz-lasagna\/#primaryimage","inLanguage":"pt-BR","url":"https:\/\/unisalesiano.com.br\/aracatuba\/wp-content\/uploads\/2025\/11\/WhatsApp-Image-2025-11-06-at-10.36.18.jpeg","contentUrl":"https:\/\/unisalesiano.com.br\/aracatuba\/wp-content\/uploads\/2025\/11\/WhatsApp-Image-2025-11-06-at-10.36.18.jpeg","width":1280,"height":853},{"@type":"WebPage","@id":"https:\/\/unisalesiano.com.br\/aracatuba\/bispo-abencoa-novos-sinos-em-celebracao-aos-130-anos-da-morte-de-dom-luiz-lasagna\/#webpage","url":"https:\/\/unisalesiano.com.br\/aracatuba\/bispo-abencoa-novos-sinos-em-celebracao-aos-130-anos-da-morte-de-dom-luiz-lasagna\/","name":"Bispo aben\u00e7oa novos sinos em celebra\u00e7\u00e3o aos 130 anos da morte de Dom Luiz Lasagna - UniSALESIANO Ara\u00e7atuba\/SP","isPartOf":{"@id":"https:\/\/unisalesiano.com.br\/aracatuba\/#website"},"primaryImageOfPage":{"@id":"https:\/\/unisalesiano.com.br\/aracatuba\/bispo-abencoa-novos-sinos-em-celebracao-aos-130-anos-da-morte-de-dom-luiz-lasagna\/#primaryimage"},"datePublished":"2025-11-06T18:00:04+00:00","dateModified":"2025-11-06T18:00:04+00:00","author":{"@id":"https:\/\/unisalesiano.com.br\/aracatuba\/#\/schema\/person\/964caaa63bddcf301b320e385db5203a"},"breadcrumb":{"@id":"https:\/\/unisalesiano.com.br\/aracatuba\/bispo-abencoa-novos-sinos-em-celebracao-aos-130-anos-da-morte-de-dom-luiz-lasagna\/#breadcrumb"},"inLanguage":"pt-BR","potentialAction":[{"@type":"ReadAction","target":["https:\/\/unisalesiano.com.br\/aracatuba\/bispo-abencoa-novos-sinos-em-celebracao-aos-130-anos-da-morte-de-dom-luiz-lasagna\/"]}]},{"@type":"BreadcrumbList","@id":"https:\/\/unisalesiano.com.br\/aracatuba\/bispo-abencoa-novos-sinos-em-celebracao-aos-130-anos-da-morte-de-dom-luiz-lasagna\/#breadcrumb","itemListElement":[{"@type":"ListItem","position":1,"name":"In\u00edcio","item":"https:\/\/unisalesiano.com.br\/aracatuba\/"},{"@type":"ListItem","position":2,"name":"Bispo aben\u00e7oa novos sinos em celebra\u00e7\u00e3o aos 130 anos da morte de Dom Luiz Lasagna"}]},{"@type":"Person","@id":"https:\/\/unisalesiano.com.br\/aracatuba\/#\/schema\/person\/964caaa63bddcf301b320e385db5203a","name":"Monique Bueno","image":{"@type":"ImageObject","@id":"https:\/\/unisalesiano.com.br\/aracatuba\/#personlogo","inLanguage":"pt-BR","url":"https:\/\/secure.gravatar.com\/avatar\/1680078f9a9fb86c36e76e0928e948cfd68a43bbc313c1bad27d1e48b49b308d?s=96&d=mm&r=g","contentUrl":"https:\/\/secure.gravatar.com\/avatar\/1680078f9a9fb86c36e76e0928e948cfd68a43bbc313c1bad27d1e48b49b308d?s=96&d=mm&r=g","caption":"Monique Bueno"},"url":"https:\/\/unisalesiano.com.br\/aracatuba\/author\/monique\/"}]}},"_links":{"self":[{"href":"https:\/\/unisalesiano.com.br\/aracatuba\/wp-json\/wp\/v2\/posts\/49149","targetHints":{"allow":["GET"]}}],"collection":[{"href":"https:\/\/unisalesiano.com.br\/aracatuba\/wp-json\/wp\/v2\/posts"}],"about":[{"href":"https:\/\/unisalesiano.com.br\/aracatuba\/wp-json\/wp\/v2\/types\/post"}],"author":[{"embeddable":true,"href":"https:\/\/unisalesiano.com.br\/aracatuba\/wp-json\/wp\/v2\/users\/3"}],"replies":[{"embeddable":true,"href":"https:\/\/unisalesiano.com.br\/aracatuba\/wp-json\/wp\/v2\/comments?post=49149"}],"version-history":[{"count":0,"href":"https:\/\/unisalesiano.com.br\/aracatuba\/wp-json\/wp\/v2\/posts\/49149\/revisions"}],"wp:featuredmedia":[{"embeddable":true,"href":"https:\/\/unisalesiano.com.br\/aracatuba\/wp-json\/wp\/v2\/media\/49150"}],"wp:attachment":[{"href":"https:\/\/unisalesiano.com.br\/aracatuba\/wp-json\/wp\/v2\/media?parent=49149"}],"wp:term":[{"taxonomy":"category","embeddable":true,"href":"https:\/\/unisalesiano.com.br\/aracatuba\/wp-json\/wp\/v2\/categories?post=49149"},{"taxonomy":"post_tag","embeddable":true,"href":"https:\/\/unisalesiano.com.br\/aracatuba\/wp-json\/wp\/v2\/tags?post=49149"}],"curies":[{"name":"wp","href":"https:\/\/api.w.org\/{rel}","templated":true}]}}