{"id":49066,"date":"2025-11-06T10:54:03","date_gmt":"2025-11-06T13:54:03","guid":{"rendered":"https:\/\/unisalesiano.com.br\/aracatuba\/?p=49066"},"modified":"2025-11-06T10:56:21","modified_gmt":"2025-11-06T13:56:21","slug":"7a-peregrinacao-universitaria-para-aparecida-uniu-cerca-de-600-participantes","status":"publish","type":"post","link":"https:\/\/unisalesiano.com.br\/aracatuba\/7a-peregrinacao-universitaria-para-aparecida-uniu-cerca-de-600-participantes\/","title":{"rendered":"7\u00aa Peregrina\u00e7\u00e3o Universit\u00e1ria para Aparecida re\u00fane cerca de 600 participantes"},"content":{"rendered":"<p>O UniSALESIANO finalizou o m\u00eas de outubro com chave de ouro ao realizar a<strong> 7\u00aa edi\u00e7\u00e3o da tradicional Peregrina\u00e7\u00e3o Universit\u00e1ria para Aparecida,<\/strong> que aconteceu nos dias 24 e 25. Cerca de 600 participantes, entre acad\u00eamicos, professores e colaboradores, vivenciaram uma profunda experi\u00eancia de f\u00e9, espiritualidade e conviv\u00eancia no Santu\u00e1rio Nacional de Nossa Senhora Aparecida.<\/p>\n<p>Organizada pela <strong>Pastoral Universit\u00e1<\/strong>ria, a atividade integra o calend\u00e1rio anual da Institui\u00e7\u00e3o e tem como prop\u00f3sito oferecer momentos de reflex\u00e3o e de fortalecimento da vida espiritual. Durante o trajeto, os peregrinos participaram de ora\u00e7\u00f5es, celebra\u00e7\u00f5es e b\u00ean\u00e7\u00e3os conduzidas pelo<strong> Pr\u00f3-Reitor de Pastoral, Pe. Paulo J\u00e1como<\/strong>, al\u00e9m de visitarem importantes pontos de devo\u00e7\u00e3o, como a Bas\u00edlica Antiga, a Passarela da F\u00e9, a Sala das Velas, a Sala das Promessas, o Caminho do Ros\u00e1rio, o Morro do Pres\u00e9pio, a Torre Bras\u00edlia e a C\u00fapula da Bas\u00edlica.<\/p>\n<p>De acordo com o Pr\u00f3-Reitor de Pastoral, a peregrina\u00e7\u00e3o \u00e9 um dos momentos mais fortes da espiritualidade juvenil salesiana. \u201c\u00c9 uma oportunidade de encontro consigo mesmo e com Deus. \u00c9 um tempo de escuta, de ora\u00e7\u00e3o e de partilha, no qual a f\u00e9 se torna viva e o cora\u00e7\u00e3o se renova. Cada passo dado \u00e9 um gesto de confian\u00e7a e entrega\u201d, afirmou.<\/p>\n<p>Ele destacou ainda a alegria de ver a comunidade acad\u00eamica unida num mesmo prop\u00f3sito. \u201c\u00c9 muito bonito ver nossos jovens, professores e colaboradores rezando juntos, cantando e se ajudando. Essa viv\u00eancia refor\u00e7a o sentido de comunidade e o carisma salesiano que nos inspira: formar bons crist\u00e3os e honestos cidad\u00e3os\u201d, completou.<\/p>\n<p><strong>BEN\u00c7\u00c3O<\/strong><\/p>\n<p>A peregrina\u00e7\u00e3o teve in\u00edcio com a B\u00ean\u00e7\u00e3o dos Peregrinos, presidida pelo Pe. Paulo J\u00e1como e pelo Reitor, Pe. Paulo Vendrame, marcando o come\u00e7o da caminhada sob a prote\u00e7\u00e3o divina e em esp\u00edrito de gratid\u00e3o. Em cada parada, momentos de sil\u00eancio, ora\u00e7\u00e3o e contempla\u00e7\u00e3o refor\u00e7aram a espiritualidade mariana e a devo\u00e7\u00e3o \u00e0 M\u00e3e Aparecida.<\/p>\n<p>Para Pe. Paulo J\u00e1como, a proposta do UniSALESIANO de unir forma\u00e7\u00e3o acad\u00eamica e vida espiritual d\u00e1 sentido pleno \u00e0 miss\u00e3o salesiana. \u201cNosso compromisso \u00e9 cuidar da pessoa de forma integral, oferecendo espa\u00e7os para o crescimento intelectual, humano e tamb\u00e9m religioso. A peregrina\u00e7\u00e3o \u00e9 um exemplo concreto dessa miss\u00e3o, pois nos ensina a caminhar juntos na f\u00e9, com alegria e esperan\u00e7a\u201d, afirmou.<\/p>\n<p><strong>CASA DA M\u00c3E<\/strong><\/p>\n<p>Neste ano, a edi\u00e7\u00e3o teve um significado ainda mais especial por coincidir com o Ano Santo da Peregrina\u00e7\u00e3o, proclamado pelo saudoso Papa Francisco. Em sua fala, o <strong>Reitor, Pe. Paulo Vendrame<\/strong>, ressaltou a alegria de viver essa experi\u00eancia. \u201cEstamos no Ano Santo da Peregrina\u00e7\u00e3o e temos a alegria de ter vivido a s\u00e9tima edi\u00e7\u00e3o da peregrina\u00e7\u00e3o do UniSALESIANO \u00e0 Casa da M\u00e3e Aparecida. \u00c9 um momento pleno porque todo filho fica feliz quando vai \u00e0 casa da m\u00e3e \u2014 especialmente este ano, em que sa\u00edmos no dia 24 de outubro, data dedicada a Nossa Senhora Auxiliadora. Parab\u00e9ns a todos que responderam a esse convite.\u201d<\/p>\n<p><strong> <img loading=\"lazy\" decoding=\"async\" class=\"aligncenter wp-image-49068\" src=\"https:\/\/unisalesiano.com.br\/aracatuba\/wp-content\/uploads\/2025\/11\/WhatsApp-Image-2025-11-05-at-16.32.45-1.jpeg\" alt=\"\" width=\"750\" height=\"500\" srcset=\"https:\/\/unisalesiano.com.br\/aracatuba\/wp-content\/uploads\/2025\/11\/WhatsApp-Image-2025-11-05-at-16.32.45-1.jpeg 1600w, https:\/\/unisalesiano.com.br\/aracatuba\/wp-content\/uploads\/2025\/11\/WhatsApp-Image-2025-11-05-at-16.32.45-1-300x200.jpeg 300w, https:\/\/unisalesiano.com.br\/aracatuba\/wp-content\/uploads\/2025\/11\/WhatsApp-Image-2025-11-05-at-16.32.45-1-1024x682.jpeg 1024w, https:\/\/unisalesiano.com.br\/aracatuba\/wp-content\/uploads\/2025\/11\/WhatsApp-Image-2025-11-05-at-16.32.45-1-768x512.jpeg 768w, https:\/\/unisalesiano.com.br\/aracatuba\/wp-content\/uploads\/2025\/11\/WhatsApp-Image-2025-11-05-at-16.32.45-1-1536x1023.jpeg 1536w\" sizes=\"auto, (max-width: 750px) 100vw, 750px\" \/> <img loading=\"lazy\" decoding=\"async\" class=\"aligncenter wp-image-49069\" src=\"https:\/\/unisalesiano.com.br\/aracatuba\/wp-content\/uploads\/2025\/11\/WhatsApp-Image-2025-11-05-at-16.32.45.jpeg\" alt=\"\" width=\"750\" height=\"500\" srcset=\"https:\/\/unisalesiano.com.br\/aracatuba\/wp-content\/uploads\/2025\/11\/WhatsApp-Image-2025-11-05-at-16.32.45.jpeg 1600w, https:\/\/unisalesiano.com.br\/aracatuba\/wp-content\/uploads\/2025\/11\/WhatsApp-Image-2025-11-05-at-16.32.45-300x200.jpeg 300w, https:\/\/unisalesiano.com.br\/aracatuba\/wp-content\/uploads\/2025\/11\/WhatsApp-Image-2025-11-05-at-16.32.45-1024x682.jpeg 1024w, https:\/\/unisalesiano.com.br\/aracatuba\/wp-content\/uploads\/2025\/11\/WhatsApp-Image-2025-11-05-at-16.32.45-768x512.jpeg 768w, https:\/\/unisalesiano.com.br\/aracatuba\/wp-content\/uploads\/2025\/11\/WhatsApp-Image-2025-11-05-at-16.32.45-1536x1023.jpeg 1536w\" sizes=\"auto, (max-width: 750px) 100vw, 750px\" \/><\/strong><\/p>\n","protected":false},"excerpt":{"rendered":"<p>O UniSALESIANO finalizou o m\u00eas de outubro com chave de ouro ao realizar a 7\u00aa edi\u00e7\u00e3o da tradicional Peregrina\u00e7\u00e3o Universit\u00e1ria para Aparecida, que aconteceu nos dias 24 e 25. Cerca de 600 participantes, entre acad\u00eamicos, professores e colaboradores, vivenciaram uma profunda experi\u00eancia de f\u00e9, espiritualidade e conviv\u00eancia no Santu\u00e1rio Nacional de Nossa Senhora Aparecida. Organizada [&hellip;]<\/p>\n","protected":false},"author":3,"featured_media":49067,"comment_status":"open","ping_status":"open","sticky":false,"template":"","format":"standard","meta":{"footnotes":""},"categories":[11,10,9],"tags":[1867,103,34,1868,16],"class_list":["post-49066","post","type-post","status-publish","format-standard","has-post-thumbnail","hentry","category-institucional","category-pastoral","category-reitoria","tag-ano-santo","tag-aracatuba","tag-pastoral-universitaria","tag-peregrinacao-universitaria","tag-unisalesiano"],"yoast_head":"<!-- This site is optimized with the Yoast SEO plugin v17.4 - https:\/\/yoast.com\/wordpress\/plugins\/seo\/ -->\n<title>7\u00aa Peregrina\u00e7\u00e3o Universit\u00e1ria para Aparecida re\u00fane cerca de 600 participantes - UniSALESIANO Ara\u00e7atuba\/SP<\/title>\n<meta name=\"robots\" content=\"index, follow, max-snippet:-1, max-image-preview:large, max-video-preview:-1\" \/>\n<link rel=\"canonical\" href=\"https:\/\/unisalesiano.com.br\/aracatuba\/7a-peregrinacao-universitaria-para-aparecida-uniu-cerca-de-600-participantes\/\" \/>\n<meta property=\"og:locale\" content=\"pt_BR\" \/>\n<meta property=\"og:type\" content=\"article\" \/>\n<meta property=\"og:title\" content=\"7\u00aa Peregrina\u00e7\u00e3o Universit\u00e1ria para Aparecida re\u00fane cerca de 600 participantes - UniSALESIANO Ara\u00e7atuba\/SP\" \/>\n<meta property=\"og:description\" content=\"O UniSALESIANO finalizou o m\u00eas de outubro com chave de ouro ao realizar a 7\u00aa edi\u00e7\u00e3o da tradicional Peregrina\u00e7\u00e3o Universit\u00e1ria para Aparecida, que aconteceu nos dias 24 e 25. Cerca de 600 participantes, entre acad\u00eamicos, professores e colaboradores, vivenciaram uma profunda experi\u00eancia de f\u00e9, espiritualidade e conviv\u00eancia no Santu\u00e1rio Nacional de Nossa Senhora Aparecida. Organizada [&hellip;]\" \/>\n<meta property=\"og:url\" content=\"https:\/\/unisalesiano.com.br\/aracatuba\/7a-peregrinacao-universitaria-para-aparecida-uniu-cerca-de-600-participantes\/\" \/>\n<meta property=\"og:site_name\" content=\"UniSALESIANO Ara\u00e7atuba\/SP\" \/>\n<meta property=\"article:published_time\" content=\"2025-11-06T13:54:03+00:00\" \/>\n<meta property=\"article:modified_time\" content=\"2025-11-06T13:56:21+00:00\" \/>\n<meta property=\"og:image\" content=\"https:\/\/unisalesiano.com.br\/aracatuba\/wp-content\/uploads\/2025\/11\/IMG_0601-scaled.jpg\" \/>\n\t<meta property=\"og:image:width\" content=\"2560\" \/>\n\t<meta property=\"og:image:height\" content=\"1707\" \/>\n<meta name=\"twitter:card\" content=\"summary_large_image\" \/>\n<meta name=\"twitter:label1\" content=\"Escrito por\" \/>\n\t<meta name=\"twitter:data1\" content=\"Monique Bueno\" \/>\n\t<meta name=\"twitter:label2\" content=\"Est. tempo de leitura\" \/>\n\t<meta name=\"twitter:data2\" content=\"3 minutos\" \/>\n<script type=\"application\/ld+json\" class=\"yoast-schema-graph\">{\"@context\":\"https:\/\/schema.org\",\"@graph\":[{\"@type\":\"WebSite\",\"@id\":\"https:\/\/unisalesiano.com.br\/aracatuba\/#website\",\"url\":\"https:\/\/unisalesiano.com.br\/aracatuba\/\",\"name\":\"UniSALESIANO Ara\\u00e7atuba\/SP\",\"description\":\"Centro Universit\\u00e1rio Cat\\u00f3lico Salesiano Auxilium\",\"potentialAction\":[{\"@type\":\"SearchAction\",\"target\":{\"@type\":\"EntryPoint\",\"urlTemplate\":\"https:\/\/unisalesiano.com.br\/aracatuba\/?s={search_term_string}\"},\"query-input\":\"required name=search_term_string\"}],\"inLanguage\":\"pt-BR\"},{\"@type\":\"ImageObject\",\"@id\":\"https:\/\/unisalesiano.com.br\/aracatuba\/7a-peregrinacao-universitaria-para-aparecida-uniu-cerca-de-600-participantes\/#primaryimage\",\"inLanguage\":\"pt-BR\",\"url\":\"https:\/\/unisalesiano.com.br\/aracatuba\/wp-content\/uploads\/2025\/11\/IMG_0601-scaled.jpg\",\"contentUrl\":\"https:\/\/unisalesiano.com.br\/aracatuba\/wp-content\/uploads\/2025\/11\/IMG_0601-scaled.jpg\",\"width\":2560,\"height\":1707},{\"@type\":\"WebPage\",\"@id\":\"https:\/\/unisalesiano.com.br\/aracatuba\/7a-peregrinacao-universitaria-para-aparecida-uniu-cerca-de-600-participantes\/#webpage\",\"url\":\"https:\/\/unisalesiano.com.br\/aracatuba\/7a-peregrinacao-universitaria-para-aparecida-uniu-cerca-de-600-participantes\/\",\"name\":\"7\\u00aa Peregrina\\u00e7\\u00e3o Universit\\u00e1ria para Aparecida re\\u00fane cerca de 600 participantes - UniSALESIANO Ara\\u00e7atuba\/SP\",\"isPartOf\":{\"@id\":\"https:\/\/unisalesiano.com.br\/aracatuba\/#website\"},\"primaryImageOfPage\":{\"@id\":\"https:\/\/unisalesiano.com.br\/aracatuba\/7a-peregrinacao-universitaria-para-aparecida-uniu-cerca-de-600-participantes\/#primaryimage\"},\"datePublished\":\"2025-11-06T13:54:03+00:00\",\"dateModified\":\"2025-11-06T13:56:21+00:00\",\"author\":{\"@id\":\"https:\/\/unisalesiano.com.br\/aracatuba\/#\/schema\/person\/964caaa63bddcf301b320e385db5203a\"},\"breadcrumb\":{\"@id\":\"https:\/\/unisalesiano.com.br\/aracatuba\/7a-peregrinacao-universitaria-para-aparecida-uniu-cerca-de-600-participantes\/#breadcrumb\"},\"inLanguage\":\"pt-BR\",\"potentialAction\":[{\"@type\":\"ReadAction\",\"target\":[\"https:\/\/unisalesiano.com.br\/aracatuba\/7a-peregrinacao-universitaria-para-aparecida-uniu-cerca-de-600-participantes\/\"]}]},{\"@type\":\"BreadcrumbList\",\"@id\":\"https:\/\/unisalesiano.com.br\/aracatuba\/7a-peregrinacao-universitaria-para-aparecida-uniu-cerca-de-600-participantes\/#breadcrumb\",\"itemListElement\":[{\"@type\":\"ListItem\",\"position\":1,\"name\":\"In\\u00edcio\",\"item\":\"https:\/\/unisalesiano.com.br\/aracatuba\/\"},{\"@type\":\"ListItem\",\"position\":2,\"name\":\"7\\u00aa Peregrina\\u00e7\\u00e3o Universit\\u00e1ria para Aparecida re\\u00fane cerca de 600 participantes\"}]},{\"@type\":\"Person\",\"@id\":\"https:\/\/unisalesiano.com.br\/aracatuba\/#\/schema\/person\/964caaa63bddcf301b320e385db5203a\",\"name\":\"Monique Bueno\",\"image\":{\"@type\":\"ImageObject\",\"@id\":\"https:\/\/unisalesiano.com.br\/aracatuba\/#personlogo\",\"inLanguage\":\"pt-BR\",\"url\":\"https:\/\/secure.gravatar.com\/avatar\/1680078f9a9fb86c36e76e0928e948cfd68a43bbc313c1bad27d1e48b49b308d?s=96&d=mm&r=g\",\"contentUrl\":\"https:\/\/secure.gravatar.com\/avatar\/1680078f9a9fb86c36e76e0928e948cfd68a43bbc313c1bad27d1e48b49b308d?s=96&d=mm&r=g\",\"caption\":\"Monique Bueno\"},\"url\":\"https:\/\/unisalesiano.com.br\/aracatuba\/author\/monique\/\"}]}<\/script>\n<!-- \/ Yoast SEO plugin. -->","yoast_head_json":{"title":"7\u00aa Peregrina\u00e7\u00e3o Universit\u00e1ria para Aparecida re\u00fane cerca de 600 participantes - UniSALESIANO Ara\u00e7atuba\/SP","robots":{"index":"index","follow":"follow","max-snippet":"max-snippet:-1","max-image-preview":"max-image-preview:large","max-video-preview":"max-video-preview:-1"},"canonical":"https:\/\/unisalesiano.com.br\/aracatuba\/7a-peregrinacao-universitaria-para-aparecida-uniu-cerca-de-600-participantes\/","og_locale":"pt_BR","og_type":"article","og_title":"7\u00aa Peregrina\u00e7\u00e3o Universit\u00e1ria para Aparecida re\u00fane cerca de 600 participantes - UniSALESIANO Ara\u00e7atuba\/SP","og_description":"O UniSALESIANO finalizou o m\u00eas de outubro com chave de ouro ao realizar a 7\u00aa edi\u00e7\u00e3o da tradicional Peregrina\u00e7\u00e3o Universit\u00e1ria para Aparecida, que aconteceu nos dias 24 e 25. Cerca de 600 participantes, entre acad\u00eamicos, professores e colaboradores, vivenciaram uma profunda experi\u00eancia de f\u00e9, espiritualidade e conviv\u00eancia no Santu\u00e1rio Nacional de Nossa Senhora Aparecida. Organizada [&hellip;]","og_url":"https:\/\/unisalesiano.com.br\/aracatuba\/7a-peregrinacao-universitaria-para-aparecida-uniu-cerca-de-600-participantes\/","og_site_name":"UniSALESIANO Ara\u00e7atuba\/SP","article_published_time":"2025-11-06T13:54:03+00:00","article_modified_time":"2025-11-06T13:56:21+00:00","og_image":[{"width":2560,"height":1707,"url":"https:\/\/unisalesiano.com.br\/aracatuba\/wp-content\/uploads\/2025\/11\/IMG_0601-scaled.jpg","type":"image\/jpeg"}],"twitter_card":"summary_large_image","twitter_misc":{"Escrito por":"Monique Bueno","Est. tempo de leitura":"3 minutos"},"schema":{"@context":"https:\/\/schema.org","@graph":[{"@type":"WebSite","@id":"https:\/\/unisalesiano.com.br\/aracatuba\/#website","url":"https:\/\/unisalesiano.com.br\/aracatuba\/","name":"UniSALESIANO Ara\u00e7atuba\/SP","description":"Centro Universit\u00e1rio Cat\u00f3lico Salesiano Auxilium","potentialAction":[{"@type":"SearchAction","target":{"@type":"EntryPoint","urlTemplate":"https:\/\/unisalesiano.com.br\/aracatuba\/?s={search_term_string}"},"query-input":"required name=search_term_string"}],"inLanguage":"pt-BR"},{"@type":"ImageObject","@id":"https:\/\/unisalesiano.com.br\/aracatuba\/7a-peregrinacao-universitaria-para-aparecida-uniu-cerca-de-600-participantes\/#primaryimage","inLanguage":"pt-BR","url":"https:\/\/unisalesiano.com.br\/aracatuba\/wp-content\/uploads\/2025\/11\/IMG_0601-scaled.jpg","contentUrl":"https:\/\/unisalesiano.com.br\/aracatuba\/wp-content\/uploads\/2025\/11\/IMG_0601-scaled.jpg","width":2560,"height":1707},{"@type":"WebPage","@id":"https:\/\/unisalesiano.com.br\/aracatuba\/7a-peregrinacao-universitaria-para-aparecida-uniu-cerca-de-600-participantes\/#webpage","url":"https:\/\/unisalesiano.com.br\/aracatuba\/7a-peregrinacao-universitaria-para-aparecida-uniu-cerca-de-600-participantes\/","name":"7\u00aa Peregrina\u00e7\u00e3o Universit\u00e1ria para Aparecida re\u00fane cerca de 600 participantes - UniSALESIANO Ara\u00e7atuba\/SP","isPartOf":{"@id":"https:\/\/unisalesiano.com.br\/aracatuba\/#website"},"primaryImageOfPage":{"@id":"https:\/\/unisalesiano.com.br\/aracatuba\/7a-peregrinacao-universitaria-para-aparecida-uniu-cerca-de-600-participantes\/#primaryimage"},"datePublished":"2025-11-06T13:54:03+00:00","dateModified":"2025-11-06T13:56:21+00:00","author":{"@id":"https:\/\/unisalesiano.com.br\/aracatuba\/#\/schema\/person\/964caaa63bddcf301b320e385db5203a"},"breadcrumb":{"@id":"https:\/\/unisalesiano.com.br\/aracatuba\/7a-peregrinacao-universitaria-para-aparecida-uniu-cerca-de-600-participantes\/#breadcrumb"},"inLanguage":"pt-BR","potentialAction":[{"@type":"ReadAction","target":["https:\/\/unisalesiano.com.br\/aracatuba\/7a-peregrinacao-universitaria-para-aparecida-uniu-cerca-de-600-participantes\/"]}]},{"@type":"BreadcrumbList","@id":"https:\/\/unisalesiano.com.br\/aracatuba\/7a-peregrinacao-universitaria-para-aparecida-uniu-cerca-de-600-participantes\/#breadcrumb","itemListElement":[{"@type":"ListItem","position":1,"name":"In\u00edcio","item":"https:\/\/unisalesiano.com.br\/aracatuba\/"},{"@type":"ListItem","position":2,"name":"7\u00aa Peregrina\u00e7\u00e3o Universit\u00e1ria para Aparecida re\u00fane cerca de 600 participantes"}]},{"@type":"Person","@id":"https:\/\/unisalesiano.com.br\/aracatuba\/#\/schema\/person\/964caaa63bddcf301b320e385db5203a","name":"Monique Bueno","image":{"@type":"ImageObject","@id":"https:\/\/unisalesiano.com.br\/aracatuba\/#personlogo","inLanguage":"pt-BR","url":"https:\/\/secure.gravatar.com\/avatar\/1680078f9a9fb86c36e76e0928e948cfd68a43bbc313c1bad27d1e48b49b308d?s=96&d=mm&r=g","contentUrl":"https:\/\/secure.gravatar.com\/avatar\/1680078f9a9fb86c36e76e0928e948cfd68a43bbc313c1bad27d1e48b49b308d?s=96&d=mm&r=g","caption":"Monique Bueno"},"url":"https:\/\/unisalesiano.com.br\/aracatuba\/author\/monique\/"}]}},"_links":{"self":[{"href":"https:\/\/unisalesiano.com.br\/aracatuba\/wp-json\/wp\/v2\/posts\/49066","targetHints":{"allow":["GET"]}}],"collection":[{"href":"https:\/\/unisalesiano.com.br\/aracatuba\/wp-json\/wp\/v2\/posts"}],"about":[{"href":"https:\/\/unisalesiano.com.br\/aracatuba\/wp-json\/wp\/v2\/types\/post"}],"author":[{"embeddable":true,"href":"https:\/\/unisalesiano.com.br\/aracatuba\/wp-json\/wp\/v2\/users\/3"}],"replies":[{"embeddable":true,"href":"https:\/\/unisalesiano.com.br\/aracatuba\/wp-json\/wp\/v2\/comments?post=49066"}],"version-history":[{"count":0,"href":"https:\/\/unisalesiano.com.br\/aracatuba\/wp-json\/wp\/v2\/posts\/49066\/revisions"}],"wp:featuredmedia":[{"embeddable":true,"href":"https:\/\/unisalesiano.com.br\/aracatuba\/wp-json\/wp\/v2\/media\/49067"}],"wp:attachment":[{"href":"https:\/\/unisalesiano.com.br\/aracatuba\/wp-json\/wp\/v2\/media?parent=49066"}],"wp:term":[{"taxonomy":"category","embeddable":true,"href":"https:\/\/unisalesiano.com.br\/aracatuba\/wp-json\/wp\/v2\/categories?post=49066"},{"taxonomy":"post_tag","embeddable":true,"href":"https:\/\/unisalesiano.com.br\/aracatuba\/wp-json\/wp\/v2\/tags?post=49066"}],"curies":[{"name":"wp","href":"https:\/\/api.w.org\/{rel}","templated":true}]}}