{"id":48965,"date":"2025-11-03T10:37:44","date_gmt":"2025-11-03T13:37:44","guid":{"rendered":"https:\/\/unisalesiano.com.br\/aracatuba\/?p=48965"},"modified":"2025-11-03T10:38:19","modified_gmt":"2025-11-03T13:38:19","slug":"encontro-de-formativo-reforca-o-espirito-salesiano-e-o-valor-da-misericordia","status":"publish","type":"post","link":"https:\/\/unisalesiano.com.br\/aracatuba\/encontro-de-formativo-reforca-o-espirito-salesiano-e-o-valor-da-misericordia\/","title":{"rendered":"Encontro Formativo refor\u00e7a o Esp\u00edrito Salesiano e o valor da miseric\u00f3rdia"},"content":{"rendered":"<p>O <strong>UniSALESIANO<\/strong> realizou mais uma edi\u00e7\u00e3o do <strong>Encontro de Forma\u00e7\u00e3o dos Colaboradores<\/strong>, promovido pela <strong>Pastoral Universit\u00e1ria<\/strong>, com o prop\u00f3sito de fortalecer a espiritualidade e o carisma salesiano entre todos os membros da comunidade acad\u00eamica.<\/p>\n<p>O encontro, realizado no dia 31 de outubro, na Capela do Centro de Conviv\u00eancia, teve momentos de ora\u00e7\u00e3o, confraterniza\u00e7\u00e3o e reflex\u00e3o, culminando com a palestra do <strong>Pe. Gild\u00e1sio Mendes<\/strong>, que abordou a par\u00e1bola do Filho Pr\u00f3digo, propondo uma reflex\u00e3o sobre o poder da miseric\u00f3rdia e da empatia no cotidiano.<\/p>\n<p>O <strong>Pr\u00f3-Reitor de Pastoral, Pe. Paulo J\u00e1como<\/strong>, abriu o encontro ressaltando a import\u00e2ncia desses momentos de forma\u00e7\u00e3o para o crescimento humano e espiritual dos colaboradores. \u201c\u00c9 um momento quase \u00fanico, onde podemos viver a forma\u00e7\u00e3o salesiana. Quando falamos de forma\u00e7\u00e3o salesiana, n\u00e3o tratamos apenas de aspectos religiosos, mas de tudo o que contribui para o crescimento humano. A forma\u00e7\u00e3o salesiana \u00e9, antes de tudo, uma forma\u00e7\u00e3o integral: humana e espiritual\u201d, destacou.<\/p>\n<p>Durante o encontro, foram homenageados os colaboradores aniversariantes dos meses de setembro e outubro, em um momento de alegria e comunh\u00e3o.<\/p>\n<p>O <strong>Reitor do UniSALESIANO, Pe. Paulo Vendrame<\/strong>, tamb\u00e9m dirigiu uma palavra aos presentes, destacando o valor da miss\u00e3o compartilhada por todos. \u201cO que o UniSALESIANO representa hoje, \u00e9 o fruto do dom de cada um de voc\u00eas. Ningu\u00e9m faz sucesso sozinho. Somos uma grande equipe, e nossa miss\u00e3o \u00e9 cuidar da parte mais importante da sociedade: as crian\u00e7as, os adolescentes e os jovens. \u00c9 na juventude que nascem os grandes projetos de vida \u2014 e \u00e9 por isso que nossa presen\u00e7a como educadores \u00e9 essencial\u201d, afirmou.<\/p>\n<p>Pe. Vendrame ainda recordou momentos marcantes do ano, como a 7\u00aa Peregrina\u00e7\u00e3o Universit\u00e1ria a Aparecida, e anunciou a pr\u00f3xima edi\u00e7\u00e3o, programada para outubro de 2026. Tamb\u00e9m apresentou aos colaboradores um livreto biogr\u00e1fico sobre Art\u00eamides Zatti, o mais novo santo da Fam\u00edlia Salesiana, exemplo de f\u00e9, servi\u00e7o e dedica\u00e7\u00e3o aos doentes e necessitados.<\/p>\n<p>Encerrando o encontro, o Pe. Gild\u00e1sio Mendes conduziu uma palestra profunda e inspiradora sobre o tema \u201cA miseric\u00f3rdia na par\u00e1bola do Filho Pr\u00f3digo\u201d, relacionando a mensagem b\u00edblica \u00e0 pintura de Rembrandt, considerada uma das mais tocantes representa\u00e7\u00f5es do acolhimento e do perd\u00e3o divino. \u201cJesus curava e tocava os pecadores. Ele n\u00e3o tinha medo. Enquanto muitos se afastavam, temendo ser contaminados, Jesus se aproximava, acolhia e transformava. A miseric\u00f3rdia \u00e9 o cora\u00e7\u00e3o da f\u00e9 crist\u00e3 \u2014 quem tem miseric\u00f3rdia sabe compreender, perdoar e amar\u201d, destacou Pe. Gild\u00e1sio.<br \/>\n\u201cO pai da par\u00e1bola representa o pr\u00f3prio Deus, que se coloca no lugar do filho e o acolhe sem julgamentos. Esse gesto \u00e9 o s\u00edmbolo m\u00e1ximo da humanidade e do amor divino.\u201d<\/p>\n<p>Pe. Gild\u00e1sio tamb\u00e9m enfatizou a import\u00e2ncia de cuidar do corpo, das emo\u00e7\u00f5es e da mente como express\u00f5es concretas do amor a Deus e ao pr\u00f3ximo. \u201cA miseric\u00f3rdia come\u00e7a quando sabemos cuidar de n\u00f3s mesmos e dos outros. Somos corpo, cora\u00e7\u00e3o e intelig\u00eancia \u2014 e tudo isso precisa ser cuidado para que possamos viver em plenitude\u201d, completou.<\/p>\n<p>O encontro foi encerrado com entrega de presentes aos aniversariantes, comes e bebes, em um clima de gratid\u00e3o.<\/p>\n","protected":false},"excerpt":{"rendered":"<p>O UniSALESIANO realizou mais uma edi\u00e7\u00e3o do Encontro de Forma\u00e7\u00e3o dos Colaboradores, promovido pela Pastoral Universit\u00e1ria, com o prop\u00f3sito de fortalecer a espiritualidade e o carisma salesiano entre todos os membros da comunidade acad\u00eamica. O encontro, realizado no dia 31 de outubro, na Capela do Centro de Conviv\u00eancia, teve momentos de ora\u00e7\u00e3o, confraterniza\u00e7\u00e3o e reflex\u00e3o, [&hellip;]<\/p>\n","protected":false},"author":3,"featured_media":48966,"comment_status":"open","ping_status":"open","sticky":false,"template":"","format":"standard","meta":{"footnotes":""},"categories":[11,10,9],"tags":[103,1404,34,16],"class_list":["post-48965","post","type-post","status-publish","format-standard","has-post-thumbnail","hentry","category-institucional","category-pastoral","category-reitoria","tag-aracatuba","tag-formacao","tag-pastoral-universitaria","tag-unisalesiano"],"yoast_head":"<!-- This site is optimized with the Yoast SEO plugin v17.4 - https:\/\/yoast.com\/wordpress\/plugins\/seo\/ -->\n<title>Encontro Formativo refor\u00e7a o Esp\u00edrito Salesiano e o valor da miseric\u00f3rdia - UniSALESIANO Ara\u00e7atuba\/SP<\/title>\n<meta name=\"robots\" content=\"index, follow, max-snippet:-1, max-image-preview:large, max-video-preview:-1\" \/>\n<link rel=\"canonical\" href=\"https:\/\/unisalesiano.com.br\/aracatuba\/encontro-de-formativo-reforca-o-espirito-salesiano-e-o-valor-da-misericordia\/\" \/>\n<meta property=\"og:locale\" content=\"pt_BR\" \/>\n<meta property=\"og:type\" content=\"article\" \/>\n<meta property=\"og:title\" content=\"Encontro Formativo refor\u00e7a o Esp\u00edrito Salesiano e o valor da miseric\u00f3rdia - UniSALESIANO Ara\u00e7atuba\/SP\" \/>\n<meta property=\"og:description\" content=\"O UniSALESIANO realizou mais uma edi\u00e7\u00e3o do Encontro de Forma\u00e7\u00e3o dos Colaboradores, promovido pela Pastoral Universit\u00e1ria, com o prop\u00f3sito de fortalecer a espiritualidade e o carisma salesiano entre todos os membros da comunidade acad\u00eamica. O encontro, realizado no dia 31 de outubro, na Capela do Centro de Conviv\u00eancia, teve momentos de ora\u00e7\u00e3o, confraterniza\u00e7\u00e3o e reflex\u00e3o, [&hellip;]\" \/>\n<meta property=\"og:url\" content=\"https:\/\/unisalesiano.com.br\/aracatuba\/encontro-de-formativo-reforca-o-espirito-salesiano-e-o-valor-da-misericordia\/\" \/>\n<meta property=\"og:site_name\" content=\"UniSALESIANO Ara\u00e7atuba\/SP\" \/>\n<meta property=\"article:published_time\" content=\"2025-11-03T13:37:44+00:00\" \/>\n<meta property=\"article:modified_time\" content=\"2025-11-03T13:38:19+00:00\" \/>\n<meta property=\"og:image\" content=\"https:\/\/unisalesiano.com.br\/aracatuba\/wp-content\/uploads\/2025\/11\/IMG_0797-scaled.jpg\" \/>\n\t<meta property=\"og:image:width\" content=\"2560\" \/>\n\t<meta property=\"og:image:height\" content=\"1707\" \/>\n<meta name=\"twitter:card\" content=\"summary_large_image\" \/>\n<meta name=\"twitter:label1\" content=\"Escrito por\" \/>\n\t<meta name=\"twitter:data1\" content=\"Monique Bueno\" \/>\n\t<meta name=\"twitter:label2\" content=\"Est. tempo de leitura\" \/>\n\t<meta name=\"twitter:data2\" content=\"3 minutos\" \/>\n<script type=\"application\/ld+json\" class=\"yoast-schema-graph\">{\"@context\":\"https:\/\/schema.org\",\"@graph\":[{\"@type\":\"WebSite\",\"@id\":\"https:\/\/unisalesiano.com.br\/aracatuba\/#website\",\"url\":\"https:\/\/unisalesiano.com.br\/aracatuba\/\",\"name\":\"UniSALESIANO Ara\\u00e7atuba\/SP\",\"description\":\"Centro Universit\\u00e1rio Cat\\u00f3lico Salesiano Auxilium\",\"potentialAction\":[{\"@type\":\"SearchAction\",\"target\":{\"@type\":\"EntryPoint\",\"urlTemplate\":\"https:\/\/unisalesiano.com.br\/aracatuba\/?s={search_term_string}\"},\"query-input\":\"required name=search_term_string\"}],\"inLanguage\":\"pt-BR\"},{\"@type\":\"ImageObject\",\"@id\":\"https:\/\/unisalesiano.com.br\/aracatuba\/encontro-de-formativo-reforca-o-espirito-salesiano-e-o-valor-da-misericordia\/#primaryimage\",\"inLanguage\":\"pt-BR\",\"url\":\"https:\/\/unisalesiano.com.br\/aracatuba\/wp-content\/uploads\/2025\/11\/IMG_0797-scaled.jpg\",\"contentUrl\":\"https:\/\/unisalesiano.com.br\/aracatuba\/wp-content\/uploads\/2025\/11\/IMG_0797-scaled.jpg\",\"width\":2560,\"height\":1707},{\"@type\":\"WebPage\",\"@id\":\"https:\/\/unisalesiano.com.br\/aracatuba\/encontro-de-formativo-reforca-o-espirito-salesiano-e-o-valor-da-misericordia\/#webpage\",\"url\":\"https:\/\/unisalesiano.com.br\/aracatuba\/encontro-de-formativo-reforca-o-espirito-salesiano-e-o-valor-da-misericordia\/\",\"name\":\"Encontro Formativo refor\\u00e7a o Esp\\u00edrito Salesiano e o valor da miseric\\u00f3rdia - UniSALESIANO Ara\\u00e7atuba\/SP\",\"isPartOf\":{\"@id\":\"https:\/\/unisalesiano.com.br\/aracatuba\/#website\"},\"primaryImageOfPage\":{\"@id\":\"https:\/\/unisalesiano.com.br\/aracatuba\/encontro-de-formativo-reforca-o-espirito-salesiano-e-o-valor-da-misericordia\/#primaryimage\"},\"datePublished\":\"2025-11-03T13:37:44+00:00\",\"dateModified\":\"2025-11-03T13:38:19+00:00\",\"author\":{\"@id\":\"https:\/\/unisalesiano.com.br\/aracatuba\/#\/schema\/person\/964caaa63bddcf301b320e385db5203a\"},\"breadcrumb\":{\"@id\":\"https:\/\/unisalesiano.com.br\/aracatuba\/encontro-de-formativo-reforca-o-espirito-salesiano-e-o-valor-da-misericordia\/#breadcrumb\"},\"inLanguage\":\"pt-BR\",\"potentialAction\":[{\"@type\":\"ReadAction\",\"target\":[\"https:\/\/unisalesiano.com.br\/aracatuba\/encontro-de-formativo-reforca-o-espirito-salesiano-e-o-valor-da-misericordia\/\"]}]},{\"@type\":\"BreadcrumbList\",\"@id\":\"https:\/\/unisalesiano.com.br\/aracatuba\/encontro-de-formativo-reforca-o-espirito-salesiano-e-o-valor-da-misericordia\/#breadcrumb\",\"itemListElement\":[{\"@type\":\"ListItem\",\"position\":1,\"name\":\"In\\u00edcio\",\"item\":\"https:\/\/unisalesiano.com.br\/aracatuba\/\"},{\"@type\":\"ListItem\",\"position\":2,\"name\":\"Encontro Formativo refor\\u00e7a o Esp\\u00edrito Salesiano e o valor da miseric\\u00f3rdia\"}]},{\"@type\":\"Person\",\"@id\":\"https:\/\/unisalesiano.com.br\/aracatuba\/#\/schema\/person\/964caaa63bddcf301b320e385db5203a\",\"name\":\"Monique Bueno\",\"image\":{\"@type\":\"ImageObject\",\"@id\":\"https:\/\/unisalesiano.com.br\/aracatuba\/#personlogo\",\"inLanguage\":\"pt-BR\",\"url\":\"https:\/\/secure.gravatar.com\/avatar\/1680078f9a9fb86c36e76e0928e948cfd68a43bbc313c1bad27d1e48b49b308d?s=96&d=mm&r=g\",\"contentUrl\":\"https:\/\/secure.gravatar.com\/avatar\/1680078f9a9fb86c36e76e0928e948cfd68a43bbc313c1bad27d1e48b49b308d?s=96&d=mm&r=g\",\"caption\":\"Monique Bueno\"},\"url\":\"https:\/\/unisalesiano.com.br\/aracatuba\/author\/monique\/\"}]}<\/script>\n<!-- \/ Yoast SEO plugin. -->","yoast_head_json":{"title":"Encontro Formativo refor\u00e7a o Esp\u00edrito Salesiano e o valor da miseric\u00f3rdia - UniSALESIANO Ara\u00e7atuba\/SP","robots":{"index":"index","follow":"follow","max-snippet":"max-snippet:-1","max-image-preview":"max-image-preview:large","max-video-preview":"max-video-preview:-1"},"canonical":"https:\/\/unisalesiano.com.br\/aracatuba\/encontro-de-formativo-reforca-o-espirito-salesiano-e-o-valor-da-misericordia\/","og_locale":"pt_BR","og_type":"article","og_title":"Encontro Formativo refor\u00e7a o Esp\u00edrito Salesiano e o valor da miseric\u00f3rdia - UniSALESIANO Ara\u00e7atuba\/SP","og_description":"O UniSALESIANO realizou mais uma edi\u00e7\u00e3o do Encontro de Forma\u00e7\u00e3o dos Colaboradores, promovido pela Pastoral Universit\u00e1ria, com o prop\u00f3sito de fortalecer a espiritualidade e o carisma salesiano entre todos os membros da comunidade acad\u00eamica. O encontro, realizado no dia 31 de outubro, na Capela do Centro de Conviv\u00eancia, teve momentos de ora\u00e7\u00e3o, confraterniza\u00e7\u00e3o e reflex\u00e3o, [&hellip;]","og_url":"https:\/\/unisalesiano.com.br\/aracatuba\/encontro-de-formativo-reforca-o-espirito-salesiano-e-o-valor-da-misericordia\/","og_site_name":"UniSALESIANO Ara\u00e7atuba\/SP","article_published_time":"2025-11-03T13:37:44+00:00","article_modified_time":"2025-11-03T13:38:19+00:00","og_image":[{"width":2560,"height":1707,"url":"https:\/\/unisalesiano.com.br\/aracatuba\/wp-content\/uploads\/2025\/11\/IMG_0797-scaled.jpg","type":"image\/jpeg"}],"twitter_card":"summary_large_image","twitter_misc":{"Escrito por":"Monique Bueno","Est. tempo de leitura":"3 minutos"},"schema":{"@context":"https:\/\/schema.org","@graph":[{"@type":"WebSite","@id":"https:\/\/unisalesiano.com.br\/aracatuba\/#website","url":"https:\/\/unisalesiano.com.br\/aracatuba\/","name":"UniSALESIANO Ara\u00e7atuba\/SP","description":"Centro Universit\u00e1rio Cat\u00f3lico Salesiano Auxilium","potentialAction":[{"@type":"SearchAction","target":{"@type":"EntryPoint","urlTemplate":"https:\/\/unisalesiano.com.br\/aracatuba\/?s={search_term_string}"},"query-input":"required name=search_term_string"}],"inLanguage":"pt-BR"},{"@type":"ImageObject","@id":"https:\/\/unisalesiano.com.br\/aracatuba\/encontro-de-formativo-reforca-o-espirito-salesiano-e-o-valor-da-misericordia\/#primaryimage","inLanguage":"pt-BR","url":"https:\/\/unisalesiano.com.br\/aracatuba\/wp-content\/uploads\/2025\/11\/IMG_0797-scaled.jpg","contentUrl":"https:\/\/unisalesiano.com.br\/aracatuba\/wp-content\/uploads\/2025\/11\/IMG_0797-scaled.jpg","width":2560,"height":1707},{"@type":"WebPage","@id":"https:\/\/unisalesiano.com.br\/aracatuba\/encontro-de-formativo-reforca-o-espirito-salesiano-e-o-valor-da-misericordia\/#webpage","url":"https:\/\/unisalesiano.com.br\/aracatuba\/encontro-de-formativo-reforca-o-espirito-salesiano-e-o-valor-da-misericordia\/","name":"Encontro Formativo refor\u00e7a o Esp\u00edrito Salesiano e o valor da miseric\u00f3rdia - UniSALESIANO Ara\u00e7atuba\/SP","isPartOf":{"@id":"https:\/\/unisalesiano.com.br\/aracatuba\/#website"},"primaryImageOfPage":{"@id":"https:\/\/unisalesiano.com.br\/aracatuba\/encontro-de-formativo-reforca-o-espirito-salesiano-e-o-valor-da-misericordia\/#primaryimage"},"datePublished":"2025-11-03T13:37:44+00:00","dateModified":"2025-11-03T13:38:19+00:00","author":{"@id":"https:\/\/unisalesiano.com.br\/aracatuba\/#\/schema\/person\/964caaa63bddcf301b320e385db5203a"},"breadcrumb":{"@id":"https:\/\/unisalesiano.com.br\/aracatuba\/encontro-de-formativo-reforca-o-espirito-salesiano-e-o-valor-da-misericordia\/#breadcrumb"},"inLanguage":"pt-BR","potentialAction":[{"@type":"ReadAction","target":["https:\/\/unisalesiano.com.br\/aracatuba\/encontro-de-formativo-reforca-o-espirito-salesiano-e-o-valor-da-misericordia\/"]}]},{"@type":"BreadcrumbList","@id":"https:\/\/unisalesiano.com.br\/aracatuba\/encontro-de-formativo-reforca-o-espirito-salesiano-e-o-valor-da-misericordia\/#breadcrumb","itemListElement":[{"@type":"ListItem","position":1,"name":"In\u00edcio","item":"https:\/\/unisalesiano.com.br\/aracatuba\/"},{"@type":"ListItem","position":2,"name":"Encontro Formativo refor\u00e7a o Esp\u00edrito Salesiano e o valor da miseric\u00f3rdia"}]},{"@type":"Person","@id":"https:\/\/unisalesiano.com.br\/aracatuba\/#\/schema\/person\/964caaa63bddcf301b320e385db5203a","name":"Monique Bueno","image":{"@type":"ImageObject","@id":"https:\/\/unisalesiano.com.br\/aracatuba\/#personlogo","inLanguage":"pt-BR","url":"https:\/\/secure.gravatar.com\/avatar\/1680078f9a9fb86c36e76e0928e948cfd68a43bbc313c1bad27d1e48b49b308d?s=96&d=mm&r=g","contentUrl":"https:\/\/secure.gravatar.com\/avatar\/1680078f9a9fb86c36e76e0928e948cfd68a43bbc313c1bad27d1e48b49b308d?s=96&d=mm&r=g","caption":"Monique Bueno"},"url":"https:\/\/unisalesiano.com.br\/aracatuba\/author\/monique\/"}]}},"_links":{"self":[{"href":"https:\/\/unisalesiano.com.br\/aracatuba\/wp-json\/wp\/v2\/posts\/48965","targetHints":{"allow":["GET"]}}],"collection":[{"href":"https:\/\/unisalesiano.com.br\/aracatuba\/wp-json\/wp\/v2\/posts"}],"about":[{"href":"https:\/\/unisalesiano.com.br\/aracatuba\/wp-json\/wp\/v2\/types\/post"}],"author":[{"embeddable":true,"href":"https:\/\/unisalesiano.com.br\/aracatuba\/wp-json\/wp\/v2\/users\/3"}],"replies":[{"embeddable":true,"href":"https:\/\/unisalesiano.com.br\/aracatuba\/wp-json\/wp\/v2\/comments?post=48965"}],"version-history":[{"count":0,"href":"https:\/\/unisalesiano.com.br\/aracatuba\/wp-json\/wp\/v2\/posts\/48965\/revisions"}],"wp:featuredmedia":[{"embeddable":true,"href":"https:\/\/unisalesiano.com.br\/aracatuba\/wp-json\/wp\/v2\/media\/48966"}],"wp:attachment":[{"href":"https:\/\/unisalesiano.com.br\/aracatuba\/wp-json\/wp\/v2\/media?parent=48965"}],"wp:term":[{"taxonomy":"category","embeddable":true,"href":"https:\/\/unisalesiano.com.br\/aracatuba\/wp-json\/wp\/v2\/categories?post=48965"},{"taxonomy":"post_tag","embeddable":true,"href":"https:\/\/unisalesiano.com.br\/aracatuba\/wp-json\/wp\/v2\/tags?post=48965"}],"curies":[{"name":"wp","href":"https:\/\/api.w.org\/{rel}","templated":true}]}}